{"id":4330,"date":"2021-05-23T17:09:00","date_gmt":"2021-05-23T17:09:00","guid":{"rendered":"http:\/\/rafalk-elblag.pl\/?p=4330"},"modified":"2021-05-24T17:27:53","modified_gmt":"2021-05-24T17:27:53","slug":"biuletyn-23-05-2021-niedziela-zeslania-ducha-swietego","status":"publish","type":"post","link":"https:\/\/rafalk-elblag.pl\/?p=4330","title":{"rendered":"Biuletyn 23.05.2021, Niedziela zes\u0142ania Ducha \u015awi\u0119tego"},"content":{"rendered":"<img decoding=\"async\" src=\"http:\/\/rafalk-elblag.pl\/wp-content\/uploads\/2021\/05\/baner-230521.jpg\">\n<h1>CO WIEMY O DUCHU \u015aWI\u0118TYM?<\/h1>\n<strong>W niedziel\u0119 Zes\u0142ania Ducha \u015awi\u0119tego z wi\u0119kszo\u015bci ambon pop\u0142yn\u0105 teologiczne refleksje po\u015bwi\u0119cone Trzeciej Osobie Boskiej. Nie zabraknie zapewne wyja\u015bnie\u0144, \u017ce Duch \u015awi\u0119ty jest Kim\u015b bli\u017cej nieokre\u015blonym, Tajemnic\u0105, Tchnieniem, Powiewem czy te\u017c Poruszeniem. Smuci\u0107 mo\u017ce jedynie fakt, \u017ce niejeden katolik zapytany po paru dniach, co wie o Duchu \u015awi\u0119tym, najprawdopodobniej powt\u00f3rzy jedynie \u201eubog\u0105\u201d, cho\u0107 prawdziw\u0105 formu\u0142\u0119, \u017ce jest to Trzecia Osoba Boska. Do tej bowiem informacji sprowadza si\u0119 cz\u0119sto ca\u0142a nasza wiedza na ten temat.<\/strong>\n\nKatechizm Ko\u015bcio\u0142a Katolickiego naucza: \u201eDuch \u015awi\u0119ty jest jedn\u0105 z Os\u00f3b Tr\u00f3jcy \u015awi\u0119tej, wsp\u00f3\u0142istotny Ojcu i Synowi\u201d (KKK 684). \u201eDuch \u015awi\u0119ty dzia\u0142a z Ojcem i Synem od pocz\u0105tku a\u017c do wype\u0142nienia zamys\u0142u naszego zbawienia\u201d (KKK 686). Kluczowe wydaj\u0105 si\u0119 by\u0107 tu s\u0142owa: \u201eWsp\u00f3\u0142istotny Ojcu i Synowi\u201d. Co one oznaczaj\u0105? M\u00f3wi\u0105 nam, \u017ce Duch \u015awi\u0119ty zawsze istnieje wraz z Ojcem i Synem, \u017ce jest od Nich nierozdzielny. Ko\u015bci\u00f3\u0142 naucza, \u017ce Duch \u015awi\u0119ty jest wi\u0119zi\u0105 i owocem wzajemnej mi\u0142o\u015bci Ojca i Syna. Ojciec kocha Syna, Syn kocha Ojca i ta Ich wzajemna mi\u0142o\u015b\u0107 jest Osob\u0105 &#8211; Duchem \u015awi\u0119tym. My\u015bl\u0119, \u017ce mo\u017cna w tym miejscu przytoczy\u0107 pewien obraz, kt\u00f3ry cho\u0107 jest niedoskona\u0142y, to jednak mo\u017ce pom\u00f3c nam w lepszym zrozumieniu tajemnicy Ducha \u015awi\u0119tego. Tym obrazem jest krzak r\u00f3\u017cy. Posiada on korze\u0144 g\u0142\u0119boko ukryty w ziemi, z kt\u00f3rego wyrastaj\u0105 \u0142odygi, a na nich z kolei pojawiaj\u0105 si\u0119 li\u015bcie i kwiaty.\n\nNa drodze analogii mo\u017cna powiedzie\u0107, \u017ce Ojciec, kt\u00f3rego nikt nigdy nie widzia\u0142, jest jak korze\u0144 ukryty w ziemi. Syn objawia Ojca &#8211; podobnie jak o istnieniu korzenia \u015bwiadcz\u0105 widoczne nad ziemi\u0105 \u0142odygi, kt\u00f3re z niego wyrastaj\u0105.\n\nWa\u017cnym symbolem Ducha \u015awi\u0119tego jest podmuch wiatru. \u015aw. \u0141ukasz opisuj\u0105c Zes\u0142anie Ducha \u015awi\u0119tego, tak pisze: \u201eNagle da\u0142 si\u0119 s\u0142ysze\u0107 z nieba szum, jakby uderzenie gwa\u0142townego wichru, i nape\u0142ni\u0142 ca\u0142y dom, w kt\u00f3rym przebywali\u201d (Dz 2, 2). W Ewangelii \u015bw. Jana czytamy za\u015b s\u0142owa samego Chrystusa: \u201eWiatr wieje tam, gdzie chce, i szum jego s\u0142yszysz, lecz nie wiesz, sk\u0105d przychodzi i dok\u0105d pod\u0105\u017ca. Tak jest z ka\u017cdym, kt\u00f3ry narodzi\u0142 si\u0119 z Ducha\u201d (J 3, 8). Symbolika wiatru ukazuje nam tajemniczo\u015b\u0107 Bo\u017cego dzia\u0142ania. Nikt z ludzi nie potrafi przewidzie\u0107 dzia\u0142ania Ducha \u015awi\u0119tego. On tchnie, k\u0119dy chce, ale rozpoznajemy Jego dzia\u0142anie po skutkach. Innym symbolem Ducha \u015awi\u0119tego jest ogie\u0144.\n\nTo w\u0142a\u015bnie w postaci j\u0119zyk\u00f3w \u201ejakby z ognia\u201d Duch \u015awi\u0119ty spoczywa na uczniach w poranek Pi\u0119\u0107dziesi\u0105tnicy i nape\u0142nia ich sob\u0105 (por. Dz 2, 3). Ogie\u0144 oczyszcza (wypala), ogrzewa i o\u015bwieca. Tak\u0105 te\u017c rol\u0119 pe\u0142ni wewn\u0119trznie wobec nas, ludzi, Duch \u015awi\u0119ty.\nKolejnym symbolem Ducha \u015awi\u0119tego jest go\u0142\u0119bica. Gdy Chrystus wychodzi z wody po swoim chrzcie, zst\u0119puje na Niego Duch \u015awi\u0119ty jak go\u0142\u0119bica i spoczywa na Nim (por. Mt 3,16). Go\u0142\u0119bica jest symbolem \u0142agodno\u015bci i pokoju.\n\nW Ksi\u0119dze Rodzaju pojawia si\u0119 jako znak pojednania Boga z ziemi\u0105, ukaran\u0105 z powodu grzechu. Noe wiedz\u0105c, \u017ce arka osiad\u0142a na twardym gruncie, wypu\u015bci\u0142 go\u0142\u0119bic\u0119, a ta wracaj\u0105c, przynios\u0142a mu \u015bwie\u017cy listek z drzewa oliwnego (por. Rdz 8, 11). Ojcowie Ko\u015bcio\u0142a t\u0142umacz\u0105c ten symbol Ducha \u015awi\u0119tego, odwo\u0142uj\u0105 si\u0119 tak\u017ce do s\u0142\u00f3w z Ksi\u0119gi Rodzaju: \u201eZiemia za\u015b by\u0142a bez\u0142adem i pustkowiem: ciemno\u015b\u0107 by\u0142a nad powierzchni\u0105 bezmiaru w\u00f3d, a Duch Bo\u017cy unosi\u0142 si\u0119 nad wodami\u201d (por. Rdz 1, 2). Mamy zatem dwa obrazy: Ducha Bo\u017cego unosz\u0105cego si\u0119 nad wodami przed stworzeniem \u015bwiata i go\u0142\u0119bic\u0119 unosz\u0105c\u0105 si\u0119 nad wodami potopu i szukaj\u0105c\u0105 nowej ziemi.\n\n&nbsp;\n\n&nbsp;\n<img decoding=\"async\" src=\"http:\/\/rafalk-elblag.pl\/wp-content\/uploads\/2020\/04\/baner-ogloszenia-parafialne.jpg\">\n<h1>Og\u0142oszenia parafialne 23.05.2021r<\/h1>\n<strong>1.<\/strong> Dzisiaj Uroczysto\u015b\u0107 Zes\u0142ania Ducha \u015awi\u0119tego, a zarazem dzie\u0144, w kt\u00f3rym mo\u017cemy uzyska\u0107 ODPUST ZUPE\u0141NY pod zwyk\u0142ymi warunkami za udzia\u0142 w publicznym \u015bpiewie lub recytacji hymnu: \u201eO Stworzycielu, Duchu przyjd\u017a\u201d.\n\n<strong>2.<\/strong> Jutro prze\u017cywa\u0107 b\u0119dziemy \u015bwi\u0119to NAJ\u015aWI\u0118TSZEJ MARYI PANNY MATKI KO\u015aCIO\u0141A. Ustanowi\u0142 je papie\u017c Benedykt XV w 1920 roku na pro\u015bb\u0119 polskich biskup\u00f3w po odzyskaniu przez Polsk\u0119 Niepodleg\u0142o\u015bci. Zapraszamy wszystkich parafian do udzia\u0142u w Eucharystii o godz. 8:00 i 18:00, by w tych trudnych czasach pandemii i niepokoju spo\u0142ecznego prosi\u0107 Maryj\u0119 s\u0142owami S\u0142ugi Bo\u017cego Kard. Stefana Wyszy\u0144skiego: \u201eOka\u017c si\u0119 Matk\u0105 Ko\u015bcio\u0142a w Ojczy\u017anie naszej i na ca\u0142ym \u015bwiecie\u201d.\n\n<strong>3.<\/strong> W \u015brod\u0119 na g. 18.45 ks. Piotr zaprasza na spotkanie Kr\u0119gu Biblijnego\n\n<strong>4.<\/strong> Przed nami ostatni tydzie\u0144 miesi\u0105ca maja &#8211; zapraszamy na nabo\u017ce\u0144stwa ku czci Naj\u015bwi\u0119tszej Maryi Panny, tzw. \u201eMAJOWE\u201d: doros\u0142ych i m\u0142odzie\u017c o godz. 17:30. a dzieci w poniedzia\u0142ek i pi\u0105tek o godz. 16:30. Kochani Rodzice, mimo \u017ce poprzednim tygodniu na nabo\u017ce\u0144stwie majowym, by\u0142o bardzo ma\u0142o dzieci, to nie rezygnujmy z naszego wysi\u0142ku by wraz z dzieckiem uczestniczy\u0107 w modlitwie jak\u0105 jest LITANIA LORETA\u0143SKA. Zach\u0119cam do udzia\u0142u w nabo\u017ce\u0144stwie majowym.\n\n<strong>5.<\/strong> W czwartek 27 maja obchodzimy w Ko\u015bciele uroczysto\u015b\u0107 Jezusa Chrystusa Najwy\u017cszego i Wiecznego Kap\u0142ana. Tego dnia podczas Mszy \u015bw. o godz. 18.00 ksi\u0119\u017ca pracuj\u0105cy w naszej parafii dzi\u0119kowa\u0107 b\u0119d\u0105 za otrzymany dar kap\u0142a\u0144stwa w rocznic\u0119 swoich \u015bwi\u0119ce\u0144. Pami\u0119tajmy w naszych modlitwach o wszystkich powo\u0142anych do s\u0142u\u017cby w Ko\u015bciele.\n\n<strong>6.<\/strong> W pi\u0105tek 28 maja br. o godz. 16:00 &#8211; \u015aWI\u0118CENIA DIAKONATU a w sobot\u0119 29 maja o godz. 10:00 i 12:00 \u015aWI\u0118CENIA KAP\u0141A\u0143SKIE. w Katedrze Elbl\u0105skiej.\nW modlitwie pami\u0119tajmy o przygotowuj\u0105cych si\u0119 do \u015bwi\u0119ce\u0144.\n\n<strong>7.<\/strong> Przed ko\u015bcio\u0142em mo\u017cna naby\u0107 pras\u0119 katolick\u0105: \u201eGo\u015b\u0107 Niedzielny\u201d w cenie 6 z\u0142.\n\n<strong>8.<\/strong> Dzi\u0119kuj\u0119 ks. Marcinowi oraz Wsp\u00f3lnocie \u201eKana Galilejska\u201d za zorganizowanie WIGILII ZES\u0141ANIA DUCHA \u015aWI\u0118TEGO. Dzi\u0119kuj\u0119 te\u017c wszystkim zaanga\u017cowanym wsp\u00f3lnotom i osobom, kt\u00f3re skorzysta\u0142y z zaproszenia.\n\n<strong>9.<\/strong> Wszystkim Jubilatom i Solenizantom tego tygodnia \u017cyczymy wszelkiego dobra w \u017cyciu i b\u0142ogos\u0142awie\u0144stwa Bo\u017cego.\n\n<strong>10.<\/strong> Pan powo\u0142a\u0142 do wieczno\u015bci:\n\n<strong>\u2020 \u015bp. W\u0142odzimierza Otr\u0119bskiego<\/strong> lat 71 z ul. K\u0142oczowskiego\n\n&nbsp;\n\n<img decoding=\"async\" src=\"http:\/\/rafalk-elblag.pl\/wp-content\/uploads\/2020\/04\/baner-intencje-mszy.jpg\">\n<h1>Intencje mszalne 23.05.2021r<\/h1>\n<strong>PONIEDZIA\u0141EK \/ 24 maja 2021r. \/ NMP Matki Ko\u015bcio\u0142a<\/strong>\n8.00 \u2020 Helena \u015al\u0119zak (24 greg.)\n18.00 \u2020 Kazimiera Usik w 10 r. \u015bm.\n18.00 Dzi\u0119k. za ma\u0142\u017ce\u0144stwo Magdy i Piotra oraz dzieci z pro\u015bb\u0105 o Bo\u017ce b\u0142og. dla ca\u0142ej rodziny\n\n<strong>WTOREK \/ 25 maja 2021r. \/ \u015bw. Bedy Czcigodnego<\/strong>\n8.00 \u2020 Helena \u015al\u0119zak (25 greg.)\n18.00 O Bo\u017ce b\u0142og., opiek\u0119 MB i Dary Ducha \u015aw. dla ks. Arkadiusza Grabowskiego w 26 rocz. \u015bwi\u0119ce\u0144 kap\u0142a\u0144skich \u2013 int. od Margaretki\n18.00 O Bo\u017ce b\u0142og., opiek\u0119 MB oraz zdrowie i si\u0142y w pracy kapla\u0144skiej dla ks. Arkadiusza Grabowskiego w 26 rocz. \u015bwi\u0119ce\u0144 kap\u0142a\u0144skich \u2013 int. od Margaretki\n\n<strong>\u015aRODA \/ 26 maja 2021r. \/ \u015bw. Filipa Neri<\/strong>\n8.00 \u2020 Helena \u015al\u0119zak (26 greg.)\n18.00 \u2020 Kazimiera Waszak w 14 r. \u015bm.\n18.00 \u2020 Janina Zaleszczenko i Janina Walko\n\n<strong>CZWARTEK \/ 27 maja 2021r. \/ Jezusa Chrystusa Najwy\u017cszego Kap\u0142ana<\/strong>\n8.00 \u2020 Helena \u015al\u0119zak (27 greg.)\n18.00 \u2020 Rodzice i rodze\u0144stwo z rodz. Jezierskich\n18.00 Dzi\u0119k. za dar powo\u0142ania ks. Marcina z pro\u015bb\u0105 o Bo\u017ce b\u0142og. i potrzebne \u0142aski w rocz. \u015bwi\u0119ce\u0144\n18.00 Dzi\u0119k. w rocznic\u0119 \u015bwi\u0119ce\u0144 kap\u0142a\u0144skich ksi\u0119\u017cy pracuj\u0105cych w parafii\n\n<strong>PI\u0104TEK \/ 28 maja 2021r.<\/strong>\n8.00 \u2020 Helena \u015al\u0119zak (28 greg.)\n18.00 \u2020 Franciszek w 3 r. \u015bm. i zm. z rodz. Binkowskich\n18.00 Dzi\u0119k. w 4 rocz. \u015bwi\u0119ce\u0144 kap\u0142a\u0144skich ks. Grzegorza Wala z pro\u015bb\u0105 o potrzebne dary i \u0142aski Ducha \u015aw. w pos\u0142udze kap\u0142a\u0144skiej \u2013 int. od Margaretki\n\n<strong>SOBOTA \/ 29 maja 2021r. \/ \u015bw. Urszuli Led\u00f3chowskiej<\/strong>\n8.00 \u2020 Helena \u015al\u0119zak (29 greg.)\n8.00 \u2020 Tadeusz Zinkiewicz w 30 dpp.\n18.00 \u2020 zm. z rodz. Rec\u0142aw, Falent\u00f3w, Walendowskich, Nicieckich i Bachorskich\n\n<strong>Uroczysto\u015b\u0107 Naj\u015bwi\u0119tszej Tr\u00f3jcy \/ 30 maja 2021r.<\/strong>\n7.00 \u2020 Ewa (2 r.\u015bm.) i Danuta (4 r.\u015bm.) z rodz. Rodziszewskich\n9.00 \u2020 Stanis\u0142aw Kuchnowicz w 28 r. \u015bm. i zm. z rodz.\n9.00 \u2020 Sylwia Kowalewska\n10.30 \u2020 Genowefa Sukiennik w 6 r. \u015bm. oraz Jan i Stanis\u0142aw\n12.00 W intencji Parafian\n18.00 \u2020 Helena \u015al\u0119zak (23 greg.)\n\n<!-- \/wp:post-content -->","protected":false},"excerpt":{"rendered":"<p>CO WIEMY O DUCHU \u015aWI\u0118TYM? W niedziel\u0119 Zes\u0142ania Ducha \u015awi\u0119tego z wi\u0119kszo\u015bci ambon pop\u0142yn\u0105 teologiczne refleksje po\u015bwi\u0119cone Trzeciej Osobie Boskiej. Nie zabraknie zapewne wyja\u015bnie\u0144, \u017ce Duch \u015awi\u0119ty jest Kim\u015b bli\u017cej nieokre\u015blonym, Tajemnic\u0105, Tchnieniem, Powiewem czy te\u017c Poruszeniem. Smuci\u0107 mo\u017ce jedynie fakt, \u017ce niejeden katolik zapytany po paru dniach, co wie o Duchu \u015awi\u0119tym, najprawdopodobniej powt\u00f3rzy [&hellip;]<\/p>\n","protected":false},"author":1,"featured_media":4332,"comment_status":"closed","ping_status":"closed","sticky":false,"template":"","format":"standard","meta":{"ngg_post_thumbnail":0,"footnotes":""},"categories":[11,8,4,3],"tags":[],"class_list":["post-4330","post","type-post","status-publish","format-standard","has-post-thumbnail","hentry","category-aktualnosci","category-blog","category-intencje","category-ogloszenia"],"_links":{"self":[{"href":"https:\/\/rafalk-elblag.pl\/index.php?rest_route=\/wp\/v2\/posts\/4330","targetHints":{"allow":["GET"]}}],"collection":[{"href":"https:\/\/rafalk-elblag.pl\/index.php?rest_route=\/wp\/v2\/posts"}],"about":[{"href":"https:\/\/rafalk-elblag.pl\/index.php?rest_route=\/wp\/v2\/types\/post"}],"author":[{"embeddable":true,"href":"https:\/\/rafalk-elblag.pl\/index.php?rest_route=\/wp\/v2\/users\/1"}],"replies":[{"embeddable":true,"href":"https:\/\/rafalk-elblag.pl\/index.php?rest_route=%2Fwp%2Fv2%2Fcomments&post=4330"}],"version-history":[{"count":1,"href":"https:\/\/rafalk-elblag.pl\/index.php?rest_route=\/wp\/v2\/posts\/4330\/revisions"}],"predecessor-version":[{"id":4333,"href":"https:\/\/rafalk-elblag.pl\/index.php?rest_route=\/wp\/v2\/posts\/4330\/revisions\/4333"}],"wp:featuredmedia":[{"embeddable":true,"href":"https:\/\/rafalk-elblag.pl\/index.php?rest_route=\/wp\/v2\/media\/4332"}],"wp:attachment":[{"href":"https:\/\/rafalk-elblag.pl\/index.php?rest_route=%2Fwp%2Fv2%2Fmedia&parent=4330"}],"wp:term":[{"taxonomy":"category","embeddable":true,"href":"https:\/\/rafalk-elblag.pl\/index.php?rest_route=%2Fwp%2Fv2%2Fcategories&post=4330"},{"taxonomy":"post_tag","embeddable":true,"href":"https:\/\/rafalk-elblag.pl\/index.php?rest_route=%2Fwp%2Fv2%2Ftags&post=4330"}],"curies":[{"name":"wp","href":"https:\/\/api.w.org\/{rel}","templated":true}]}}