{"id":4325,"date":"2021-05-16T16:27:00","date_gmt":"2021-05-16T16:27:00","guid":{"rendered":"http:\/\/rafalk-elblag.pl\/?p=4325"},"modified":"2021-05-18T16:27:39","modified_gmt":"2021-05-18T16:27:39","slug":"biuletyn-16-05-2021-niedziela-wniebowstapienia-panskiego","status":"publish","type":"post","link":"https:\/\/rafalk-elblag.pl\/?p=4325","title":{"rendered":"Biuletyn 16.05.2021, Niedziela Wniebowst\u0105pienia Pa\u0144skiego"},"content":{"rendered":"<img decoding=\"async\" src=\"http:\/\/rafalk-elblag.pl\/wp-content\/uploads\/2021\/05\/baner-160521.jpg\">\n<h1>SAKRAMENT PIERWSZEJ KOMUNII \u015aWI\u0118TEJ<\/h1>\n<strong>W dniu dzisiejszym prze\u017cywamy w naszej Wsp\u00f3lnocie Parafialnej Uroczysto\u015b\u0107 Pierwszej Komunii \u015awi\u0119tej dzieci klas III Szko\u0142y Podstawowej. Sakrament Pierwszej Komunii \u015awi\u0119tej to okazja do pog\u0142\u0119bienia wi\u0119zi pomi\u0119dzy dzieckiem a Bogiem. M\u00f3wi si\u0119, i\u017c jest to najwa\u017cniejszy sakrament, jaki mo\u017cemy przyj\u0105\u0107 podczas ca\u0142ego swojego \u017cycia.<\/strong>\n\nWyraz Komunia pochodzi od \u0142aci\u0144skiego s\u0142owa communio, oznaczaj\u0105cego wsp\u00f3lnot\u0119. Natomiast Eucharystia to greckie dzi\u0119kczynienie. Przyjmuj\u0105c komuni\u0119 dzi\u0119kujemy Bogu osobi\u015bcie za mo\u017cliwo\u015b\u0107 uczestniczenia we wsp\u00f3lnocie chrze\u015bcija\u0144skiej. Symbolem eucharystycznym jest bia\u0142a hostia, czyli cia\u0142o Pana Jezusa pod postaci\u0105 chleba. W Wielki Czwartek Pan Jezus dzi\u0119kowa\u0142 Bogu Ojcu podczas Ostatniej Wieczerzy- to w\u0142a\u015bnie wtedy ustanowi\u0142 Komuni\u0119 \u015awi\u0119t\u0105.\n\nWa\u017cne, aby odpowiednio przygotowa\u0107 nasze dziecko do przyj\u0119cia tego sakramentu. Poza przygotowaniami szkolnymi i specjalnymi spotkaniami w ko\u015bciele, dobrze jest rozmawia\u0107 z dzieckiem i wyt\u0142umaczy\u0107 mu, \u017ce uroczysto\u015b\u0107 I Komunii \u015awi\u0119tej to nie tylko pi\u0119kna oprawa podczas Mszy i rodzinna uroczysto\u015b\u0107 zwie\u0144czona prezentami. Komunia to nie tylko bia\u0142y, okr\u0105g\u0142y op\u0142atek. Nale\u017cy podkre\u015bla\u0107 duchowy charakter ca\u0142ej uroczysto\u015bci, czyli mo\u017cliwo\u015b\u0107 do\u015bwiadczenia przez malutkie serce dziecka bezpo\u015bredniego spotkania z Chrystusem, ukrytego w\u0142a\u015bnie w hostii.\nSakrament Pierwszej Komunii poprzedza pierwsza w \u017cyciu spowied\u017a \u015bwi\u0119ta.\n\nDziecko na podstawie katechizmu oraz listy grzech\u00f3w robi rachunek sumienia. Dzieci cz\u0119sto potrzebuj\u0105 pomocy rodzic\u00f3w w okre\u015bleniu tego, jakie grzechy pope\u0142nili do tej pory. W tej sytuacji na rodzicu spoczywa ogromna odpowiedzialno\u015b\u0107, aby dobrze wyt\u0142umaczy\u0107 dziecku, czym jest dany grzech i czy dziecko do tej pory by\u0142o go w stanie pope\u0142ni\u0107. Dobrze jest tak\u017ce wyt\u0142umaczy\u0107, \u017ce od tej pory bierze pe\u0142n\u0105 odpowiedzialno\u015b\u0107 za swoje dobre i z\u0142e uczynki. Tylko pe\u0142ne oczyszczenie duchowe podczas spowiedzi, gwarantuje dobre przyj\u0119cie Boga do swojego serca.\n\nCodzienne \u015bwiadectwo rodzic\u00f3w okazywane przez drobne gesty, np. mi\u0142o\u015b\u0107 i czu\u0142o\u015b\u0107, czy co niedzielne uczestnictwo we Mszy \u015awi\u0119tej sprawi, \u017ce dziecku b\u0119dzie \u0142atwiej zrozumie\u0107 oraz do\u015bwiadczy\u0107 bezwarunkowej mi\u0142o\u015bci Boga. Dzieciom trudno rozmawia\u0107 z kim\u015b, kogo fizycznie nie ma i kto nie odpowie bezpo\u015brednio na ich modlitw\u0119, wo\u0142ania. Nie rozumiej\u0105 tej wbrew pozorom trudnej dla nich sytuacji. Jednak, gdy rodzice pomog\u0105 upewni\u0107 si\u0119 dziecku, \u017ce B\u00f3g je kocha i \u017ce jest ich niewidzialnym przyjacielem, b\u0119dzie mu \u0142atwiej spotyka\u0107 si\u0119 z nim i rozmawia\u0107.\n\nWsp\u00f3lne odkrywanie tego, czym jest komunia \u015bwi\u0119ta i co tak naprawd\u0119 zmienia ona w \u017cyciu ka\u017cdego cz\u0142owieka, na pewno wyda w przysz\u0142o\u015bci wspania\u0142e owoce. Dziecko b\u0119dzie wiedzia\u0142o, \u017ce ma oparcie nie tylko w swoich rodzicach, ale r\u00f3wnie\u017c w Bogu, kt\u00f3ry zawsze jest gotowy na to, by je wys\u0142ucha\u0107.\n\n<strong>W przysz\u0142\u0105 niedziel\u0119 w Ko\u015bciele obchodzi\u0107 b\u0119dziemy Uroczysto\u015b\u0107 Zes\u0142ania Ducha \u015awi\u0119tego. W sobot\u0119 22 maja jak co roku chcemy poprzedzi\u0107 to \u015bwi\u0119to wigilijnym czuwaniem, na kt\u00f3re zapraszamy wszystkie parafialne wsp\u00f3lnoty, gdy\u017c jest to Uroczysto\u015b\u0107 ca\u0142ego Ko\u015bcio\u0142a.<\/strong>\n<h2>\nPlan czuwania przedstawia si\u0119 nast\u0119puj\u0105co:<\/h2>\n17:30 &#8211; Nabo\u017ce\u0144stwo majowe\n18:00 &#8211; Nieszpory Wigilii Zes\u0142ania Ducha \u015awi\u0119tego\n18.45 &#8211; Nabo\u017ce\u0144stwo krzy\u017ca, \u015bwiat\u0142a, wody i \u017cycia\n20.30 &#8211; Adoracja Uwielbienia Naj\u015bwi\u0119tszego Sakramentu\n21.00 &#8211; Eucharystia\n\n&nbsp;\n\n&nbsp;\n<img decoding=\"async\" src=\"http:\/\/rafalk-elblag.pl\/wp-content\/uploads\/2020\/04\/baner-ogloszenia-parafialne.jpg\">\n<h1>Og\u0142oszenia parafialne 16.05.2021r<\/h1>\n<strong>1.<\/strong> Dzisiaj na Mszach \u015awi\u0119tych o godz. 10:30, 12:00 i 13:30 dzieci naszej parafii przyjm\u0105 po raz pierwszy do swego serca Pana Jezusa pod postaci\u0105 Chleba Eucharystycznego. Pro\u015bmy, aby ich przyja\u017a\u0144 ze Zbawicielem trwa\u0142a przez ca\u0142e \u017cycie. Dzieci w Bia\u0142ym Tygodniu przychodz\u0105 do ko\u015bcio\u0142a na godz. 17:30.\n\n<strong>2.<\/strong> Obecny miesi\u0105c jest szczeg\u00f3lnie po\u015bwi\u0119cony Matce Bo\u017cej poprzez odprawianie nabo\u017ce\u0144stw \u201eMAJOWYCH\u201d. Nasza Ojczyzna od wiek\u00f3w s\u0142yn\u0119\u0142a z oddawania czci Maryi w \u015bpiewie Litanii Loreta\u0144skiej w ro\u017cnych miejscach np. w ko\u015bcio\u0142ach, kaplicach, przy figurkach, przydro\u017cnych krzy\u017cach i w naszych domach. Ten obraz modl\u0105cego si\u0119 Ludu Bo\u017cego wielu z nas ci\u0105gle nosi w sobie. Zapraszamy na nabo\u017ce\u0144stwa ku czci Naj\u015bwi\u0119tszej Maryi Panny: doros\u0142ych i m\u0142odzie\u017c codziennie o godz. 17:30, a dzieci w poniedzia\u0142ki ( klasy I i II ) i w pi\u0105tki (klasy IV, V, VI) o godz. 16:30. Niech s\u0142owa pie\u015bni: \u201eZaufaj Maryi, a Ona twe troski jak Matka zamieni w rado\u015bci\u201d b\u0119d\u0105 dla nas drogowskazem w p\u00f3j\u015bciu w\u0142a\u015bciw\u0105 drog\u0105.\n\n<strong>3.<\/strong> Kochani Parafianie przed nami ostatni tydzie\u0144 Wielkanocny &#8211; czas rado\u015bci ze Zmartwychwstania Pana Jezusa. Gor\u0105co zach\u0119camy wiernych do skorzystania z \u0142aski sakramentu pojednania i do przyj\u0119cia KOMUNII \u015aW. WIELKANOCNEJ.\nSPOWIED\u0179 OD GODZ. 7:45 i 17:30. ZAPRASZAMY.\n\n<strong>4.<\/strong> We wtorek przypada 101 &#8211; rocznica urodzin WIELKIEGO POLAKA \u015aWI\u0118TEGO JANA PAW\u0141A II. Za wstawiennictwem \u015bw. Jana Paw\u0142a II b\u0119dziemy prosi\u0107 o ustanie pandemii w naszej Ojczy\u017anie i ca\u0142ym \u015bwiecie oraz o zgod\u0119 i jedno\u015b\u0107 w\u015br\u00f3d Polak\u00f3w.\n\n<strong>5.<\/strong> Szczeg\u00f3ln\u0105 okazj\u0105 do modlitwy w intencji kandydat\u00f3w do BIERZMOWANIA jest trwaj\u0105ca NOWENNA PRZED UROCZYSTO\u015aCI\u0104 ZES\u0141ANIA DUCHA \u015aWI\u0118TEGO, po\u0142\u0105czona z nabo\u017ce\u0144stwem majowym o godz. 17:30. Uroczystym zwie\u0144czeniem tego czasu b\u0119dzie Wigilia Zes\u0142ania Ducha \u015awi\u0119tego (22 maja br., od godz. 17.30), na kt\u00f3r\u0105 zapraszamy Wsp\u00f3lnoty i Wiernych naszej parafii.\nDok\u0142adny plan czuwania zamieszczamy w Biuletynie.\n\n<strong>6.<\/strong> Przed ko\u015bcio\u0142em mo\u017cna naby\u0107 pras\u0119 katolick\u0105: \u201eGo\u015b\u0107 Niedzielny\u201d w cenie 6 z\u0142.\n\n<strong>7.<\/strong> Wszystkim Jubilatom i Solenizantom tego tygodnia \u017cyczymy wszelkiego dobra w \u017cyciu i b\u0142ogos\u0142awie\u0144stwa Bo\u017cego.\n\n<strong>8.<\/strong> Pan powo\u0142a\u0142 do wieczno\u015bci:\n\n<strong>\u2020 \u015bp. El\u017cbiet\u0119 \u017baczek<\/strong> lat 71 z ul. Sobieskiego\n<strong>\u2020 \u015bp. Tadeusza Doro\u015b<\/strong> lat 81 z ul. Sobieskiego\n\nWieczny odpoczynek racz im da\u0107 Panie! A \u015bwiat\u0142o\u015b\u0107 wiekuista niechaj im \u015bwieci\n\n&nbsp;\n\n<img decoding=\"async\" src=\"http:\/\/rafalk-elblag.pl\/wp-content\/uploads\/2020\/04\/baner-intencje-mszy.jpg\">\n<h1>Intencje mszalne 16.05.2021r<\/h1>\n<strong>PONIEDZIA\u0141EK \/ 17 maja 2021r.<\/strong>\n8.00 \u2020 Helena \u015al\u0119zak (17 greg.)\n18.00 \u2020 Czes\u0142awa (k) w 15 r. \u015bm. i Stanis\u0142aw Kowalscy\n18.00 Dzi\u0119k. w 10 rocz. powstania R\u00f3\u017cy \u015bw. Jana Paw\u0142a II\n\n<strong>WTOREK \/ 18 maja 2021r.<\/strong>\n8.00 \u2020 Karol i Marcin Wi\u015bniewscy oraz zm. rodzice z obojga stron\n18.00 \u2020 Helena \u015al\u0119zak (18 greg.)\n18.00 \u2020 Maria i Stanis\u0142aw G\u00f3rscy\n18.00 \u2020 Wanda Pepli\u0144ska w 30 dpp.\n\n<strong>\u015aRODA \/ 19 maja 2021r.<\/strong>\n8.00 \u2020 Helena \u015al\u0119zak (19 greg.)\n18.00 \u2020 Barbara Kachnowicz w 24 r. \u015bm. i zm. z rodz. Bajson, Jasi\u0144skich i Kachnowicz\n18.00 Wynagradzaj\u0105ca NSPJ i NSM za grzechy Marii, Romana, Rados\u0142awa, Ewy, Klaudii, Przemys\u0142awa i Patrycji\n\n<strong>CZWARTEK \/ 20 maja 2021r.<\/strong>\n8.00 O \u0142ask\u0119 zdrowia dla Gra\u017cyny Dalidowicz\n18.00 \u2020 Helena \u015al\u0119zak (20 greg.)\n18.00 \u2020 Marianna, Wincenty, W\u0142adys\u0142aw z rodz. Uler; Marian i Krystyna Puchalscy\n\n<strong>PI\u0104TEK \/ 21 maja 2021r.<\/strong>\n8.00 \u2020 Teresa Ma\u0142kowska w 30 dpp.\n8.00 O Bo\u017ce b\u0142og. i potrzebne \u0142aski dla Nikodema i jego rodziny, Agnieszki i ca\u0142ej rodziny zakonnej oraz dla Magdaleny i Macieja\n18.00 \u2020 Helena \u015al\u0119zak (21 greg.)\n\n<strong>SOBOTA \/ 22 maja 2021r.<\/strong>\n8.00 \u2020 Helena \u015al\u0119zak (22 greg.)\n8.00 \u2020 Dariusz Morzy\n17.30 NABO\u017bE\u0143STWO \/ g. 21.00 &#8211; Eucharystia\n<h3><strong>Uroczysto\u015b\u0107 Zes\u0142ania Ducha \u015awi\u0119tego \/ 23 maja 2021r.<\/strong><\/h3>\n7.00 \u2020 Krystyna Stein w 4 r. \u015bm.\n9.00 \u2020 Weronika (17 r.\u015bm.) i J\u00f3zef (23 r.\u015bm.) Truszkowscy\n9.00 Dzi\u0119k. w 50 urodziny Danuty Wi\u015bniewskiej z pro\u015bb\u0105 o Bo\u017ce b\u0142og. i opiek\u0119 MB Szkaplerznej\n10.30 \u2020 Stanis\u0142aw w 15 r. \u015bm., Leszek oraz rodzice i dziadkowie z obojga stron\n12.00 W intencji Parafian\n18.00 \u2020 Helena \u015al\u0119zak (23 greg.)\n18.00 \u2020 J\u00f3zef Kubisiak w 1 r. \u015bm. i zm. z rodz. Kubisiak\u00f3w, Minkiewicz\u00f3w i Wojciechowksich\n\n<!-- \/wp:post-content -->","protected":false},"excerpt":{"rendered":"<p>SAKRAMENT PIERWSZEJ KOMUNII \u015aWI\u0118TEJ W dniu dzisiejszym prze\u017cywamy w naszej Wsp\u00f3lnocie Parafialnej Uroczysto\u015b\u0107 Pierwszej Komunii \u015awi\u0119tej dzieci klas III Szko\u0142y Podstawowej. Sakrament Pierwszej Komunii \u015awi\u0119tej to okazja do pog\u0142\u0119bienia wi\u0119zi pomi\u0119dzy dzieckiem a Bogiem. M\u00f3wi si\u0119, i\u017c jest to najwa\u017cniejszy sakrament, jaki mo\u017cemy przyj\u0105\u0107 podczas ca\u0142ego swojego \u017cycia. Wyraz Komunia pochodzi od \u0142aci\u0144skiego s\u0142owa communio, [&hellip;]<\/p>\n","protected":false},"author":1,"featured_media":4327,"comment_status":"closed","ping_status":"closed","sticky":false,"template":"","format":"standard","meta":{"ngg_post_thumbnail":0,"footnotes":""},"categories":[11,8,4,3],"tags":[],"class_list":["post-4325","post","type-post","status-publish","format-standard","has-post-thumbnail","hentry","category-aktualnosci","category-blog","category-intencje","category-ogloszenia"],"_links":{"self":[{"href":"https:\/\/rafalk-elblag.pl\/index.php?rest_route=\/wp\/v2\/posts\/4325","targetHints":{"allow":["GET"]}}],"collection":[{"href":"https:\/\/rafalk-elblag.pl\/index.php?rest_route=\/wp\/v2\/posts"}],"about":[{"href":"https:\/\/rafalk-elblag.pl\/index.php?rest_route=\/wp\/v2\/types\/post"}],"author":[{"embeddable":true,"href":"https:\/\/rafalk-elblag.pl\/index.php?rest_route=\/wp\/v2\/users\/1"}],"replies":[{"embeddable":true,"href":"https:\/\/rafalk-elblag.pl\/index.php?rest_route=%2Fwp%2Fv2%2Fcomments&post=4325"}],"version-history":[{"count":2,"href":"https:\/\/rafalk-elblag.pl\/index.php?rest_route=\/wp\/v2\/posts\/4325\/revisions"}],"predecessor-version":[{"id":4329,"href":"https:\/\/rafalk-elblag.pl\/index.php?rest_route=\/wp\/v2\/posts\/4325\/revisions\/4329"}],"wp:featuredmedia":[{"embeddable":true,"href":"https:\/\/rafalk-elblag.pl\/index.php?rest_route=\/wp\/v2\/media\/4327"}],"wp:attachment":[{"href":"https:\/\/rafalk-elblag.pl\/index.php?rest_route=%2Fwp%2Fv2%2Fmedia&parent=4325"}],"wp:term":[{"taxonomy":"category","embeddable":true,"href":"https:\/\/rafalk-elblag.pl\/index.php?rest_route=%2Fwp%2Fv2%2Fcategories&post=4325"},{"taxonomy":"post_tag","embeddable":true,"href":"https:\/\/rafalk-elblag.pl\/index.php?rest_route=%2Fwp%2Fv2%2Ftags&post=4325"}],"curies":[{"name":"wp","href":"https:\/\/api.w.org\/{rel}","templated":true}]}}