{"id":4318,"date":"2021-05-09T18:20:17","date_gmt":"2021-05-09T18:20:17","guid":{"rendered":"http:\/\/rafalk-elblag.pl\/?p=4318"},"modified":"2021-05-09T18:20:17","modified_gmt":"2021-05-09T18:20:17","slug":"biuletyn-09-05-2021vi-niedziela-wielkanocy","status":"publish","type":"post","link":"https:\/\/rafalk-elblag.pl\/?p=4318","title":{"rendered":"Biuletyn 09.05.2021,VI Niedziela Wielkanocy"},"content":{"rendered":"<p><img decoding=\"async\" src=\"http:\/\/rafalk-elblag.pl\/wp-content\/uploads\/2021\/05\/baner-090521-1.jpg\"><\/p>\n<h1>MARYJA S\u0141U\u017bEBNIC\u0104 PA\u0143SK\u0104<\/h1>\n<p><strong>Ko\u015bci\u00f3\u0142 wzywa nas, aby\u015bmy byli \u015bwiadkami Chrystusa, aby\u015bmy byli sol\u0105 ziemi. Maryja jest dla nas wzorem bycia chrze\u015bcijaninem. Ona jest Pierwsz\u0105 Chrze\u015bcijank\u0105. Jako Dziewica uczy Ko\u015bci\u00f3\u0142 dochowywa\u0107 wierno\u015bci Chrystusowi \u2013 Oblubie\u0144cowi, a jako Matka zach\u0119ca Ko\u015bci\u00f3\u0142 do gorliwo\u015bci apostolskiej. Ale przede wszystkim uczy tego, \u017ce jako Ko\u015bci\u00f3\u0142 i jako poszczeg\u00f3lni chrze\u015bcijanie mamy zawsze by\u0107 s\u0142ugami naszego Pana. To jest podstawowy wymiar \u015bwiadectwa: pokazywa\u0107, czyim jestem S\u0142ug\u0105, kto jest moim Panem, komu naprawd\u0119 s\u0142u\u017c\u0119.<\/strong><\/p>\n<p>Naj\u015bwi\u0119tsza Maryja Panna w\u0142a\u015bciwie ca\u0142e swoje powo\u0142anie i misj\u0119 zdefiniowa\u0142a jednym zdaniem wypowiedzianym w chwili Zwiastowania: \u201eOto ja s\u0142u\u017cebnica Pa\u0144ska. Niech mi si\u0119 stanie wed\u0142ug twego s\u0142owa\u201d (\u0141k 1,38). Tym s\u0142owom pozosta\u0142a wierna do ko\u0144ca. Ca\u0142e jej \u017cycie by\u0142o trwaniem przy Bogu i s\u0142u\u017cb\u0105 Jezusowi. Zw\u0142aszcza w chwilach trudu i cierpienia pozosta\u0142a wierna wypowiedzianym w Nazarecie s\u0142owom.<\/p>\n<p>Skrajne ub\u00f3stwo towarzysz\u0105ce narodzinom Jej Dziecka, zbrodnicze prze\u015bladowanie ze strony Heroda, konieczno\u015b\u0107 pospiesznej emigracji do Egiptu, ubogie \u017cycie w prowincjonalnym miasteczku galilejskim, cierpliwe znoszenie r\u00f3\u017cnorodnych oskar\u017ce\u0144 pod adresem Jej Syna, a\u017c wreszcie m\u0119\u017cne towarzyszenie Jezusowi podczas Jego m\u0119ki i przy m\u0119cze\u0144skiej \u015bmierci \u2013 to tylko te najtrudniejsze chwile, w kt\u00f3rych sprawdza\u0142a si\u0119 jej wierno\u015b\u0107 i m\u0119stwo.<\/p>\n<p>Maryja pozosta\u0142a wierna Panu Bogu i do ko\u0144ca pozosta\u0142a Jego S\u0142u\u017cebnic\u0105, niezale\u017cnie od zaistnia\u0142ych okoliczno\u015bci, presji otoczenia, upokorzenia; nawet wtedy, gdy wskazywano J\u0105 palcami jako Matk\u0119 \u201ezbrodniarza\u201d, kt\u00f3ry zosta\u0142 ukrzy\u017cowany jako blu\u017anierca. Pozosta\u0142a S\u0142u\u017cebnic\u0105 Pana, chocia\u017c \u00f3wczesna \u017cydowska opinia publiczna zapewne zupe\u0142nie inaczej my\u015bla\u0142a o Jej Synu i o Niej.<\/p>\n<p>Na przestrzeni wiek\u00f3w wielu chrze\u015bcijan odda\u0142o \u017cycie za to, \u017ce nie ulegli r\u00f3\u017cnym pokusom i propozycjom, ale pozostali s\u0142ugami Pana. S\u0105 to: m\u0119czennicy pierwszych wiek\u00f3w, odrzucaj\u0105cy karier\u0119 w Cesarstwie Rzymskim za cen\u0119 wierno\u015bci prawdziwemu Kr\u00f3lowi \u2013 Chrystusowi; s\u0105 to chrze\u015bcijanie w krajach muzu\u0142ma\u0144skich, pozbawiani praw publicznych i jeszcze dzi\u015b zabijani za to, \u017ce uznaj\u0105 Jezusa z Nazaretu za Boga, m\u0119czennicy wszelkich totalitaryzm\u00f3w (rewolucji francuskiej, komunizmu, hitleryzmu), kt\u00f3rzy bronili wiary w Boga i godno\u015bci cz\u0142owieka wbrew panuj\u0105cym oficjalnym pogl\u0105dom politycznym.<\/p>\n<p>Wobec dzisiejszych r\u00f3\u017cnych form walk z Ko\u015bcio\u0142em: na tle religijnym (zw\u0142aszcza w krajach muzu\u0142ma\u0144skich), kulturowym (poprzez traktowanie pogl\u0105d\u00f3w chrze\u015bcija\u0144skie za niemodne, a wr\u0119cz uwa\u017canie chrze\u015bcijan za tzw. \u201eciemnogr\u00f3d\u201d), politycznym (poprzez wprowadzanie tzw. poprawno\u015bci politycznej, nakazuj\u0105cej tzw. \u015bwiecko\u015b\u0107 pa\u0144stwa, co w praktyce sprowadza si\u0119 do agresywnego antyklerykalizmu), rodzi si\u0119 potrzeba odwa\u017cnego przyznawania si\u0119 chrze\u015bcijan do Chrystusa.<\/p>\n<p><strong>Powsta\u0142o ju\u017c wiele inicjatyw wzywaj\u0105cych do dawania \u015bwiadectwa i obrony wiary: poczynaj\u0105c od naklejania na samochodach chrze\u015bcija\u0144skiego znaku ryby, poprzez r\u00f3\u017cne inicjatywy ewangelizacyjne, a\u017c do m\u0119\u017cnego g\u0142oszenia Ewangelii, nawet je\u015bli za to trzeba b\u0119dzie z\u0142o\u017cy\u0107 ofiar\u0119 wi\u0119zienia (np. jawne przeciwstawianie si\u0119 w niekt\u00f3rych krajach europejskich pogl\u0105dom niechrze\u015bcija\u0144skim dotycz\u0105cym tzw. zwi\u0105zk\u00f3w partnerskim homoseksualist\u00f3w), czy \u017cycia (zw\u0142aszcza w krajach muzu\u0142ma\u0144skich).<\/strong><br><strong>Ona pokazuje, \u017ce by\u0107 S\u0142u\u017cebnic\u0105 Pana mo\u017cna w ka\u017cdych okoliczno\u015bciach, nawet tych najtrudniejszych.<\/strong><\/p>\n<p>&nbsp;<\/p>\n<p>&nbsp;<br><img decoding=\"async\" src=\"http:\/\/rafalk-elblag.pl\/wp-content\/uploads\/2020\/04\/baner-ogloszenia-parafialne.jpg\"><\/p>\n<h1>Og\u0142oszenia parafialne 09.05.2021r<\/h1>\n<p><strong>1<\/strong>. Obecny miesi\u0105c jest szczeg\u00f3lnie po\u015bwi\u0119cony Matce Bo\u017cej poprzez odprawianie nabo\u017ce\u0144stw \u201eMAJOWYCH\u201d. Nasza Ojczyzna od wiek\u00f3w s\u0142yn\u0119\u0142a z oddawania czci Maryi w \u015bpiewie Litanii Loreta\u0144skiej w ro\u017cnych miejscach np. w ko\u015bcio\u0142ach, kaplicach, przy figurkach, przydro\u017cnych krzy\u017cach i w naszych domach. Ten obraz modl\u0105cego si\u0119 Ludu Bo\u017cego wielu z nas ci\u0105gle nosi w sobie. Zapraszamy na nabo\u017ce\u0144stwa ku czci Naj\u015bwi\u0119tszej Maryi Panny: doros\u0142ych i m\u0142odzie\u017c codziennie o godz. 17:30, a dzieci w poniedzia\u0142ki (klasy I i II) i w pi\u0105tki (klasy IV, V, VI) o godz. 16:30. Niech s\u0142owa pie\u015bni: \u201eZaufaj Maryi, a Ona twe troski jak Matka zamieni w rado\u015bci\u201d b\u0119d\u0105 dla nas drogowskazem w p\u00f3j\u015bciu w\u0142a\u015bciw\u0105 drog\u0105.<\/p>\n<p><strong>2.<\/strong> Trwa okres Wielkanocny &#8211; czas rado\u015bci ze Zmartwychwstania Pana Jezusa. W zwi\u0105zku z tym, \u017ce obecnie w naszym ko\u015bciele jest mo\u017cliwo\u015b\u0107 uczestnictwa we Mszach \u015bw. i nabo\u017ce\u0144stwach 40 os\u00f3b, gor\u0105co zach\u0119camy wiernych do skorzystania \u0142awek wystawionych przed ko\u015bcio\u0142em. Jest to r\u00f3wnie\u017c osobiste uczestnictwo we Mszy \u015bw. Zach\u0119camy te\u017c wiernych do skorzystania z \u0142aski sakramentu pojednania i do przyj\u0119cia KOMUNII \u015aW. WIELKANOCNEJ. Spowied\u017a \u015bw. w tygodniu od 7:45 oraz od godz. 17:30.<\/p>\n<p><strong>3.<\/strong> W \u015brod\u0119 o godz. 18:45 spotkanie Kr\u0119gu Biblijnego. Ks. Piotr serdecznie zaprasza na spotkanie wszystkich pragn\u0105cych \u017cy\u0107 KSI\u0118G\u0104 \u017bYCIA.<\/p>\n<p><strong>4.<\/strong> Za tydzie\u0144 o godz. 10:30, 12:00 oraz o 13:30 dzieci z naszej parafii, b\u0119d\u0105 obchodzi\u0107 uroczysto\u015b\u0107 I KOMUNII \u015aWI\u0118TEJ. Prosimy, aby osoby nie zwi\u0105zane z powy\u017csz\u0105 uroczysto\u015bci\u0105 wybra\u0142y inn\u0105 godzin\u0119 Mszy \u015awi\u0119tej tj. o godz. 7:00, 9:00, 15:00, 18:00. Dzi\u0119kujemy za zrozumienie.<\/p>\n<p><strong>5.<\/strong> Szczeg\u00f3ln\u0105 okazj\u0105 do modlitwy za kandydat\u00f3w do bierzmowania b\u0119dzie rozpoczynaj\u0105ca si\u0119 w tym tygodniu (tj. od pi\u0105tku 14 maja) NOWENNA PRZED UROCZYSTO\u015aCI\u0104 ZES\u0141ANIA DUCHA \u015aWI\u0118TEGO, po\u0142\u0105czona z nabo\u017ce\u0144stwem majowym o godz. 17:30. Uroczystym zwie\u0144czeniem tego czasu b\u0119dzie Wigilia Zes\u0142ania Ducha \u015awi\u0119tego (22 maja br., godz. 18:00), na kt\u00f3r\u0105 zapraszamy wszystkie Wsp\u00f3lnoty i wiernych naszej parafii.<\/p>\n<p><strong>6.<\/strong> PAMI\u0118TAJMY!!! Za tydzie\u0144 16 maja br. dzie\u0144 modlitw za Bractwo Szkaplerzne, a tak\u017ce za osoby nosz\u0105ce Szkaplerz \u015awi\u0119ty. Zapraszamy nale\u017c\u0105cych i pragn\u0105cych w\u0142\u0105czy\u0107 si\u0119 do tej wsp\u00f3lnoty na Msz\u0119 \u015bw. o godz. 18:00 z katechez\u0105. W tym dniu mo\u017cemy przyj\u0105\u0107 SZKLAPLERZ KARMELITA\u0143SKI.<\/p>\n<p><strong>7.<\/strong> Rozpoczyna si\u0119 ostatnia prosta przygotowa\u0144 do przyj\u0119cia Sakramentu Bierzmowania dla m\u0142odzie\u017cy z roku II. Warunkiem dopuszczenia do tego sakramentu jest udzia\u0142 w dniu skupienia \/ dniu pokutnym, kt\u00f3ry dla kandydat\u00f3w do bierzmowania odb\u0119dzie si\u0119 w naszej parafii. W zwi\u0105zku z tym ks. Marcin prosi o mobilizacj\u0119 wszystkich kandydat\u00f3w i ich rodzic\u00f3w. Trwaj\u0105 spotkania dla kandydat\u00f3w do bierzmowania w ka\u017cd\u0105 niedziel\u0119 maja i czerwca po Mszy \u015bw. o godz. 19:00 w ko\u015bciele. Obecno\u015b\u0107 obowi\u0105zkowa.<\/p>\n<p><strong>8.<\/strong> Wszystkim Jubilatom i Solenizantom tego tygodnia \u017cyczymy wszelkiego dobra w \u017cyciu i b\u0142ogos\u0142awie\u0144stwa Bo\u017cego.<\/p>\n<p><strong>9.<\/strong> Pan powo\u0142a\u0142 do wieczno\u015bci: <br><strong><br>\u2020 \u015bp. Jana Jarzynka<\/strong> lat 76 z ul. Korczaka<br><br>Wieczny odpoczynek racz mu da\u0107 Panie! A \u015bwiat\u0142o\u015b\u0107 wiekuista niechaj mu \u015bwieci.<\/p>\n<p>&nbsp;<\/p>\n<p><img decoding=\"async\" src=\"http:\/\/rafalk-elblag.pl\/wp-content\/uploads\/2020\/04\/baner-intencje-mszy.jpg\"><\/p>\n<h1>Intencje mszalne 09.05.2021r<\/h1>\n<p><strong>PONIEDZIA\u0141EK \/ 10 maja 2021r.<\/strong><br>8.00 \u2020 Helena \u015al\u0119zak (10 greg.)<br>18.00 \u2020 Czes\u0142aw Sulecki w 30 r. \u015bm., Eugenia Sulecka w 15 r. \u015bm. i zm. z rodz. G\u0119bskich<br>18.00 O Bo\u017ce b\u0142og., \u0142ask\u0119 zdrowia i wyj\u015bcia z choroby dla Marcina, jego \u017cony, dzieci i ca\u0142ej rodziny<\/p>\n<p><strong>WTOREK \/ 11 maja 2021r.<\/strong><br>8.00 O zdrowie i potrzebne \u0142aski po operacji dla Gra\u017cyny Dalidowicz<br>18.00 \u2020 Helena \u015al\u0119zak (11 greg.)<br>18.00 \u2020 Regina, Wiktor i zm. z rodz. Wile\u0144skich i Zgenickich<\/p>\n<p>\u015aRODA \/ 12 maja 2021r.<br>8.00 \u2020 Stefania (k), Mieczys\u0142aw i Ryszard<br>18.00 \u2020 Jan Jaworski w 12 r. \u015bm., Zofia i Andrzej Jaworscy, Boles\u0142aw i Marianna Stan<br>18.00 \u2020 Helena \u015al\u0119zak (12 greg.)<\/p>\n<p><strong>CZWARTEK \/ 13 maja 2021r. \/ NMP z Fatimy<\/strong><br>8.00 \u2020 Zmarli rodzice: Zenon i Jadwiga Brzozowscy<br>18.00 \u2020 Helena \u015al\u0119zak (13 greg.)<br>18.00 O Bo\u017ce b\u0142og., opiek\u0119 MB i potrzebne \u0142aski dla Zofii z ok. 100 urodzin<\/p>\n<p><strong>PI\u0104TEK \/ 14 maja 2021r. \/ \u015bw. Macieja Aposto\u0142a<\/strong><br>8.00 \u2020 Helena \u015al\u0119zak (14 greg.)<br>18.00 \u2020 Helena i Wincenty Kokoszka i zm. z rodz.<br>18.00 Dzi\u0119k. w 70 urodziny Jadwigi z pro\u015bb\u0105 o Bo\u017ce b\u0142og., opiek\u0119 MB i potrzebne \u0142aski dla Jubilatki<\/p>\n<p><strong>SOBOTA \/ 15 maja 2021r.<\/strong><br>8.00 \u2020 Helena \u015al\u0119zak (15 greg.)<br>8.00 \u2020 Roman Tykarski i dusze w czy\u015b\u0107cu cierpi\u0105ce<br>18.00 \u2020 Waldemar w 31 r. \u015bm. i zm. z rodz. Kurkowskich, Czarnot\u00f3w i Jesionkowskich<\/p>\n<p><strong>Uroczysto\u015b\u0107 Wniebowst\u0105pienia Pa\u0144skiego \/ 16 maja 2021r.<\/strong><br>7.00 \u2020 Helena \u015al\u0119zak (16 greg.)<br>9.00 \u2020 Halina z okazji ziemskich urodzin<br>9.00 O Bo\u017ce b\u0142og. i potrzebne \u0142aski dla Anny z ok. urodzin<br>10.30 Uroczysto\u015b\u0107 I Komunii \u015awi\u0119tej (1) \/ w int. Dzieci i ich rodzin<br>12.00 Uroczysto\u015b\u0107 I Komunii \u015awi\u0119tej (2) \/ w int. Dzieci i ich rodzin<br>13.30 Uroczysto\u015b\u0107 I Komunii \u015awi\u0119tej (3) \/ w int. Dzieci i ich rodzin<br>15.00 \u2020 Rodzice: Jan i Jadwiga oraz Marcin Kierzkowski w 5 miesi\u0105c po \u015bmierci<br>18.00 W intencji Bractwa Szkaplerznego i os\u00f3b, kt\u00f3re przyjm\u0105 szkaplerz<\/p>\n\n\n<p><\/p>\n","protected":false},"excerpt":{"rendered":"<p>MARYJA S\u0141U\u017bEBNIC\u0104 PA\u0143SK\u0104 Ko\u015bci\u00f3\u0142 wzywa nas, aby\u015bmy byli \u015bwiadkami Chrystusa, aby\u015bmy byli sol\u0105 ziemi. Maryja jest dla nas wzorem bycia chrze\u015bcijaninem. Ona jest Pierwsz\u0105 Chrze\u015bcijank\u0105. Jako Dziewica uczy Ko\u015bci\u00f3\u0142 dochowywa\u0107 wierno\u015bci Chrystusowi \u2013 Oblubie\u0144cowi, a jako Matka zach\u0119ca Ko\u015bci\u00f3\u0142 do gorliwo\u015bci apostolskiej. Ale przede wszystkim uczy tego, \u017ce jako Ko\u015bci\u00f3\u0142 i jako poszczeg\u00f3lni chrze\u015bcijanie mamy [&hellip;]<\/p>\n","protected":false},"author":1,"featured_media":4322,"comment_status":"closed","ping_status":"closed","sticky":false,"template":"","format":"standard","meta":{"ngg_post_thumbnail":0,"footnotes":""},"categories":[11,8,4,3],"tags":[],"class_list":["post-4318","post","type-post","status-publish","format-standard","has-post-thumbnail","hentry","category-aktualnosci","category-blog","category-intencje","category-ogloszenia"],"_links":{"self":[{"href":"https:\/\/rafalk-elblag.pl\/index.php?rest_route=\/wp\/v2\/posts\/4318","targetHints":{"allow":["GET"]}}],"collection":[{"href":"https:\/\/rafalk-elblag.pl\/index.php?rest_route=\/wp\/v2\/posts"}],"about":[{"href":"https:\/\/rafalk-elblag.pl\/index.php?rest_route=\/wp\/v2\/types\/post"}],"author":[{"embeddable":true,"href":"https:\/\/rafalk-elblag.pl\/index.php?rest_route=\/wp\/v2\/users\/1"}],"replies":[{"embeddable":true,"href":"https:\/\/rafalk-elblag.pl\/index.php?rest_route=%2Fwp%2Fv2%2Fcomments&post=4318"}],"version-history":[{"count":1,"href":"https:\/\/rafalk-elblag.pl\/index.php?rest_route=\/wp\/v2\/posts\/4318\/revisions"}],"predecessor-version":[{"id":4323,"href":"https:\/\/rafalk-elblag.pl\/index.php?rest_route=\/wp\/v2\/posts\/4318\/revisions\/4323"}],"wp:featuredmedia":[{"embeddable":true,"href":"https:\/\/rafalk-elblag.pl\/index.php?rest_route=\/wp\/v2\/media\/4322"}],"wp:attachment":[{"href":"https:\/\/rafalk-elblag.pl\/index.php?rest_route=%2Fwp%2Fv2%2Fmedia&parent=4318"}],"wp:term":[{"taxonomy":"category","embeddable":true,"href":"https:\/\/rafalk-elblag.pl\/index.php?rest_route=%2Fwp%2Fv2%2Fcategories&post=4318"},{"taxonomy":"post_tag","embeddable":true,"href":"https:\/\/rafalk-elblag.pl\/index.php?rest_route=%2Fwp%2Fv2%2Ftags&post=4318"}],"curies":[{"name":"wp","href":"https:\/\/api.w.org\/{rel}","templated":true}]}}