{"id":4313,"date":"2021-05-02T08:19:00","date_gmt":"2021-05-02T08:19:00","guid":{"rendered":"http:\/\/rafalk-elblag.pl\/?p=4313"},"modified":"2021-05-03T08:35:12","modified_gmt":"2021-05-03T08:35:12","slug":"biuletyn-02-05-2021v-niedziela-wielkanocy","status":"publish","type":"post","link":"https:\/\/rafalk-elblag.pl\/?p=4313","title":{"rendered":"Biuletyn 02.05.2021,V Niedziela Wielkanocy"},"content":{"rendered":"<p><img decoding=\"async\" src=\"http:\/\/rafalk-elblag.pl\/wp-content\/uploads\/2021\/05\/baner-020521.jpg\"><\/p>\n<h1>MARYJA KR\u00d3LOW\u0104 POLSKI<\/h1>\n<p><strong>To nie Polacy wpadli na pomys\u0142, aby obwo\u0142a\u0107 Naj\u015bwi\u0119tsz\u0105 Maryj\u0119 Pann\u0119 Kr\u00f3low\u0105 Polski. To sama Maryja osobi\u015bcie poprosi\u0142a, \u017ceby J\u0105 tak nazywa\u0107. Sta\u0142o si\u0119 to w Neapolu we W\u0142oszech, w 1608 roku. Takie przes\u0142anie otrzyma\u0142 w czasie objawienia W\u0142och Giulio Mancinelli, jezuita, kt\u00f3ry \u017cy\u0142 na prze\u0142omie XVI i XVII wieku. Odznacza\u0142 si\u0119 on niezwyk\u0142\u0105 \u015bwi\u0119to\u015bci\u0105 \u017cycia, wielk\u0105 czci\u0105 do Naj\u015bwi\u0119tszego Sakramentu i Matki Bo\u017cej, trosk\u0105 o dusze w czy\u015b\u0107cu cierpi\u0105ce oraz nabo\u017ce\u0144stwem do \u015bwi\u0119tych naszych rodak\u00f3w &#8211; Stanis\u0142awa Kostki i biskupa Stanis\u0142awa. W swoich modlitwach prosi\u0142 Niepokalan\u0105, by mu objawi\u0142a, jaki jeszcze tytu\u0142 chcia\u0142aby mie\u0107 w Litanii loreta\u0144skiej.<\/strong><\/p>\n<p><br>Prawdopodobnie mia\u0142o to miejsce w klasztorze jezuit\u00f3w Gesu Nuovo. W wigili\u0119 Wniebowzi\u0119cia 14 sierpnia 1608 roku, zatopiony w modlitwie Giulio zobaczy\u0142 Matk\u0119 Bo\u017c\u0105. Widzia\u0142 te\u017c kl\u0119cz\u0105cego u st\u00f3p Maryi wsp\u00f3\u0142brata z nowicjatu \u015bw. Stanis\u0142awa Kostk\u0119, a przypada\u0142a wtedy jego czterdziesta rocznica \u015bmierci. Na ten widok o. Mancinelli zawo\u0142a\u0142: &#8222;Kr\u00f3lowo Wniebowzi\u0119ta, m\u00f3dl si\u0119 za nami&#8221;, na co Matka Bo\u017ca odpowiedzia\u0142a: &#8222;Dlaczego nie nazywasz mnie Kr\u00f3low\u0105 Polski? Ja to kr\u00f3lestwo bardzo umi\u0142owa\u0142am i wielkie rzeczy dla niego zamierzam, poniewa\u017c osobliw\u0105 mi\u0142o\u015bci\u0105 do Mnie p\u0142on\u0105 jego synowie&#8221;. Po tych s\u0142owach o. Giulio zakrzykn\u0105\u0142: &#8222;Kr\u00f3lowo Polski Wniebowzi\u0119ta, m\u00f3dl si\u0119 za Polsk\u0119!&#8221;.<\/p>\n<p>W\u00f3wczas Maryja mi\u0142osiernie spojrza\u0142a na kl\u0119cz\u0105cego przed Ni\u0105 Stanis\u0142awa Kostk\u0119, potem na o. Mancinellego i powiedzia\u0142a: &#8222;Jemu t\u0119 \u0142ask\u0119 dzisiejsz\u0105 zawdzi\u0119czasz, m\u00f3j Giulio&#8221;. Rado\u015b\u0107 niezwyk\u0142a nape\u0142ni\u0142a serce zakonnika po tym widzeniu. Od tej chwili modli\u0142 si\u0119: &#8222;Kr\u00f3lowo Polski, m\u00f3dl si\u0119 za nami&#8221; i wielokrotnie powtarza\u0142: &#8222;Matka Bo\u017ca wielkie rzeczy dla Polak\u00f3w zamierza&#8221;.<br>O. Mancinelli o swoim widzeniu powiedzia\u0142 prze\u0142o\u017conym zakonu oraz polskim jezuitom. Pyta\u0142 te\u017c wsp\u00f3\u0142braci, gdzie jest to kr\u00f3lestwo, kt\u00f3rego Matka Bo\u017ca zechcia\u0142a by\u0107 Kr\u00f3low\u0105.<\/p>\n<p>W\u0142adze ko\u015bcielne powo\u0142a\u0142y komisj\u0119 do zbadania objawienia. Po roku wyda\u0142a ona orzeczenie &#8211; objawienie jest prawdziwe. W\u00f3wczas o. Giulio &#8211; mimo swoich 72 lat &#8211; rozpocz\u0105\u0142 piesz\u0105 pielgrzymk\u0119 do kraju, o kt\u00f3rym m\u00f3wi\u0142a Maryja. 8 maja 1610 r. przyby\u0142 do Krakowa, witany przez kr\u00f3la Zygmunta III Waz\u0119, biskup\u00f3w i przedstawicieli wszystkich stan\u00f3w. W ich asy\u015bcie przekroczy\u0142 pr\u00f3g Katedry Wawelskiej, by tam odprawi\u0107 Msz\u0119 \u015bwi\u0119t\u0105. Wtedy objawienie powt\u00f3rzy\u0142o si\u0119.<\/p>\n<p>Sprawuj\u0105c Naj\u015bwi\u0119tsz\u0105 Ofiar\u0119 przy grobie \u015bw. Stanis\u0142awa Biskupa, zakonnik mia\u0142 kolejne objawienie. Maryja stan\u0119\u0142a przed nim w wielkim majestacie i po raz kolejny powiedzia\u0142a: &#8222;Ja jestem Kr\u00f3low\u0105 Polski. Jestem Matk\u0105 tego narodu, kt\u00f3ry jest Mi bardzo drogi, wstawiaj si\u0119 wi\u0119c do Mnie za nim, o pomy\u015blno\u015b\u0107 tej ziemi b\u0142agaj nieustannie, a Ja ci b\u0119d\u0119 zawsze, tak jak teraz, mi\u0142osiern\u0105&#8221;. Poprosi\u0142a r\u00f3wnie\u017c, aby w Krakowie, na znak, \u017ce jest Kr\u00f3low\u0105, ustanowi\u0107 widzialny symbol Jej kr\u00f3lowania. W 1628 r. mieszka\u0144cy Krakowa spe\u0142nili t\u0119 pro\u015bb\u0119, zdobi\u0105c wie\u017c\u0119 Bazyliki Mariackiej kr\u00f3lewsk\u0105 koron\u0105. W 1666 r. &#8211; w dziesi\u0105t\u0105 rocznic\u0119 \u015blub\u00f3w Jana Kazimierza &#8211; za\u0142o\u017cono now\u0105, wi\u0119ksz\u0105. Z Krakowa o. Giulio Mancinelli uda\u0142 si\u0119 jeszcze do Lwowa, by potem powr\u00f3ci\u0107 do Neapolu, gdzie zmar\u0142 14 sierpnia 1618 r. Rok wcze\u015bniej ponownie objawi\u0142a mu si\u0119 Matka Bo\u017ca, zapowiadaj\u0105c, \u017ce zabierze go do siebie.<\/p>\n<p>S\u0142owa Mancinellego wywo\u0142a\u0142y w Polsce pot\u0119\u017cny odzew. W ko\u015bciele w wielkopolskim Rokitnie zawis\u0142 obraz Matki Bo\u017cej z polskim or\u0142em na piersi. Malarze masowo ten obraz kopiowali. Do dzi\u015b kilkana\u015bcie takich obraz\u00f3w wisi w maryjnych sanktuariach w ca\u0142ej Polsce. Najs\u0142ynniejsza kopia takiego w\u0142a\u015bnie obrazu wisi w Licheniu.<\/p>\n<p><strong>W 1656 roku kr\u00f3l Jan Kazimierz w lwowskiej katedrze uroczy\u015bcie uzna\u0142 Matk\u0119 Bo\u017c\u0105 za Kr\u00f3low\u0105 Polski. Sta\u0142o si\u0119 to w czasie potopu, ju\u017c po zwyci\u0119skiej obronie Jasnej G\u00f3ry przed Szwedami. Jednak to nie Jan Kazimierz wymy\u015bli\u0142, \u017ce Polsk\u0119 nale\u017cy odda\u0107 Maryi. Ten pomys\u0142 dojrzewa\u0142 ju\u017c wcze\u015bniej przez prawie p\u00f3\u0142 wieku. A przekaza\u0142 go Polakom w\u0142oski ksi\u0105dz, prawie zupe\u0142nie dzisiaj zapomniany w Polsc<\/strong>e.<\/p>\n<p>&nbsp;<\/p>\n<p>&nbsp;<br><img decoding=\"async\" src=\"http:\/\/rafalk-elblag.pl\/wp-content\/uploads\/2020\/04\/baner-ogloszenia-parafialne.jpg\"><\/p>\n<h1>Og\u0142oszenia parafialne 02.05.2021r<\/h1>\n<p><strong>1.<\/strong> W dniu dzisiejszym zapraszamy na ADORACJ\u0118 NAJ\u015aWI\u0118TSZEGO SAKRAMENTU od godz. 15:00 do godz. 18:00. Adoracja rozpocznie si\u0119 Koronk\u0105 do Bo\u017cego Mi\u0142osierdzia.<strong>2.<\/strong> W pierwsze niedziele miesi\u0105ca zbierana taca przeznaczona jest na inwestycje w naszej parafii. B\u00f3g zap\u0142a\u0107 za sk\u0142adane ofiary.<\/p>\n<p><strong>3.<\/strong> Rozpocz\u0119li\u015bmy najpi\u0119kniejszy miesi\u0105c maj &#8211; zapraszamy na nabo\u017ce\u0144stwa ku czci Naj\u015bwi\u0119tszej Maryi Panny, tzw. \u201eMAJOWE\u201d: doros\u0142ych i m\u0142odzie\u017c codziennie o godz. 17:30, a dzieci w poniedzia\u0142ki (klasy I i II) i w pi\u0105tki (klasy IV, V, VI) o godz. 16:30.<\/p>\n<p><strong>4.<\/strong> Ostatnie spotkanie dla rodzic\u00f3w dzieci klas III przygotowuj\u0105cych si\u0119 do I KOMUNII \u015aWI\u0118TEJ odb\u0119dzie si\u0119 we wtorek 4 maja br. o godz. 19:00 w ko\u015bciele.<br>OBECNO\u015a\u0106 OBOWI\u0104ZKOWA.<\/p>\n<p><strong>5<\/strong>. Trwa okres Wielkanocny &#8211; czas rado\u015bci ze Zmartwychwstania Pana Jezusa. W zwi\u0105zku z tym, \u017ce obecnie w naszym ko\u015bciele jest mo\u017cliwo\u015b\u0107 uczestnictwa we Mszach \u015bw. i nabo\u017ce\u0144stwach 30 os\u00f3b, gor\u0105co zach\u0119camy wiernych do skorzystania \u0142awek wystawionych przed ko\u015bcio\u0142em. Jest to r\u00f3wnie\u017c osobiste uczestnictwo we Mszy \u015bw. Zach\u0119camy te\u017c wiernych do skorzystania z \u0142aski sakramentu pojednania i do przyj\u0119cia KOMUNII \u015aW. WIELKANOCNEJ. Spowied\u017a \u015bw. w tygodniu od 7:45 oraz od godz. 17:30.<\/p>\n<p><strong>6<\/strong>. Jutro przypada Uroczysto\u015b\u0107 Naj\u015bwi\u0119tszej Maryi Panny Kr\u00f3lowej Polski. W tym dniu zapraszamy na Msze \u015bw. o godz.: 8:00, 11:00 i 18:00. B\u0119dziemy wsp\u00f3lnie dzi\u0119kowa\u0107 za wolno\u015b\u0107 naszej Ojczyzny i prosi\u0107 Boga o m\u0105dro\u015b\u0107 i odpowiedzialno\u015b\u0107 dla narodu polskiego.<\/p>\n<p><strong>7.<\/strong> W tym tygodniu przypada pierwszy czwartek i pi\u0105tek miesi\u0105ca maja:<\/p>\n<ul>\n<li>w pierwszy czwartek b\u0119dziemy modli\u0107 si\u0119 o \u015bwi\u0119to\u015b\u0107 dla kap\u0142an\u00f3w oraz o liczne i \u015bwi\u0119te powo\u0142ania kap\u0142a\u0144skie, zakonne i misyjne z naszej parafii. Zapraszamy od godz. 17:00 na ,,Godzin\u0119 \u015awi\u0119t\u0105\u201d, czyli Adoracj\u0119 przed Naj\u015bwi\u0119tszym Sakramentem a po Niej na Msz\u0119 \u015bwi\u0119t\u0105 w powy\u017cszych intencjach.<\/li>\n<li>w pierwszy pi\u0105tek spowied\u017a dla dzieci, m\u0142odzie\u017cy i doros\u0142ych od godz. 17:30 i Msza \u015awi\u0119ta Wotywna o NSPJ o godz.18:00.<\/li>\n<\/ul>\n<p><strong>8.<\/strong> W I pi\u0105tek miesi\u0105ca maja z Panem Jezusem udamy si\u0119 do chorych: ks. Proboszcz i ks. Marcin od godz. 9:30, a ks. Piotr po zaj\u0119ciach w szkole.<br>Prosimy zg\u0142asza\u0107 do kap\u0142an\u00f3w chorych.<\/p>\n<p><strong>9.<\/strong> Wszystkim Jubilatom i Solenizantom tego tygodnia \u017cyczymy wszelkiego dobra w \u017cyciu i b\u0142ogos\u0142awie\u0144stwa Bo\u017cego.<\/p>\n<p><strong>10.<\/strong> Rozpoczyna si\u0119 \u201eostatnia prosta\u201d przygotowa\u0144 do przyj\u0119cia Sakramentu Bierzmowania dla m\u0142odzie\u017cy z roku II. Warunkiem dopuszczenia do tego sakramentu jest udzia\u0142 w dniu skupienia, kt\u00f3ry dla kandydat\u00f3w do bierzmowania odb\u0119dzie si\u0119 w naszej parafii. W zwi\u0105zku z tym ks. Marcin prosi o mobilizacj\u0119 wszystkich kandydat\u00f3w i ich rodzic\u00f3w. W najbli\u017cszym czasie odb\u0119d\u0105 si\u0119 spotkania dla kandydat\u00f3w do bierzmowania w ka\u017cd\u0105 niedziel\u0119 maja i czerwca po Mszy \u015bw. o godz. 19:00 w ko\u015bciele. Obecno\u015b\u0107 kandydat\u00f3w na powy\u017cszych spotkaniach jest obowi\u0105zkowa.<\/p>\n<p><strong>11.<\/strong> Od Niedzieli 2 maja 2021 roku do ko\u0144ca sierpnia nie b\u0119dzie Mszy \u015bw. niedzielnej o godz. 15:00, natomiast Koronka do Bo\u017cego Mi\u0142osierdzia pozostaje bez zmian.<\/p>\n<p><strong>13.<\/strong> Pan powo\u0142a\u0142 do wieczno\u015bci: <br><strong><br>\u2020 \u015bp. Tadeusza Zinkiewicza<\/strong> lat 62 z ul. Lubelskiej<br><br>Wieczny odpoczynek racz mu da\u0107 Panie! A \u015bwiat\u0142o\u015b\u0107 wiekuista niechaj mu \u015bwieci.<\/p>\n<p>&nbsp;<\/p>\n<p><img decoding=\"async\" src=\"http:\/\/rafalk-elblag.pl\/wp-content\/uploads\/2020\/04\/baner-intencje-mszy.jpg\"><\/p>\n<h1>Intencje mszalne 02.05.2021r<\/h1>\n<p><strong>PONIEDZIA\u0141EK \/ 3 maja 2021r. \/ NMP Kr\u00f3lowej Polski<\/strong><br>8.00 \u2020 Kazimierz Furowicz w 19 r. \u015bm.<br>8.00 \u2020 Helena \u015al\u0119zak (3 greg.)<br>11.00 Dzi\u0119k. w 40 rocz. \u015blubu Barbary i Eugeniusza z pro\u015bb\u0105 o Bo\u017ce b\u0142og., opiek\u0119 MB dla Rubinowych Jubilat\u00f3w oraz o \u0142ask\u0119 zdrowia na kolejne lata wsp\u00f3lnego \u017cycia<br>18.00 \u2020 Izabela \u017bmijewska (30 greg.)<br>18.00 \u2020 Rodzice: Kazimiera i Antoni Rybiccy, siostra Bogumi\u0142a, Jan, Benedykt i zm. z rodz. Rybickich, Ku\u0142akowskich i Miko\u0142ajewskich<\/p>\n<p><strong>WTOREK \/ 4 maja 2021r. \/ \u015bw. Floriana<\/strong><br>8.00 \u2020 Zmarli rodzice z rodzin Gdaniec i Wo\u0142oszyn<br>18.00 \u2020 Helena \u015al\u0119zak (4 greg.)<br>18.00 O Bo\u017ce b\u0142og., opiek\u0119 MB dla Moniki Go\u0142y\u0144skiej z ok. 85 urodzin<\/p>\n<p><strong>\u015aRODA \/ 5 maja 2021r.<\/strong><br>8.00 \u2020 Regina Urba\u0144ska w 2 r. \u015bm.<br>18.00 \u2020 Zm. z rodz. Ju\u015bko: Henryk, Maria i Jan, oraz z rodz. Wo\u015b: Bronis\u0142awa (k), Jan i Czes\u0142aw<br>18.00 \u2020 Helena \u015al\u0119zak (5 greg.)<\/p>\n<p><strong>CZWARTEK \/ 6 maja 2021r. \/ \u015bw. Filipa i Jakuba<\/strong><br>8.00 \u2020 Genowefa Borowiecka w 29 r. \u015bm. oraz Stefan, Jadwiga i Kazimierz<br>18.00 \u2020 Helena \u015al\u0119zak (6 greg.)<br>18.00 \u2020 Ignacy Rokowski w 3 miesi\u0105c po pogrzebie \u2013 int. od rodz. Kocio\u0142k\u00f3w<\/p>\n<p><strong>PI\u0104TEK \/ 7 maja 2021r.<\/strong><br>8.00 \u2020 Helena \u015al\u0119zak (7 greg.)<br>18.00 O Bo\u017ce b\u0142ogos\u0142awie\u0144stwo dla Wsp\u00f3lnoty \u201ePrzemienienie\u201d<br>18.00 Dzi\u0119k. za \u0142ask\u0119 chrztu, z pro\u015bb\u0105 o Bo\u017ce b\u0142og. i potrzebne \u0142aski dla ks. Wojciecha<\/p>\n<p><strong>SOBOTA \/ 8 maja 2021r. \/ \u015bw. Stanis\u0142awa<\/strong><br>8.00 \u2020 Stanis\u0142awa (k) i Stanis\u0142aw, i zm. z rodz. Osowskich i Wala<br>18.00 \u2020 Stanis\u0142aw Kuchta<br>18.00 \u2020 Helena \u015al\u0119zak (8 greg.)<\/p>\n<p><strong>VI Niedziela Wielkanocna \/ 9 maja 2021r.<\/strong><br>7.00 \u2020 Stanis\u0142aw i Cyryla (k) Kieza<br>9.00 \u2020 J\u00f3zef S\u0142omi\u0144ski w 28 r. \u015bm. i zm. z rodz.<br>9.00 \u2020 Genowefa i Franciszek Dziewulscy, Eugenia (k) i Stanis\u0142aw Maluga<br>10.30 O Bo\u017ce b\u0142og. i opiek\u0119 MB dla Tobiasza Szczepanik z ok. urodzin<br>12.00 W intencji Parafian<br>18.00 \u2020 Helena \u015al\u0119zak (9 greg.)<\/p>\n\n\n<p><\/p>\n","protected":false},"excerpt":{"rendered":"<p>MARYJA KR\u00d3LOW\u0104 POLSKI To nie Polacy wpadli na pomys\u0142, aby obwo\u0142a\u0107 Naj\u015bwi\u0119tsz\u0105 Maryj\u0119 Pann\u0119 Kr\u00f3low\u0105 Polski. To sama Maryja osobi\u015bcie poprosi\u0142a, \u017ceby J\u0105 tak nazywa\u0107. Sta\u0142o si\u0119 to w Neapolu we W\u0142oszech, w 1608 roku. Takie przes\u0142anie otrzyma\u0142 w czasie objawienia W\u0142och Giulio Mancinelli, jezuita, kt\u00f3ry \u017cy\u0142 na prze\u0142omie XVI i XVII wieku. Odznacza\u0142 si\u0119 [&hellip;]<\/p>\n","protected":false},"author":1,"featured_media":4316,"comment_status":"closed","ping_status":"closed","sticky":false,"template":"","format":"standard","meta":{"ngg_post_thumbnail":0,"footnotes":""},"categories":[11,8,4,3],"tags":[],"class_list":["post-4313","post","type-post","status-publish","format-standard","has-post-thumbnail","hentry","category-aktualnosci","category-blog","category-intencje","category-ogloszenia"],"_links":{"self":[{"href":"https:\/\/rafalk-elblag.pl\/index.php?rest_route=\/wp\/v2\/posts\/4313","targetHints":{"allow":["GET"]}}],"collection":[{"href":"https:\/\/rafalk-elblag.pl\/index.php?rest_route=\/wp\/v2\/posts"}],"about":[{"href":"https:\/\/rafalk-elblag.pl\/index.php?rest_route=\/wp\/v2\/types\/post"}],"author":[{"embeddable":true,"href":"https:\/\/rafalk-elblag.pl\/index.php?rest_route=\/wp\/v2\/users\/1"}],"replies":[{"embeddable":true,"href":"https:\/\/rafalk-elblag.pl\/index.php?rest_route=%2Fwp%2Fv2%2Fcomments&post=4313"}],"version-history":[{"count":1,"href":"https:\/\/rafalk-elblag.pl\/index.php?rest_route=\/wp\/v2\/posts\/4313\/revisions"}],"predecessor-version":[{"id":4317,"href":"https:\/\/rafalk-elblag.pl\/index.php?rest_route=\/wp\/v2\/posts\/4313\/revisions\/4317"}],"wp:featuredmedia":[{"embeddable":true,"href":"https:\/\/rafalk-elblag.pl\/index.php?rest_route=\/wp\/v2\/media\/4316"}],"wp:attachment":[{"href":"https:\/\/rafalk-elblag.pl\/index.php?rest_route=%2Fwp%2Fv2%2Fmedia&parent=4313"}],"wp:term":[{"taxonomy":"category","embeddable":true,"href":"https:\/\/rafalk-elblag.pl\/index.php?rest_route=%2Fwp%2Fv2%2Fcategories&post=4313"},{"taxonomy":"post_tag","embeddable":true,"href":"https:\/\/rafalk-elblag.pl\/index.php?rest_route=%2Fwp%2Fv2%2Ftags&post=4313"}],"curies":[{"name":"wp","href":"https:\/\/api.w.org\/{rel}","templated":true}]}}