{"id":4308,"date":"2021-04-24T15:19:55","date_gmt":"2021-04-24T15:19:55","guid":{"rendered":"http:\/\/rafalk-elblag.pl\/?p=4308"},"modified":"2021-04-24T15:19:55","modified_gmt":"2021-04-24T15:19:55","slug":"biuletyn-25-04-2021iv-niedziela-wielkanocy","status":"publish","type":"post","link":"https:\/\/rafalk-elblag.pl\/?p=4308","title":{"rendered":"Biuletyn 25.04.2021,IV Niedziela Wielkanocy"},"content":{"rendered":"<p><img decoding=\"async\" src=\"http:\/\/rafalk-elblag.pl\/wp-content\/uploads\/2021\/04\/baner-250421.jpg\"><\/p>\n<h1>NIEDZIELA DOBREGO PASTERZA<\/h1>\n<p><strong>IV Niedziela Wielkanocna, kt\u00f3r\u0105 dzi\u015b prze\u017cywamy jest obchodzona w Ko\u015bciele jako Niedziela Dobrego Pasterza \u2013 dzie\u0144 szczeg\u00f3lnej modlitwy o powo\u0142ania. Podczas Eucharystii czytany jest fragment Ewangelii wg \u015bw. Jana, w kt\u00f3rym Jezus nazywa siebie dobrym pasterzem (J 10,1-10). Ma on wyj\u0105tkowy wymiar duszpasterski<\/strong><\/p>\n<p><br>Praktyk\u0119 modlitwy Ko\u015bcio\u0142a w intencji powo\u0142a\u0144 do stanu kap\u0142a\u0144skiego i \u017cycia zakonnego ustanowi\u0142 w 1964 r. papie\u017c Pawe\u0142 VI. Od tamtego czasu jedna z niedziel okresu wielkanocnego, zwana Niedziel\u0105 Dobrego Pasterza, po\u015bwi\u0119cona jest na modlitw\u0119 w intencji powo\u0142a\u0144.<\/p>\n<p><br>Trzeba prosi\u0107 Boga, aby udzieli\u0142 wielu m\u0142odym osobom daru powo\u0142ania. Trzeba modli\u0107 si\u0119 za m\u0142odych, aby odwa\u017cnie odpowiedzieli na Bo\u017ce wezwanie. Trzeba prosi\u0107, aby nie zabrak\u0142o pasterzy; dobrych pasterzy, kt\u00f3rzy b\u0119d\u0105 oddawa\u0107 \u017cycie za owce. Niemniej jednak nie zapomnijmy o tych, kt\u00f3rzy ju\u017c zostali powo\u0142ani do bycia pasterzami.<\/p>\n<p>O kap\u0142anach, o zakonnikach. Oni ju\u017c odpowiedzieli na Bo\u017ce wezwanie i krocz\u0105 za Jezusem \u2013 Dobrym Pasterzem. Oni \u2013 jak Jezus \u2013 oddaj\u0105 \u017cycie. Ka\u017cdego dnia w zaciszu plebanii lub klasztoru ofiaruj\u0105 swoje cierpienie, swoj\u0105 samotno\u015b\u0107, walk\u0119 duchow\u0105, za ciebie. Krocz\u0105 za Dobrym Pasterzem i oddaj\u0105 \u017cycie za owce.<\/p>\n<p>Powo\u0142anie zawsze jest dane w Ko\u015bciele i za po\u015brednictwem Ko\u015bcio\u0142a. Jak Jan Pawe\u0142 II napisa\u0142 w adhortacji \u201ePastores dabo vobis\u201d, Ko\u015bci\u00f3\u0142 rozpoznaje i uznaje powo\u0142anie. St\u0105d te\u017c Ko\u015bci\u00f3\u0142 stawia powo\u0142anym warunki i wymagania potrzebne do jego realizacji.<\/p>\n<p>Jest wol\u0105 Ko\u015bcio\u0142a, aby na drodze odczytywania powo\u0142ania do kap\u0142a\u0144stwa ka\u017cdy z kandydat\u00f3w przeszed\u0142 w\u0142a\u015bciwy dla siebie okres formacji ludzkiej, duchowej, intelektualnej i duszpasterskiej.<\/p>\n<p>Wsp\u00f3lnota Ko\u015bcio\u0142a lokalnego, \u015bwiadoma potrzeby formacji cz\u0142owieka w og\u00f3le, a nade wszystko formacji uczni\u00f3w Chrystusa, kt\u00f3rzy w przysz\u0142o\u015bci, jako kap\u0142ani stan\u0105 si\u0119 przewodnikami wsp\u00f3lnot i grup ko\u015bcielnych oraz formatorami powierzonych im ludzi, powo\u0142uje do istnienia wy\u017csze seminarium duchowne, kt\u00f3re jako szko\u0142a wy\u017csza, jest miejscem integralnej formacji kandydat\u00f3w do kap\u0142a\u0144stwa. Tak dzieje si\u0119 zazwyczaj, gdy powstaje nowy Ko\u015bci\u00f3\u0142 lokalny- nowa diecezja.<\/p>\n<p>Tak sta\u0142o si\u0119 przed laty, pami\u0119tnego roku 1992, gdy papie\u017c Jan Pawe\u0142 II bull\u0105 \u201eTotus Tuus Poloniae Populus\u201d z dnia 25 marca dokona\u0142 nowego podzia\u0142u administracyjnego Ko\u015bcio\u0142a w Polsce i tym samym powo\u0142a\u0142 do istnienia Diecezj\u0119 Elbl\u0105sk\u0105. W\u00f3wczas klerycy z terenu nowopowsta\u0142ej diecezji, studiuj\u0105cy w seminariach w Olsztynie i Gda\u0144sku wyrazili gotowo\u015b\u0107 do kszta\u0142cenia si\u0119 dla Ko\u015bcio\u0142a Elbl\u0105skiego. Dnia 1 pa\u017adziernika 1992 roku pierwszy Biskup Elbl\u0105ski- ks. bp. dr Andrzej \u015aliwi\u0144ski- wyda\u0142 dekret eryguj\u0105cy Wy\u017csze Seminarium Duchowne Diecezji Elbl\u0105skiej.<\/p>\n<p><strong>Mo\u017cliwo\u015b\u0107 zorganizowania seminarium w diecezji sta\u0142a si\u0119 realna wiosn\u0105 1993 roku. Seminarium powoli zacz\u0119\u0142o wpisywa\u0107 si\u0119 w dzieje diecezji oraz wojew\u00f3dzkiego w\u00f3wczas miasta Elbl\u0105ga, kt\u00f3re do 1993 roku nie mia\u0142o wy\u017cszej uczelni. Przyszli kap\u0142ani mieli podejmowa\u0107 formacj\u0119 na tej ziemi, na kt\u00f3rej przyjdzie im \u017cy\u0107, budowa\u0107 ko\u015bcio\u0142y i g\u0142osi\u0107 nauk\u0119 Chrystusa.<\/strong><\/p>\n<p><strong>Obecnie z naszej wsp\u00f3lnoty parafialnej formacj\u0119 kap\u0142a\u0144sk\u0105 odbywaj\u0105:<\/strong><\/p>\n<p><strong>Al. Krzysztof Lewandowsk<\/strong>i \u2013 Wy\u017csze Seminarium Duchowne w Elbl\u0105gu, rok IV<br><strong>Al. Amadeusz Babiel<\/strong> \u2013 Wy\u017csze Seminarium Duchowne w Elbl\u0105gu, rok II<br><strong>Al. Karol Mystkowski<\/strong> \u2013 Zakon Szk\u00f3\u0142 Pobo\u017cnych (Pijar\u00f3w)<\/p>\n<p>W naszej parafii regularnie wspieramy modlitw\u0105 powo\u0142ania do \u017cycia kap\u0142a\u0144skiego, zakonnego i misyjnego. W ka\u017cdy Pierwszy Czwartek Miesi\u0105ca sprawowana jest Msza \u015awi\u0119ta o nowe i \u015bwi\u0119te powo\u0142ania, natomiast po Mszy odprawiane jest nabo\u017ce\u0144stwo \u201eGodziny \u015awi\u0119tej\u201d, w kt\u00f3rym prosimy Boga o dar powo\u0142a\u0144 oraz o wszelkie \u0142aski dla powo\u0142anych i os\u00f3b odpowiedzialnych za formacj\u0119.<\/p>\n<p>&nbsp;<\/p>\n<p>&nbsp;<br><img decoding=\"async\" src=\"http:\/\/rafalk-elblag.pl\/wp-content\/uploads\/2020\/04\/baner-ogloszenia-parafialne.jpg\"><\/p>\n<h1>Og\u0142oszenia parafialne 25.04.2021r<\/h1>\n<p><strong>1.<\/strong> Dzisiaj Niedziel\u0105 Dobrego Pasterza &#8211; rozpoczynamy 58 Tydzie\u0144 Modlitw o Powo\u0142ania. Zapraszamy wszystkich do wsp\u00f3lnej modlitwy w intencji m\u0142odych ludzi, aby dobrze rozeznali swoje powo\u0142anie podczas Mszy \u015bw. o godz. 8:00 oraz o godz. 18:00. Pami\u0119tajmy o naszym Wy\u017cszym Seminarium Duchownym w Elbl\u0105gu.<\/p>\n<p><strong>2.<\/strong> Trwa okres Wielkanocny &#8211; czas rado\u015bci ze Zmartwychwstania Pana Jezusa. W zwi\u0105zku z tym, \u017ce obecnie w naszym ko\u015bciele jest mo\u017cliwo\u015b\u0107 uczestnictwa we Mszach \u015bw. i nabo\u017ce\u0144stwach 30 os\u00f3b, gor\u0105co zach\u0119camy wiernych do skorzystania \u0142awek wystawionych przed ko\u015bcio\u0142em. Jest to r\u00f3wnie\u017c osobiste uczestnictwo we Mszy \u015bw. Zach\u0119camy te\u017c wiernych do skorzystania z \u0142aski sakramentu pojednania i do przyj\u0119cia KOMUNII \u015aW. WIELKANOCNEJ. Spowied\u017a \u015bw. w tygodniu od 7:45 oraz od godz. 17:30.<\/p>\n<p><strong>3.<\/strong> W tym tygodniu, od soboty rozpoczynamy Maryjny miesi\u0105c maj &#8211; zapraszamy na nabo\u017ce\u0144stwa ku czci Naj\u015bwi\u0119tszej Maryi Panny dla doros\u0142ych, m\u0142odzie\u017c i dzieci codziennie o godz. 17:30.<\/p>\n<p><strong>4.<\/strong> W tym tygodniu przypada pierwsza sobota miesi\u0105ca maja:<br>\u2022 w pierwsz\u0105 sobot\u0119, o godz. 17:00, zapraszamy na nabo\u017ce\u0144stwo pierwszych pi\u0119ciu sob\u00f3t, o kt\u00f3re prosi\u0142a Matka Bo\u017ca w FATIMIE. Tego dnia zmiana tajemnic dla \u017bywego R\u00f3\u017ca\u0144ca.<\/p>\n<p><strong>5.<\/strong> Zapraszamy ca\u0142\u0105 wsp\u00f3lnot\u0119 parafialn\u0105 do udzia\u0142u w zbi\u00f3rce zu\u017cytego sprz\u0119tu elektrycznego i elektronicznego (sprz\u0119t RTV I AGD np. pralki, telewizory, komputery) . zbi\u00f3rka b\u0119dzie mia\u0142a miejsce na placu ko\u015bcielnym przy choince dnia 26 kwietnia 2021 od 15:00 do 20:00. Przychody z akcji pozwol\u0105 na wsparcie POLSKICH MISJONARZY, kt\u00f3rzy prowadz\u0105 swoje misje w najbiedniejszych krajach \u015bwiata Zambii, Kamerunie, Kenii.<\/p>\n<p><strong>6.<\/strong> Kandydat\u00f3w przygotowuj\u0105cych si\u0119 do przyj\u0119cia sakramentu Bierzmowania (ROK II) zapraszamy na spotkanie w \u015brod\u0119 28 kwietnia o godz. 19.00 w Ko\u015bciele.<br><strong>Obecno\u015b\u0107 obowi\u0105zkowa!<\/strong><\/p>\n<p>7. Za z\u0142o\u017cone ofiary na utrzymanie naszego Ko\u015bcio\u0142a przekazywane indywidualnie lub na konto parafialne sk\u0142adamy serdeczne B\u00f3g zap\u0142a\u0107.<\/p>\n<p><strong>8. UWAGA !!!<\/strong> Od Niedzieli 2 maja 2021 roku do ko\u0144ca sierpnia nie b\u0119dzie Mszy \u015bw. niedzielnej o godz. 15:00, natomiast Koronka do Bo\u017cego Mi\u0142osierdzia pozostaje bez zmian.<\/p>\n<p>9. Przed ko\u015bcio\u0142em mo\u017cna naby\u0107 pras\u0119 katolick\u0105: \u201eGo\u015b\u0107 Niedzielny\u201d w cenie 6 z\u0142.<\/p>\n<p>10. Pan powo\u0142a\u0142 do wieczno\u015bci: <br><strong>\u2020 \u015bp. Teres\u0119 Ma\u0142kowsk\u0105<\/strong> lat 68 z ul. Leszczy\u0144skiego<br><strong>\u2020 \u015ap. Teres\u0119 Czarnieck\u0105<\/strong> lat 83 z ul. Korczaka<\/p>\n<p>Wieczny odpoczynek racz im da\u0107 Panie! A \u015bwiat\u0142o\u015b\u0107 wiekuista niechaj im \u015bwieci.<\/p>\n<p>&nbsp;<\/p>\n<p><img decoding=\"async\" src=\"http:\/\/rafalk-elblag.pl\/wp-content\/uploads\/2020\/04\/baner-intencje-mszy.jpg\"><\/p>\n<h1>Intencje mszalne 25.04.2021r<\/h1>\n<p><strong>PONIEDZIA\u0141EK \/ 26 kwietnia 2021r.<\/strong><br>8.00 \u2020 J\u00f3zefa w 5 miesi\u0105c po \u015bmierci i J\u00f3zef Doros<br>18.00 \u2020 Izabela \u017bmijewska (23 greg.)<br>18.00 Dzi\u0119kczynna za dar powo\u0142ania ks. Piotra<\/p>\n<p><strong>WTOREK \/ 27 kwietnia 2021r.<\/strong><br>8.00 \u2020 Izabela \u017bmijewska (24 greg.)<br>8.00 \u2020 Bronis\u0142aw Sosnowski w 4 miesi\u0105c po pogrzebie<br>18.00 Dzi\u0119kczynna za dar powo\u0142ania ks. Marcina<br>18.00 \u2020 Henryka (k) Abucewicz w 5 r. \u015bm. i zm. z rodz. Bajson, Jasi\u0144skich i Kachnowicz<\/p>\n<p><strong>\u015aRODA \/ 28 kwietnia 2021r.<\/strong><br>8.00 \u2020 Jan Lis w 23 r. \u015bm. i zm. z rodz. Pelowskich i Miku\u015bkiewicz<br>18.00 \u2020 Izabela \u017bmijewska (25 greg.)<br>18.00 Dzi\u0119kczynna za dar powo\u0142ania ks. Proboszcza<\/p>\n<p><strong>CZWARTEK \/ 29 kwietnia 2021r. \/ \u015bw. Katarzyny ze Sieny<\/strong><br>8.00 \u2020 Izabela \u017bmijewska (26 greg.)<br>18.00 \u2020 Marek Pietrzak z okazji urodzin<br>18.00 Dzi\u0119kczynna za dar powo\u0142ania ks. Piotra Bryka<\/p>\n<p><strong>PI\u0104TEK \/ 30 kwietnia 2021r.<\/strong><br>8.00 \u2020 Izabela \u017bmijewska (27 greg.)<br>18.00 \u2020 Janusz Ekes w 30 dpp.<br>18.00 \u2020 Stanis\u0142aw, zmarli z rodz. Wala; Teresa Pigo\u0144<\/p>\n<p><strong>SOBOTA \/ 1 maja 2021r. \/ \u015bw. J\u00f3zefa<\/strong><br>8.00 \u2020 Helena \u015al\u0119zak (1 greg.)<br>8.00 \u2020 Izabela \u017bmijewska (28 greg.)<br>18.00 Int. od XIII R\u00f3\u017cy \u015bw. Andrzeja Boboli<\/p>\n<p><strong>V Niedziela Wielkanocna \/ 2 maja 2021r.<\/strong><br>7.00 \u2020 Helena \u015al\u0119zak (2 greg.)<br>9.00 \u2020 Izabela \u017bmijewska (29 greg.)<br>9.00 O do\u015bwiadczenie Bo\u017cej mi\u0142o\u015bci dla Karoliny i Sebastiana<br>10.30 Dzi\u0119k. w 80 urodziny J\u00f3zefa Kowalskiego z pro\u015bb\u0105 o Bo\u017ce b\u0142og. i potrzebne \u0142aski<br>12.00 W intencji Parafian \/ ofiarodawc\u00f3w naszej \u015bwi\u0105tyni<br>18.00 \u2020 Bazyli w rocznic\u0119 \u015bmierci<\/p>\n\n\n<p><\/p>\n","protected":false},"excerpt":{"rendered":"<p>NIEDZIELA DOBREGO PASTERZA IV Niedziela Wielkanocna, kt\u00f3r\u0105 dzi\u015b prze\u017cywamy jest obchodzona w Ko\u015bciele jako Niedziela Dobrego Pasterza \u2013 dzie\u0144 szczeg\u00f3lnej modlitwy o powo\u0142ania. Podczas Eucharystii czytany jest fragment Ewangelii wg \u015bw. Jana, w kt\u00f3rym Jezus nazywa siebie dobrym pasterzem (J 10,1-10). Ma on wyj\u0105tkowy wymiar duszpasterski Praktyk\u0119 modlitwy Ko\u015bcio\u0142a w intencji powo\u0142a\u0144 do stanu kap\u0142a\u0144skiego [&hellip;]<\/p>\n","protected":false},"author":1,"featured_media":4310,"comment_status":"closed","ping_status":"closed","sticky":false,"template":"","format":"standard","meta":{"ngg_post_thumbnail":0,"footnotes":""},"categories":[11,8,4,3],"tags":[],"class_list":["post-4308","post","type-post","status-publish","format-standard","has-post-thumbnail","hentry","category-aktualnosci","category-blog","category-intencje","category-ogloszenia"],"_links":{"self":[{"href":"https:\/\/rafalk-elblag.pl\/index.php?rest_route=\/wp\/v2\/posts\/4308","targetHints":{"allow":["GET"]}}],"collection":[{"href":"https:\/\/rafalk-elblag.pl\/index.php?rest_route=\/wp\/v2\/posts"}],"about":[{"href":"https:\/\/rafalk-elblag.pl\/index.php?rest_route=\/wp\/v2\/types\/post"}],"author":[{"embeddable":true,"href":"https:\/\/rafalk-elblag.pl\/index.php?rest_route=\/wp\/v2\/users\/1"}],"replies":[{"embeddable":true,"href":"https:\/\/rafalk-elblag.pl\/index.php?rest_route=%2Fwp%2Fv2%2Fcomments&post=4308"}],"version-history":[{"count":2,"href":"https:\/\/rafalk-elblag.pl\/index.php?rest_route=\/wp\/v2\/posts\/4308\/revisions"}],"predecessor-version":[{"id":4314,"href":"https:\/\/rafalk-elblag.pl\/index.php?rest_route=\/wp\/v2\/posts\/4308\/revisions\/4314"}],"wp:featuredmedia":[{"embeddable":true,"href":"https:\/\/rafalk-elblag.pl\/index.php?rest_route=\/wp\/v2\/media\/4310"}],"wp:attachment":[{"href":"https:\/\/rafalk-elblag.pl\/index.php?rest_route=%2Fwp%2Fv2%2Fmedia&parent=4308"}],"wp:term":[{"taxonomy":"category","embeddable":true,"href":"https:\/\/rafalk-elblag.pl\/index.php?rest_route=%2Fwp%2Fv2%2Fcategories&post=4308"},{"taxonomy":"post_tag","embeddable":true,"href":"https:\/\/rafalk-elblag.pl\/index.php?rest_route=%2Fwp%2Fv2%2Ftags&post=4308"}],"curies":[{"name":"wp","href":"https:\/\/api.w.org\/{rel}","templated":true}]}}