{"id":4301,"date":"2021-04-18T12:31:18","date_gmt":"2021-04-18T12:31:18","guid":{"rendered":"http:\/\/rafalk-elblag.pl\/?p=4301"},"modified":"2021-04-18T12:32:08","modified_gmt":"2021-04-18T12:32:08","slug":"biuletyn-18-04-2021-iii-niedziela-wielkanocy","status":"publish","type":"post","link":"https:\/\/rafalk-elblag.pl\/?p=4301","title":{"rendered":"Biuletyn 18.04.2021, III Niedziela Wielkanocy"},"content":{"rendered":"<p><img decoding=\"async\" src=\"http:\/\/rafalk-elblag.pl\/wp-content\/uploads\/2021\/04\/baner-180421.jpg\"><\/p>\n<h1>S\u0141OWO BO\u017bE W \u017bYCIU WIERNYCH<\/h1>\n<p><strong>Biblia nadal stanowi ksi\u0119g\u0119, kt\u00f3r\u0105 w skali \u015bwiata t\u0142umaczy si\u0119 najcz\u0119\u015bciej oraz drukuje i sprzedaje w najwi\u0119kszej ilo\u015bci egzemplarzy. Na tej podstawie mo\u017cna by s\u0105dzi\u0107, \u017ce jest r\u00f3wnie\u017c ksi\u0105\u017ck\u0105 najcz\u0119\u015bciej czytan\u0105 i najlepiej znan\u0105 przez wierz\u0105cych. Niestety nawet najbardziej podstawowe testy sprawdzaj\u0105ce wiedz\u0119 biblijn\u0105, wypadaj\u0105 marnie. Jakie znaczenie ma dla chrze\u015bcijan Pismo \u015awi\u0119te?<\/strong><\/p>\n<p>Zdarza si\u0119, \u017ce w chrze\u015bcija\u0144skiej rodzinie z trudem odnajdziemy cho\u0107by jeden egzemplarz Pisma \u015awi\u0119tego. Biblia pojawia si\u0119 w chrze\u015bcija\u0144skich domach przy r\u00f3\u017cnych religijnych okazjach, np. jako prezent na bierzmowanie, \u015blub lub inne podobne uroczysto\u015bci. Wydaje mi si\u0119, \u017ce Biblia otrzymywana w takich okoliczno\u015bciach podziela los innych prezent\u00f3w, z kt\u00f3rych obdarowany nie bardzo jest zadowolony, lecz nie wypada mu odm\u00f3wi\u0107 przyj\u0119cia. A wi\u0119c obdarowana osoba wyra\u017ca sw\u0105 wdzi\u0119czno\u015b\u0107 i odk\u0142ada prezent na p\u00f3\u0142k\u0119, aby czym pr\u0119dzej o nim zapomnie\u0107. Tylko tak mo\u017cna wyt\u0142umaczy\u0107 fakt, \u017ce w wielu domach Bibli\u0119 pokrywa gruba warstwa kurzu. Dlaczego tak si\u0119 dzieje? Skoro Biblia jest Pismem \u015awi\u0119\u00actym dla wierz\u0105cych, to dlaczego w ich \u015bwiadomo\u015bci jest czym\u015b tak ma\u0142o \u015bwi\u0119tym, \u017ce nie okazuj\u0105 wobec niej prawie \u017cadnego zainteresowania? Przecie\u017c to, co uznajemy za \u015bwi\u0119te, staramy si\u0119 nabo\u017cnie czci\u0107 i otacza\u0107 szacunkiem i mi\u0142o\u015bci\u0105. Dziwnym trafem, ta postawa zdaje si\u0119 nie dotyczy\u0107 Biblii. Przyzwyczaili\u015bmy si\u0119 nazywa\u0107 j\u0105 ksi\u0119g\u0105 \u017cycia, gdy\u017c rzeczywi\u015bcie zosta\u0142a napisana jako historia konkretnych ludzi, aby przysz\u0142e pokolenia uczy\u0142y si\u0119 z ich przyk\u0142ad\u00f3w, wyci\u0105gaj\u0105c \u017cyciowe wnioski i po\u017cytek duchowy. Dlaczego wi\u0119c Biblia ma tak nie\u00acwielki wp\u0142yw na nasze \u017cycie?<\/p>\n<p>Wydaje si\u0119, i\u017c wielu chrze\u015bcijan podejmuje decyzje i \u017cyciowe wybory, nie opieraj\u0105c si\u0119 na Biblii, lecz kieruj\u0105c si\u0119 opini\u0105 publiczn\u0105.<\/p>\n<p>Je\u015bli wierz\u0105cy traktuj\u0105 Pismo \u015awi\u0119te w spos\u00f3b powierzchowny i z niech\u0119ci\u0105, znaczy to, i\u017c nie bior\u0105 na powa\u017cnie jego tre\u015bci. A przecie\u017c m\u00f3wi nam ono o Bogu, kt\u00f3ry wychodzi do cz\u0142owieka, ofiarowuj\u0105c mu zbawienie w Chrystusie Jezusie. Jednocze\u015bnie wskazuje spos\u00f3b urze\u00acczywistniania dzie\u0142a zbawienia. Biblia w wielu miejscach kieruje nasz\u0105 uwag\u0119 na konieczno\u015b\u0107 uwa\u017cnego jej czytania, a wi\u0119c po\u015bwi\u0119cenia czasu, by j\u0105 us\u0142ysze\u0107, zg\u0142\u0119bi\u0107, odkry\u0107 zawarty w jej wersetach skarb. Izajasz m\u00f3wi do ludu, sk\u0142aniaj\u0105c ich serca ku s\u0142owom Boga: \u201eSzukajcie w ksi\u0119dze Pa\u0144skiej i odczytajcie: Ani jednego z nich nie zabraknie! \u2013 Bo usta Jego, one rozkaza\u0142y i Duch Jego, On je zgromadzi\u0142.\u201d (Iz 34,16).<\/p>\n<p>Skoro Jezus nazwa\u0142 Ewangeli\u0119 Dobr\u0105 Nowin\u0105, zrozumia\u0142e jest, \u017ce ka\u017cde spotkanie ze Zbawicielem poprzez lektur\u0119 Pisma \u015awi\u0119tego przynosi cz\u0142owiekowi rado\u015b\u0107 i pok\u00f3j. Ta prawda dotyczy szczeg\u00f3lnie Nowego Testamentu. Je\u015bli wierzymy, \u017ce Jezus jest w S\u0142owie Bo\u017cym obecny i \u017cyj\u0105cy oraz czytamy je z wiar\u0105, stanie si\u0119 naszym udzia\u0142em b\u0142ogos\u0142awiona rado\u015b\u0107 zjednoczenia z Sercem Jezusa oraz bycia jedno ze wsp\u00f3lnot\u0105 ludzi wierz\u0105cych. Je\u015bli postaramy si\u0119 czyta\u0107 przypowie\u015bci tak, jakby\u015bmy je widzieli pierwszy raz, do\u015bwiadczymy jak bardzo poruszaj\u0105 one nasze serce i motywuj\u0105 do zmiany \u017cycia. Poprzez pe\u0142ne ufno\u015bci czytanie ewangelicznych relacji opisuj\u0105cych Jezusa przebaczaj\u0105cego grzechy i uzdrawiaj\u0105cego chorych, otworzymy si\u0119 na \u0142ask\u0119 przebaczenia naszych osobistych grzech\u00f3w. W\u00f3wczas b\u0119dziemy przekonani na podstawie naszego w\u0142asnego spotkania z Bogiem, \u017ce Jego S\u0142owo jest \u017cywe i skuteczne, zapraszaj\u0105ce nas do modlitwy we wsp\u00f3lnocie Ko\u015bcio\u0142a, kt\u00f3ry modli si\u0119 i uwielbia Boga.<\/p>\n<p><strong>Od 13 lat w Ko\u015bciele w Polsce Dzie\u0142o Biblijne im. \u015bw. Jana Paw\u0142a II promuje inicjatyw\u0119 prze\u017cywania III Niedzieli Wielkanocnej (w 2021 r. \u2013 18 kwietnia) i nast\u0119puj\u0105cego po niej tygodnia jako Niedzieli Biblijnej i Tygodnia Biblijnego. To tak\u017ce Dzie\u0144 Narodowego Czytania Pisma \u015awi\u0119tego.<\/strong><\/p>\n<p>Zaczynaj\u0105c od dzisiejszej niedzieli, 18 kwietnia 2021 r. wejdziemy w XIII Tydzie\u0144 Biblijny, kt\u00f3rego motywem przewodnim s\u0105 s\u0142owa: \u201eJam jest chleb \u017cycia. Kto do Mnie przychodzi, nie b\u0119dzie \u0142akn\u0105\u0142; a kto we Mnie wierzy, nigdy pragn\u0105\u0107 nie b\u0119dzie\u201d (J 6,35). Nawi\u0105zuj\u0105 one do tematu ca\u0142ego roku duszpasterskiego Ko\u015bcio\u0142a w Polsce, w kt\u00f3rym rozwa\u017ca si\u0119 tajemnic\u0119 Eucharystii jako Wieczerzy Pa\u0144skiej.<\/p>\n<p>&nbsp;<\/p>\n<p>&nbsp;<br><img decoding=\"async\" src=\"http:\/\/rafalk-elblag.pl\/wp-content\/uploads\/2020\/04\/baner-ogloszenia-parafialne.jpg\"><\/p>\n<h1>Og\u0142oszenia parafialne 18.04.2021r<\/h1>\n<p><strong>1.<\/strong> Dzisiaj w III Niedziel\u0119 Wielkanocn\u0105, rozpoczynamy XIII Tydzie\u0144 Biblijny. Swoim has\u0142em jak i wybranymi tekstami z ewangelii wed\u0142ug \u015bw. Marka nawi\u0105zuje on do programu duszpasterskiego, kt\u00f3ry wprowadza nas w tajemnic\u0119 Eucharystii jako Wieczerzy Pa\u0144skiej.<\/p>\n<p><strong>2.<\/strong> W zwi\u0105zku z rozpocz\u0119tym Tygodniem Biblijnym serdecznie zapraszamy wsp\u00f3lnoty parafialne i wiernych do uczestnictwa w Nabo\u017ce\u0144stwie Drogi \u015awiat\u0142a, kt\u00f3ra odb\u0119dzie si\u0119 w pi\u0105tek (23 kwietnia) o godz 17:30. Wsp\u00f3lnota Kr\u0119gu Biblijnego poprowadzi rozwa\u017cania 7 stacji nawi\u0105zuj\u0105cych do Zmartwychwstania Chrystusa i prze\u017cywania Eucharystii. Niech uczestnictwo w tym nabo\u017ce\u0144stwie b\u0119dzie dla nas utwierdzeniem w rado\u015bci \u015bwi\u0105t wielkanocnych.<\/p>\n<p><strong>3.<\/strong> W zwi\u0105zku z tym, \u017ce obecnie w naszym ko\u015bciele mo\u017ce uczestniczy\u0107 we Mszach \u015bw. i nabo\u017ce\u0144stwach 30 os\u00f3b, gor\u0105co zach\u0119camy wiernych do skorzystania \u0142awek wystawionych przed ko\u015bcio\u0142em. Jest to r\u00f3wnie\u017c osobiste uczestnictwo we Mszy \u015bw. Zach\u0119camy te\u017c wiernych do skorzystania z \u0142aski sakramentu pojednania i do przyj\u0119cia KOMUNII \u015aW. WIELKANOCNEJ. Spowied\u017a \u015bw. w tygodniu od 7:45 oraz od godz. 17:30.<\/p>\n<p><strong>4.<\/strong> Zako\u0144czyli\u015bmy 77 Tydzie\u0144 Mi\u0142osierdzia pod has\u0142em \u201eJESTE\u015aMY WEZWANI DO MI\u0141OSIERDZIA\u201d. Dzi\u0119kujemy za przyniesione SKARBONKI (124) z ja\u0142mu\u017cn\u0105 wielkopostn\u0105 2021 w ramach og\u00f3lnopolskiej akcji \u201eCZAS MI\u0141OSIERDZIA\u201d. Za wszystkie ofiary, kt\u00f3re s\u0105 pomoc\u0105 dla potrzebuj\u0105cych sk\u0142adamy \u201eB\u00f3g zap\u0142a\u0107\u201d. PRZYPOMINAMY: Parafialny Oddzia\u0142 Caritas znajduje si\u0119 na ul. Myliusa 1A i czynny jest w ka\u017cdy czwartek od godz. 16:00 do godz. 17:00. Zapraszamy.<\/p>\n<p><strong>5.<\/strong> W najbli\u017csz\u0105 niedziel\u0119 &#8211; Niedziel\u0119 Dobrego Pasterza &#8211; rozpoczynamy 58 Tydzie\u0144 Modlitw o Powo\u0142ania. Zapraszamy wszystkich do wsp\u00f3lnej modlitwy w intencji m\u0142odych ludzi, aby dobrze rozeznali swoje powo\u0142anie.<\/p>\n<p><strong>6.<\/strong> Zapraszamy ca\u0142\u0105 wsp\u00f3lnot\u0119 parafialn\u0105 do udzia\u0142u w zbi\u00f3rce zu\u017cytego sprz\u0119tu elektrycznego i elektronicznego (sprz\u0119t RTV I AGD np. pralki, telewizory, komputery). zbi\u00f3rka b\u0119dzie mia\u0142a miejsce na placu ko\u015bcielnym przy choince dnia 26 kwietnia 2021 od 15:00 do 20:00. Przychody z akcji pozwol\u0105 na wsparcie POLSKICH MISJONARZY, kt\u00f3rzy prowadz\u0105 swoje misje w najbiedniejszych krajach \u015bwiata Zambii, Kamerunie, Kenii.<\/p>\n<p><strong>7.<\/strong> W pi\u0105tek &#8211; 23 kwietnia, obchodzimy Uroczysto\u015b\u0107 \u015aw. Wojciecha \u2013 biskupa i m\u0119czennika, g\u0142\u00f3wnego patrona Polski i Diecezji Elbl\u0105skiej. Jest to r\u00f3wnie\u017c dzie\u0144 imienin naszego ks. Proboszcza. \uf04a Zapraszamy tego dnia na Msz\u0119 \u015bw. o godz. 18:00, w czasie kt\u00f3rej b\u0119dziemy modli\u0107 si\u0119 o Bo\u017ce B\u0142ogos\u0142awie\u0144stwo i wstawiennictwo \u015bwi\u0119tego patrona dla naszego Solenizanta. Z racji uroczysto\u015bci nie obowi\u0105zuje wstrzemi\u0119\u017aliwo\u015b\u0107 od pokarm\u00f3w mi\u0119snych.<\/p>\n<p><strong>9.<\/strong> Pan powo\u0142a\u0142 do wieczno\u015bci:<\/p>\n<p><strong>\u2020 \u015bp. Wand\u0119 Pepli\u0144sk<\/strong>\u0105 lat 64 z ul. Leszczy\u0144skiego<\/p>\n<p>Wieczny odpoczynek racz jej da\u0107 Panie! A \u015bwiat\u0142o\u015b\u0107 wiekuista niechaj jej \u015bwieci.<\/p>\n<p>&nbsp;<\/p>\n<p><img decoding=\"async\" src=\"http:\/\/rafalk-elblag.pl\/wp-content\/uploads\/2020\/04\/baner-intencje-mszy.jpg\"><\/p>\n<h1>Intencje mszalne 18.04.2021r<\/h1>\n<p><strong>PONIEDZIA\u0141EK \/ 19 kwietnia 2021r.<\/strong><br>8.00 \u2020 Izabela \u017bmijewska (16 greg.)<br>18.00 \u2020 Stanis\u0142aw Jasi\u0144ski w 13 r. \u015bm. i zm. z rodz. Bajson, Jasi\u0144skich i Kachnowicz<br>18.00 \u2020 J\u00f3zefa (k), Andrzej, Jan i Tadeusz \u2013 o dar \u017cycia wiecznego<br>18.00 O Bo\u017ce b\u0142og., opiek\u0119 MB Szkaplerznej i \u015bw. Rafa\u0142a dla ks. Proboszcza z ok. urodzin \u2013 int. od Margaretek<\/p>\n<p><strong>WTOREK \/ 20 kwietnia 2021r.<\/strong><br>8.00 \u2020 Izabela \u017bmijewska (17 greg.)<br>18.00 \u2020 Lucjan G\u00f3rski w 11 r. \u015bm. i zmarli z obojga stron<br>18.00 O obito\u015b\u0107 \u0142ask Bo\u017cych, nieustann\u0105 opiek\u0119 MB dla ks. Proboszcza z ok. urodzin \u2013 int. od II R\u00f3\u017cy \u017bywego R\u00f3\u017ca\u0144ca<\/p>\n<p><strong>\u015aRODA \/ 21 kwietnia 2021r.<\/strong><br>8.00 \u2020 Stanis\u0142awa (k) D\u0105browska w 30 dpp.<br>18.00 \u2020 Izabela \u017bmijewska (18 greg.)<br>18.00 O Bo\u017ce b\u0142og., wszelkie potrzebne \u0142aski dla Nikodema i jego rodziny, Agnieszki i ca\u0142ej rodziny zakonnej oraz dla Magdaleny i Macieja<\/p>\n<p><strong>CZWARTEK \/ 22 kwietnia 2021r.<\/strong><br>8.00 \u2020 Izabela \u017bmijewska (19 greg.)<br>18.00 \u2020 Dariusz Morzy<br>18.00 Wynagradzaj\u0105ca NSPJ i NSM za grzechy Marii, Romana, Rados\u0142awa, Ewy, Kaludii, Przemys\u0142awa i Patrycji<\/p>\n<p><strong>PI\u0104TEK \/ 23 kwietnia 2021r. \/ \u015bw. Wojciecha<\/strong><br>8.00 \u2020 Izabela \u017bmijewska (20 greg.)<br>18.00 \u2020 Anatol Usik w 1 r. \u015bm.<br>18.00 O Bo\u017ce b\u0142og., opiek\u0119 MB, Dary Ducha \u015aw. i wstawiennictwo \u015bwi\u0119tego patrona dla ks. Proboszcza w dniu imienin<\/p>\n<p><strong>SOBOTA \/ 24 kwietnia 2021r.<\/strong><br>8.00 \u2020 Henryk Wall w 20 r. \u015bm. oraz zmarli rodzice, babcie, dziadkowiez obojga stron; Edyta i Edward<br>8.00 \u2020 Izabela \u017bmijewska (21 greg.)<br>18.00 Dzi\u0119k. w 50 rocz. \u015blubu Haliny i Eugeniusza Motyl z pro\u015bb\u0105 o Bo\u017ce b\u0142og. i potrzebne \u0142aski dla Z\u0142otych Jubilat\u00f3w<\/p>\n<p><strong>IV Niedziela Wielkanocna \/ 25 kwietnia 2021r.<\/strong><br>7.00 \u2020 Izabela \u017bmijewska (22 greg.)<br>7.00 \u2020 Zofia Sudo\u0142 w 5 r. \u015bm. i Pawe\u0142 Sudo\u0142<br>9.00 \u2020 Janina i Boles\u0142aw Walko w dniu ziemskich urodzin<br>10.30 O Bo\u017ce b\u0142og., opiek\u0119 MB i potrzebne \u0142aski dla Artura Sadowego z ok. 50 urodzin<br>12.00 W intencji Parafian<br>15.00 \u2020 Piotr Bumbul w 21 r. \u015bm. i Krystyna Bumbul w 7 r. \u015bm.<br>18.00 Dzi\u0119k. w 45 rocz. \u015blubu Ewy i Ryszarda Komycz z pro\u015bb\u0105 o Bo\u017ce b\u0142og. i potrzebne \u0142aski dla Jubilat\u00f3w<\/p>\n\n\n<p><\/p>\n","protected":false},"excerpt":{"rendered":"<p>S\u0141OWO BO\u017bE W \u017bYCIU WIERNYCH Biblia nadal stanowi ksi\u0119g\u0119, kt\u00f3r\u0105 w skali \u015bwiata t\u0142umaczy si\u0119 najcz\u0119\u015bciej oraz drukuje i sprzedaje w najwi\u0119kszej ilo\u015bci egzemplarzy. Na tej podstawie mo\u017cna by s\u0105dzi\u0107, \u017ce jest r\u00f3wnie\u017c ksi\u0105\u017ck\u0105 najcz\u0119\u015bciej czytan\u0105 i najlepiej znan\u0105 przez wierz\u0105cych. Niestety nawet najbardziej podstawowe testy sprawdzaj\u0105ce wiedz\u0119 biblijn\u0105, wypadaj\u0105 marnie. Jakie znaczenie ma dla [&hellip;]<\/p>\n","protected":false},"author":1,"featured_media":4303,"comment_status":"closed","ping_status":"closed","sticky":false,"template":"","format":"standard","meta":{"ngg_post_thumbnail":0,"footnotes":""},"categories":[11,8,4,3],"tags":[],"class_list":["post-4301","post","type-post","status-publish","format-standard","has-post-thumbnail","hentry","category-aktualnosci","category-blog","category-intencje","category-ogloszenia"],"_links":{"self":[{"href":"https:\/\/rafalk-elblag.pl\/index.php?rest_route=\/wp\/v2\/posts\/4301","targetHints":{"allow":["GET"]}}],"collection":[{"href":"https:\/\/rafalk-elblag.pl\/index.php?rest_route=\/wp\/v2\/posts"}],"about":[{"href":"https:\/\/rafalk-elblag.pl\/index.php?rest_route=\/wp\/v2\/types\/post"}],"author":[{"embeddable":true,"href":"https:\/\/rafalk-elblag.pl\/index.php?rest_route=\/wp\/v2\/users\/1"}],"replies":[{"embeddable":true,"href":"https:\/\/rafalk-elblag.pl\/index.php?rest_route=%2Fwp%2Fv2%2Fcomments&post=4301"}],"version-history":[{"count":2,"href":"https:\/\/rafalk-elblag.pl\/index.php?rest_route=\/wp\/v2\/posts\/4301\/revisions"}],"predecessor-version":[{"id":4306,"href":"https:\/\/rafalk-elblag.pl\/index.php?rest_route=\/wp\/v2\/posts\/4301\/revisions\/4306"}],"wp:featuredmedia":[{"embeddable":true,"href":"https:\/\/rafalk-elblag.pl\/index.php?rest_route=\/wp\/v2\/media\/4303"}],"wp:attachment":[{"href":"https:\/\/rafalk-elblag.pl\/index.php?rest_route=%2Fwp%2Fv2%2Fmedia&parent=4301"}],"wp:term":[{"taxonomy":"category","embeddable":true,"href":"https:\/\/rafalk-elblag.pl\/index.php?rest_route=%2Fwp%2Fv2%2Fcategories&post=4301"},{"taxonomy":"post_tag","embeddable":true,"href":"https:\/\/rafalk-elblag.pl\/index.php?rest_route=%2Fwp%2Fv2%2Ftags&post=4301"}],"curies":[{"name":"wp","href":"https:\/\/api.w.org\/{rel}","templated":true}]}}