{"id":4296,"date":"2021-04-11T10:58:37","date_gmt":"2021-04-11T10:58:37","guid":{"rendered":"http:\/\/rafalk-elblag.pl\/?p=4296"},"modified":"2021-04-11T10:58:37","modified_gmt":"2021-04-11T10:58:37","slug":"biuletyn-11-04-2021-niedziela-milosierdzia","status":"publish","type":"post","link":"https:\/\/rafalk-elblag.pl\/?p=4296","title":{"rendered":"Biuletyn 11.04.2021, Niedziela Mi\u0142osierdzia"},"content":{"rendered":"<p><img decoding=\"async\" src=\"http:\/\/rafalk-elblag.pl\/wp-content\/uploads\/2021\/04\/baner-110421.jpg\"><\/p>\n<h1>JEZU UFAMY TOBIE!<\/h1>\n<p><strong>P\u0142ock, 22 lutego 1931 r. Wieczorem, kiedy by\u0142am w celi, ujrza\u0142am Pana Jezusa ubranego w szacie bia\u0142ej. Jedna r\u0119ka wzniesiona do b\u0142ogos\u0142awie\u0144stwa, a druga dotyka\u0142a szaty na piersiach. Z uchylenia szaty na piersiach wychodzi\u0142y dwa wielkie promienie, jeden czerwony, a drugi blady. W milczeniu wpatrywa\u0142am si\u0119 w Pana, dusza moja by\u0142a przej\u0119ta boja\u017ani\u0105, ale i rado\u015bci\u0105 wielk\u0105. Po chwili powiedzia\u0142 mi Jezus: Wymaluj obraz wed\u0142ug rysunku, kt\u00f3ry widzisz, z podpisem: Jezu, ufam Tobie. (Dz. 47)<\/strong><\/p>\n<p>Zadanie wyznaczone przez Pana Jezusa dla siostry Faustyny by\u0142o po ludzku niewykonalne, poniewa\u017c nie posiada\u0142a ona podstawowych umiej\u0119tno\u015bci plastycznych. Staraj\u0105c si\u0119 by\u0107 pos\u0142uszn\u0105 woli Bo\u017cej, aby namalowa\u0107 obraz szuka\u0142a pomocy u wsp\u00f3\u0142siostry, jednak nic z tego nie wysz\u0142o. Przynaglenia Pana Jezusa do wykonania tego zadania z jednej strony, a z drugiej niedowierzanie spowiednik\u00f3w i prze\u0142o\u017conych, sta\u0142o si\u0119 dla siostry Faustyny wielkim osobistym cierpieniem. W czasie pobytu w P\u0142ocku a potem w Warszawie, wci\u0105\u017c my\u015bla\u0142a o niewykonanym \u017c\u0105daniu Pana Jezusa, tym bardziej, \u017ce dawa\u0142 jej odczu\u0107 jak wielkie w planach Bo\u017cych jest zadanie, kt\u00f3re jej zleca.<\/p>\n<p>Po z\u0142o\u017ceniu \u015blub\u00f3w wieczystych siostr\u0119 Faustyn\u0119 przeniesiono do domu zakonnego w Wilnie (25 maja 1933 r.). Tutaj spotka\u0142a obiecan\u0105 jej wcze\u015bniej pomoc &#8211; spowiednika i kierownika duchowego ksi\u0119dza Micha\u0142a Sopo\u0107k\u0119, kt\u00f3ry podj\u0105\u0142 pr\u00f3b\u0119 realizacji \u017c\u0105da\u0144 Pana Jezusa. Ksi\u0105dz Sopo\u0107ko cz\u0119\u015bciowo zapozna\u0142 malarza z misj\u0105 siostry Faustyny i zobowi\u0105za\u0142 go do zachowania tajemnicy. Ten ceniony i gruntownie wykszta\u0142cony malarz, maluj\u0105c obraz zrezygnowa\u0142 z w\u0142asnej artystycznej koncepcji, aby rzetelnie odtwarza\u0107 na p\u0142\u00f3tnie to, co relacjonowa\u0142a siostra Faustyna. Przychodzi\u0142a ona do pracowni malarskiej, co najmniej raz w tygodniu przez p\u00f3\u0142 roku, aby wskazywa\u0107 uzupe\u0142nienia i potrzebne korekty. Stara\u0142a si\u0119, aby obraz Jezusa Mi\u0142osiernego by\u0142 dok\u0142adnie taki, jaki by\u0142 jej ukazany w wizji.<\/p>\n<p>Dzi\u0119ki staraniom ksi\u0119dza Sopo\u0107ki, obraz Mi\u0142osiernego Zbawcy wystawiony w oknie galerii przy kaplicy Matki Bo\u017cej Mi\u0142osierdzia w Ostrej Bramie w Wilnie, 26-28 kwietnia 1935 r. po raz pierwszy doznawa\u0142 publicznej czci w czasie uroczystego zako\u0144czenia obchod\u00f3w Jubileuszu 1900-lecia Odkupienia \u015awiata.<\/p>\n<h1>Akt zawierzenia parafii Bo\u017cemu Mi\u0142osierdziu<\/h1>\n<p>Jezu Kr\u00f3lu Mi\u0142osierdzia!<br>Ja proboszcz parafii \u015bw. Rafa\u0142a Kalinowskiego w Elbl\u0105gu Twemu<br>Mi\u0142osierdziu zamierzam t\u0105 wsp\u00f3lnot\u0119 parafialn\u0105, by wzrasta\u0142a w \u015bwi\u0119to\u015b\u0107<br>I \u0142asce Bo\u017cej, a tak\u017ce stanowi\u0142a \u017cywy przyk\u0142ad Twojej obecno\u015bci w\u015br\u00f3d nas.<br>\u2022 Oddaj\u0119 ci wszystkie rodziny naszej parafii;<br>\u2022 B\u0142ogos\u0142aw Ojcom rodzin niech zawsze pami\u0119taj\u0105, \u017ce s\u0105 za nie wobec ciebie odpowiedzialni.<br>\u2022 B\u0142ogos\u0142aw Matkom, by rozpalone mi\u0142o\u015bci\u0105 Twoj\u0105 umia\u0142y kocha\u0107, przyjmowa\u0107 Dar Nowego \u017bycia i z ufno\u015bci\u0105 w sercu swoje problemy przedstawi\u0107 Tobie.<br>\u2022 B\u0142ogos\u0142aw M\u0142odzie\u017cy, by ceni\u0142a wiar\u0119 \u015bwi\u0119t\u0105, wed\u0142ug niej \u017cy\u0142a i strzeg\u0142a czysto\u015bci obyczaj\u00f3w.<br>\u2022 B\u0142ogos\u0142aw wszystkim dzieciom przytulaj\u0105c je do swego Mi\u0142osiernego serca, by ustrzeg\u0142y si\u0119 od zgorsze\u0144 i z\u0142a tego \u015bwiata.<br>\u2022 Jezu Mi\u0142osierny &#8211; pocieszaj chorych i strapionych.<br>\u2022 Umacniaj Tych, kt\u00f3rzy si\u0119 nimi opiekuj\u0105.<br>\u2022 Ocieraj \u0141zy sierotom, wdowom, wdowcom.<br>\u2022 Bro\u0144 ich przed n\u0119dz\u0105 i krzywd\u0105!<br>\u2022 Spraw by ludzie samotni i opuszczeni odczuwali Twoj\u0105 Chwa\u0142\u0119 Panie Jezu opiek\u0119 i blisko\u015b\u0107.<\/p>\n<p>B\u0142ogos\u0142aw mnie duszpasterzowi tej parafii i kap\u0142anom w niej pracuj\u0105cym, by\u015bmy powierzone sobie dusz\u0119 karmili zdrow\u0105 nauk\u0105 Ewangelii i \u0142ask\u0105 Sakrament\u00f3w \u015bwi\u0119tych.Wzbud\u017a w tej parafii Mi\u0142osierny Jezu \u015bwi\u0119te powo\u0142ania kap\u0142a\u0144skie, zakonne i misyjne. Zawierzam Ci Jezu, Boski Zbawicielu nasz\u0105 ca\u0142\u0105 parafie i tych, kt\u00f3rzy j\u0105 nienawidz\u0105. Niech wszystkich ogarniaj\u0105 promienie Twojej Mi\u0142osiernej Mi\u0142o\u015bci. Obiecuj\u0119 Ci szczerze czuwa\u0107 nad tym, by ponawia\u0107 to zawierzenie co roku w \u015awi\u0119t\u0105 Mi\u0142osierdzia Bo\u017cego, by w tej parafii na wieki wychwalano Mi\u0142osierdzie Twoje i rozbrzmiewa\u0142 g\u0142os modlitwy \u201eJEZU UFAM TOBIE\u201d. Amen.<\/p>\n<p>&nbsp;<\/p>\n<p>&nbsp;<br><img decoding=\"async\" src=\"http:\/\/rafalk-elblag.pl\/wp-content\/uploads\/2020\/04\/baner-ogloszenia-parafialne.jpg\"><\/p>\n<h1>Og\u0142oszenia parafialne 11.04.2021r<\/h1>\n<p><strong>1.<\/strong> Informujemy, \u017ce zgodnie z aktualnymi decyzjami w\u0142adz pa\u0144stwowych i sanitarnych, przyj\u0119tych tak\u017ce przez w\u0142adze ko\u015bcielne, w Ko\u015bcio\u0142ach na Mszach \u015bwi\u0119tych i innych nabo\u017ce\u0144stwach mo\u017ce przebywa\u0107 1 osoba na 20 m\u00b2, w naszej \u015bwi\u0105tyni to 30 os\u00f3b. Przychodzimy w maseczkach zas\u0142aniaj\u0105c usta i nos. \u015aci\u0105gamy je wy\u0142\u0105cznie w momencie przyjmowania Komunii \u015awi\u0119tej.<\/p>\n<p><br><strong>2.<\/strong> Kochani Parafianie trwa okres Wielkanocny &#8211; czas rado\u015bci ze Zmartwychwstania Pana Jezusa. W zwi\u0105zku z ograniczeniem liczby os\u00f3b w Ko\u015bciele, gor\u0105co zach\u0119camy wiernych do skorzystania \u0142awek wystawionych przed ko\u015bcio\u0142em. Jest to r\u00f3wnie\u017c osobiste uczestnictwo we Mszy \u015bw. Zach\u0119camy te\u017c wiernych do skorzystania z \u0142aski sakramentu pojednania i do przyj\u0119cia KOMUNII \u015aW. WIELKANOCNEJ. Spowied\u017a \u015bw. w tygodniu od 7:45 oraz od godz. 17:30.<\/p>\n<p><strong>3.<\/strong> Dzisiaj w NIEDZIEL\u0118 MI\u0141OSIERDZIA BO\u017bEGO przynosimy do ko\u015bcio\u0142a Skarbonki z Ja\u0142mu\u017cn\u0105 Wielkopostn\u0105 2021. Skarbonki zostawiamy pod o\u0142tarzem. B\u00f3g zap\u0142a\u0107 za podj\u0119ty trud i z\u0142o\u017con\u0105 ofiar\u0119.<\/p>\n<p><strong>4.<\/strong> Prze\u017cywamy wyj\u0105tkow\u0105 \u201eNiedziel\u0119 Mi\u0142osierdzia Bo\u017cego\u201d. Uroczysta Msza \u015bw. z odnowieniem Aktu Zawierzenia Parafii Mi\u0142osierdziu Bo\u017cemu odb\u0119dzie si\u0119 o godz. 15:00. Serdecznie zapraszamy do osobistego i duchowego \u0142\u0105czenia si\u0119 z nami. Zach\u0119cam by\u015bmy w tej godzinie zjednoczyli si\u0119 we wsp\u00f3lnej modlitwie Koronk\u0105 do Bo\u017cego Mi\u0142osierdzia w intencji ustania epidemii.<\/p>\n<p><strong>5.<\/strong> Tegoroczny 77 Tydzie\u0144 Mi\u0142osierdzia b\u0119dzie obchodzony do 17.04.2021 pod has\u0142em \u201eJESTE\u015aMY WEZWANI DO MI\u0141OSIERDZIA\u201d. Celem Tygodnia Mi\u0142osierdzia jest: budzenie wra\u017cliwo\u015bci na potrzeby bli\u017anich: chorych, samotnych, bezrobotnych, bezdomnych i prze\u015bladowanych. Obchody s\u0105 okazj\u0105 do g\u0142\u0119bszej refleksji na temat mi\u0142osierdzia czynionego na co dzie\u0144 szczeg\u00f3lnie teraz, podczas trwaj\u0105cej epidemii.<\/p>\n<p><strong>6.<\/strong> Spotkanie dla rodzic\u00f3w dzieci klas III przygotowuj\u0105cych si\u0119 do I KOMUNII \u015aWI\u0118TEJ odb\u0119dzie si\u0119 w ko\u015bciele w poniedzia\u0142ek 12 kwietnia br. o godz. 19:00. Serdecznie zapraszamy na nasze comiesi\u0119czne spotkanie.<\/p>\n<p><strong>7.<\/strong> Ka\u017cdy 16 dzie\u0144 miesi\u0105ca to dzie\u0144 spotkania Bractwa Szkaplerznego i Rodziny Szkaplerznej. Zapraszamy 16 kwietnia (pi\u0105tek) wszystkich nale\u017c\u0105cych i pragn\u0105cych w\u0142\u0105czy\u0107 si\u0119 do tej wsp\u00f3lnoty na Msz\u0119 \u015bw. z katechez\u0105 o godz. 18:00.<\/p>\n<p><strong>8.<\/strong> Za tydzie\u0144 w III Niedziel\u0119 Wielkanocn\u0105, rozpocznie si\u0119 XIII Tydzie\u0144 Biblijny. Swoim has\u0142em jak i wybranymi tekstami z ewangelii wed\u0142ug \u015bw. Marka nawi\u0105zuje ono do programu duszpasterskiego, kt\u00f3ry wprowadza nas w tajemnic\u0119 Eucharystii jako Wieczerzy Pa\u0144skiej. Chrystus zaprasza na Ni\u0105 wszystkich swoich uczni\u00f3w, aby podczas tej Uczty ofiarnej przyjmowali Chleb z nieba pod dwiema postaciami: Ewangelii i Eucharystii.<\/p>\n<p><strong>9.<\/strong> Zapraszamy ca\u0142\u0105 wsp\u00f3lnot\u0119 parafialn\u0105 do udzia\u0142u w zbi\u00f3rce zu\u017cytego sprz\u0119tu elektrycznego i elektronicznego (sprz\u0119t RTV I AGD np. pralki, telewizory, komputery). zbi\u00f3rka b\u0119dzie mia\u0142a miejsce na placu ko\u015bcielnym przy choince dnia 26 kwietnia 2021 od 15:00 do 20:00. Przychody z akcji pozwol\u0105 na wsparcie POLSKICH MISJONARZY, kt\u00f3rzy prowadz\u0105 swoje misje w najbiedniejszych krajach \u015bwiata Zambii, Kamerunie, Kenii.<\/p>\n<p>&nbsp;<\/p>\n<p><img decoding=\"async\" src=\"http:\/\/rafalk-elblag.pl\/wp-content\/uploads\/2020\/04\/baner-intencje-mszy.jpg\"><\/p>\n<h1>Intencje mszalne 11.04.2021r<br>NIEDZIELA MI\u0141OSIERDZIA<\/h1>\n<p><br><strong>PONIEDZIA\u0141EK \/ 12 kwietnia 2021r.<\/strong><br>8.00 \u2020 Izabela \u017bmijewska (9 greg.)<br>18.00 \u2020 Ryszard Myszk<br>18.00 O Bo\u017ce b\u0142og. i pok\u00f3j serca dla Krystyny<\/p>\n<p><strong>WTOREK \/ 13 kwietnia 2021r.<\/strong><br>8.00 O wiar\u0119, nadziej\u0119 i mi\u0142o\u015b\u0107 \u2013 int. od dziadka<br>18.00 \u2020 Izabela \u017bmijewska (10 greg.)<br>18.00 \u2020 Konrad Raszeja \u2013 int. od rodz. Bukojemskich<\/p>\n<p><strong>\u015aRODA \/ 14 kwietnia 2021r.<\/strong><br>8.00 O Mi\u0142osierdzie Bo\u017ce dla wnuka Franciszka, c\u00f3rki Anny i zi\u0119cia Szymona \u2013 int. od taty<br>18.00 \u2020 Izabela \u017bmijewska (11 greg.)<br>18.00 Dzi\u0119k. za 65 lat ma\u0142\u017ce\u0144stwa Reginy i J\u00f3zefa z pro\u015bb\u0105 o Bo\u017ce b\u0142og., opiek\u0119 MB i zdrowie<\/p>\n<p><strong>CZWARTEK \/ 15 kwietnia 2021r.<\/strong><br>8.00 \u2020 Dusze w czy\u015b\u0107cu cierpi\u0105ce<br>18.00 \u2020 Izabela \u017bmijewska (12 greg.)<br>18.00 \u2020 Maria Sztychmiler \u2013 int. od II R\u00f3\u017cy \u017bywego R\u00f3\u017ca\u0144ca<\/p>\n<p><strong>PI\u0104TEK \/ 16 kwietnia 2021r.<\/strong><br>8.00 \u2020 Izabela \u017bmijewska (13 greg.)<br>8.00 \u2020 Halina Rajska<br>18.00 \u2020 Jan K\u0119dzierski w 25 r. \u015bm. i zm. z rodz. K\u0119dzierskich i Herman<br>18.00 W intencji Bractwa Szkaplerznego i os\u00f3b, kt\u00f3re przyjm\u0105 szkaplerz<\/p>\n<p><strong>SOBOTA \/ 17 kwietnia 2021r.<\/strong><br>8.00 \u2020 Izabela \u017bmijewska (14 greg.)<br>18.00 \u2020 Marianna Ba\u0142dyga w 16 r. \u015bm., Lucjan, Feliks i Sylwester<\/p>\n<p><strong>III Niedziela Wielkanocna \/ 18 kwietnia 2021r.<\/strong><br>7.00 Rez.<br>7.00 \u2020 Izabela \u017bmijewska (15 greg.)<br>9.00 Dzi\u0119k. w 25 rocz. \u015blubu Agnieszki i Roberta Pa\u0144czuk z pro\u015bb\u0105 o Bo\u017ce b\u0142og., opiek\u0119 MB i potrzebne \u0142aski<br>9.00 Dzi\u0119k. w 40 rocz. \u015blubu Bo\u017ceny i Stanis\u0142awa Domaga\u0142\u00f3w z pro\u015bb\u0105 o Bo\u017ce b\u0142og., opiek\u0119 MB i potrzebne \u0142aski<br>10.30 Dzi\u0119k. w 10 urodziny Kazimierza z pro\u015bb\u0105 o Bo\u017ce b\u0142og., opiek\u0119 MB dla Niego i rodziny<br>12.00 W intencji Parafian<br>15.00 \u2020 J\u00f3zefa (k) Tubilewicz w 36 r. \u015bm., J\u00f3zef Tubilewicz w 25 r. \u015bm. i zm. z rodz. Tubilewicz<br>18.00 \u2020 Halina w 4 miesi\u0105c po \u015bmierci<\/p>\n\n\n<p><\/p>\n","protected":false},"excerpt":{"rendered":"<p>JEZU UFAMY TOBIE! P\u0142ock, 22 lutego 1931 r. Wieczorem, kiedy by\u0142am w celi, ujrza\u0142am Pana Jezusa ubranego w szacie bia\u0142ej. Jedna r\u0119ka wzniesiona do b\u0142ogos\u0142awie\u0144stwa, a druga dotyka\u0142a szaty na piersiach. Z uchylenia szaty na piersiach wychodzi\u0142y dwa wielkie promienie, jeden czerwony, a drugi blady. W milczeniu wpatrywa\u0142am si\u0119 w Pana, dusza moja by\u0142a przej\u0119ta [&hellip;]<\/p>\n","protected":false},"author":1,"featured_media":4298,"comment_status":"closed","ping_status":"closed","sticky":false,"template":"","format":"standard","meta":{"ngg_post_thumbnail":0,"footnotes":""},"categories":[11,8,4,3],"tags":[],"class_list":["post-4296","post","type-post","status-publish","format-standard","has-post-thumbnail","hentry","category-aktualnosci","category-blog","category-intencje","category-ogloszenia"],"_links":{"self":[{"href":"https:\/\/rafalk-elblag.pl\/index.php?rest_route=\/wp\/v2\/posts\/4296","targetHints":{"allow":["GET"]}}],"collection":[{"href":"https:\/\/rafalk-elblag.pl\/index.php?rest_route=\/wp\/v2\/posts"}],"about":[{"href":"https:\/\/rafalk-elblag.pl\/index.php?rest_route=\/wp\/v2\/types\/post"}],"author":[{"embeddable":true,"href":"https:\/\/rafalk-elblag.pl\/index.php?rest_route=\/wp\/v2\/users\/1"}],"replies":[{"embeddable":true,"href":"https:\/\/rafalk-elblag.pl\/index.php?rest_route=%2Fwp%2Fv2%2Fcomments&post=4296"}],"version-history":[{"count":1,"href":"https:\/\/rafalk-elblag.pl\/index.php?rest_route=\/wp\/v2\/posts\/4296\/revisions"}],"predecessor-version":[{"id":4299,"href":"https:\/\/rafalk-elblag.pl\/index.php?rest_route=\/wp\/v2\/posts\/4296\/revisions\/4299"}],"wp:featuredmedia":[{"embeddable":true,"href":"https:\/\/rafalk-elblag.pl\/index.php?rest_route=\/wp\/v2\/media\/4298"}],"wp:attachment":[{"href":"https:\/\/rafalk-elblag.pl\/index.php?rest_route=%2Fwp%2Fv2%2Fmedia&parent=4296"}],"wp:term":[{"taxonomy":"category","embeddable":true,"href":"https:\/\/rafalk-elblag.pl\/index.php?rest_route=%2Fwp%2Fv2%2Fcategories&post=4296"},{"taxonomy":"post_tag","embeddable":true,"href":"https:\/\/rafalk-elblag.pl\/index.php?rest_route=%2Fwp%2Fv2%2Ftags&post=4296"}],"curies":[{"name":"wp","href":"https:\/\/api.w.org\/{rel}","templated":true}]}}