{"id":4289,"date":"2021-04-04T15:19:00","date_gmt":"2021-04-04T15:19:00","guid":{"rendered":"http:\/\/rafalk-elblag.pl\/?p=4289"},"modified":"2021-04-07T15:46:32","modified_gmt":"2021-04-07T15:46:32","slug":"biuletyn-04-04-2021-niedziela-zmartwychwstania-panskiego","status":"publish","type":"post","link":"https:\/\/rafalk-elblag.pl\/?p=4289","title":{"rendered":"Biuletyn 04.04.2021, Niedziela Zmartwychwstania Pa\u0144skiego"},"content":{"rendered":"<p><img decoding=\"async\" src=\"http:\/\/rafalk-elblag.pl\/wp-content\/uploads\/2021\/04\/baner-040421.jpg\"><\/p>\n<h1>CHRYSTUS ZMARTWYCHWSTA\u0141 ALLELUJA !<\/h1>\n<p>Prze\u017cywamy najwi\u0119ksze tajemnice chrze\u015bcija\u0144stwa i naszego \u017cycia.<br>Przy tej okazji sk\u0142adamy wszystkim \u017cyczenia Wielkanocne:<\/p>\n<p><strong>Pokoju<\/strong> \u2013 kiedy on wype\u0142nia nasze serca, mo\u017cemy bezpiecznie przej\u015b\u0107 przez nawet najbardziej niespokojne czasy<\/p>\n<p><strong>Rado\u015bci<\/strong> \u2013 kiedy ona tryska w g\u0142\u0119bi serca, odkrywa przed nami pi\u0119kno \u017cycia<\/p>\n<p><strong>Nadziei<\/strong> \u2013 kiedy si\u0119 w nas budzi, staje si\u0119 si\u0142\u0105 prowadz\u0105c\u0105 dzie\u0144 za dniem ku lepszemu \u017cyciu<\/p>\n<p><strong>Mocy<\/strong> \u2013 bo ona zwyci\u0119\u017ca chwile rozpaczy, zniech\u0119cenia i zw\u0105tpienia<\/p>\n<p><strong>\u015awiat\u0142a<\/strong> \u2013 bo ono, p\u0142on\u0105c w naszych duszach, wskazuje pewn\u0105 drog\u0119<\/p>\n<p><strong>Mi\u0142o\u015bci<\/strong> \u2013 bo tylko ona daje g\u0142\u0119boki i niezachwiany sens \u017cycia<\/p>\n<p><strong>\u017bycia<\/strong> \u2013 bo ono, czerpane z Chrystusa, ju\u017c si\u0119 nie ko\u0144czy<\/p>\n<p><strong>B\u0141OGOS\u0141AWIONEJ WIELKANOCY I PI\u0118KNEGO \u017bYCIA!<\/strong><br>\u017bycz\u0105 Duszpasterze parafii \u015bw. Rafa\u0142a Kalinowskiego w Elbl\u0105gu<\/p>\n<p>&nbsp;<\/p>\n<p><strong>W wielkanocny czas sk\u0142adamy sobie \u017cyczenia radosnych \u015awi\u0105t i weso\u0142ego Alleluja. Nasza rado\u015b\u0107 powinna wynika\u0107 st\u0105d, \u017ce dawca \u017bycia \u2013 Jezus odrzuciwszy p\u0142\u00f3tna, w kt\u00f3re zawini\u0119to Jego zastyg\u0142e cia\u0142o, opu\u015bci\u0142 gr\u00f3b i \u017cyje!<\/strong><\/p>\n<p>Czy mo\u017cna by\u0142o Jezusa zabi\u0107 na zawsze? Czy mo\u017cna by\u0142o skutecznie zapiecz\u0119towa\u0107 gr\u00f3b, postawi\u0107 na stra\u017cy legionist\u00f3w i strzec pilnie Tego, kt\u00f3ry jest samym \u017cyciem i w swoim Ko\u015bciele skrywa si\u0119 pod os\u0142on\u0105 Chleba, a tak\u017ce \u017cyje we wsp\u00f3lnocie braci i si\u00f3str? Czy mo\u017cna by\u0142o to wszystko uczyni\u0107 tak skutecznie, aby uniemo\u017cliwi\u0107 Mu zmartwychwstanie i wyj\u015bcie z grobu? Pewne by\u0142o, \u017ce Jezus, kt\u00f3remu w\u0142\u00f3czni\u0105 przebito Serce, a krew wyciek\u0142a z Jego ran, nie m\u00f3g\u0142 \u017cy\u0107! A jednak nierozs\u0105dne okaza\u0142o si\u0119 szukanie Go po\u015br\u00f3d umar\u0142ych, poniewa\u017c On zmartwychwsta\u0142!<\/p>\n<p>W tym cudownym wydarzeniu skrywa si\u0119 podstawa i przyczyna ca\u0142ej chrze\u015bcija\u0144skiej rado\u015bci. Jezusowe zwyci\u0119stwo nad \u015bmierci\u0105, pok\u00f3j i chwa\u0142a nale\u017c\u0105 teraz r\u00f3wnie\u017c do nas, dlatego radujemy si\u0119 i wzajemnie \u017cyczymy sobie rado\u015bci. Nic wi\u0119c dziwnego, \u017ce rado\u015b\u0107 powinna nam towarzyszy\u0107 zw\u0142aszcza w wielkanocny czas.<\/p>\n<p>Jezus zmartwychwsta\u0142, a my jeste\u015bmy \u015bwiadkami prawdy o Jego powstaniu z martwych. Dlatego uczestnicz\u0105c w \u015bwi\u0119tym zgromadzeniu eucharystycznym w niedziel\u0119 Zmartwychwstania, wypowiadamy z niezachwian\u0105 wiar\u0105: G\u0142osimy \u015bmier\u0107 Twoj\u0105, Panie Jezu; wyznajemy Twoje Zmartwychwstanie i oczekujemy Twego przyj\u015bcia w chwale. Zmartwychwsta\u0142y Jezus pozdrowi\u0142 swoich uczni\u00f3w s\u0142owami: Pok\u00f3j wam!<\/p>\n<p>Jezusowy pok\u00f3j przyni\u00f3s\u0142 im niczym nie zm\u0105con\u0105 rado\u015b\u0107 serca. Je\u015bli tak w\u0142a\u015bnie, w pokoju serca, rado\u015bnie prze\u017cyjemy te \u015awi\u0119ta, by\u0107 mo\u017ce inni, patrz\u0105c na nas, co\u015b zrozumiej\u0105 i dzi\u0119ki naszemu \u015bwiadectwu nie b\u0119d\u0105 musieli si\u0119ga\u0107 jedynie po apologetyczne argumenty o zmartwychwstaniu, \u017cyciu wiecznym i b\u00f3stwie Jezusa. Wystarczy im nasza rado\u015b\u0107, nasza wzajemna mi\u0142o\u015b\u0107, szacunek dla prawdy i sprawiedliwe \u017cycie. Wtedy i ich rado\u015b\u0107 b\u0119dzie wi\u0119ksza \u2013 nie potrzeba b\u0119dzie wielu s\u0142\u00f3w czy teologicznych argument\u00f3w, by niejeden wyzna\u0142 za Tomaszem: Pan m\u00f3j i B\u00f3g m\u00f3j.<\/p>\n<p><strong>Zmartwychwsta\u0142y Pan kiedy\u015b zaprosi\u0142 swych uczni\u00f3w na \u015bniadanie s\u0142owami: Chod\u017acie, posilcie si\u0119. Teraz i nas zaprasza na posi\u0142ek wielkanocny, daj\u0105c nam Siebie. Radujmy si\u0119! Alleluja! Pan zmartwychwsta\u0142 i jest z nami! W taki czas otwieraj\u0105 si\u0119 nam oczy jak Aposto\u0142om, umacnia si\u0119 nasza krucha wiara, bo Pan m\u00f3wi do ka\u017cdego z nas po imieniu, a w \u015bwi\u0105tyniach naszych serc p\u0142onie p\u0142omie\u0144 Chrystusa \u2013 p\u0142omie\u0144 \u017cywy i nie\u015bmiertelny.<\/strong><\/p>\n<p>&nbsp;<\/p>\n<p>&nbsp;<br><img decoding=\"async\" src=\"http:\/\/rafalk-elblag.pl\/wp-content\/uploads\/2020\/04\/baner-ogloszenia-parafialne.jpg\"><\/p>\n<h1>Og\u0142oszenia parafialne 04.04.2021r<\/h1>\n<p><strong>1.<\/strong> Informujemy, \u017ce zgodnie z aktualnymi decyzjami w\u0142adz pa\u0144stwowych i sanitarnych, przyj\u0119tych tak\u017ce przez w\u0142adze ko\u015bcielne, w Ko\u015bcio\u0142ach na Mszach \u015bwi\u0119tych i innych nabo\u017ce\u0144stwach mo\u017ce przebywa\u0107<\/p>\n<h3>1 osoba na 20 m\u00b2, w naszej \u015bwi\u0105tyni 30 os\u00f3b.<\/h3>\n<p><span style=\"text-decoration: underline;\"><strong>Przychodzimy w maseczkach zas\u0142aniaj\u0105c usta i nos. \u015aci\u0105gamy je wy\u0142\u0105cznie w momencie przyjmowania Komunii \u015awi\u0119tej.<\/strong><\/span><\/p>\n<p><br><strong>2.<\/strong> Jutro Poniedzia\u0142ek Wielkanocny, II dzie\u0144 \u015awi\u0105t. Porz\u0105dek Mszy \u015bw. jak<br>w niedziel\u0119. UWAGA! NIE MA MSZY O GODZ. 15:00. Taca przeznaczona na Katolicki Uniwersytet Lubelski im. \u015bw. Jana Paw\u0142a II. B\u00f3g zap\u0142a\u0107 za z\u0142o\u017cone ofiary.<\/p>\n<p><br><strong>3. OD WIELKIEGO PI\u0104TKU trwamy na NOWENNIE,<\/strong> kt\u00f3ra przygotowuje nas do Niedzieli Mi\u0142osierdzia Bo\u017cego, kt\u00f3r\u0105 odmawiamy po Mszy \u015bw. wieczorowej. Parafian zach\u0119cam do wsp\u00f3lnej modlitwy rodzinnej w swoich domach, \u0142\u0105cz\u0105c si\u0119 duchowo z parafi\u0105. Pro\u015bmy mi\u0142osiernego Boga o ustanie epidemii koronowirusa na \u015bwiecie.<\/p>\n<p><strong>4.<\/strong> Za tydzie\u0144 w NIEDZIEL\u0118 MI\u0141OSIERDZIA BO\u017bEGO przynosimy do ko\u015bcio\u0142a Skarbonki z Ja\u0142mu\u017cn\u0105 2021 w ramach og\u00f3lnopolskiej akcji \u201eCZAS MI\u0141OSIERDZIA\u201d. Skarbonki zostawiamy pod o\u0142tarzem. B\u00f3g zap\u0142a\u0107 za podj\u0119ty trud i z\u0142o\u017con\u0105 ofiar\u0119.<\/p>\n<p><strong>5.<\/strong> W przysz\u0142\u0105 Niedziel\u0119 w ca\u0142ym Ko\u015bciele obchodzi\u0107 b\u0119dziemy Niedziel\u0119 Bo\u017cego Mi\u0142osierdzia. Uroczysta Msza \u015bw. z odnowieniem Aktu Zawierzenia Parafii Mi\u0142osierdziu Bo\u017cemu odb\u0119dzie si\u0119 o godz. 15:00. UWAGA: Jest mo\u017cliwo\u015b\u0107 nabycia ma\u0142ego obrazu Jezusa Mi\u0142osiernego w cenie 30 z\u0142., kt\u00f3re zostan\u0105 one po\u015bwi\u0119cone tego dnia o godz. 15:00. Zapisy w zakrystii.<\/p>\n<p><strong>6.<\/strong> Osoby, kt\u00f3re z r\u00f3\u017cnych wzgl\u0119d\u00f3w nie mog\u0105 wzi\u0105\u0107 udzia\u0142u we Mszach \u015awi\u0119tych niedzielnych zach\u0119camy do wype\u0142nienia tego obowi\u0105zku przez duchowe \u0142\u0105czenie si\u0119 z nami modl\u0105cymi si\u0119 w ko\u015bciele, a tak\u017ce przez udzia\u0142 we Mszy transmitowanej przez r\u00f3\u017cne stacje telewizyjne, radiowe i przez Internet.<\/p>\n<p><strong>7.<\/strong> Dzi\u0119kuj\u0119: ks. Marcinowi i tym kt\u00f3rzy mu pomagali za przygotowanie Ciemnicy i Grobu Pa\u0144skiego, ks. Piotrowi i S\u0142u\u017cbie Liturgicznej, panu Piotrowi \u2013 Organi\u015bcie i Ch\u00f3rowi za przygotowanie oprawy muzycznej podczas Triduum Paschalnego, panu Zbyszkowi za dekoracj\u0119 naszej \u015bwi\u0105tyni i panom ko\u015bcielnym Edmundowi i Zbigniewowi.<\/p>\n<p><strong>8.<\/strong> Zapraszamy ca\u0142\u0105 wsp\u00f3lnot\u0119 parafialn\u0105 do udzia\u0142u w zbi\u00f3rce zu\u017cytego sprz\u0119tu elektrycznego i elektronicznego (sprz\u0119t RTV I AGD np. pralki, telewizory, komputery) . zbi\u00f3rka b\u0119dzie mia\u0142a miejsce na placu ko\u015bcielnym przy choince dnia 26 kwietnia 2021 od 15:00 do 20:00. Przychody z akcji pozwol\u0105 na wsparcie POLSKICH MISJONARZY, kt\u00f3rzy prowadz\u0105 swoje misje w najbiedniejszych krajach \u015bwiata Zambii, Kamerunie, Kenii oraz Tanzanii.<\/p>\n<p><strong>9.<\/strong> \u017byczymy wszystkim Parafianom i Go\u015bciom radosnego Alleluja &#8211; pe\u0142nego nadziei i wiary w moc Zmartwychwsta\u0142ego Pana, kt\u00f3ry zwyci\u0119\u017cy\u0142 \u015bmier\u0107 i pokona wszystko co jest smutkiem, niepewno\u015bci\u0105 i chorob\u0105. Szcz\u0119\u015b\u0107 Bo\u017ce.<\/p>\n<p><strong>10.<\/strong> Przed ko\u015bcio\u0142em mo\u017cna naby\u0107 pras\u0119 katolick\u0105: \u201eGo\u015b\u0107 Niedzielny\u201d w cenie 6 z\u0142.<\/p>\n<p>&nbsp;<\/p>\n<p><img decoding=\"async\" src=\"http:\/\/rafalk-elblag.pl\/wp-content\/uploads\/2020\/04\/baner-intencje-mszy.jpg\"><\/p>\n<h1>Intencje mszalne 04.04.2021r<br>NIEDZIELA ZMARTWYCHWSTANIA PA\u0143SKIEGO<\/h1>\n<p><strong>PONIEDZIA\u0141EK WIELKANOCNY \/ 5 kwietnia 2021r.<\/strong><br>7.00 \u2020 Sylwia Kowalewska<br>9.00 O do\u015bwiadczenie Bo\u017cej mi\u0142o\u015bci dla Karoliny i Sebastiana<br>9.00 \u2020 Izabela \u017bmijewska (2 greg.)<br>10.30 Dzi\u0119k. za 25 lat \u017cycia Sylwii z pro\u015bb\u0105 o Bo\u017ce b\u0142og., \u017cyw\u0105 wiar\u0119 i zdrowie<br>12.00 \u2020 Helena, Mieczys\u0142aw, Waldemar Burdelscy, Maria J\u0119drzy\u0144ska<br>18.00 Dzi\u0119k. z ok. 30 rocz. \u015blubu Heleny i Mieczys\u0142awa Lenckowskich z pro\u015bb\u0105 o Bo\u017ce b\u0142og., opiek\u0119 MB, zdrowie i \u0142aski na dalsze wsp\u00f3lne lata<\/p>\n<p><strong>WTOREK \/ 6 kwietnia 2021r.<\/strong><br>8.00 \u2020 Stanis\u0142aw Wi\u015bniewski w 30 dpp.<br>8.00 \u2020 Izabela \u017bmijewska (3 greg.)<br>18.00 \u2020 Czes\u0142awa (k) i J\u00f3zef Gibas<br>18.00 \u2020 Cecylia Chmiel w 6 r. \u015bm.<\/p>\n<p><strong>\u015aRODA \/ 7 kwietnia 2021r.<\/strong><br>8.00 \u2020 Jan Markiewicz, Jan i Helena Kopciak<br>8.00 \u2020 Izabela \u017bmijewska (4 greg.)<br>18.00 \u2020 Irena Wile\u0144ska w 9 r. \u015bm. i zm. z rodz. Wile\u0144skich i Bartosik\u00f3w<br>18.00 Dzi\u0119k. z ok. 18 urodzin Paw\u0142a, za dar \u017cycia i otrzymane \u0142aski z pro\u015bb\u0105 o Bo\u017ce b\u0142og., opiek\u0119 MB i dary Ducha \u015aw. na ca\u0142e doros\u0142e \u017cycie<\/p>\n<p><strong>CZWARTEK \/ 8 kwietnia 2021r.<\/strong><br>8.00 \u2020 Izabela \u017bmijewska (5 greg.)<br>18.00 \u2020 Ignacy Rokowski w 2 miesi\u0105c po pogrzebie \u2013 int. od Hiacynty i Jakuba \u017by\u0142ka<br>18.00 \u2020 Jerzy Rusin w 30 dpp.<\/p>\n<p><strong>PI\u0104TEK \/ 9 kwietnia 2021r.<\/strong><br>8.00 \u2020 Izabela \u017bmijewska (6 greg.)<br>18.00 \u2020 Jan Marcinkowski \u2013 int. od koleg\u00f3w i kole\u017canek zi\u0119cia zmar\u0142ego<br>18.00 O Bo\u017ce b\u0142og. i zdroje \u0142ask Mi\u0142osierdzia Bo\u017cego dla cz\u0142onk\u00f3w i ich rodzin Apostolatu Bo\u017cego Mi\u0142osierdzia i Wolontariuszy Caritas<\/p>\n<p><strong>SOBOTA \/ 10 kwietnia 2021r.<\/strong><br>8.00 \u2020 Izabela \u017bmijewska (7 greg.)<br>18.00 \u2020 J\u00f3zef Koz\u0142owski w 30 dpp.<\/p>\n<p><strong>Niedziela Mi\u0142osierdzia Bo\u017cego \/ 11 kwietnia 2021r.<\/strong><br>7.00 \u2020 Zm. z rodz. Radziszewskich i Rend\u00f3w<br>7.00 \u2020 Izabela \u017bmijewska (8 greg.)<br>9.00 \u2020 Jadwiga Starzy\u0144ska w 15 r. \u015bm. i zm. z rodz.<br>10.30 \u2020 Jadwiga i Stanis\u0142aw Podbielscy, Barbara i Witold Wasiukiewicz, Gra\u017cyna i Ryszard<br>12.00 \u2020 Jan Przyby\u0142ek w 26 r. \u015bm., rodzice z obojga stron, Bogdan Przyby\u0142ek, bracia i siostry<br>15.00 W intencji Parafian<br>18.00 \u2020 Genowefa i Pawe\u0142 Lamparscy w rocznic\u0119 \u015bmierci<\/p>\n\n\n<p><\/p>\n","protected":false},"excerpt":{"rendered":"<p>CHRYSTUS ZMARTWYCHWSTA\u0141 ALLELUJA ! Prze\u017cywamy najwi\u0119ksze tajemnice chrze\u015bcija\u0144stwa i naszego \u017cycia.Przy tej okazji sk\u0142adamy wszystkim \u017cyczenia Wielkanocne: Pokoju \u2013 kiedy on wype\u0142nia nasze serca, mo\u017cemy bezpiecznie przej\u015b\u0107 przez nawet najbardziej niespokojne czasy Rado\u015bci \u2013 kiedy ona tryska w g\u0142\u0119bi serca, odkrywa przed nami pi\u0119kno \u017cycia Nadziei \u2013 kiedy si\u0119 w nas budzi, staje si\u0119 si\u0142\u0105 [&hellip;]<\/p>\n","protected":false},"author":1,"featured_media":4291,"comment_status":"closed","ping_status":"closed","sticky":false,"template":"","format":"standard","meta":{"ngg_post_thumbnail":0,"footnotes":""},"categories":[11,8,4,3],"tags":[],"class_list":["post-4289","post","type-post","status-publish","format-standard","has-post-thumbnail","hentry","category-aktualnosci","category-blog","category-intencje","category-ogloszenia"],"_links":{"self":[{"href":"https:\/\/rafalk-elblag.pl\/index.php?rest_route=\/wp\/v2\/posts\/4289","targetHints":{"allow":["GET"]}}],"collection":[{"href":"https:\/\/rafalk-elblag.pl\/index.php?rest_route=\/wp\/v2\/posts"}],"about":[{"href":"https:\/\/rafalk-elblag.pl\/index.php?rest_route=\/wp\/v2\/types\/post"}],"author":[{"embeddable":true,"href":"https:\/\/rafalk-elblag.pl\/index.php?rest_route=\/wp\/v2\/users\/1"}],"replies":[{"embeddable":true,"href":"https:\/\/rafalk-elblag.pl\/index.php?rest_route=%2Fwp%2Fv2%2Fcomments&post=4289"}],"version-history":[{"count":4,"href":"https:\/\/rafalk-elblag.pl\/index.php?rest_route=\/wp\/v2\/posts\/4289\/revisions"}],"predecessor-version":[{"id":4295,"href":"https:\/\/rafalk-elblag.pl\/index.php?rest_route=\/wp\/v2\/posts\/4289\/revisions\/4295"}],"wp:featuredmedia":[{"embeddable":true,"href":"https:\/\/rafalk-elblag.pl\/index.php?rest_route=\/wp\/v2\/media\/4291"}],"wp:attachment":[{"href":"https:\/\/rafalk-elblag.pl\/index.php?rest_route=%2Fwp%2Fv2%2Fmedia&parent=4289"}],"wp:term":[{"taxonomy":"category","embeddable":true,"href":"https:\/\/rafalk-elblag.pl\/index.php?rest_route=%2Fwp%2Fv2%2Fcategories&post=4289"},{"taxonomy":"post_tag","embeddable":true,"href":"https:\/\/rafalk-elblag.pl\/index.php?rest_route=%2Fwp%2Fv2%2Ftags&post=4289"}],"curies":[{"name":"wp","href":"https:\/\/api.w.org\/{rel}","templated":true}]}}