{"id":4272,"date":"2021-03-28T18:12:34","date_gmt":"2021-03-28T18:12:34","guid":{"rendered":"http:\/\/rafalk-elblag.pl\/?p=4272"},"modified":"2021-03-29T16:32:56","modified_gmt":"2021-03-29T16:32:56","slug":"biuletyn-21-03-2021-niedziela-meki-panskiej","status":"publish","type":"post","link":"https:\/\/rafalk-elblag.pl\/?p=4272","title":{"rendered":"Biuletyn 28.03.2021, Niedziela M\u0119ki Pa\u0144skiej"},"content":{"rendered":"<p><img decoding=\"async\" src=\"http:\/\/rafalk-elblag.pl\/wp-content\/uploads\/2021\/03\/baner-280321.jpg\"><\/p>\n<h1>TRIDUUM PASCHALNE<\/h1>\n<p>trzy dni, kt\u00f3re streszczaj\u0105 to co najwa\u017cniejsze<br>&nbsp;<\/p>\n<h2>WIELKI CZWARTEK<\/h2>\n<p><a href=\"http:\/\/rafalk-elblag.pl\/wp-content\/uploads\/2021\/03\/triduum-01.jpg\"><img loading=\"lazy\" decoding=\"async\" class=\"alignleft wp-image-4275 size-medium\" src=\"http:\/\/rafalk-elblag.pl\/wp-content\/uploads\/2021\/03\/triduum-01-300x300.jpg\" alt=\"\" width=\"300\" height=\"300\" srcset=\"https:\/\/rafalk-elblag.pl\/wp-content\/uploads\/2021\/03\/triduum-01-300x300.jpg 300w, https:\/\/rafalk-elblag.pl\/wp-content\/uploads\/2021\/03\/triduum-01-150x150.jpg 150w, https:\/\/rafalk-elblag.pl\/wp-content\/uploads\/2021\/03\/triduum-01.jpg 400w\" sizes=\"auto, (max-width: 300px) 100vw, 300px\" \/><\/a>Ko\u015bci\u00f3\u0142 staje si\u0119 w tym dniu, w czasie liturgii Wieczernikiem, w kt\u00f3rym Jezus spotyka si\u0119 przed M\u0119k\u0105 ze swoimi uczniami, umywa im nogi i nazywa przyjaci\u00f3\u0142mi.<br><strong>17:45 Obrz\u0119d ustanowienia nowego lektora<\/strong><br><strong>18:00 Msza Wieczerzy Pa\u0144skiej<\/strong> \u2013 pami\u0105tka ustanowienia Eucharystii i Kap\u0142a\u0144stwa. Tego dnia liturgia ko\u0144czy si\u0119 przeniesieniem Naj\u015bwi\u0119tszego Sakramentu do Ciemnicy.<br><strong>Od godz. 21:00<\/strong> \u2013 adoracja prowadzona przez Odnow\u0119 w Duchu \u015awi\u0119tym. Adoracja trwa do godziny 22:00.<\/p>\n<p>&nbsp;<\/p>\n<h2>WIELKI PI\u0104TEK<\/h2>\n<p><a href=\"http:\/\/rafalk-elblag.pl\/wp-content\/uploads\/2021\/03\/triduum-02.jpg\"><img loading=\"lazy\" decoding=\"async\" class=\"alignright wp-image-4276 size-medium\" src=\"http:\/\/rafalk-elblag.pl\/wp-content\/uploads\/2021\/03\/triduum-02-300x300.jpg\" alt=\"\" width=\"300\" height=\"300\" srcset=\"https:\/\/rafalk-elblag.pl\/wp-content\/uploads\/2021\/03\/triduum-02-300x300.jpg 300w, https:\/\/rafalk-elblag.pl\/wp-content\/uploads\/2021\/03\/triduum-02-150x150.jpg 150w, https:\/\/rafalk-elblag.pl\/wp-content\/uploads\/2021\/03\/triduum-02.jpg 400w\" sizes=\"auto, (max-width: 300px) 100vw, 300px\" \/><\/a>Dzie\u0144 M\u0119ki i \u015bmierci naszego Pana Jezusa Chrystusa. W tym dniu Ko\u015bci\u00f3\u0142 nie sprawuje Mszy \u015bw. Gromadzimy si\u0119 na wieczornej liturgii ku czci M\u0119ki Pa\u0144skiej.<br><strong>9:00 &#8211; CIEMNA JUTRZNIA<\/strong> \u2013 modlitwa brewiarzowa<br><strong>15:00 \u2013 GODZINA MI\u0141OSIERDZIA<\/strong> &#8211; Droga Krzy\u017cowa. oraz Pierwszy Dzie\u0144 Nowenny do Mi\u0142osierdzia Bo\u017cego<br><strong>18:00 LITURGIA M\u0118KI PA\u0143SKIEJ I ADORACJA KRZY\u017bA<\/strong> \u2013 Sk\u0142ada si\u0119 z czterech cz\u0119\u015bci: pierwsza to s\u0142uchanie S\u0142owa Bo\u017cego, druga to ods\u0142oni\u0119cie i adoracja Krzy\u017ca, po niej obrz\u0119dy Komunii \u015awi\u0119tej. Adoracja Krzy\u017ca odb\u0119dzie si\u0119 przez POK\u0141ON Krzy\u017cowi. Liturgia ko\u0144czy si\u0119 przeniesieniem Naj\u015bwi\u0119tszego Sakramentu do symbolicznego Grobu Pa\u0144skiego.<\/p>\n<p><strong>UWAGA!!!<\/strong><br>W tym dniu obowi\u0105zuje nas POST \u015aCIS\u0141Y tzn. wstrzemi\u0119\u017aliwo\u015b\u0107 od pokarm\u00f3w mi\u0119snych i ograniczenie ilo\u015bci spo\u017cywanego pokarmu (trzy posi\u0142ki \u2013 jeden do syta i dwa lekkie).<\/p>\n<p>&nbsp;<\/p>\n<h2>WIELKA SOBOTA<\/h2>\n<p><a href=\"http:\/\/rafalk-elblag.pl\/wp-content\/uploads\/2021\/03\/triduum-03.jpg\"><img loading=\"lazy\" decoding=\"async\" class=\"wp-image-4277 size-medium alignleft\" src=\"http:\/\/rafalk-elblag.pl\/wp-content\/uploads\/2021\/03\/triduum-03-300x300.jpg\" alt=\"\" width=\"300\" height=\"300\" srcset=\"https:\/\/rafalk-elblag.pl\/wp-content\/uploads\/2021\/03\/triduum-03-300x300.jpg 300w, https:\/\/rafalk-elblag.pl\/wp-content\/uploads\/2021\/03\/triduum-03-150x150.jpg 150w, https:\/\/rafalk-elblag.pl\/wp-content\/uploads\/2021\/03\/triduum-03.jpg 400w\" sizes=\"auto, (max-width: 300px) 100vw, 300px\" \/><\/a><strong>9:00 CIEMNA JUTRZNIA<\/strong> \u2013 modlitwa brewiarzowa<br>Dzie\u0144 Adoracji przy Grobie Pa\u0144skim. Z powodu epidemii po\u015bwiecenie pokarm\u00f3w na st\u00f3\u0142 Wielkanocny odb\u0119dzie si\u0119 na placu przy ko\u015bciele o godz. 10:00, 10:30, 11:00, 11:30, 12:00, 12:30, 13:00, 13:30, 14:00 i 14:30. Podczas po\u015bwi\u0119cenia koszyk trzymamy przed sob\u0105, aby zachowa\u0107 wi\u0119kszy porz\u0105dek oraz dystans. Ofiary zbierane w tym dniu przeznaczone b\u0119d\u0105 dla os\u00f3b korzystaj\u0105cych z pomocy Caritas w naszej parafii.<br><strong>15:00 II DZIE\u0143 NOWENNY DO MI\u0141OSIERDZIA BO\u017bEGO<\/strong><br><strong>18:00 WIGILIA PASCHALNA<\/strong> \u2013 To najpi\u0119kniejsza i najbardziej rozbudowana liturgia w ca\u0142ym roku. W jej trakcie proklamowane jest uroczy\u015bcie zwyci\u0119stwo Jezusa nad grzechem i \u015bmierci\u0105 oraz og\u0142oszenie Jego zmartwychwstania. Liturgia rozpocznie si\u0119 przed Ko\u015bcio\u0142em, jednak wiernych prosimy o pozostanie w Ko\u015bciele. Na liturgi\u0119 zabieramy ze sob\u0105 naczynko na wod\u0119 \u015bwi\u0119con\u0105 oraz \u015bwiec\u0119.<\/p>\n<p>&nbsp;<\/p>\n<p>&nbsp;<br><img decoding=\"async\" src=\"http:\/\/rafalk-elblag.pl\/wp-content\/uploads\/2020\/04\/baner-ogloszenia-parafialne.jpg\"><\/p>\n<h1>Og\u0142oszenia parafialne 28.03.2021r<\/h1>\n<p><strong>1. Informujemy, \u017ce zgodnie z aktualnymi decyzjami w\u0142adz pa\u0144stwowych i sanitarnych, przyj\u0119tych tak\u017ce przez w\u0142adze ko\u015bcielne, w Ko\u015bcio\u0142ach na Mszach \u015bwi\u0119tych i innych nabo\u017ce\u0144stwach mo\u017ce przebywa\u0107 1 osoba na 20 m\u00b2. Przychodzimy w maseczkach. \u015aci\u0105gamy je wy\u0142\u0105cznie w momencie przyjmowania Komunii \u015awi\u0119tej.<br><\/strong><\/p>\n<h3>W naszym ko\u015bciele mo\u017ce przebywa\u0107 maksymalnie 30 os\u00f3b.<\/h3>\n<p><strong>2.<\/strong> Zapraszamy na Adoracj\u0119 Naj\u015bwi\u0119tszego Sakramentu w ciszy od 16:00 do 17:15.<\/p>\n<p><strong>3.<\/strong> Gr\u00f3b Pa\u0144ski jest wyrazem wdzi\u0119czno\u015bci Chrystusowi, kt\u00f3ry umar\u0142 za nas. Kto zechcia\u0142by przyczyni\u0107 si\u0119 do upi\u0119kszenia GROBU i KO\u015aCIO\u0141A mo\u017ce, po ka\u017cdej Mszy \u015bwi\u0119tej z\u0142o\u017cy\u0107 dzisiaj ofiar\u0119 do puszki na kwiaty. Dzi\u0119kujemy za zrozumienie.<\/p>\n<p><strong>4.<\/strong> W poniedzia\u0142ek 29 marca br. o godz. 19:00 na plebanii nauka dla rodzic\u00f3w i rodzic\u00f3w chrzestnych, kt\u00f3rych dzieci b\u0119d\u0105 chrzczone podczas \u015bwi\u0105t. OBECNO\u015a\u0106 OBOWI\u0104ZKOWA.<\/p>\n<p><strong>5.<\/strong> ZACH\u0118CAMY DO SPOWIEDZI \u015aWI\u0118TEJ, gdy\u017c od Wielkiego Czwartku rozpoczynamy TRIDUUM PASCHALNE i mo\u017cliwo\u015b\u0107 skorzystania z Sakramentu Pokuty b\u0119dzie ograniczona. Spowied\u017a jeszcze w poniedzia\u0142ek i we wtorek od 19:00 do godz. 20:00.<\/p>\n<p><strong>6.<\/strong> Kancelaria Parafialna czynna b\u0119dzie tylko w Wielk\u0105 \u015arod\u0119 od 16:00 do 17:30.<\/p>\n<p><strong>7.<\/strong> Pami\u0119tajmy o Skarbonce na Ja\u0142mu\u017cn\u0119 Wielkopostn\u0105 2021. W ten spos\u00f3b w\u0142\u0105czamy si\u0119 w og\u00f3lnopolsk\u0105 akcj\u0119 \u201eCZAS MI\u0141OSIERDZIA\u201d.<\/p>\n<p><strong>8.<\/strong> Caritas Parafialna za rozprowadza ostatnie \u015bwieczki i paschaliki na st\u00f3\u0142 WIELKANOCNY w cenie 10 z\u0142. oraz zbiera ofiary na kwiaty do ko\u015bcio\u0142a.<\/p>\n<p><strong>9.<\/strong> W WIELKI PI\u0104TEK o godz. 15:00 rozpoczniemy Nowenn\u0119, kt\u00f3ra przygotowywa\u0107 nas b\u0119dzie do Niedzieli Mi\u0142osierdzia Bo\u017cego. Od Niedzieli Nowenna odprawiana b\u0119dzie po Mszy \u015bw. wieczorowej.<\/p>\n<p><strong>10.<\/strong> Plan czuwania mieszka\u0144c\u00f3w naszej parafii na WIELKI PI\u0104TEK:<br>\u2022 9:00 \u2013 Ciemna Jutrznia<br>\u2022 10:00 \u2013 11:00 \u2013 mieszka\u0144cy ul. Korczaka<br>\u2022 11:00 \u2013 12:00 \u2013 mieszka\u0144cy ul. Brzechwy, Tuwima<br>\u2022 12:00 \u2013 13:00 \u2013 mieszka\u0144cy ul. Sobieskiego, K\u0142oczowskiego<br>\u2022 13:00 \u2013 14:00 \u2013 mieszka\u0144cy ul. Myliusa, Leszczy\u0144skiego, Legion\u00f3w<br>\u2022 14:00 \u2013 15:00 \u2013 mieszka\u0144cy ul. Mieszka I, \u0141okietka, Krzywoustego<br>\u2022 15:00 &#8211; Godzina Mi\u0142osierdzia<br>\u2022 16:00 \u2013 17:00 \u2013 mieszka\u0144cy ul. Og\u00f3lnej, Lubelskiej, Porazi\u0144skiej i Fromborskiej.<\/p>\n<p><strong>11.<\/strong> W NIEDZIEL\u0118 ZMARTWYCHWSTANIA Msza Rezurekcyjna o godz. 6:00. Ze wzgl\u0119du na epidemi\u0119 nie b\u0119dzie procesji wok\u00f3\u0142 Ko\u015bcio\u0142a. Kolejne Msze \u015bw. o godz. 9:00, 10:30, 12:00. 15:00 i 18;00. UWAGA: NIE MA MSZY \u015aW. O GODZ. 7:00<\/p>\n<p><strong>12.<\/strong> Jest mo\u017cliwo\u015b\u0107 nabycia obrazu Jezusa Mi\u0142osiernego w cenie 45 z\u0142., kt\u00f3re zostan\u0105 po\u015bwi\u0119cone w Niedziel\u0119 Mi\u0142osierdzia Bo\u017cego &#8211; 11 kwietnia o godz. 15:00. Zapisy w zakrystii.<\/p>\n<p><strong>13.<\/strong> Przed ko\u015bcio\u0142em mo\u017cna naby\u0107 pras\u0119 katolick\u0105: \u201eGo\u015b\u0107 Niedzielny\u201d w cenie 6 z\u0142.<\/p>\n<p><strong>14.<\/strong> Pan powo\u0142a\u0142 do wieczno\u015bci:<br><b>\u2020 \u015bp. Janusza Ekes <\/b>lat 73 z ul. Korczaka<br>Wieczny odpoczynek racz jej da\u0107 Panie\u2026<\/p>\n<p>&nbsp;<\/p>\n<p><img decoding=\"async\" src=\"http:\/\/rafalk-elblag.pl\/wp-content\/uploads\/2020\/04\/baner-intencje-mszy.jpg\"><\/p>\n<h1>Intencje mszalne 28.03.2021r<br>NIEDZIELA M\u0118KI PA\u0143SKIEJ<\/h1>\n<p><strong>WIELKI PONIEDZIA\u0141EK \/ 29 marca 2021r.<\/strong><br>8.00 \u2020 J\u00f3zefa (k) i Micha\u0142 Jackiewicz<br>18.00 O \u017cyw\u0105 wiar\u0119 i potrzebne \u0142aski dla wnuk\u00f3w \u2013 int. od dziadka<br>18.00 \u2020 Leon Jurgielewicz w 11 r. \u015bm. i Janina Mossakowska<\/p>\n<p><strong>WIELKI WTOREK \/ 30 marca 2021r.<\/strong><br>8.00 \u2020 Franciszek i Karolina Rynkiewicz<br>18.00 \u2020 Andrzej Bara\u0144ski w 8 r. \u015bm.<br>18.00 \u2020 Jadwiga w 6 r. \u015bm.<\/p>\n<p><strong>WIELKA \u015aRODA \/ 31 marca 2021r.<\/strong><br>8.00 O Bo\u017ce b\u0142og., opiek\u0119 MB i zdrowie dla rodziny Rynkiewicz<br>18.00 \u2020 Halina Kie\u0142czewska w 4 r. \u015bm.<br>18.00 O zdroje Mi\u0142osierdzia Bo\u017cego dla ks. kan. Wojciecha Zwolickiego \u2013 int. od Apostolatu Bo\u017cego Mi\u0142osierdzia i Parafialnego Caritas<\/p>\n<p><strong>WIELKI CZWARTEK \/ 1 kwietnia 2021r.<\/strong><br>18.00 O Bo\u017ce b\u0142og. i opiek\u0119 MB dla Krystyny Kurosad z okazji urodzin<br>18.00 O Bo\u017ce b\u0142og., opiek\u0119 MB i Dary Ducha \u015aw. dla kap\u0142an\u00f3w pos\u0142uguj\u0105cych w parafii \u2013 int. od wsp\u00f3lnot parafialnych<br>18.00 O Bo\u017ce b\u0142og., dary Ducha \u015aw. i opiek\u0119 MB dla S\u0142u\u017cby Liturgicznej O\u0142tarza i wszystkich pos\u0142uguj\u0105cych przy naszej Parafii<\/p>\n<p><strong>WIELKI PI\u0104TEK \/ 2 kwietnia 2021r.<\/strong><br>18.00 LITURGIA M\u0118KI PA\u0143SKIEJ<\/p>\n<p><strong>WIELKA SOBOTA \/ 3 kwietnia 2021r.<\/strong><br>18.00 \u2020 Janina w 11 r. \u015bm.<br>18.00 Dzi\u0119k. w 50 urodziny Ma\u0142gorzaty Bardelskiej oraz Bo\u017ce b\u0142og. dla ca\u0142ej rodziny<br>18.00 Dzi\u0119k. w 36 urodziny Anny z pro\u015bb\u0105 o Bo\u017ce prowadzenie<\/p>\n<p><span style=\"text-decoration: underline;\"><strong>Niedziela Zmartwychwstania Pa\u0144skiego \/ 4 kwietnia 2021r.<\/strong><\/span><br>6.00 W intencji Parafian<br>9.00 \u2020 Stanis\u0142awa (k), J\u00f3zef (30 r.\u015b.), Edward (36 r.\u015b.), Barbara (2 r.\u015b.) i zm. z rodz. Osowskich<br>9.00 \u2020 Izabela \u017bmijewska (1 greg.)<br>10.30 \u2020 Czes\u0142aw Buchnowski w 5 r. \u015bm. \u2013 o \u0142ask\u0119 nieba i \u017cycie wieczne<br>12.00 \u2020 Monika i Wiktor Jankowscy i zm. z rodz. Kami\u0144skich<br>18.00 \u2020 Marian Korwel w 20 r. \u015bm.<\/p>\n\n\n<p><\/p>\n","protected":false},"excerpt":{"rendered":"<p>TRIDUUM PASCHALNE trzy dni, kt\u00f3re streszczaj\u0105 to co najwa\u017cniejsze&nbsp; WIELKI CZWARTEK Ko\u015bci\u00f3\u0142 staje si\u0119 w tym dniu, w czasie liturgii Wieczernikiem, w kt\u00f3rym Jezus spotyka si\u0119 przed M\u0119k\u0105 ze swoimi uczniami, umywa im nogi i nazywa przyjaci\u00f3\u0142mi.17:45 Obrz\u0119d ustanowienia nowego lektora18:00 Msza Wieczerzy Pa\u0144skiej \u2013 pami\u0105tka ustanowienia Eucharystii i Kap\u0142a\u0144stwa. Tego dnia liturgia ko\u0144czy si\u0119 [&hellip;]<\/p>\n","protected":false},"author":1,"featured_media":4274,"comment_status":"closed","ping_status":"closed","sticky":false,"template":"","format":"standard","meta":{"ngg_post_thumbnail":0,"footnotes":""},"categories":[11,8,4,3],"tags":[],"class_list":["post-4272","post","type-post","status-publish","format-standard","has-post-thumbnail","hentry","category-aktualnosci","category-blog","category-intencje","category-ogloszenia"],"_links":{"self":[{"href":"https:\/\/rafalk-elblag.pl\/index.php?rest_route=\/wp\/v2\/posts\/4272","targetHints":{"allow":["GET"]}}],"collection":[{"href":"https:\/\/rafalk-elblag.pl\/index.php?rest_route=\/wp\/v2\/posts"}],"about":[{"href":"https:\/\/rafalk-elblag.pl\/index.php?rest_route=\/wp\/v2\/types\/post"}],"author":[{"embeddable":true,"href":"https:\/\/rafalk-elblag.pl\/index.php?rest_route=\/wp\/v2\/users\/1"}],"replies":[{"embeddable":true,"href":"https:\/\/rafalk-elblag.pl\/index.php?rest_route=%2Fwp%2Fv2%2Fcomments&post=4272"}],"version-history":[{"count":8,"href":"https:\/\/rafalk-elblag.pl\/index.php?rest_route=\/wp\/v2\/posts\/4272\/revisions"}],"predecessor-version":[{"id":4287,"href":"https:\/\/rafalk-elblag.pl\/index.php?rest_route=\/wp\/v2\/posts\/4272\/revisions\/4287"}],"wp:featuredmedia":[{"embeddable":true,"href":"https:\/\/rafalk-elblag.pl\/index.php?rest_route=\/wp\/v2\/media\/4274"}],"wp:attachment":[{"href":"https:\/\/rafalk-elblag.pl\/index.php?rest_route=%2Fwp%2Fv2%2Fmedia&parent=4272"}],"wp:term":[{"taxonomy":"category","embeddable":true,"href":"https:\/\/rafalk-elblag.pl\/index.php?rest_route=%2Fwp%2Fv2%2Fcategories&post=4272"},{"taxonomy":"post_tag","embeddable":true,"href":"https:\/\/rafalk-elblag.pl\/index.php?rest_route=%2Fwp%2Fv2%2Ftags&post=4272"}],"curies":[{"name":"wp","href":"https:\/\/api.w.org\/{rel}","templated":true}]}}