{"id":4264,"date":"2021-03-21T12:56:06","date_gmt":"2021-03-21T12:56:06","guid":{"rendered":"http:\/\/rafalk-elblag.pl\/?p=4264"},"modified":"2021-03-21T12:57:13","modified_gmt":"2021-03-21T12:57:13","slug":"biuletyn-21-03-2021-v-niedziela-wielkiego-postu","status":"publish","type":"post","link":"https:\/\/rafalk-elblag.pl\/?p=4264","title":{"rendered":"Biuletyn 21.03.2021, V Niedziela Wielkiego Postu"},"content":{"rendered":"<p><img decoding=\"async\" src=\"http:\/\/rafalk-elblag.pl\/wp-content\/uploads\/2021\/03\/baner-210321.jpg\"><\/p>\n<h1>PRAKTYKUJMY WYRZECZENIA<\/h1>\n<p>&nbsp;<br \/>\n<strong>Zacznijmy od szczerego wyznania: wielu z nas nie prze\u017cywa ju\u017c postu poza dwoma dniami w roku: \u015arod\u0105 Popielcow\u0105 i Wielkim Pi\u0105tkiem. Bo przecie\u017c post nie oznacza wy\u0142\u0105cznie powstrzymania si\u0119 od spo\u017cywania mi\u0119sa. To nazywa si\u0119 abstynencj\u0105. Mo\u017ce dotyczy\u0107 powstrzymywania si\u0119 od alkoholu, papieros\u00f3w, s\u0142odyczy, a katolik\u00f3w obowi\u0105zuje od pokarm\u00f3w mi\u0119snych w ka\u017cdy pi\u0105tek, kt\u00f3ry nie jest w Ko\u015bciele uroczysto\u015bci\u0105.<\/strong><\/p>\n<p>Odpowiedzmy sobie szczerze na pytanie: ilu znamy ludzi, kt\u00f3rzy jeszcze o to cho\u0107 troch\u0119 dbaj\u0105? Chyba niewielu. Teoretycznie post, czyli wstrzymanie si\u0119 od spo\u017cywania jakichkolwiek pokarm\u00f3w, obowi\u0105zuje na godzin\u0119 przed Komuni\u0105 \u015awi\u0119t\u0105, ale tutaj \u2013 mo\u017cna rzec \u2013 ko\u015bcielny ustawodawca wykaza\u0142 swoiste poczucie humoru, bo przecie\u017c je\u017celi Msza trwa prawie godzin\u0119, droga do ko\u015bcio\u0142a zajmuje przynajmniej 10 minut, to w sumie mo\u017cna si\u0119 naje\u015b\u0107 tu\u017c przed wyj\u015bciem do \u015bwi\u0105tyni i\u2026 mie\u0107 post \u201ezaliczony\u201d. Tylko czy o takim \u201epo\u015bcie\u201d m\u00f3wi Pismo \u015awi\u0119te? Oczywi\u015bcie nie.<\/p>\n<p>Tak wi\u0119c w Ko\u015bciele katolickim oficjalnie istnieje Wielki Post, ale niewielu po\u015bci, bo de facto z postu zosta\u0142a tylko nazwa. Poza wy\u017cej wymienionymi dwoma dniami. Inne posty, jak prawdziwy post przed Komuni\u0105 \u015awi\u0119t\u0105, zosta\u0142y r\u00f3wnie\u017c zniesione. Nie nam os\u0105dza\u0107, czy s\u0142usznie. Mo\u017cna tylko stwierdzi\u0107, zgodnie z sumieniem, \u017ce w tzw. wojnie postu z karnawa\u0142em, odwiecznej wojnie umartwienia oraz wyrzeczenia z u\u017cywaniem i zaspokajaniem wszelkich zachcianek, niestety zdecydowanie wygra\u0142a ta druga strona\u2026<\/p>\n<p>Jaki to ma wp\u0142yw na nasze \u017cycie duchowe? Ogromny! \u015awi\u0119ta Teresa pisze, \u017ce niemo\u017cliwa jest za\u017cy\u0142o\u015b\u0107, czyli przyja\u017a\u0144 z Bogiem bez umiej\u0119tno\u015bci wyrzekania si\u0119 dla Boga tego, co niekonieczne dla \u017cycia. Twierdzi nawet, \u017ce kto nie umie si\u0119 wyrzeka\u0107, ten nie mo\u017ce si\u0119 w\u0142a\u015bciwie modli\u0107. Oczywi\u015bcie, nie mamy tutaj na my\u015bli recytowania formu\u0142ek, tylko bardzo intymn\u0105 rozmow\u0119 z Panem Bogiem.<\/p>\n<p>Dzisiaj nawet wielu zakonnik\u00f3w w Europie i Ameryce zapomnia\u0142o, co to jest prawdziwa modlitwa wyp\u0142ywaj\u0105ca z g\u0142\u0119bi duszy, tak wi\u0119c trudno dziwi\u0107 si\u0119 tym \u015bwieckim, kt\u00f3rzy pozostali przy \u201eklepaniu paciork\u00f3w\u201d czy przy modlitwach od Pierwszej Komunii \u015awi\u0119tej. Taka nie wp\u0142ynie na przemian\u0119, na podj\u0119cie decyzji o praktykowaniu wyrzecze\u0144. A musimy pami\u0119ta\u0107, \u017ce brak wyrzecze\u0144 i uleganie wszelkim zachciankom straszliwie os\u0142abia wol\u0119, tak \u017ce po jakim\u015b czasie cz\u0142owiek nie potrafi sobie niczego odm\u00f3wi\u0107. To w konsekwencji prowadzi do zaniku \u017cycia duchowego \u2013 \u017cycia dla Boga. My\u015bli si\u0119 tylko o tym \u015bwiecie i \u017cyje jego z\u0142udzeniami. Stare, m\u0105dre porzekad\u0142o m\u00f3wi: Kto nie umie odm\u00f3wi\u0107 sobie rzeczy dozwolonej, nie potrafi sobie odm\u00f3wi\u0107 tak\u017ce niedozwolonej.<\/p>\n<p>Ale mo\u017ce kto\u015b powiedzie\u0107 na przyk\u0142ad: Skoro post w swoim najg\u0142\u0119bszym sensie jest wyrzeczeniem, a nie jedynie unikaniem potraw mi\u0119snych, to ja mog\u0119 je\u015b\u0107 mi\u0119so w pi\u0105tki, a nie b\u0119d\u0119 jad\u0142 jajek w poniedzia\u0142ek. To jest b\u0142\u0119dne my\u015blenie. Najpierw, Bracie i Siostro, poka\u017c, \u017ce potrafisz zachowa\u0107 to, co nakazuje Ko\u015bci\u00f3\u0142. Chodzi o powiedzenie \u201eNIE\u201d naszej zepsutej naturze. Ile razy -zwyci\u0119\u017ca w nas wyrzeczenie si\u0119 dla Boga czego\u015b dozwolonego, tylekro\u0107 wzrasta nasza si\u0142a woli. Jeste\u015bmy wtedy gotowi do pe\u0142nienia dobrych czyn\u00f3w, nawet gdy to nas wiele kosztuje.<\/p>\n<p><strong>Ludzie oddani Chrystusowi zamiast \u0107wiczy\u0107 mi\u0119\u015bnie, bardziej \u0107wiczyli wol\u0119, odporno\u015b\u0107 na pokusy, rezygnacj\u0119 z tego, co niekonieczne; bo mieli \u015bwiadomo\u015b\u0107, \u017ce tylko przez wyrzeczenia mo\u017cemy i\u015b\u0107 do Nieba. Pan Jezus powiedzia\u0142 przecie\u017c: Kto chce i\u015b\u0107 za Mn\u0105, niech si\u0119 zaprze samego siebie, niech co dnia bierze sw\u00f3j krzy\u017c i niech Mnie na\u015bladuje (\u0141k 9,23). Naszym krzy\u017cem jest znoszenie tego, co trudne i wyrzekanie si\u0119 tego, co przyjemne, by w ten spos\u00f3b na\u015bladowa\u0107 Zbawiciela, kt\u00f3ry od samego pocz\u0105tku pobytu na tym \u015bwiecie wybra\u0142 ub\u00f3stwo i wyrzeczenia. Innej drogi do Nieba nie ma.<\/strong><\/p>\n<p>&nbsp;<\/p>\n<p>&nbsp;<br \/>\n<img decoding=\"async\" src=\"http:\/\/rafalk-elblag.pl\/wp-content\/uploads\/2020\/04\/baner-ogloszenia-parafialne.jpg\"><\/p>\n<h1>Og\u0142oszenia parafialne 21.03.2021r<\/h1>\n<h4>1. Zapraszamy w ka\u017cd\u0105 Niedziel\u0119 WIELKIEGO POSTU na Adoracj\u0119 Naj\u015bwi\u0119tszego Sakramentu w ciszy od 16:00 do 17:15.<\/h4>\n<p><strong>2.<\/strong> Wykorzystajmy czas WIELKIEGO POSTU dla naszego wzrostu duchowego poprzez gorliwy i owocny udzia\u0142 w Liturgii Wielkopostnej i Nabo\u017ce\u0144stwach Pokutnych. Zapraszamy w ka\u017cd\u0105 niedziel\u0119 o godz. 17:15 na Gorzkie \u017bale z kazaniem pasyjnym, a w ka\u017cdy pi\u0105tek Wielkiego Postu na Drog\u0119 Krzy\u017cow\u0105: godz. 16:30 dla dzieci; godz. 17:15 dla doros\u0142ych i m\u0142odzie\u017cy.<\/p>\n<p><strong>3.<\/strong> W czwartek 25 marca br. przypada 29 rocznica powstania DIECEZJI ELBLASKIEJ. Zach\u0119camy do modlitwy za nasz\u0105 diecezj\u0119. Pami\u0119tajmy, \u017ce Uroczysto\u015b\u0107 Zwiastowania Pa\u0144skiego to DZIE\u0143 \u015aWI\u0118TO\u015aCI \u017bYCIA. Msze \u015bw. w naszej parafii o godz. 8:00, 11:00 i 18:00. Przy Biuletynie znajdziemy kartki dla os\u00f3b pragn\u0105cych w\u0142\u0105czy\u0107 si\u0119 w to wielkie dzie\u0142o modlitewne &#8211; OBRONY \u017bYCIA.<\/p>\n<h4>\n<strong>4.<\/strong> M\u0142odzie\u017c naszej parafii i kap\u0142ani pragn\u0105 zaprosi\u0107 w pi\u0105tek tj. 26 marca br. o godz. 17:15 wszystkich wiernych na \u015bpiewan\u0105 Drog\u0119 Krzy\u017cow\u0105 \u201e\u015aLAD LOSU\u201d. Prze\u017cyj wraz z nami ostatnie chwile \u017cycia Pana Jezusa.<\/h4>\n<p><strong>5.<\/strong> Tradycyjnie w Niedziel\u0119 Palmow\u0105 tj. 28 marca br., b\u0119dzie mo\u017cliwo\u015b\u0107 nabycia palemek zrobionych przez ks. Marcina.<\/p>\n<p><strong>6.<\/strong> Pami\u0119tajmy o Skarbonce na Ja\u0142mu\u017cn\u0119 Wielkopostn\u0105 2021. W ten spos\u00f3b w\u0142\u0105czamy si\u0119 w og\u00f3lnopolsk\u0105 akcj\u0119 \u201eCZAS MI\u0141OSIERDZIA\u201d.<\/p>\n<p><strong>7.<\/strong> W przysz\u0142\u0105 niedziel\u0119 spotkanie Apostolatu Bo\u017cego Mi\u0142osierdzia oraz Woluntariuszy Caritas po Mszy \u015bw. o godz. 15:00 na plebanii. Obecno\u015b\u0107 wszystkich cz\u0142onk\u00f3w mile widziana. Caritas Parafialna za rozprowadza ostatnie \u015bwieczki i paschaliki na st\u00f3\u0142 WIELKANOCNY w cenie 10 z\u0142.<\/p>\n<p><strong>8.<\/strong> Ofiary na kwiaty do Grobu Pa\u0144skiego i Ko\u015bcio\u0142a b\u0119dzie mo\u017cna z\u0142o\u017cy\u0107 za tydzie\u0144 (w Niedziel\u0119 Palmow\u0105) do puszek przed ko\u015bcio\u0142em. Dzi\u0119kuj\u0119 za zrozumienie.<\/p>\n<p>9. Zapraszamy serdecznie do udzia\u0142u w EKSTREMALNEJ DRODZE KRZY\u017bOWEJ. Z racji pandemii odb\u0119dzie si\u0119 ona w dw\u00f3ch terminach: 19 i 26 marca. Jak w poprzednich latach przygotowane s\u0105 4 trasy &#8211; do Tolkmicka, Fromborka, Zielonki Pas\u0142\u0119ckiej i p\u0119tla, kt\u00f3ra rozpoczyna i ko\u0144czy si\u0119 w Elbl\u0105gu. Ka\u017cda z nich ma ponad 40 km do przej\u015bcia. Zach\u0119camy do udzia\u0142u. Koszt pakietu z rozwa\u017caniami 10 z\u0142.<\/p>\n<p>Wi\u0119cej informacji na stronie www.edk.org.pl.<\/p>\n<p><strong>NIE WARTO \u017bY\u0106 NORMALNIE, WARTO \u017bY\u0106 EKSTREMALNIE!<\/strong><\/p>\n<p><strong>10.<\/strong> Przed ko\u015bcio\u0142em mo\u017cna naby\u0107 pras\u0119 katolick\u0105: \u201eGo\u015b\u0107 Niedzielny\u201d w cenie 6 z\u0142.<\/p>\n<p><strong>11.<\/strong> Pan powo\u0142a\u0142 do wieczno\u015bci:<br \/>\n<b>\u2020 \u015bp. Stanis\u0142aw\u0119 D\u0105browsk\u0105 <\/b> lat 93 z ul. Tuwima<br \/>\nWieczny odpoczynek racz jej da\u0107 Panie\u2026<\/p>\n<p>&nbsp;<\/p>\n<p><img decoding=\"async\" src=\"http:\/\/rafalk-elblag.pl\/wp-content\/uploads\/2020\/04\/baner-intencje-mszy.jpg\"><\/p>\n<h1>Intencje mszalne 21.03.2021r<br \/>\nV Niedziela Wielkiego Postu<\/h1>\n<p><strong>PONIEDZIA\u0141EK \/ 22 marca 2021r.<\/strong><br \/>\n8.00 \u2020 Dariusz Morzy<br \/>\n18.00 \u2020 Jan Kr\u00f3l \u2013 int. od s\u0105siad\u00f3w<br \/>\n18.00 \u2020 Krystyna i Stanis\u0142aw Lipi\u0144scy, W\u0142adys\u0142awa (k) i Stanis\u0142aw Szostek, oraz brat Jan<\/p>\n<p><strong>WTOREK \/ 23 marca 2021r.<\/strong><br \/>\n8.00 \u2020 Stefania i Ryszard Sienkiewicz, Stanis\u0142awa (k) i Pawe\u0142 Zgirscy<br \/>\n18.00 \u2020 Halina Krawczyk w 1 r. \u015bm.<br \/>\n18.00 O \u0142ask\u0119 zdrowia i nieustann\u0105 opiek\u0119 MB dla Patrycji<\/p>\n<p><strong>\u015aRODA \/ 24 marca 2021r.<\/strong><br \/>\n8.00 O wiar\u0119, nadziej\u0119, mi\u0142o\u015b\u0107 dla Zbigniewa Jackiewicza, \u017cony Wiesi, dzieci i wnuk\u00f3w<br \/>\n18.00 Wynagradzaj\u0105ca NSPJ i NSM za grzechy Marii, Romana, Rados\u0142awa, Przemys\u0142awa, Patrycji, Klaudii i Ewy<br \/>\n18.00 \u2020 Antoni Bielski w 30 dpp.<\/p>\n<p><strong>CZWARTEK \/ 25 marca 2021r. \/ uroczysto\u015b\u0107 Zwiastowania Pa\u0144skiego<\/strong><br \/>\n8.00 \u2020 Janusz G\u0142owacki w 10 r. \u015bm. i zmarli rodzice z obojga stron<br \/>\n18.00 \u2020 Czes\u0142awa (k) i Stanis\u0142aw Kowalscy, Genowefa i Stanis\u0142aw Olewnik, Wiktoria i J\u00f3zef Szwarc, Wanda Grad<br \/>\n18.00 O Bo\u017ce b\u0142og., dary Ducha \u015aw. i opiek\u0119 MB dla ks. Wojciecha Zwolickiego i dla modl\u0105cych si\u0119 w XI R\u00f3\u017cy MB Nadziei i ich rodzin<\/p>\n<p><strong>PI\u0104TEK \/ 26 marca 2021r.<\/strong><br \/>\n8.00 O wiar\u0119, nadziej\u0119 i mi\u0142o\u015b\u0107 dla wnuk\u00f3w \u2013 int. od dziadka<br \/>\n18.00 \u2020 Roman, Waldemar i Henryk Pawliccy<br \/>\n18.00 \u2020 Zmarli z rodzin Stolarskich i Jarosz\u00f3w<\/p>\n<p><strong>SOBOTA \/ 27 marca 2021r.<\/strong><br \/>\n8.00 \u2020 Tomasz i Janina Chmielewscy, Stanis\u0142awa (k) i Edward Szumi\u0142o<br \/>\n18.00 \u2020 Micha\u0142 Kat w 36 r. \u015bm. i Edward D\u0105bkowski w 13 r. \u015bm.<\/p>\n<p><span style=\"color: #ff0000;\"><strong>Niedziela M\u0119ki Pa\u0144skiej (Palmowa) \/ 28 marca 2021r.<\/strong><\/span><br \/>\n7.00 O Bo\u017ce b\u0142og., opiek\u0119 MB Szkaplerznej i potrzebne \u0142aski dla Bo\u017ceny Sta\u0144czyk<br \/>\n9.00 Dzi\u0119k. za otrzymane \u0142aski z pro\u015bb\u0105 o Bo\u017ce b\u0142og., opiek\u0119 MB Szkaplerznej i zdrowie dla Barbary i Piotra Ku\u015bniewskich oraz dzieci i ich rodzin<br \/>\n10.30 \u2020 Zygmunt Zdrojewski w 16 r. \u015bm., Kazimiera (k), J\u00f3zef i Jan Cywi\u0144scy i zm. dziadkowie<br \/>\n12.00 W intencji Parafian<br \/>\n15.00 \u2020 Janina, Edward i Czes\u0142aw Skotniccy<br \/>\n18.00 \u2020 Stanis\u0142aw Hry\u0144 w 15 r. \u015bm. i Emilia Hry\u0144<\/p>\n","protected":false},"excerpt":{"rendered":"<p>PRAKTYKUJMY WYRZECZENIA &nbsp; Zacznijmy od szczerego wyznania: wielu z nas nie prze\u017cywa ju\u017c postu poza dwoma dniami w roku: \u015arod\u0105 Popielcow\u0105 i Wielkim Pi\u0105tkiem. Bo przecie\u017c post nie oznacza wy\u0142\u0105cznie powstrzymania si\u0119 od spo\u017cywania mi\u0119sa. To nazywa si\u0119 abstynencj\u0105. Mo\u017ce dotyczy\u0107 powstrzymywania si\u0119 od alkoholu, papieros\u00f3w, s\u0142odyczy, a katolik\u00f3w obowi\u0105zuje od pokarm\u00f3w mi\u0119snych w ka\u017cdy [&hellip;]<\/p>\n","protected":false},"author":1,"featured_media":4266,"comment_status":"closed","ping_status":"closed","sticky":false,"template":"","format":"standard","meta":{"ngg_post_thumbnail":0,"footnotes":""},"categories":[11,8,4,3],"tags":[],"class_list":["post-4264","post","type-post","status-publish","format-standard","has-post-thumbnail","hentry","category-aktualnosci","category-blog","category-intencje","category-ogloszenia"],"_links":{"self":[{"href":"https:\/\/rafalk-elblag.pl\/index.php?rest_route=\/wp\/v2\/posts\/4264","targetHints":{"allow":["GET"]}}],"collection":[{"href":"https:\/\/rafalk-elblag.pl\/index.php?rest_route=\/wp\/v2\/posts"}],"about":[{"href":"https:\/\/rafalk-elblag.pl\/index.php?rest_route=\/wp\/v2\/types\/post"}],"author":[{"embeddable":true,"href":"https:\/\/rafalk-elblag.pl\/index.php?rest_route=\/wp\/v2\/users\/1"}],"replies":[{"embeddable":true,"href":"https:\/\/rafalk-elblag.pl\/index.php?rest_route=%2Fwp%2Fv2%2Fcomments&post=4264"}],"version-history":[{"count":3,"href":"https:\/\/rafalk-elblag.pl\/index.php?rest_route=\/wp\/v2\/posts\/4264\/revisions"}],"predecessor-version":[{"id":4269,"href":"https:\/\/rafalk-elblag.pl\/index.php?rest_route=\/wp\/v2\/posts\/4264\/revisions\/4269"}],"wp:featuredmedia":[{"embeddable":true,"href":"https:\/\/rafalk-elblag.pl\/index.php?rest_route=\/wp\/v2\/media\/4266"}],"wp:attachment":[{"href":"https:\/\/rafalk-elblag.pl\/index.php?rest_route=%2Fwp%2Fv2%2Fmedia&parent=4264"}],"wp:term":[{"taxonomy":"category","embeddable":true,"href":"https:\/\/rafalk-elblag.pl\/index.php?rest_route=%2Fwp%2Fv2%2Fcategories&post=4264"},{"taxonomy":"post_tag","embeddable":true,"href":"https:\/\/rafalk-elblag.pl\/index.php?rest_route=%2Fwp%2Fv2%2Ftags&post=4264"}],"curies":[{"name":"wp","href":"https:\/\/api.w.org\/{rel}","templated":true}]}}