{"id":4256,"date":"2021-03-14T11:35:49","date_gmt":"2021-03-14T11:35:49","guid":{"rendered":"http:\/\/rafalk-elblag.pl\/?p=4256"},"modified":"2021-03-16T20:26:11","modified_gmt":"2021-03-16T20:26:11","slug":"biuletyn-14-03-2021-iv-niedziela-wielkiego-postu","status":"publish","type":"post","link":"https:\/\/rafalk-elblag.pl\/?p=4256","title":{"rendered":"Biuletyn 14.03.2021, IV Niedziela Wielkiego Postu"},"content":{"rendered":"<p><img decoding=\"async\" src=\"http:\/\/rafalk-elblag.pl\/wp-content\/uploads\/2021\/03\/baner-140321.jpg\"><\/p>\n<h1>REKOLEKCJE WIELKOPOSTNE<\/h1>\n<p>&nbsp;<br \/>\n<strong>\u017beby zrozumie\u0107, czym s\u0105 rekolekcje i jak je mamy prze\u017cywa\u0107, najlepiej b\u0119dzie zacz\u0105\u0107 od tego, sk\u0105d si\u0119 wzi\u0119\u0142o oznaczaj\u0105ce je s\u0142owo. A wzi\u0119\u0142o si\u0119 ono z j\u0119zyka \u0142aci\u0144skiego: od re-colligo oznaczaj\u0105cego \u201eznowu zbiera\u0107, przyjmowa\u0107, odzyska\u0107\u201d (w formie zwrotnej se recoligere oznacza \u201eoch\u0142on\u0105\u0107, opami\u0119ta\u0107 si\u0119\u201d) lub te\u017c od re-colo &#8211; \u201ena nowo uprawia\u0107, znowu si\u0119 czym\u015b zajmowa\u0107, przywr\u00f3ci\u0107, jeszcze raz rozwa\u017cy\u0107\u201d. Chodzi\u0142oby wi\u0119c o powr\u00f3t do czego\u015b, powt\u00f3rne rozwa\u017cenie, zaj\u0119cie si\u0119 czym\u015b jeszcze raz. Czym? Naszym \u017cyciem.<\/strong><\/p>\n<p>W codziennym zabieganiu rzadko mamy czas, by si\u0119 nad czym\u015b g\u0142\u0119biej zastanowi\u0107. W \u017cycie (tak\u017ce duchowe) wkradaj\u0105 si\u0119 pewnego rodzaju automatyzmy. Z jednej strony u\u0142atwiaj\u0105 nam one \u017cycie (bo przecie\u017c trudno codziennie, podejmuj\u0105c modlitw\u0119, zadawa\u0107 sobie pytanie: po co w og\u00f3le si\u0119 modl\u0119), z drugiej jednak strony automatyzmy te mog\u0105 powodowa\u0107 sp\u0142ycenie rozumienia tre\u015bci religijnych, gdy\u017c wiele rzeczy robimy bezmy\u015blnie.<\/p>\n<p>Nie zastanawiaj\u0105c si\u0119 g\u0142\u0119biej nad prawdami naszej wiary i przyjmuj\u0105c je mechanicznie \u201ebo wszyscy tak wierz\u0105 i wszyscy tak robi\u0105\u201d, ryzykujemy, \u017ce w momencie pr\u00f3by nie b\u0119dziemy w stanie swojej wiary obroni\u0107. M\u00f3wi\u0105c obrazowo: z nasz\u0105 religijno\u015bci\u0105 jest tak, jak z meblami &#8211; z czasem pokrywaj\u0105 si\u0119 coraz grubsz\u0105 warstw\u0105 kurzu. Je\u015bli tego kurzu nie b\u0119dziemy przynajmniej raz na jaki\u015b czas \u015bciera\u0107, z czasem nie b\u0119dziemy mogli rozpozna\u0107 nie tylko koloru, ale nawet kszta\u0142tu naszych stylowych \u201eLudwik\u00f3w\u201d.<\/p>\n<p>Doskona\u0142\u0105 zach\u0119t\u0105 do tak rozumianych rekolekcji mog\u0105 si\u0119 dla nas sta\u0107 s\u0142owa, kt\u00f3re skierowa\u0142 \u015bw. Jan Aposto\u0142 do Ko\u015bcio\u0142a w Efezie: \u201eZnam twoje czyny: trud i twoj\u0105 wytrwa\u0142o\u015b\u0107 (\u2026). Ale mam przeciw tobie to, \u017ce odst\u0105pi\u0142e\u015b od twej pierwotnej mi\u0142o\u015bci. Pami\u0119taj wi\u0119c, sk\u0105d spad\u0142e\u015b i nawr\u00f3\u0107 si\u0119, i pierwsze czyny podejmij!\u201d (Ap 2, 2-5).<\/p>\n<p>&nbsp;<\/p>\n<h1><span style=\"color: #9135b0;\">Pogram rekolekcji wielkopostnych 2021<\/span><\/h1>\n<h2><strong><u>SPOWIED\u0179 P\u00d3\u0141 GODZINY PRZED KA\u017bD\u0104 MSZ\u0104 \u015aWI\u0118T\u0104<\/u><\/strong><\/h2>\n<p>&nbsp;<\/p>\n<table>\n<tbody>\n<tr>\n<td colspan=\"2\" width=\"454\"><strong>PONIEDZIA\u0141EK 15 marca 2021 r.<\/strong><\/td>\n<\/tr>\n<tr>\n<td width=\"47\"><strong>8.00<\/strong><\/td>\n<td width=\"406\">Msza \u015bw. z nauk\u0105 dla doros\u0142ych<\/td>\n<\/tr>\n<tr>\n<td width=\"47\"><strong>11.00<\/strong><\/td>\n<td width=\"406\">Msza \u015bw. z nauk\u0105 dla doros\u0142ych<\/td>\n<\/tr>\n<tr>\n<td width=\"47\"><strong>16.30<\/strong><\/td>\n<td width=\"406\">Spotkanie i nauka dla dzieci<\/td>\n<\/tr>\n<tr>\n<td width=\"47\"><strong>17.30<\/strong><\/td>\n<td width=\"406\">Adoracja Naj\u015bwi\u0119tszego Sakramentu<\/td>\n<\/tr>\n<tr>\n<td width=\"47\"><strong>18.00<\/strong><\/td>\n<td width=\"406\">Msza \u015bw. z nauk\u0105 dla doros\u0142ych<\/td>\n<\/tr>\n<tr>\n<td width=\"47\"><strong>19.30<\/strong><\/td>\n<td width=\"406\">Spotkanie i nauka dla m\u0142odzie\u017cy \/ kandydat\u00f3w do bierzmowania<\/td>\n<\/tr>\n<tr>\n<td colspan=\"2\" width=\"454\"><strong>WTOREK 16 marca 2021 r.<\/strong><\/td>\n<\/tr>\n<tr>\n<td width=\"47\"><strong>8.00<\/strong><\/td>\n<td width=\"406\">Msza \u015bw. z nauk\u0105 dla doros\u0142ych<\/td>\n<\/tr>\n<tr>\n<td width=\"47\"><strong>11.00<\/strong><\/td>\n<td width=\"406\">Msza \u015bw. z nauk\u0105 dla doros\u0142ych<\/td>\n<\/tr>\n<tr>\n<td width=\"47\"><strong>16.30<\/strong><\/td>\n<td width=\"406\">Spotkanie i nauka dla dzieci<\/td>\n<\/tr>\n<tr>\n<td width=\"47\"><strong>17.30<\/strong><\/td>\n<td width=\"406\">Adoracja Naj\u015bwi\u0119tszego Sakramentu<\/td>\n<\/tr>\n<tr>\n<td width=\"47\"><strong>18.00<\/strong><\/td>\n<td width=\"406\">Msza \u015bw. z nauk\u0105 dla doros\u0142ych<\/td>\n<\/tr>\n<tr>\n<td width=\"47\"><strong>19.30<\/strong><\/td>\n<td width=\"406\">Spotkanie i nauka dla m\u0142odzie\u017cy \/ kandydat\u00f3w do bierzmowania<\/td>\n<\/tr>\n<tr>\n<td colspan=\"2\" width=\"454\"><strong>\u015aRODA 17 marca 2021 r.<\/strong><\/td>\n<\/tr>\n<tr>\n<td width=\"47\"><strong>8.00<\/strong><\/td>\n<td width=\"406\">Msza \u015bw. z nauk\u0105 dla doros\u0142ych<\/td>\n<\/tr>\n<tr>\n<td width=\"47\"><strong>11.00<\/strong><\/td>\n<td width=\"406\">Msza \u015bw. z nauk\u0105 dla doros\u0142ych<\/td>\n<\/tr>\n<tr>\n<td width=\"47\"><strong>16.30<\/strong><\/td>\n<td width=\"406\">Msza \u015bw. z nauk\u0105 dla dzieci<\/td>\n<\/tr>\n<tr>\n<td width=\"47\"><strong>17.30<\/strong><\/td>\n<td width=\"406\">Adoracja Naj\u015bwi\u0119tszego Sakramentu<\/td>\n<\/tr>\n<tr>\n<td width=\"47\"><strong>18.00<\/strong><\/td>\n<td width=\"406\">Msza \u015bw. z nauk\u0105 dla doros\u0142ych<\/td>\n<\/tr>\n<tr>\n<td width=\"47\"><strong>19.30<\/strong><\/td>\n<td width=\"406\">Msza \u015bw. z nauk\u0105 dla m\u0142odzie\u017cy \/ kandydat\u00f3w do bierzmowania<\/td>\n<\/tr>\n<\/tbody>\n<\/table>\n<h2>&nbsp;<\/h2>\n<p><span style=\"color: #9135b0;\"><strong>Przez 3 dni Rekolekcji (poniedzia\u0142ek, wtorek, \u015broda) o godz. 21:00 b\u0119d\u0105 bi\u0142y dzwony naszego Ko\u015bcio\u0142a. Zach\u0119camy, by w tym czasie w oknach naszych mieszka\u0144 wystawi\u0107 zapalone \u015bwiece. Niech one b\u0119d\u0105 wyrazem modlitwy o ustanie pandemii.<\/strong><\/span><\/p>\n<p>&nbsp;<\/p>\n<p>&nbsp;<br \/>\n<img decoding=\"async\" src=\"http:\/\/rafalk-elblag.pl\/wp-content\/uploads\/2020\/04\/baner-ogloszenia-parafialne.jpg\"><\/p>\n<h1>Og\u0142oszenia parafialne 14.03.2021r<\/h1>\n<p>1. W dniu dzisiejszym rozpoczynamy Rekolekcje Wielkopostne, kt\u00f3re poprowadzi ks. Piotr Bryk \u2013 Administrator Parafii \u015bw. Brunona z Kwerfurtu w Elbl\u0105gu. Pro\u015bmy o \u015bwiat\u0142o Ducha \u015awi\u0119tego dla Niego oraz dla ca\u0142ej parafii, aby s\u0142owa wypowiedziane w czasie tych dni, przemieni\u0142y nasze serca i przygotowa\u0142y na rado\u015b\u0107 \u015awi\u0105t Wielkanocnych. Program rekolekcji znajdziemy w Biuletynie.<\/p>\n<p><strong>2.<\/strong> W czasie rekolekcji prosimy o zg\u0142aszanie (w zakrystii) chorych, do kt\u00f3rych kap\u0142an uda si\u0119 z komuni\u0105 \u015bwi\u0119t\u0105 w \u015brod\u0119 17 marca br. od godz. 15:00.<\/p>\n<p><strong>3<\/strong>. Zapraszamy w ka\u017cd\u0105 Niedziel\u0119 WIELKIEGO POSTU na Adoracj\u0119 Naj\u015bwi\u0119tszego Sakramentu w ciszy od 16:00 do 17:15.<\/p>\n<p><strong>4.<\/strong> Wykorzystajmy czas WIELKIEGO POSTU dla naszego wzrostu duchowego poprzez gorliwy i owocny udzia\u0142 w Liturgii Wielkopostnej i Nabo\u017ce\u0144stwach Pokutnych. Zapraszamy w ka\u017cd\u0105 niedziel\u0119 o godz. 17:15 na Gorzkie \u017bale z kazaniem pasyjnym, a w ka\u017cdy pi\u0105tek Wielkiego Postu na Drog\u0119 Krzy\u017cow\u0105: godz. 16:30 dla dzieci; godz. 17:15 dla doros\u0142ych; godz.19:00 dla m\u0142odzie\u017cy.<\/p>\n<p><strong>5.<\/strong> Od 10 marca do 18 marca trwa NOWENNA DO \u015aWI\u0118TEGO J\u00d3ZEFA. Zach\u0119cam wszystkich parafian do w\u0142\u0105czenia si\u0119 w powy\u017csz\u0105 modlitw\u0119, gdy\u017c Ojciec \u015awi\u0119ty Franciszek rok 2021 og\u0142osi\u0142 ROKIEM \u015aWI\u0118TEGO J\u00d3ZEFA. Wsp\u00f3lnie pro\u015bmy, by \u015bw. J\u00f3zef wyjedna\u0142 ka\u017cdemu, potrzebne \u0142aski i si\u0142y do wype\u0142niania swoich obowi\u0105zk\u00f3w zawodowych, domowych i rodzinnych.<\/p>\n<p><strong>6.<\/strong> W pi\u0105tek (19 marca) przypada UROCZYSTO\u015a\u0106 \u015aWI\u0118TEGO J\u00d3ZEFA. W tym dniu zapraszamy wszystkich parafian a szczeg\u00f3lnie m\u0119\u017cczyzn do uczestnictwa we Mszach \u015bw. o godz. 8:00, 11:00 i 18:00. Po Mszy \u015bw. wieczorowej nabo\u017ce\u0144stwo ku czci \u015bw. J\u00f3zefa. Wszystkim solenizantom \u017cyczymy b\u0142ogos\u0142awie\u0144stwa Bo\u017cego i opieki \u015bw. J\u00f3zefa.<\/p>\n<p><strong>7.<\/strong> Rodzic\u00f3w dzieci klas III zapraszamy w pi\u0105tek 19 marca o godz. 17:00 na przymiark\u0119 stroj\u00f3w &#8211; alb do I Komunii \u015bw.<\/p>\n<p><strong>8.<\/strong> Pami\u0119tajmy o Skarbonce na Ja\u0142mu\u017cn\u0119 Wielkopostn\u0105 2021. W ten spos\u00f3b w\u0142\u0105czamy si\u0119 w og\u00f3lnopolsk\u0105 akcj\u0119 \u201eCZAS MI\u0141OSIERDZIA\u201d.<\/p>\n<p><strong>9.<\/strong> Zach\u0119cam wiernych do przekazania 1% podatku dla Caritas Polska. Przy Biuletynie znajdziemy ulotki informuj\u0105ce jak to mo\u017cna uczyni\u0107. \u201eWIERZYMY, \u017bE WARTO POMAGA\u0106\u201d.<\/p>\n<p><strong>10.<\/strong> Caritas Parafialna za tydzie\u0144 b\u0119dzie rozprowadza \u015bwieczki na st\u00f3\u0142 WIELKANOCNY oraz bia\u0142e Paschaliki.<\/p>\n<p><strong>11.<\/strong> Zapraszamy serdecznie do udzia\u0142u w EKSTREMALNEJ DRODZE KRZY\u017bOWEJ. Z racji pandemii odb\u0119dzie si\u0119 ona w dw\u00f3ch terminach: 19 i 26 marca. W tym roku nie b\u0119dzie Mszy \u015bwi\u0119tej rozpoczynaj\u0105cej, lecz Adoracja Naj\u015bwi\u0119tszego Sakramentu w godzinach 20:30 &#8211; 22:00 w parafii \u015bw. Brata Alberta w Elbl\u0105gu. Jak w poprzednich latach przygotowane s\u0105 4 trasy &#8211; do Tolkmicka, Fromborka, Zielonki Pas\u0142\u0119ckiej i p\u0119tla, kt\u00f3ra rozpoczyna i ko\u0144czy si\u0119 w Elbl\u0105gu. Ka\u017cda z nich ma ponad 40 km do przej\u015bcia. Zach\u0119camy do udzia\u0142u. Koszt pakietu z rozwa\u017caniami 10 z\u0142. Wi\u0119cej informacji na stronie www.edk.org.pl.<br \/>\nNIE WARTO \u017bY\u0106 NORMALNIE, WARTO \u017bY\u0106 EKSTREMALNIE!!!<\/p>\n<p><strong>12.<\/strong> Przed ko\u015bcio\u0142em mo\u017cna naby\u0107 pras\u0119 katolick\u0105: \u201eGo\u015b\u0107 Niedzielny\u201d w cenie 6 z\u0142.<\/p>\n<p><strong>13.<\/strong> Pan powo\u0142a\u0142 do wieczno\u015bci:<br \/>\n<b>\u2020 \u015bp. J\u00f3zefa Koz\u0142owskiego <\/b> lat 91 z ul. Korczaka<br \/>\nWieczny odpoczynek racz mu da\u0107 Panie\u2026<\/p>\n<p>&nbsp;<\/p>\n<p><img decoding=\"async\" src=\"http:\/\/rafalk-elblag.pl\/wp-content\/uploads\/2020\/04\/baner-intencje-mszy.jpg\"><\/p>\n<h1>Intencje mszalne 14.03.2021r<br \/>\nIV Niedziela Wielkiego Postu<\/h1>\n<p><span style=\"color: #9135b0;\"><strong>PONIEDZIA\u0141EK \/ 15 marca 2021r. \/ REKOLEKCJE<\/strong><\/span><br \/>\n8.00 \u2020 Dusze w czy\u015b\u0107cu cierpi\u0105ce<br \/>\n11.00 \u2020 Adam Dziewulski<br \/>\n18.00 Dzi\u0119k. w 42 urodziny Anny z pro\u015bb\u0105 o Bo\u017ce b\u0142og., potrzebne \u0142aski i cierpliwo\u015b\u0107 w obowi\u0105zkach domowych<br \/>\n18.00 \u2020 Weronika Fiodorowicz w 30 dpp.<\/p>\n<p><span style=\"color: #9135b0;\"><strong>WTOREK \/ 16 marca 2021r. \/ REKOLEKCJE<\/strong><\/span><br \/>\n8.00 Dzi\u0119k. w 60 urodziny Krzysztofa z pro\u015bb\u0105 o \u017cyw\u0105 wiar\u0119, nadziej\u0119 i mi\u0142o\u015b\u0107 w rodzinie<br \/>\n8.00 O Bo\u017ce b\u0142og., wszelkie potrzebne \u0142aski dla Nikodema i jego rodziny, Agnieszki i ca\u0142ej rodziny zakonnej oraz dla Magdaleny i Macieja<br \/>\n11.00 \u2020 Janina Jo\u0144ca<br \/>\n18.00 W int. Bractwa Szkaplerznego i os\u00f3b, kt\u00f3re przyjm\u0105 Szkaplerz<br \/>\n18.00 \u2020 Jerzy Duda, Stefania i Natalia<\/p>\n<p><span style=\"color: #9135b0;\"><strong>\u015aRODA \/ 17 marca 2021r. \/ REKOLEKCJE<\/strong><\/span><br \/>\n8.00 O wiar\u0119, nadziej\u0119, mi\u0142o\u015b\u0107, Bo\u017ce b\u0142og. dla Zbigniewa Jackiewicza, \u017cony Wiesi, dzieci i wnuk\u00f3w<br \/>\n11.00 \u2020 Zm. z rodz. Hryniewickich: Wac\u0142aw, Beata i Janusz<br \/>\n16.30 \u2020 Korneliusz i zm. z rodz. oraz dusze w czy\u015b\u0107cu cierpi\u0105ce<br \/>\n18.00 \u2020 Barbara i Zdzis\u0142aw Kleciak<br \/>\n18.00 \u2020 Maria Czerepak w 1 r. \u015bm.<br \/>\n19.30 \u2020 J\u00f3zefa (k) i Micha\u0142 Jackiewicz<\/p>\n<p><strong>CZWARTEK \/ 18 marca 2021r.<\/strong><br \/>\n8.00 O Bo\u017ce b\u0142og., opiek\u0119 MB, zdrowie i potrzebne \u0142aski dla Krystyny i Janusza<br \/>\n18.00 \u2020 Ryszard Traczyk w 34 r.\u015b. i zm. z rodz. Bajson, Jasi\u0144skich i Kachnowicz<br \/>\n18.00 \u2020 Halina w 3 miesi\u0105c po \u015bmierci<\/p>\n<p><strong>PI\u0104TEK \/ 19 marca 2021r. \/ uroczysto\u015b\u0107 \u015bw. J\u00f3zefa<\/strong><br \/>\n8.00 \u2020 J\u00f3zef Sejmicki w dniu ziemskich imienin<br \/>\n11.00 W intencji Parafian<br \/>\n18.00 \u2020 J\u00f3zef Kwiatosz w dniu ziemskich imienin i zm. rodzice z obojga stron<br \/>\n18.00 \u2020 Edward Kosi\u0144ski w 30 dpp.<\/p>\n<p><strong>SOBOTA \/ 20 marca 2021r.<\/strong><br \/>\n8.00 \u2020 J\u00f3zefa (k) i Micha\u0142 Jackiewicz<br \/>\n18.00 \u2020 Wac\u0142aw Bazylak w 2 r. \u015bm. i zm. z rodz. Bazylak i Wa\u015bniewskich<\/p>\n<p><strong>V Niedziela Wielkiego Postu \/ 21 marca 2021r.<\/strong><br \/>\n7.00 \u2020 Kazimierz Kulma w 9 r. \u015bm.<br \/>\n9.00 \u2020 Regina Kowalska w 10 r. \u015bm.<br \/>\n10.30 \u2020 Bernard Huszcza w 38 r. \u015bm. o zm. rodzice: Justyna i Kazimierz<br \/>\n12.00 W intencji Parafian<br \/>\n15.00 \u2020 Barbara Jo\u0144ska w 5 r. \u015bm.<br \/>\n18.00 \u2020 Stefan Borowiecki w 34 r. \u015bm. i zm. Genowefa, Jadwiga i Kazimierz<\/p>\n","protected":false},"excerpt":{"rendered":"<p>REKOLEKCJE WIELKOPOSTNE &nbsp; \u017beby zrozumie\u0107, czym s\u0105 rekolekcje i jak je mamy prze\u017cywa\u0107, najlepiej b\u0119dzie zacz\u0105\u0107 od tego, sk\u0105d si\u0119 wzi\u0119\u0142o oznaczaj\u0105ce je s\u0142owo. A wzi\u0119\u0142o si\u0119 ono z j\u0119zyka \u0142aci\u0144skiego: od re-colligo oznaczaj\u0105cego \u201eznowu zbiera\u0107, przyjmowa\u0107, odzyska\u0107\u201d (w formie zwrotnej se recoligere oznacza \u201eoch\u0142on\u0105\u0107, opami\u0119ta\u0107 si\u0119\u201d) lub te\u017c od re-colo &#8211; \u201ena nowo uprawia\u0107, [&hellip;]<\/p>\n","protected":false},"author":1,"featured_media":4255,"comment_status":"closed","ping_status":"closed","sticky":false,"template":"","format":"standard","meta":{"ngg_post_thumbnail":0,"footnotes":""},"categories":[11,8,4,3],"tags":[],"class_list":["post-4256","post","type-post","status-publish","format-standard","has-post-thumbnail","hentry","category-aktualnosci","category-blog","category-intencje","category-ogloszenia"],"_links":{"self":[{"href":"https:\/\/rafalk-elblag.pl\/index.php?rest_route=\/wp\/v2\/posts\/4256","targetHints":{"allow":["GET"]}}],"collection":[{"href":"https:\/\/rafalk-elblag.pl\/index.php?rest_route=\/wp\/v2\/posts"}],"about":[{"href":"https:\/\/rafalk-elblag.pl\/index.php?rest_route=\/wp\/v2\/types\/post"}],"author":[{"embeddable":true,"href":"https:\/\/rafalk-elblag.pl\/index.php?rest_route=\/wp\/v2\/users\/1"}],"replies":[{"embeddable":true,"href":"https:\/\/rafalk-elblag.pl\/index.php?rest_route=%2Fwp%2Fv2%2Fcomments&post=4256"}],"version-history":[{"count":4,"href":"https:\/\/rafalk-elblag.pl\/index.php?rest_route=\/wp\/v2\/posts\/4256\/revisions"}],"predecessor-version":[{"id":4262,"href":"https:\/\/rafalk-elblag.pl\/index.php?rest_route=\/wp\/v2\/posts\/4256\/revisions\/4262"}],"wp:featuredmedia":[{"embeddable":true,"href":"https:\/\/rafalk-elblag.pl\/index.php?rest_route=\/wp\/v2\/media\/4255"}],"wp:attachment":[{"href":"https:\/\/rafalk-elblag.pl\/index.php?rest_route=%2Fwp%2Fv2%2Fmedia&parent=4256"}],"wp:term":[{"taxonomy":"category","embeddable":true,"href":"https:\/\/rafalk-elblag.pl\/index.php?rest_route=%2Fwp%2Fv2%2Fcategories&post=4256"},{"taxonomy":"post_tag","embeddable":true,"href":"https:\/\/rafalk-elblag.pl\/index.php?rest_route=%2Fwp%2Fv2%2Ftags&post=4256"}],"curies":[{"name":"wp","href":"https:\/\/api.w.org\/{rel}","templated":true}]}}