{"id":4240,"date":"2021-03-07T12:30:25","date_gmt":"2021-03-07T12:30:25","guid":{"rendered":"http:\/\/rafalk-elblag.pl\/?p=4240"},"modified":"2021-03-07T12:31:10","modified_gmt":"2021-03-07T12:31:10","slug":"biuletyn-07-03-2021-iii-niedziela-wielkiego-postu","status":"publish","type":"post","link":"https:\/\/rafalk-elblag.pl\/?p=4240","title":{"rendered":"Biuletyn 07.03.2021, III Niedziela Wielkiego Postu"},"content":{"rendered":"<p><img decoding=\"async\" src=\"http:\/\/rafalk-elblag.pl\/wp-content\/uploads\/2021\/03\/baner-070321.jpg\"><\/p>\n<h1>DUCHOWA PUSTYNIA<\/h1>\n<p>&nbsp;<br \/>\n<strong>Czym jest pustynia? Miejscem \u0142aski czy nieustanym zmaganiem si\u0119 z pokus\u0105? My\u015bl\u0119, \u017ce jest miejscem w kt\u00f3rym mo\u017cemy \u201eprzewietrzy\u0107\u201d naszego ducha. Moment walki wewn\u0119trznej uczy nas pokory, \u017ce to nie nasz\u0105 si\u0142\u0105 zwyci\u0119\u017camy, ale to S\u0142owo Jezusa nas uzdalnia do zwyci\u0119stwa. Niech czas Wielkiego Postu b\u0119dzie w\u0142a\u015bnie tak\u0105 \u201epustyni\u0105\u201d na kt\u00f3rej b\u0119dziemy do\u015bwiadczali pr\u00f3b, przeciwno\u015bci, ale po to, by odkry\u0107 Bo\u017c\u0105 Oaz\u0119, w kt\u00f3rej B\u00f3g pragnie nas syci\u0107 bogactwem swojej \u0142aski.<\/strong><\/p>\n<p>Istnieje taki stan duszy, dla kt\u00f3rego pustynia staje si\u0119 miejscem wewn\u0119trznego oczyszczenia. Tak\u0105 sytuacj\u0119 dobrze obrazuje nam d\u0142uga w\u0119dr\u00f3wka Izraelit\u00f3w po wyj\u015bciu z Egiptu. By\u0142 to czas niezwykle intensywny. Czas, w kt\u00f3rym to co ludzkie, biedne i ograniczone zacz\u0119\u0142o dochodzi\u0107 do g\u0142osu: \u201eSzli trzy dni przez pustyni\u0119, a nie znale\u017ali wody. (\u2026) Szemra\u0142 lud przeciw Moj\u017ceszowi m\u00f3wi\u0105c: C\u00f3\u017c b\u0119dziemy pili?\u201d (Wj 15, 22b.24). To tylko jeden fragment spo\u015br\u00f3d wielu ukazuj\u0105cy to, co nieraz w ka\u017cdym z nas si\u0119 odzywa: bunt.<\/p>\n<p>Takim czasem \u201epustyni\u201d mog\u0105 by\u0107 rekolekcje, dni skupienia, momenty, w kt\u00f3rych pozostajemy sam na sam z Bogiem; ale te\u017c chwile w kt\u00f3rych mo\u017cemy przygl\u0105dn\u0105\u0107 si\u0119 nieco z bliska \u2013 sobie. To tam wychodz\u0105 nieraz na wierzch nasze niespe\u0142nione oczekiwania, \u017cyciowe frustracje, chore ambicje i to, \u017ce &#8211; no w\u0142a\u015bnie: \u201emogli\u015bmy pozosta\u0107 w Egipcie, gdzie\u015bmy zasiadali przed garnkami mi\u0119sa i jadali chleb do syta\u201d (por. Wj 16,3).<\/p>\n<p>Taki czas zmierzenia si\u0119 z naszym prawdziwym \u201eja\u201d potrzebny jest, aby to serce opr\u00f3\u017cni\u0107 z tego, co po drodze \u201enazbierali\u015bmy\u201d a co okazuje si\u0119 tylko obci\u0105\u017ceniem. Taka \u201epustynia\u201d czyni serce prostym, oczyszcza go, aby jeszcze bardziej mog\u0142o by\u0107 ch\u0142onne na mann\u0119 \u0142aski i wody mi\u0142o\u015bci Bo\u017cej.<\/p>\n<p>\u201eDlatego zwabi\u0119 j\u0105 i wyprowadz\u0119 na pustyni\u0119. (\u2026) I tam odpowie jak w dniu, w kt\u00f3rym wychodzi\u0142a z ziemi egipskiej. I stanie si\u0119 w owym dniu \u2013 wyrocznia Pana \u2013 \u017ce nazwie mnie \u201eM\u0105\u017c m\u00f3j\u201d a ju\u017c nie powie \u201eM\u00f3j Baal\u201d (Oz 2,16a.17b.18). Klimat samotno\u015bci, ciszy jest przestrzeni\u0105, w kt\u00f3rej rodz\u0105 si\u0119 istotne pytania. Wyp\u0142ywaj\u0105 one nieraz ni st\u0105d ni zow\u0105d i oczekuj\u0105 odpowiedzi. Chodzi tutaj o pytania uderzaj\u0105ce w samo sedno: O drog\u0119 \u017cycia; O to czy moja codzienno\u015b\u0107 ma jeszcze smak?<\/p>\n<p>Jakie miejsce w moim \u017cyciu zajmuje Jezus? I te nurtuj\u0105ce my\u015bli nie mog\u0105 si\u0119 odbi\u0107 w naszym sercu tylko echem\u2026One wymagaj\u0105 po\u015bwi\u0119cenia im odpowiedniej uwagi, aby w g\u0142\u0119bi serca poszuka\u0107 odpowiedzi. Do tego w\u0142a\u015bnie zaprasza samotno\u015b\u0107 pustyni. Jeste\u015b Ty\u2026i B\u00f3g\u2026 i nikt inny. Czas walki, Spotkania i oczyszczenia potrzebuje dania konkretnej odpowiedzi. Do tego w\u0142a\u015bnie jeste\u015bmy zaproszeni, aby wypowiedzie\u0107 siebie \u2013 przed Nim.<\/p>\n<p>&nbsp;<\/p>\n<h2>Rekolekcje Wielkopostne 2021<\/h2>\n<p>&nbsp;<br \/>\n<strong>Przed nami upragnione Rekolekcje Wielkopostne, kt\u00f3re rozpoczniemy w naszej parafii ju\u017c za tydzie\u0144 \u2013 od IV Niedzieli Wielkiego Postu (14 marca). Niech b\u0119d\u0105 one zaproszeniem do wyj\u015bcia na pustyni\u0119. Pustynia jest miejscem, do kt\u00f3rej B\u00f3g zaprasza, a nie na ni\u0105 skazuje. Wtedy ona te\u017c nie jest pustkowiem.<\/strong><\/p>\n<p>Pustkowiem mo\u017ce by\u0107 kwarantanna. Pustkowiem mo\u017ce by\u0107 izolacja, ale pustynia nie jest pustkowiem. Pustynia jest miejscem spotkania. B\u00f3g nie zabiera nam rzeczy, kt\u00f3re s\u0105 dla nas wa\u017cne. B\u00f3g na pustyni nie chce z nami rozmawia\u0107 o rzeczach, ale o naszej wzajemnej relacji, o Nim i o nas!<\/p>\n<p>Tegoroczne rekolekcje poprowadzi ks. kan. Piotr Bryk \u2013 kt\u00f3ry przez wiele lat pos\u0142ugiwa\u0142 w naszej wsp\u00f3lnocie parafialnej jako pomoc duszpasterska, a obecnie pe\u0142ni urz\u0105d Administratora par. \u015aw. Brunona w Elbl\u0105gu.<\/p>\n<p>&nbsp;<br \/>\n<img decoding=\"async\" src=\"http:\/\/rafalk-elblag.pl\/wp-content\/uploads\/2020\/04\/baner-ogloszenia-parafialne.jpg\"><\/p>\n<h1>Og\u0142oszenia parafialne 07.03.2021r<\/h1>\n<p><strong>1. Zapraszamy dzisiaj na Adoracj\u0119 Naj\u015bwi\u0119tszego Sakramentu od 16:00 do 17:15. W ka\u017cd\u0105 Niedziel\u0119 WIELKIEGO POSTU, masz mo\u017cliwo\u015b\u0107 spotkanie si\u0119 z Jezusem Eucharystycznym w ciszy. <\/strong><\/p>\n<h2><strong>PRZYJD\u0179 !!!<\/strong><\/h2>\n<p><strong>2.<\/strong> Ofiary sk\u0142adane dzisiaj na tac\u0119 przeznaczone s\u0105 na uregulowanie rachunku za ogrzewanie Ko\u015bcio\u0142a. Dzi\u0119kuj\u0119 za zrozumienie i z\u0142o\u017cone ofiary.<\/p>\n<p><strong>3.<\/strong> Wykorzystajmy czas WIELKIEGO POSTU dla naszego wzrostu duchowego poprzez gorliwy i owocny udzia\u0142 w Liturgii Wielkopostnej i Nabo\u017ce\u0144stwach Pokutnych. Zapraszamy w ka\u017cd\u0105 niedziel\u0119 o godz. 17:15 na Gorzkie \u017bale z kazaniem pasyjnym, a w ka\u017cdy pi\u0105tek Wielkiego Postu na Drog\u0119 Krzy\u017cow\u0105: godz. 16:30 dla dzieci; godz. 17:15 dla doros\u0142ych; godz.19:00 dla m\u0142odzie\u017cy.<\/p>\n<p><strong>4.<\/strong> W Wielkim Po\u015bcie zapraszamy w ka\u017cd\u0105 niedziel\u0119 o godz. 8:40 na \u015bpiewanie GODZINEK KU CZCI M\u0118KI PA\u0143SKIEJ.<\/p>\n<p><strong>5.<\/strong> Spotkania dla rodzic\u00f3w dzieci klas III przygotowuj\u0105cych si\u0119 do I KOMUNII \u015aWI\u0118TEJ odb\u0119dzie si\u0119 w poniedzia\u0142ek 8 marca br. o godz. 19:00 w ko\u015bciele. TYM RAZEM ZAPRASZAMY WSZYSTKIE MAMY DZIECI KLAS III.<br \/>\nObecno\u015b\u0107 obowi\u0105zkowa.<\/p>\n<p><strong>6.<\/strong> W \u015brod\u0119 rozpoczynamy NOWENN\u0118 DO \u015aWI\u0118TEGO J\u00d3ZEFA. Ojciec \u015awi\u0119ty Franciszek og\u0142osi\u0142 rok 2021 ROKIEM \u015aWI\u0118TEGO J\u00d3ZEFA. Pro\u015bmy, by \u015bw. J\u00f3zef kt\u00f3remu powierzono bezcenne skarby Nieba i Ziemi przyni\u00f3s\u0142 ka\u017cdemu, potrzebne \u0142aski i si\u0142y do wype\u0142niania swoich obowi\u0105zk\u00f3w zawodowych, domowych i rodzinnych.<\/p>\n<p><strong>7.<\/strong> Kandydat\u00f3w przygotowuj\u0105cych si\u0119 drugi rok do Sakramentu Bierzmowania, zapraszamy w tym tygodniu na spotkania wed\u0142ug ustalonego porz\u0105dku: w poniedzia\u0142ek, wtorek i czwartek o godz. 19:00. Obecno\u015b\u0107 obowi\u0105zkowa.<\/p>\n<p><strong>8.<\/strong> Osoby, kt\u00f3re \u015bpiewa\u0142y w minionych latach w czasie Triduum Paschalnego oraz wszystkich ch\u0119tnych prosimy o kontakt z p. Piotrem \u2013 organist\u0105.<\/p>\n<p><strong>9.<\/strong> Pami\u0119tajmy o Skarbonce na Ja\u0142mu\u017cn\u0119 Wielkopostn\u0105 2021. W ten spos\u00f3b w\u0142\u0105czamy si\u0119 w og\u00f3lnopolsk\u0105 akcj\u0119 \u201eCZAS MI\u0141OSIERDZIA\u201d.<\/p>\n<p><strong>10.<\/strong> Za tydzie\u0144 rozpoczniemy Rekolekcje Wielkopostne w naszej parafii. Poprowadzi je ks. Piotr Bryk \u2013 Administrator Parafii \u015bw. Brunona z Kwerfurtu w Elbl\u0105gu. Przypominamy, \u017ce w poniedzia\u0142ek, wtorek i w \u015brod\u0119 Msze \u015awi\u0119te z naukami dla doros\u0142ych o godz. 8:00, 11:00, 18;00. Natomiast z dzie\u0107mi spotykamy si\u0119 o godz. 16:30 a z m\u0142odzie\u017c\u0105 o godz. 19:30 w powy\u017csze dni. Uczy\u0144my wszystko, aby wzi\u0105\u0107 w nich udzia\u0142. Pro\u015bmy o potrzebne dary Ducha \u015awi\u0119tego dla ksi\u0119dza Rekolekcjonisty i dla nas, by\u015bmy byli otwarci na g\u0142oszone S\u0142owo.<\/p>\n<p><strong>11.<\/strong> Przed ko\u015bcio\u0142em mo\u017cna naby\u0107 pras\u0119 katolick\u0105: \u201eGo\u015b\u0107 Niedzielny\u201d w cenie 6 z\u0142.<\/p>\n<p><strong>12.<\/strong> Pan powo\u0142a\u0142 do wieczno\u015bci:<br \/>\n<b>\u2020 \u015bp. Stanis\u0142awa Wi\u015bniewskiego <\/b> lat 78 z ul. Korczaka<br \/>\n<b>\u2020 \u015bp. Jerzego Rusin<\/b> lat 86 z ul. Krzywoustego<br \/>\nWieczny odpoczynek racz im da\u0107 Panie\u2026<\/p>\n<p><img decoding=\"async\" src=\"http:\/\/rafalk-elblag.pl\/wp-content\/uploads\/2020\/04\/baner-intencje-mszy.jpg\"><\/p>\n<h1>Intencje mszalne 07.03.2021r<br \/>\nIII Niedziela Wielkiego Postu<\/h1>\n<p>PONIEDZIA\u0141EK \/ 8 marca 2021r.<br \/>\n8.00 \u2020 Cezary Dalidowicz w 1 r. \u015bm.<br \/>\n18.00 \u2020 J\u00f3zef ( 23 r.\u015b.) i Weronika ( 17 r.\u015b.) Truszkowscy<br \/>\n18.00 \u2020 Stefania Pro\u0107 w 1 r. \u015bm.<br \/>\n18.00 O Bo\u017ce b\u0142og., opiek\u0119 MB i potrzebne \u0142aski dla Katarzyny z ok. urodzin i imienin<br \/>\nWTOREK \/ 9 marca 2021r.<br \/>\n8.00 \u2020 Stanis\u0142awa (k) Antczak w 30 dpp., Czes\u0142aw Antczak w 30 r. \u015bm.<br \/>\n18.00 \u2020 Jan Kr\u00f3l w 30 dpp.<br \/>\n18.00 \u2020 Jan Marcinkowski w 30 dpp.<br \/>\n\u015aRODA \/ 10 marca 2021r.<br \/>\n8.00 \u2020 Martin Grindlei \u2013 int. od te\u015bci\u00f3w<br \/>\n18.00 \u2020 Irena Kali\u0144ska w 1 r. \u015bm.<br \/>\n18.00 \u2020 Zm. z rodz. Jasiulewicz\u00f3w: Wac\u0142aw, Maria i Ryszard<br \/>\nCZWARTEK \/ 11 marca 2021r.<br \/>\n8.00 \u2020 Halina Bugajska<br \/>\n18.00 \u2020 Ignacy Rokowski w 30 dpp.<br \/>\n18.00 \u2020 Jan Marcinkowski \u2013 int. od koleg\u00f3w i kole\u017canek zi\u0119cia zmar\u0142ego<br \/>\nPI\u0104TEK \/ 12 marca 2021r.<br \/>\n8.00 O zdrowie dla Blandyny i potrzebne \u0142aski w chorobie<br \/>\n18.00 O uzdrowienie z ci\u0119\u017ckiej choroby siostry zakonnej Matei Ku\u015bniewskiej z pro\u015bb\u0105 o Bo\u017ce b\u0142og. i opiek\u0119 MB<br \/>\n18.00 \u2020 Halina Dzi\u0105bkowska oraz zm. rodzice: Irena i Eugeniusz Dzi\u0105bkowscy<br \/>\nSOBOTA \/ 13 marca 2021r.<br \/>\n8.00 Dzi\u0119k. w 18 urodziny Mai z pro\u015bb\u0105 o Bo\u017ce b\u0142og. i dary Ducha \u015aw. w doros\u0142ym \u017cyciu<br \/>\n18.00 \u2020 Krystyna Kami\u0144ska w dniu ziemskich imienin<br \/>\n18.00 \u2020 Kazimierz Standarski w 2 r.\u015bm. i zm. rodzice \u2013 Ludwika (k) i Alfons<br \/>\nIV Niedziela Wielkiego Postu \/ 14 marca 2021r. \/ REKOLEKCJE<br \/>\n7.00 \u2020 Cyryla (k) i Stanis\u0142aw Kieza<br \/>\n9.00 \u2020 Bronis\u0142awa (k), Stanis\u0142aw, Maria, Stanis\u0142awa (k), Edward, Wojciech i zm. z rodz. Wala, Teresa Pigo\u0144<br \/>\n9.00 \u2020 Sylwia Kowalewska<br \/>\n10.30 O Bo\u017ce b\u0142og. i potrzebne \u0142aski dla Adasia z okazji urodzin<br \/>\n12.00 W intencji Parafian<br \/>\n15.00 \u2020 Zofia Jaworska w 33 r.\u015b., Andrzej Jaworski, Marianna i Boles\u0142aw Stan<br \/>\n18.00 O Bo\u017ce b\u0142og. i opiek\u0119 MB dla Krystyny i Marcina Kurasad z rodzin\u0105<\/p>\n","protected":false},"excerpt":{"rendered":"<p>DUCHOWA PUSTYNIA &nbsp; Czym jest pustynia? Miejscem \u0142aski czy nieustanym zmaganiem si\u0119 z pokus\u0105? My\u015bl\u0119, \u017ce jest miejscem w kt\u00f3rym mo\u017cemy \u201eprzewietrzy\u0107\u201d naszego ducha. Moment walki wewn\u0119trznej uczy nas pokory, \u017ce to nie nasz\u0105 si\u0142\u0105 zwyci\u0119\u017camy, ale to S\u0142owo Jezusa nas uzdalnia do zwyci\u0119stwa. Niech czas Wielkiego Postu b\u0119dzie w\u0142a\u015bnie tak\u0105 \u201epustyni\u0105\u201d na kt\u00f3rej b\u0119dziemy [&hellip;]<\/p>\n","protected":false},"author":1,"featured_media":4242,"comment_status":"closed","ping_status":"closed","sticky":false,"template":"","format":"standard","meta":{"ngg_post_thumbnail":0,"footnotes":""},"categories":[11,8,4,3],"tags":[],"class_list":["post-4240","post","type-post","status-publish","format-standard","has-post-thumbnail","hentry","category-aktualnosci","category-blog","category-intencje","category-ogloszenia"],"_links":{"self":[{"href":"https:\/\/rafalk-elblag.pl\/index.php?rest_route=\/wp\/v2\/posts\/4240","targetHints":{"allow":["GET"]}}],"collection":[{"href":"https:\/\/rafalk-elblag.pl\/index.php?rest_route=\/wp\/v2\/posts"}],"about":[{"href":"https:\/\/rafalk-elblag.pl\/index.php?rest_route=\/wp\/v2\/types\/post"}],"author":[{"embeddable":true,"href":"https:\/\/rafalk-elblag.pl\/index.php?rest_route=\/wp\/v2\/users\/1"}],"replies":[{"embeddable":true,"href":"https:\/\/rafalk-elblag.pl\/index.php?rest_route=%2Fwp%2Fv2%2Fcomments&post=4240"}],"version-history":[{"count":3,"href":"https:\/\/rafalk-elblag.pl\/index.php?rest_route=\/wp\/v2\/posts\/4240\/revisions"}],"predecessor-version":[{"id":4257,"href":"https:\/\/rafalk-elblag.pl\/index.php?rest_route=\/wp\/v2\/posts\/4240\/revisions\/4257"}],"wp:featuredmedia":[{"embeddable":true,"href":"https:\/\/rafalk-elblag.pl\/index.php?rest_route=\/wp\/v2\/media\/4242"}],"wp:attachment":[{"href":"https:\/\/rafalk-elblag.pl\/index.php?rest_route=%2Fwp%2Fv2%2Fmedia&parent=4240"}],"wp:term":[{"taxonomy":"category","embeddable":true,"href":"https:\/\/rafalk-elblag.pl\/index.php?rest_route=%2Fwp%2Fv2%2Fcategories&post=4240"},{"taxonomy":"post_tag","embeddable":true,"href":"https:\/\/rafalk-elblag.pl\/index.php?rest_route=%2Fwp%2Fv2%2Ftags&post=4240"}],"curies":[{"name":"wp","href":"https:\/\/api.w.org\/{rel}","templated":true}]}}