{"id":4233,"date":"2021-02-28T09:58:17","date_gmt":"2021-02-28T09:58:17","guid":{"rendered":"http:\/\/rafalk-elblag.pl\/?p=4233"},"modified":"2021-02-28T10:24:42","modified_gmt":"2021-02-28T10:24:42","slug":"biuletyn-28-02-2021-ii-niedziela-wielkiego-postu","status":"publish","type":"post","link":"https:\/\/rafalk-elblag.pl\/?p=4233","title":{"rendered":"Biuletyn 28.02.2021, II Niedziela Wielkiego Postu"},"content":{"rendered":"<p><img decoding=\"async\" src=\"http:\/\/rafalk-elblag.pl\/wp-content\/uploads\/2021\/02\/baner-280221.jpg\"><\/p>\n<h1>NABO\u017bE\u0143STWO GORZKICH \u017bALI<\/h1>\n<p>&nbsp;<br \/>\n<strong>Gorzkie \u017bale to nabo\u017ce\u0144stwo i zbi\u00f3r pie\u015bni o m\u0119ce Pa\u0144skiej \u015bpiewanych podczas Wielkiego Postu w ramach nabo\u017ce\u0144stwa pasyjnego. Historia powstania Gorzkich \u017bal\u00f3w to koniec XVII i pierwsza po\u0142owa XVIII wieku.<\/strong><br \/>\n<strong>Cz\u0142onkom Bractwa \u015bw. Rocha z ko\u015bcio\u0142a \u015aw. Krzy\u017ca w Warszawie i ich opiekunowi, ks. Wawrzy\u0144cowi Stanis\u0142awowi Bennikowi CM przypisuje si\u0119, bowiem napisanie tekstu specjalnego nabo\u017ce\u0144stwa.<\/strong><\/p>\n<p>Nie wiemy czy ks. Bennik ze Zgromadzenia Ksi\u0119\u017cy Misjonarzy \u015bwi\u0119tego Wincentego a\u2019 Paulo, jest jedynym autorem tego dzie\u0142a, ale na pewno je wyda\u0142 drukiem w lutym 1707 r. pod tytu\u0142em \u201eSnopek Myrry z Ogroda Gethsema\u0144skiego albo \u017ca\u0142osne Gorzkie M\u0119ki Syna Bo\u017cego (\u2026) rozpami\u0119tywanie\u201d. Nazwa si\u0119 wzi\u0119\u0142a od MIRRY, czyli daru, jaki trzej kr\u00f3lowie z\u0142o\u017cyli Bo\u017cemu Dzieci\u0105tku. Dar mirry by\u0142 zapowiedzi\u0105 m\u0119ki i \u015bmierci zbawczej Chrystusa.<\/p>\n<p><strong>Pierwsze nabo\u017ce\u0144stwo zosta\u0142o uroczy\u015bcie odprawione w pierwsz\u0105 niedziel\u0119 Wielkiego Postu \u2013 13 marca 1707 roku w ko\u015bciele pw. \u015awi\u0119tego Krzy\u017ca w Warszawie.<\/strong><\/p>\n<p>Nabo\u017ce\u0144stwo bardzo szybko zyska\u0142o popularno\u015b\u0107 w ca\u0142ej Polsce i otrzyma\u0142o akceptacj\u0119 Stolicy Apostolskiej. Rozpowszechnili je oczywi\u015bcie Ksi\u0119\u017ca Misjonarze \u015aw. Wincentego a Paulo, kt\u00f3rzy w\u00f3wczas prowadzili w Polsce ponad 20 seminari\u00f3w duchownych.<\/p>\n<p>Gorzkie \u017bale to nabo\u017ce\u0144stwo unikatowe- jedyne takie w swoim rodzaju. O niezwyk\u0142o\u015bci tych misteri\u00f3w M\u0119ki Pa\u0144skiej \u015bwiadczy fakt, i\u017c s\u0105 one odprawiane tylko w Polsce i w tych \u015bwi\u0105tyniach, gdzie docieraj\u0105 polscy ksi\u0119\u017ca.<br \/>\nNabo\u017ce\u0144stw<\/p>\n<p>o to, odprawiane w okresie Wielkiego Postu zazwyczaj w niedziel\u0119, ma charakter adoracji Naj\u015bwi\u0119tszego Sakramentu, kazania oraz \u015bpiewania pie\u015bni, traktuj\u0105cych o m\u0119ce Pana Jezusa, przedstawionej w formie tradycyjnych element\u00f3w: sta\u0142ej pobudki, kt\u00f3ra wprowadza lud w rozwa\u017canie m\u0119ki pa\u0144skiej, hymn, lament duszy nad cierpi\u0105cym Chrystusem i rozmow\u0119 duszy z Matk\u0105 Bo\u017c\u0105, tak wa\u017cn\u0105 postaci\u0105 dla barokowych chrze\u015bcijan, zamieszkuj\u0105cych tereny Rzeczpospolitej. Ca\u0142o\u015b\u0107 podzielona jest na trzy wersje cykliczne, kt\u00f3re oddaj\u0105 kolejno obraz M\u0119ki Pa\u0144skiej w poszczeg\u00f3lnych etapach jej przebiegu. Zadaniem \u201eGorzkich \u017bali\u201d jest nie tylko wprowadzenie w wydarzenia sprzed 2000 lat, ale tak\u017ce sk\u0142onienie uczestnik\u00f3w do refleksji nad przemijaniem, sensem cierpienia w \u017cyciu, sprawach ostatecznych oraz uto\u017csamianie si\u0119 z cierpi\u0105cym za sw\u00f3j lud Chrystusem.<\/p>\n<p>Wa\u017cna jest w rozwa\u017caniach obecno\u015b\u0107 Matki Boskiej jako po\u015bredniczki cierpi\u0105cej wraz ze swym Synem, uto\u017csamiaj\u0105cej si\u0119 tak\u017ce z ludzkimi duszami, kt\u00f3re pragn\u0105 pojednania z Bogiem, ale s\u0105 bezradne wobec swoich grzech\u00f3w i potrzebuj\u0105 nawr\u00f3cenia. Nabo\u017ce\u0144stwo to stanowi duchow\u0105 \u0142\u0105czno\u015b\u0107 z Jezusem, co jest wyrazem mi\u0142o\u015bci i wdzi\u0119czno\u015bci za tak wielki dar, jakim by\u0142a Jego \u015bmier\u0107 i Zmartwychwstanie.<br \/>\n&nbsp;<\/p>\n<h2>Dzie\u0144 Modlitwy, Postu i Solidarno\u015bci z Misjonarzami<\/h2>\n<p>&nbsp;<br \/>\n<strong>II niedziela Wielkiego Postu jest w Ko\u015bciele w Polsce Dniem Modlitwy, Postu i Solidarno\u015bci z Misjonarzami. Ma wi\u0119c, sw\u00f3j wyd\u017awi\u0119k misyjny: przypomina o powo\u0142aniu uczni\u00f3w-misjonarzy oraz naszej odpowiedzialno\u015bci za zbawienie tych, do kt\u00f3rych jeszcze nie dotar\u0142a Ewangelia Chrystusa.<\/strong><br \/>\nW tym roku modlitwie, postom i ofiarom w intencji misjonarzy towarzyszy has\u0142o: \u201e\u017byjmy Eucharysti\u0105\u201d. Odnawiamy w sobie \u015bwiadomo\u015b\u0107, \u017ce Eucharystia prowadzi nas do \u015bwiata. Posilaj\u0105c si\u0119 ni\u0105 idziemy do innych, by dzieli\u0107 si\u0119 Bo\u017c\u0105 rado\u015bci\u0105 i nadziej\u0105. \u017byjemy Eucharysti\u0105 \u2013 to znaczy urzeczywistniajmy to, co Ona oznacza i korzystamy z mocy, kt\u00f3re ofiarowuje. Wype\u0142niamy sw\u0105 misj\u0119 wobec \u015bwiata, potrzebuj\u0105cego Bo\u017cej \u0142aski i mocy.<\/p>\n<p>&nbsp;<br \/>\n<img decoding=\"async\" src=\"http:\/\/rafalk-elblag.pl\/wp-content\/uploads\/2020\/04\/baner-ogloszenia-parafialne.jpg\"><\/p>\n<h1>Og\u0142oszenia parafialne 28.02.2021r<\/h1>\n<p><strong>1.<\/strong> Zapraszamy dzisiaj na Adoracj\u0119 Naj\u015bwi\u0119tszego Sakramentu od 16:00 do 17:15. W ka\u017cd\u0105 Niedziel\u0119 WIELKIEGO POSTU, masz mo\u017cliwo\u015b\u0107 spotkania si\u0119 z Jezusem w ciszy. PRZYJD\u0179 !!!<\/p>\n<p><strong>2.<\/strong> W II niedziel\u0119 wielkiego Postu w Ko\u015bciele w Polsce obchodzimy DZIE\u0143 MODLITWY, POSTU I SOLIDARNI\u015aCI Z MISJONARZAMI. Ofiar\u0105 z\u0142o\u017con\u0105 dzi\u015b do puszek wspieramy misjonarki i misjonarzy w prowadzeniu dzie\u0142 ewangelizacyjnych, charytatywnych, medycznych i edukacyjnych.<br \/>\nDzi\u0119kujemy za modlitwy i wspieranie misji.<\/p>\n<p><strong>3.<\/strong> Wykorzystajmy czas WIELKIEGO POSTU dla naszego wzrostu duchowego poprzez gorliwy i owocny udzia\u0142 w Liturgii Wielkopostnej i Nabo\u017ce\u0144stwach Pokutnych. Zapraszamy w ka\u017cd\u0105 niedziel\u0119 o godz. 17:15 na Gorzkie \u017bale z kazaniem pasyjnym, a w ka\u017cdy pi\u0105tek Wielkiego Postu na Drog\u0119 Krzy\u017cow\u0105: godz. 16:30 dla dzieci; godz. 17:15 dla doros\u0142ych; godz.19:00 dla m\u0142odzie\u017cy.<\/p>\n<p><strong>4.<\/strong> W Wielkim Po\u015bcie zapraszamy parafian w ka\u017cd\u0105 niedziel\u0119 o godz. 8:40 na \u015bpiewanie GODZINEK KU CZCI M\u0118KI PA\u0143SKIEJ.<\/p>\n<p><strong>5.<\/strong> W tym tygodniu przypada pierwszy czwartek, pi\u0105tek i sobota miesi\u0105ca.<\/p>\n<ul>\n<li>w pierwszy czwartek zapraszamy do wsp\u00f3lnej modlitwy o nowe powo\u0142ania kap\u0142a\u0144skie i zakonne. Msza \u015bw. o godz. 18:00, a po niej ,,Godzina \u015awi\u0119ta\u201d czyli ADORACJA przed Naj\u015bwi\u0119tszym Sakramentem w powy\u017cszych intencjach.<\/li>\n<li>w pierwszy pi\u0105tek spowied\u017a dla dzieci w tygodniu od godz. 17:30, oraz w pi\u0105tek od godz. 16:00 oraz Droga Krzy\u017cowa o godz. 16:30, dla doros\u0142ych o godz. 17:15 a Msza \u015bw. Wotywna o NSPJ o godz.18:00. Natomiast Droga Krzy\u017cowa dla m\u0142odzie\u017cy o godz. 19:00. Zapraszamy.<\/li>\n<li>w pierwsz\u0105 sobot\u0119 przed Msz\u0105 \u015aw. o godz. 17:00 zapraszamy na nabo\u017ce\u0144stwo wynagradzaj\u0105ce Niepokalanemu Sercu Maryi za zniewagi grzesznik\u00f3w. Tego dnia zmiana tajemnic dla \u017bywego R\u00f3\u017ca\u0144ca.<\/li>\n<\/ul>\n<p><strong>6.<\/strong> Z racji pierwszego pi\u0105tku ksi\u0105dz Proboszcz i ks. Marcin udadz\u0105 si\u0119 do chorych 5 marca od godz. 9:30, natomiast ks. Piotr oko\u0142o godz. 10.00. Prosimy o potwierdzenie woli przyj\u0119cia kap\u0142ana.<\/p>\n<p><strong>7.<\/strong> Ofiary sk\u0142adane za tydzie\u0144 na tac\u0119 przeznaczone b\u0119d\u0105 na uregulowanie rachunku za ogrzewanie Ko\u015bcio\u0142a. Dzi\u0119kuj\u0119 za zrozumienie i z\u0142o\u017cone ofiary.<\/p>\n<p><strong>8.<\/strong> KORZYSTAJMY z Sakramentu Spowiedzi \u015bw. &#8211; codziennie przed Msz\u0105 \u015bw. od godz. 7:45 lub od godz.17:30. Zapraszamy.<\/p>\n<p><strong>9.<\/strong> Przed ko\u015bcio\u0142em mo\u017cna naby\u0107 pras\u0119 katolick\u0105: \u201eGo\u015b\u0107 Niedzielny\u201d w cenie 6 z\u0142.<\/p>\n<p><strong>10.<\/strong> Pan powo\u0142a\u0142 do wieczno\u015bci:<br \/>\n<b>\u2020 \u015bp. Antoniego Bielskiego<\/b> lat 91 z ul. Broniewskiego<br \/>\nWieczny odpoczynek racz mu da\u0107 Panie\u2026<\/p>\n<p><img decoding=\"async\" src=\"http:\/\/rafalk-elblag.pl\/wp-content\/uploads\/2020\/04\/baner-intencje-mszy.jpg\"><\/p>\n<h1>Intencje mszalne 28.02.2021r<br \/>\nII Niedziela Wielkiego Postu<\/h1>\n<p><strong>PONIEDZIA\u0141EK \/ 1 marca 2021r.<\/strong><br \/>\n8.00 \u2020 Ryszard Trzaskowski<br \/>\n18.00 \u2020 Pelagia w 9 r.\u015bm. i zm. z rodz. Herman, K\u0119dzierskich i Soleckich<br \/>\n18.00 Dzi\u0119k. w 14 rocz. urodzin Wiktorii Kr\u00f3l oraz za Jakuba z pro\u015bb\u0105 o Bo\u017ce b\u0142og., opiek\u0119 MB oraz dla rodzic\u00f3w Ewy i Arkadiusza<\/p>\n<p><strong>WTOREK \/ 2 marca 2021r.<\/strong><br \/>\n8.00 \u2020 Franciszek Rynkiewicz<br \/>\n18.00 O Bo\u017ce b\u0142og. i potrzebne \u0142aski dla Heleny Lenckowskiej i ca\u0142ej rodziny<br \/>\n18.00 \u2020 Jan Usik w 3 r. \u015bm.<\/p>\n<p><strong>\u015aRODA \/ 3 marca 2021r.<\/strong><br \/>\n8.00 \u2020 Karolinka Rynkiewicz<br \/>\n18.00 \u2020 Anatol Usik w 10 miesi\u0105c po \u015bmierci<br \/>\n18.00 \u2020 Henryk Pawlicki w 3 r. \u015bm.<\/p>\n<p><strong>CZWARTEK \/ 4 marca 2021r. \/ \u015bw. Kazimierza<\/strong><br \/>\n8.00 \u2020 Micha\u0142 Rynkiewicz<br \/>\n18.00 Za powo\u0142anych do kap\u0142a\u0144stwa z naszej parafii oraz kleryk\u00f3w: Krzysztofa, Amadeusza i Karola<br \/>\n18.00 \u2020 Zm. z rodz. G\u0105sior: Wac\u0142aw, Bronis\u0142awa (k) i Kazimierz<\/p>\n<p><strong>PI\u0104TEK \/ 5 marca 2021r.<\/strong><br \/>\n8.00 O cud uzdrowienia dla Miko\u0142aja<br \/>\n18.00 O Bo\u017ce b\u0142ogos\u0142awie\u0144stwo dla Wsp\u00f3lnoty \u201ePrzemienienie\u201d<br \/>\n18.00 \u2020 Kazimiera i W\u0142adys\u0142aw Waszak i zm. z rodz.<\/p>\n<p><strong>SOBOTA \/ 6 marca 2021r.<\/strong><br \/>\n8.00 Dziek. z ok. urodzin \u0141ucji, Jana i Grzegorza z pro\u015bb\u0105 o Bo\u017ce prowadzenie<br \/>\n18.00 Rez.<\/p>\n<p><strong>III Niedziela Wielkiego Postu \/ 7 marca 2021r.<\/strong><br \/>\n7.00 O zdrowie i Bo\u017ce b\u0142og. dla wnucz\u0105t \u2013 Wojtusia i Kai \u2013 int. od babci<br \/>\n9.00 O do\u015bwiadczenie Bo\u017cej mi\u0142o\u015bci dla Karoliny i Sebastiana<br \/>\n10.30 \u2020 Bronis\u0142aw (20 r.\u015b.) i Wiktoria Janiccy, Wiktoria, Jan, Halina Szcz\u0119\u015bni, Marta, Antoni, Tomasz Janiccy i Hermenegilda Molga<br \/>\n12.00 Dzi\u0119k. w 100 urodziny Ewy Furowicz z pro\u015bb\u0105 o Bo\u017ce b\u0142og. i potrzebne \u0142aski<br \/>\n15.00 W intencji Parafian \/ ofiarodawc\u00f3w naszej \u015awi\u0105tyni<br \/>\n18.00 O Bo\u017ce b\u0142og. i opiek\u0119 MB dla Paw\u0142a Woli\u0144skiego z ok. 18 urodzin<\/p>\n","protected":false},"excerpt":{"rendered":"<p>NABO\u017bE\u0143STWO GORZKICH \u017bALI &nbsp; Gorzkie \u017bale to nabo\u017ce\u0144stwo i zbi\u00f3r pie\u015bni o m\u0119ce Pa\u0144skiej \u015bpiewanych podczas Wielkiego Postu w ramach nabo\u017ce\u0144stwa pasyjnego. Historia powstania Gorzkich \u017bal\u00f3w to koniec XVII i pierwsza po\u0142owa XVIII wieku. Cz\u0142onkom Bractwa \u015bw. Rocha z ko\u015bcio\u0142a \u015aw. Krzy\u017ca w Warszawie i ich opiekunowi, ks. Wawrzy\u0144cowi Stanis\u0142awowi Bennikowi CM przypisuje si\u0119, bowiem [&hellip;]<\/p>\n","protected":false},"author":1,"featured_media":4235,"comment_status":"closed","ping_status":"closed","sticky":false,"template":"","format":"standard","meta":{"ngg_post_thumbnail":0,"footnotes":""},"categories":[11,8,4,3],"tags":[],"class_list":["post-4233","post","type-post","status-publish","format-standard","has-post-thumbnail","hentry","category-aktualnosci","category-blog","category-intencje","category-ogloszenia"],"_links":{"self":[{"href":"https:\/\/rafalk-elblag.pl\/index.php?rest_route=\/wp\/v2\/posts\/4233","targetHints":{"allow":["GET"]}}],"collection":[{"href":"https:\/\/rafalk-elblag.pl\/index.php?rest_route=\/wp\/v2\/posts"}],"about":[{"href":"https:\/\/rafalk-elblag.pl\/index.php?rest_route=\/wp\/v2\/types\/post"}],"author":[{"embeddable":true,"href":"https:\/\/rafalk-elblag.pl\/index.php?rest_route=\/wp\/v2\/users\/1"}],"replies":[{"embeddable":true,"href":"https:\/\/rafalk-elblag.pl\/index.php?rest_route=%2Fwp%2Fv2%2Fcomments&post=4233"}],"version-history":[{"count":2,"href":"https:\/\/rafalk-elblag.pl\/index.php?rest_route=\/wp\/v2\/posts\/4233\/revisions"}],"predecessor-version":[{"id":4238,"href":"https:\/\/rafalk-elblag.pl\/index.php?rest_route=\/wp\/v2\/posts\/4233\/revisions\/4238"}],"wp:featuredmedia":[{"embeddable":true,"href":"https:\/\/rafalk-elblag.pl\/index.php?rest_route=\/wp\/v2\/media\/4235"}],"wp:attachment":[{"href":"https:\/\/rafalk-elblag.pl\/index.php?rest_route=%2Fwp%2Fv2%2Fmedia&parent=4233"}],"wp:term":[{"taxonomy":"category","embeddable":true,"href":"https:\/\/rafalk-elblag.pl\/index.php?rest_route=%2Fwp%2Fv2%2Fcategories&post=4233"},{"taxonomy":"post_tag","embeddable":true,"href":"https:\/\/rafalk-elblag.pl\/index.php?rest_route=%2Fwp%2Fv2%2Ftags&post=4233"}],"curies":[{"name":"wp","href":"https:\/\/api.w.org\/{rel}","templated":true}]}}