{"id":4225,"date":"2021-02-21T17:54:52","date_gmt":"2021-02-21T17:54:52","guid":{"rendered":"http:\/\/rafalk-elblag.pl\/?p=4225"},"modified":"2021-02-21T17:55:39","modified_gmt":"2021-02-21T17:55:39","slug":"biuletyn-21-02-2021-i-niedziela-wielkiego-postu","status":"publish","type":"post","link":"https:\/\/rafalk-elblag.pl\/?p=4225","title":{"rendered":"Biuletyn 21.02.2021, I Niedziela Wielkiego Postu"},"content":{"rendered":"<p><img decoding=\"async\" src=\"http:\/\/rafalk-elblag.pl\/wp-content\/uploads\/2021\/02\/baner-210221.jpg\"><\/p>\n<h1>DROGA KRZY\u017bOWA<\/h1>\n<p><strong>Aby pozna\u0107 i zrozumie\u0107 sens nabo\u017ce\u0144stwa Drogi Krzy\u017cowej nale\u017cy zacz\u0105\u0107 od refleksji nad t\u0142em historycznym, w kt\u00f3rym wykszta\u0142ci\u0142a si\u0119 ta, powszechnie znana dzi\u015b, forma pobo\u017cno\u015bci. Pr\u00f3ba og\u00f3lnego spojrzenia na histori\u0119 chrze\u015bcija\u0144stwa prowadzi do wniosku, \u017ce pobo\u017cno\u015b\u0107 chrze\u015bcijan zmienia\u0142a si\u0119 w ci\u0105gu wiek\u00f3w wraz z rozwojem teologii oraz przemianami kulturalnymi i spo\u0142ecznymi.<\/strong><\/p>\n<p>Pierwsze wieki chrze\u015bcija\u0144stwa to czas, w kt\u00f3rym dominowa\u0142a tematyka paschalna. G\u0142oszenie kerygmatu \u015bwiatu oznacza\u0142o zwiastowanie radosnej wie\u015bci, \u017ce w osobie Jezusa B\u00f3g daje zbawienie ka\u017cdemu cz\u0142owiekowi. To zbawienie dokona\u0142o si\u0119 wprawdzie przez krzy\u017c, jednak w g\u0142oszeniu akcent pada\u0142 g\u0142\u00f3wnie na zmartwychwstanie. St\u0105d popularne w tym czasie wizerunki krzy\u017ca, na kt\u00f3rym przedstawiano Chrystusa zwyci\u0119skiego, a nie cierpi\u0105cego.<\/p>\n<p>Zmiana nast\u0119puje mniej wi\u0119cej 800 \u2013 900 lat temu. Najpierw na zachodzie Europy, a p\u00f3\u017aniej w innych jej cz\u0119\u015bciach pojawia si\u0119 pog\u0142\u0119biona refleksja nad m\u0119k\u0105 Jezusa. Wielkie znaczenie dla rodz\u0105cego si\u0119 nurtu pobo\u017cno\u015bci pasyjnej maj\u0105 wyprawy krzy\u017cowe, kt\u00f3re s\u0105 okazj\u0105 do nawiedzenia miejsc \u015bwi\u0119tych, w kt\u00f3rych \u017cy\u0142, dzia\u0142a\u0142, umar\u0142 i zmartwychwsta\u0142 Zbawiciel.<\/p>\n<p>W \u015bredniowieczu zaczyna si\u0119 rozwija\u0107 nurt realistycznego spojrzenia na m\u0119k\u0119 Jezusa. Pojawiaj\u0105 si\u0119 pr\u00f3by analizy i przeliczania ran, kt\u00f3re zadano Mu podczas drogi na Kalwari\u0119. Pojawia si\u0119 w zwi\u0105zku z tym refleksja nad bolesn\u0105 drog\u0105. Pierwsze wspomnienia na ten temat mo\u017cna znale\u017a\u0107 w pismach Ernula z 1228 r. Wspomina on o bramie, przez kt\u00f3r\u0105 Chrystus przeszed\u0142 w drodze na Kalwari\u0119.<\/p>\n<p>Nabo\u017ce\u0144stwo Drogi Krzy\u017cowej ma niezwykle g\u0142\u0119bok\u0105 tre\u015b\u0107 teologiczn\u0105. Nale\u017cy zacz\u0105\u0107 od tego, \u017ce jest ona cennym uzupe\u0142nieniem i \u015brodkiem prowadz\u0105cym do tajemnicy zbawienia uobecnianej w Eucharystii. Msza \u015bwi\u0119ta objawia sam\u0105 istot\u0119 krzy\u017cowej ofiary Chrystusa. Natomiast podczas Drogi Krzy\u017cowej chrze\u015bcijanie, wchodz\u0105c w tajemnic\u0119 m\u0119ki Zbawiciela, s\u0105 w rzeczywisto\u015bci bardzo blisko postawy eucharystycznej, kt\u00f3rej istot\u0105 jest ofiarowanie wraz z Jezusem ca\u0142ego \u017cycia Bogu.<\/p>\n<p>Rozwa\u017canie wyniszczenia Pana podczas Jego drogi na Kalwari\u0119 uczy chrze\u015bcijanina gotowo\u015bci uczestnictwa w ofierze Chrystusa oraz prze\u017cycia ca\u0142ej prawdy o Jego sakramentalnej obecno\u015bci w\u015br\u00f3d ludzi. Duch tego nabo\u017ce\u0144stwa stawia przed wierz\u0105cym wym\u00f3g decyzji post\u0119powania ka\u017cdego dnia za Chrystusem drog\u0105 samozaparcia i mi\u0142o\u015bci, niesienia krzy\u017ca \u017cyciowych zada\u0144 i do\u015bwiadcze\u0144. Co wi\u0119cej, poprzez wej\u015bcie w rozwa\u017canie m\u0119ki Jezusa, nabiera sensu ka\u017cde nasze cierpienie. Jest ono nastawione na to, by zjednoczy\u0107 si\u0119 z m\u0119k\u0105 Chrystusa i zaj\u0105\u0107 uprzywilejowane miejsce w darze odkupienia.<\/p>\n<p>&nbsp;<\/p>\n<h2>JA\u0141MU\u017bNA WIELKOPOSTNA 2021&nbsp;<\/h2>\n<p>Nadszed\u0142 czas Mi\u0142osierdzia<\/p>\n<p>G\u0142\u00f3wnym celem akcji jest zwr\u00f3cenie uwagi spo\u0142ecznej na los os\u00f3b starszych i cierpi\u0105cych w czasie pandemii oraz ich wsparcie dzi\u0119ki datkom zbieranym do skarbonek oraz przekazywanym wp\u0142atom. To tak\u017ce szczeg\u00f3lne wezwanie do zainteresowania potrzebuj\u0105cymi, b\u0119d\u0105cymi tu\u017c obok nas, kt\u00f3rych w nat\u0142oku codziennych spraw tak cz\u0119sto nie zauwa\u017camy.<\/p>\n<p>Akcja ma r\u00f3wnie\u017c wymiar duchowy \u2013 ja\u0142mu\u017cna jako znak mi\u0142osierdzia \u2013 i wpisuje si\u0119 w charakter Wielkiego Postu, okresu wyrzecze\u0144, kt\u00f3re maj\u0105 przecie\u017c g\u0142\u0119boki, ewangeliczny sens. Tegorocznej akcji towarzyszy has\u0142o \u201eCzas Mi\u0142osierdzia\u201d, kt\u00f3re ma przypomina\u0107, \u017ce Wielki Post oraz nast\u0119puj\u0105cy po nim Tydzie\u0144 Mi\u0142osierdzia to szczeg\u00f3lny okres w roku dla wszystkich chrze\u015bcijan. To czas, w kt\u00f3rym szczeg\u00f3lnie wa\u017cne jest dzielenie si\u0119 sob\u0105 z innymi i dzielenie si\u0119 tym, co mamy \u2013 zgodnie z zasad\u0105, \u017ce prawdziw\u0105 warto\u015b\u0107 cz\u0142owieka okre\u015bla nie to, ile posiada, ale to, co mo\u017ce da\u0107.<\/p>\n<p>Ja\u0142mu\u017cn\u0119 wielkopostn\u0105 przyniesiemy do ko\u015bcio\u0142a w Niedziel\u0119 Bo\u017cego Mi\u0142osierdzia &#8211; 11 kwietnia 2021 r.<\/p>\n<p>&nbsp;<br \/>\n<img decoding=\"async\" src=\"http:\/\/rafalk-elblag.pl\/wp-content\/uploads\/2020\/04\/baner-ogloszenia-parafialne.jpg\"><\/p>\n<h1>Og\u0142oszenia parafialne 21.02.2021r<\/h1>\n<p><strong>1.<\/strong> <strong>Zapraszamy dzisiaj na Adoracj\u0119 Naj\u015bwi\u0119tszego Sakramentu od 16:00 do 17:15. W ka\u017cd\u0105 Niedziel\u0119 WIELKIEGO POSTU, masz mo\u017cliwo\u015b\u0107 spotkania si\u0119 z Jezusem w ciszy. PRZYJD\u0179!!!<\/strong><\/p>\n<p><strong>2.<\/strong> Przy Biuletynie Parafialnym znajdziemy Skarbonk\u0119 na Ja\u0142mu\u017cn\u0119 Wielkopostn\u0105 2021. W ten spos\u00f3b w\u0142\u0105czamy si\u0119 w og\u00f3lnopolsk\u0105 akcj\u0119 \u201eCZAS MI\u0141OSIERDZIA\u201d. Wi\u0119cej informacji w biuletynie. Ja\u0142mu\u017cn\u0119 wielkopostn\u0105 przyniesiemy do ko\u015bcio\u0142a w Niedziel\u0119 Bo\u017cego Mi\u0142osierdzia, tj. 11 kwietnia 2021 r.<\/p>\n<p><strong>3.<\/strong> Wykorzystajmy czas WIELKIEGO POSTU dla naszego wzrostu duchowego poprzez gorliwy i owocny udzia\u0142 w Liturgii Wielkopostnej i Nabo\u017ce\u0144stwach Pokutnych. Zapraszamy w ka\u017cd\u0105 niedziel\u0119 o godz. 17:15 na Gorzkie \u017bale z kazaniem pasyjnym, a w ka\u017cdy pi\u0105tek Wielkiego Postu na Drog\u0119 Krzy\u017cow\u0105: godz. 16:30 dla dzieci; godz. 17:15 dla doros\u0142ych; godz.19:00 dla m\u0142odzie\u017cy.<\/p>\n<p><strong>4.<\/strong> W Wielkim Po\u015bcie zapraszamy parafian w ka\u017cd\u0105 niedziel\u0119 o godz. 8:40 na \u015bpiewanie GODZINEK KU CZCI M\u0118KI PA\u0143SKIEJ.<\/p>\n<p><strong>5.<\/strong> Ks. Marcin zaprasza m\u0142odzie\u017c na spotkanie Katolickiego Stowarzyszenia M\u0142odzie\u017cy \u201eBoanerges\u201d w \u015brod\u0119 (24 lutego) o godz. 19:00 w ko\u015bciele.<\/p>\n<p><strong>6.<\/strong> R\u00f3wnie\u017c w \u015brod\u0119 o godz. 18.45 spotkanie Kr\u0119gu Biblijnego (wyj\u0105tkowo na plebanii).<\/p>\n<p><strong>7.<\/strong> W przysz\u0142\u0105 niedziel\u0119 spotkanie Apostolatu Bo\u017cego Mi\u0142osierdzia oraz Woluntariuszy Caritas po Mszy \u015bw. o godz. 15:00 na plebanii. Obecno\u015b\u0107 wszystkich cz\u0142onk\u00f3w mile widziana.<\/p>\n<p><strong>8.<\/strong> Czy chrze\u015bcija\u0144skie wychowanie jest wa\u017cne? Czy solidne wykszta\u0142cenie ma sens? Czy takie warto\u015bci jak rodzina, przyja\u017a\u0144 s\u0105 wa\u017cne? Wed\u0142ug nas tak! Je\u015bli chcesz pozna\u0107 Zesp\u00f3\u0142 Szk\u00f3\u0142 pijarskich im. \u015bw. Miko\u0142aja w Elbl\u0105gu i zastanawiasz si\u0119 nad wyborem szko\u0142y podstawowej dla swojego dziecka, pami\u0119taj, \u017ce pijarska szko\u0142a to DOBRE MIEJSCE!!! Zapraszamy na dzie\u0144 otwarty 25 lutego 2021 r. (czwartek) w godzinach od 16:30 do 18:00. Szczeg\u00f3\u0142y na plakacie oraz na stronie internetowej szko\u0142y www.elblag.pijarzy.pl<\/p>\n<p><strong>9.<\/strong> KORZYSTAJMY z Sakramentu Spowiedzi \u015bw. &#8211; codziennie przed Msz\u0105 \u015bw. od godz. 7:45 lub od godz.17:30. Zapraszamy.<\/p>\n<p><strong>10.<\/strong> Przed ko\u015bcio\u0142em mo\u017cna naby\u0107 pras\u0119 katolick\u0105: \u201eGo\u015b\u0107 Niedzielny\u201d w cenie 6 z\u0142.<\/p>\n<p><img decoding=\"async\" src=\"http:\/\/rafalk-elblag.pl\/wp-content\/uploads\/2020\/04\/baner-intencje-mszy.jpg\"><\/p>\n<h1>Intencje mszalne 21.02.2021r<br \/>\nI Niedziela Wielkiego Postu<\/h1>\n<p><strong>PONIEDZIA\u0141EK \/ 22 lutego 2021r. \/ \u015bwi\u0119to Katedry \u015bw. Piotra<\/strong><br \/>\n8.00 \u2020 Piotr Kisielewski<br \/>\n18.00 Dzi\u0119k. w 29 rocz. \u015blubu Ma\u0142gorzaty i Marka Wiadrowskich z pro\u015bb\u0105 o Bo\u017ce b\u0142og. dla Jubilat\u00f3w i ca\u0142ej rodziny<br \/>\n18.00 \u2020 Franciszka (k) i Stanis\u0142aw Zaborowscy i zm. rodzice<\/p>\n<p><strong>WTOREK \/ 23 lutego 2021r. \/ \u015bw. Polikarpa<\/strong><br \/>\n8.00 W int. Bogu wiadomej<br \/>\n18.00 Dzi\u0119k. w 47 rocz. \u015blubu Henryka i Barbary Jackiewicz z pro\u015bb\u0105 o Bo\u017ce b\u0142og. dla Jubilat\u00f3w i ca\u0142ej rodziny<br \/>\n18.00 \u2020 W\u0142adyslaw Ciesielski w 30 dpp.<\/p>\n<p><strong>\u015aRODA \/ 24 lutego 2021r.<\/strong><br \/>\n8.00 \u2020 Piotr Kisielewski<br \/>\n18.00 O Bo\u017ce b\u0142og. dla Artura z ok. 43 urodzin<br \/>\n18.00 Wynagradzaj\u0105ca NSPJ i NPM za grzechy Marii, Romana, Rados\u0142awa, Przemys\u0142awa, Patrycji, Ewy i Klaudii<\/p>\n<p><strong>CZWARTEK \/ 25 lutego 2021r.<\/strong><br \/>\n8.00 O zdrowie dla J\u00f3zefa oraz potrzebne \u0142aski w chorobie<br \/>\n18.00 \u2020 Andrzej Teysler w 1 r. \u015bm.<br \/>\n18.00 \u2020 Anna Morawska w 30 dpp.<\/p>\n<p><strong>PI\u0104TEK \/ 26 lutego 2021r.<\/strong><br \/>\n8.00 \u2020 Helena \u015aredze\u0144ska, Aleksander \u015aredze\u0144ski, Bronis\u0142awa (k) Fry\u015bna<br \/>\n18.00 \u2020 Marian Grzymski w 30 dpp.<br \/>\n18.00 \u2020 Monika i Jan Ostrowscy i zm. rodzice<\/p>\n<p><strong>SOBOTA \/ 27 lutego 2021r.<\/strong><br \/>\n8.00 \u2020 Jadwiga Nowoci\u0144ska w 2 miesi\u0105c po pogrzebie<br \/>\n18.00 O Bo\u017ce b\u0142og., opiek\u0119 MB Szkaplerznej dla Marty i Pauliny z ok. urodzin<br \/>\n18.00 \u2020 Stanis\u0142aw D\u0105browski w 30 dpp.<\/p>\n<p><strong>II Niedziela Wielkiego Postu \/ 28 lutego 2021r.<\/strong><br \/>\n7.00 \u2020 Emilia i Wac\u0142aw Czeszejko-Sochaccy<br \/>\n9.00 \u2020 Helena Cyrek w 2 r. \u015bm. \u2013 int. od siostry<br \/>\n10.30 \u2020 Roman Kami\u0144ski w dniu ziemskich imienin<br \/>\n12.00 W intencji Parafian<br \/>\n15.00 O \u0142ask\u0119 zdrowia i nieustann\u0105 opiek\u0119 MB dla Romana<br \/>\n18.00 \u2020 Roman Kami\u0144ski<\/p>\n","protected":false},"excerpt":{"rendered":"<p>DROGA KRZY\u017bOWA Aby pozna\u0107 i zrozumie\u0107 sens nabo\u017ce\u0144stwa Drogi Krzy\u017cowej nale\u017cy zacz\u0105\u0107 od refleksji nad t\u0142em historycznym, w kt\u00f3rym wykszta\u0142ci\u0142a si\u0119 ta, powszechnie znana dzi\u015b, forma pobo\u017cno\u015bci. Pr\u00f3ba og\u00f3lnego spojrzenia na histori\u0119 chrze\u015bcija\u0144stwa prowadzi do wniosku, \u017ce pobo\u017cno\u015b\u0107 chrze\u015bcijan zmienia\u0142a si\u0119 w ci\u0105gu wiek\u00f3w wraz z rozwojem teologii oraz przemianami kulturalnymi i spo\u0142ecznymi. Pierwsze wieki [&hellip;]<\/p>\n","protected":false},"author":1,"featured_media":4227,"comment_status":"closed","ping_status":"closed","sticky":false,"template":"","format":"standard","meta":{"ngg_post_thumbnail":0,"footnotes":""},"categories":[11,8,4,3],"tags":[],"class_list":["post-4225","post","type-post","status-publish","format-standard","has-post-thumbnail","hentry","category-aktualnosci","category-blog","category-intencje","category-ogloszenia"],"_links":{"self":[{"href":"https:\/\/rafalk-elblag.pl\/index.php?rest_route=\/wp\/v2\/posts\/4225","targetHints":{"allow":["GET"]}}],"collection":[{"href":"https:\/\/rafalk-elblag.pl\/index.php?rest_route=\/wp\/v2\/posts"}],"about":[{"href":"https:\/\/rafalk-elblag.pl\/index.php?rest_route=\/wp\/v2\/types\/post"}],"author":[{"embeddable":true,"href":"https:\/\/rafalk-elblag.pl\/index.php?rest_route=\/wp\/v2\/users\/1"}],"replies":[{"embeddable":true,"href":"https:\/\/rafalk-elblag.pl\/index.php?rest_route=%2Fwp%2Fv2%2Fcomments&post=4225"}],"version-history":[{"count":3,"href":"https:\/\/rafalk-elblag.pl\/index.php?rest_route=\/wp\/v2\/posts\/4225\/revisions"}],"predecessor-version":[{"id":4231,"href":"https:\/\/rafalk-elblag.pl\/index.php?rest_route=\/wp\/v2\/posts\/4225\/revisions\/4231"}],"wp:featuredmedia":[{"embeddable":true,"href":"https:\/\/rafalk-elblag.pl\/index.php?rest_route=\/wp\/v2\/media\/4227"}],"wp:attachment":[{"href":"https:\/\/rafalk-elblag.pl\/index.php?rest_route=%2Fwp%2Fv2%2Fmedia&parent=4225"}],"wp:term":[{"taxonomy":"category","embeddable":true,"href":"https:\/\/rafalk-elblag.pl\/index.php?rest_route=%2Fwp%2Fv2%2Fcategories&post=4225"},{"taxonomy":"post_tag","embeddable":true,"href":"https:\/\/rafalk-elblag.pl\/index.php?rest_route=%2Fwp%2Fv2%2Ftags&post=4225"}],"curies":[{"name":"wp","href":"https:\/\/api.w.org\/{rel}","templated":true}]}}