{"id":4220,"date":"2021-02-16T17:19:33","date_gmt":"2021-02-16T17:19:33","guid":{"rendered":"http:\/\/rafalk-elblag.pl\/?p=4220"},"modified":"2021-02-16T17:20:26","modified_gmt":"2021-02-16T17:20:26","slug":"biuletyn-14-02-2021-vi-niedziela-zwykla","status":"publish","type":"post","link":"https:\/\/rafalk-elblag.pl\/?p=4220","title":{"rendered":"Biuletyn 14.02.2021, VI Niedziela zwyk\u0142a"},"content":{"rendered":"<p><img decoding=\"async\" src=\"http:\/\/rafalk-elblag.pl\/wp-content\/uploads\/2021\/02\/baner-140220.jpg\"><\/p>\n<h1>PO CO NAM WIELKI POST?<\/h1>\n<p><strong>Wielki 40-dniowy post rozpoczynamy w \u015brod\u0119 popielcow\u0105 od symbolicznego posypania g\u0142owy popio\u0142em. Jest on symbolem krucho\u015bci i przemijalno\u015bci ludzkiego \u017cycia, ale tak\u017ce znakiem \u017ca\u0142oby i pokuty. Znak ten ma ogromne znaczenie dla prze\u017cywania Wielkiego Postu. Ka\u017cdy, kto posypuje g\u0142ow\u0119 popio\u0142em przyznaje przed Bogiem, \u017ce jest grzeszny i pragnie prawdziwego nawr\u00f3cenia.<\/strong><\/p>\n<p>Tak naprawd\u0119 przez wszystkie wieki, odk\u0105d Ko\u015bci\u00f3\u0142 zacz\u0105\u0142 celebrowa\u0107 Wielki Post, niewiele si\u0119 zmieni\u0142o. Nadal nawo\u0142uje si\u0119 ludzi do modlitwy, postu i ja\u0142mu\u017cny. Ko\u015bci\u00f3\u0142 ka\u017cdego roku nawo\u0142uje do 40-dniowej pracy nad sob\u0105. Sk\u0105d si\u0119 w og\u00f3le wzi\u0119\u0142a ta liczba 40 dni?<\/p>\n<p>Zwi\u0105zana jest ona z wieloma wa\u017cnymi wydarzeniami w Biblii jak: 40-letnia w\u0119dr\u00f3wka narodu wybranego, 40-dniowy potop, 40-dniowy czas, jaki da\u0142 Jonasz Niniwie na nawr\u00f3cenie si\u0119, a wreszcie jest to 40-dniowy pobyt Chrystusa na pustyni i walka z szatanem. W ka\u017cdym z tych wydarze\u0144 mamy przedstawion\u0105 specyfik\u0119 Wielkiego Postu: modlitwa, walka z grzechem, praca nad sob\u0105, pokuta.<\/p>\n<p>W ka\u017cdym z tych wydarze\u0144 widzimy, \u017ce osi\u0105gni\u0119cie celu jest jakim\u015b procesem i aby go osi\u0105gn\u0105\u0107, trzeba ci\u0119\u017cko pracowa\u0107, wyzbywa\u0107 si\u0119 wszystkiego, co grzeszne i oddawa\u0107 ca\u0142e swoje \u017cycie Bogu. Po co nam ten czas umartwiania? Ma\u0142o nam w \u017cyciu problem\u00f3w i przykrych sytuacji? Ka\u017cdego dnia cz\u0142owiek prze\u017cywa jakie\u015b trudno\u015bci, wi\u0119c po co jeszcze dok\u0142ada\u0107 sobie nowych obowi\u0105zk\u00f3w i zmartwie\u0144?<\/p>\n<p>\u017byjemy w ogromnym p\u0119dzie, chc\u0105c nad\u0105\u017cy\u0107 za wszystkimi przemianami, kt\u00f3re dziej\u0105 si\u0119 wok\u00f3\u0142 nas, sami zaczynamy goni\u0107 za ulotnymi warto\u015bciami. B\u0119d\u0105c w ci\u0105g\u0142ym ruchu i chaosie, trudno us\u0142ysze\u0107 Boga. Ko\u015bci\u00f3\u0142 jednak ka\u017cdego roku pokazuje, \u017ce wcale nie trzeba zawsze za czym\u015b goni\u0107.<\/p>\n<p>Wielki Post mo\u017ce si\u0119 sta\u0107 w\u0142a\u015bnie tak\u0105 pr\u00f3b\u0105 zatrzymania si\u0119 w tym p\u0119dz\u0105cym \u015bwiecie nad tym co wa\u017cne, co istotne dla naszego \u017cycia. Nigdy na nic nie wystarcza nam czasu, wi\u0119c mo\u017ce niech pierwszym postanowieniem b\u0119dzie wstrzymanie tego tempa \u017cycia? Tylko w ten spos\u00f3b mo\u017cna co\u015b zauwa\u017cy\u0107, kiedy cz\u0142owiek ma czas na przemy\u015blenia, kontemplacj\u0119, zwyczajne pobycie z samym sob\u0105, a tak\u017ce z Bogiem.<\/p>\n<p>Wielki Post ma pokaza\u0107 ka\u017cdemu, \u017ce Chrystus umar\u0142 w\u0142a\u015bnie dla mnie i dla mnie te\u017c zmartwychwsta\u0142, abym mia\u0142 \u017cycie wieczne. Ka\u017cdy z nas posiada grzeszn\u0105 natur\u0119, a ka\u017cdy grzech oddala nas od Pana. Czasem to nagromadzenie grzech\u00f3w sprawia, \u017ce trudno nam jest przyzna\u0107 si\u0119 przed Bogiem, \u017ce jeste\u015bmy grzeszni i s\u0142abi i \u017ce potrzebujemy Jego pomocy.<\/p>\n<p>Jednak \u015bwiadomo\u015b\u0107 w\u0142asnej grzeszno\u015bci pozwoli nam na zapanowanie nad t\u0105 sfer\u0105 \u017cycia. Dlatego te\u017c w Wielkim Po\u015bcie nawo\u0142uje si\u0119 do nawr\u00f3cenia, do przyj\u015bcia do Pana z ca\u0142ym tym brudem, w kt\u00f3rym jeste\u015bmy umoczeni.<\/p>\n<p>B\u00f3g zawsze nas wys\u0142ucha i ukoi w b\u00f3lu. A systematyczna modlitwa i posty pomog\u0105 nam wytrwa\u0107 przy Panu. Bardzo wa\u017cna jest w\u0142a\u015bnie w tym czasie modlitwa. Ko\u015bci\u00f3\u0142 daje nam wiele mo\u017cliwo\u015bci kontemplowania ofiary Chrystusa: jest mo\u017cliwo\u015b\u0107 udzia\u0142u w drodze krzy\u017cowej, \u015bpiewania Gorzkich \u017bali czy te\u017c adorowania krzy\u017ca. Wszystko to przybli\u017ca\u0107 nas b\u0119dzie do Boga, do prawdy, \u017ce B\u00f3g nie umar\u0142 za jaki\u015b nieokre\u015blonych ludzi tylko w\u0142a\u015bnie za mnie!<\/p>\n<p><strong>Zawsze trzeba pami\u0119ta\u0107, \u017ce Wielki Post ko\u0144czy si\u0119 Zmartwychwstaniem, \u017ce to dzi\u0119ki \u015bmierci krzy\u017cowej zosta\u0142o otwarte dla nas niebo. Dlatego nigdy sam post nie powinien stanowi\u0107 warto\u015bci samej w sobie tylko ma s\u0142u\u017cy\u0107 wewn\u0119trznej przemianie.<\/strong><\/p>\n<p>&nbsp;<br \/>\n<img decoding=\"async\" src=\"http:\/\/rafalk-elblag.pl\/wp-content\/uploads\/2020\/04\/baner-ogloszenia-parafialne.jpg\"><\/p>\n<h1>Og\u0142oszenia parafialne 14.02.2021r<\/h1>\n<p><strong>1.<\/strong> Rozpoczynamy 54. Tydzie\u0144 Modlitw o Trze\u017awo\u015b\u0107 Narodu. Prze\u017cywamy go pod has\u0142em: \u201eTRZE\u0179WO\u015aCI\u0104 POKONYWA\u0106 KRYZYS\u201d. Wynika to z faktu, \u017ce w czasach kryzysu i trudnych wyzwa\u0144 potrzeba trze\u017awego my\u015blenia, trze\u017awej hierarchii warto\u015bci, trze\u017awego sumienia, trze\u017awych wi\u0119zi z samym sob\u0105 i z bli\u017animi. Zach\u0119camy do podj\u0119cia modlitwy o trze\u017awo\u015b\u0107 w naszych rodzinach i udzia\u0142u w Drodze Krzy\u017cowej w pi\u0105tek 19 lutego o godz. 17:15. W naszej parafii dzia\u0142a Al\u2013Anon, kt\u00f3ry spotyka si\u0119 w ka\u017cdy czwartek o godz. 17:00 na plebanii.<\/p>\n<p><strong>2.<\/strong> Decyzj\u0105 Biskupa Elbl\u0105skiego ks. Piotr Bryk zosta\u0142 z dniem 25 stycznia br. Administratorem Parafii \u015bw. Brunona z Kwerfurtu w Elbl\u0105gu. Ks. Piotr od wielu lat by\u0142 pomoc\u0105 duszpastersk\u0105 dla naszej parafii. Dzi\u0119kujemy za zaanga\u017cowanie i wszelk\u0105, okazywan\u0105 pomoc duszpasterska i pos\u0142ug\u0119 dla naszej wsp\u00f3lnoty. \u017byczymy, aby Pan b\u0142ogos\u0142awi\u0142 ks. Piotrowi w dalszej pos\u0142udze kap\u0142a\u0144skiej a Maryja Kr\u00f3lowa Szkaplerza \u015awi\u0119tego wyprasza\u0142a potrzebne \u0142aski.<\/p>\n<p><strong>3.<\/strong> We wtorek 16 lutego dzie\u0144 modlitw za Bractwo Szkaplerzne, a tak\u017ce za osoby nosz\u0105ce Szkaplerz \u015awi\u0119ty. Zapraszamy wszystkich nale\u017c\u0105cych i pragn\u0105cych w\u0142\u0105czy\u0107 si\u0119 do tej wsp\u00f3lnoty na Msz\u0119 \u015bw. o godz. 18:00 \u2013 dzi\u0119kczynnej w VII rocznic\u0119 nadania drugiego tytu\u0142u naszej \u015bwi\u0105tyni: MATKI BO\u017bEJ SZKAPLERZNEJ.<\/p>\n<p><strong>4.<\/strong> Z dniem 17 lutego &#8211; \u015arod\u0105 Popielcow\u0105 &#8211; rozpoczynamy WIELKI POST. Przed nami 40 dni przygotowania si\u0119 do Wielkiej Nocy. Zapraszamy w tym dniu na Msze \u015bw. o godzinie 8:00, 11:00, 16:30 (z udzia\u0142em dzieci), 18:00 i 20:00 (z udzia\u0142em m\u0142odzie\u017cy w tym kandydat\u00f3w do Sakramentu Bierzmowania). Wykorzystajmy ten czas do gorliwego i owocnego udzia\u0142u w Liturgii Wielkopostnej i Nabo\u017ce\u0144stwach Pokutnych. Zapraszamy w ka\u017cd\u0105 niedziel\u0119 o godz. 17:15 na Gorzkie \u017bale z kazaniem pasyjnym, a w pi\u0105tki na Drog\u0119 Krzy\u017cow\u0105: godz. 16:30 dla dzieci, o godz. 17:15 dla doros\u0142ych i godz. 19:00 dla m\u0142odzie\u017cy<\/p>\n<p><strong>5.<\/strong> Przypominamy, \u017ce w \u015arod\u0119 Popielcow\u0105 obowi\u0105zuje nas post \u015bcis\u0142y. Oznacza to wstrzemi\u0119\u017aliwo\u015b\u0107 od potraw mi\u0119snych i obowi\u0105zuje wszystkich od 14 roku \u017cycia, bez g\u00f3rnej granicy wieku; natomiast post ilo\u015bciowy obowi\u0105zuje od 18 do 60 roku \u017cycia. W ci\u0105gu dnia mo\u017cemy spo\u017cy\u0107 wy\u0142\u0105cznie jeden posi\u0142ek do syta, a pozosta\u0142e dwa niepe\u0142ne. Obowi\u0105zek ten nie dotyczy os\u00f3b chorych.<\/p>\n<p><strong>6.<\/strong> UWAGA!!! Kancelaria parafialna w \u015arod\u0119 Popielcow\u0105 nieczynna. Zapraszamy w pi\u0105tek od godz. 18:30 do 19:30.<\/p>\n<p><strong>7.<\/strong> Przed ko\u015bcio\u0142em mo\u017cna naby\u0107 pras\u0119 katolick\u0105: \u201eGo\u015b\u0107 Niedzielny\u201d w cenie 6 z\u0142.<\/p>\n<p><strong>8.<\/strong> Pan powo\u0142a\u0142 do wieczno\u015bci:<br \/>\n<strong>\u2020 \u015bp. Stanis\u0142aw\u0119 Antczak <\/strong>lat 93 z ul. Korczaka<br \/>\n<strong>\u2020 \u015bp. Edwarda Kosi\u0144skiego <\/strong>lat 78 z ul. Tuwima<\/p>\n<p>Wieczny odpoczynek racz im da\u0107 Panie! A \u015bwiat\u0142o\u015b\u0107 wiekuista niechaj im \u015bwieci.<\/p>\n<p><img decoding=\"async\" src=\"http:\/\/rafalk-elblag.pl\/wp-content\/uploads\/2020\/04\/baner-intencje-mszy.jpg\"><\/p>\n<h1>Intencje mszalne 14.02.2021r<br \/>\nVI Niedziela Zwyk\u0142a<\/h1>\n<p><strong>PONIEDZIA\u0141EK \/ 15 lutego 2021r.<\/strong><br \/>\n8.00 Dusze w czy\u015b\u0107cu cierpi\u0105ce<br \/>\n18.00 \u2020 Henryk Piotrzkowski w 30 dpp.<br \/>\n18.00 \u2020 Maria w 1 r. \u015bm., Wac\u0142aw i Ryszard<\/p>\n<p><strong>WTOREK \/ 16 lutego 2021r.<\/strong><br \/>\n8.00 \u2020 Jerzy Duda w 3 r. \u015bm.<br \/>\n18.00 W intencji Bractwa Szkaplerznego i os\u00f3b, kt\u00f3re przyjm\u0105 Szkaplerz<br \/>\n18.00 Dzi\u0119k. z ok. 70 urodzin J\u00f3zefa z pro\u015bb\u0105 o Bo\u017ce b\u0142og. i opiek\u0119 MB<\/p>\n<p><span style=\"color: #993366;\"><strong>\u015aRODA \/ 17 lutego 2021r. \/ \u015aroda Popielcowa<\/strong><\/span><br \/>\n8.00 \u2020 Albina (k), Ireneusz, Antoni, Helena i zm. krewni<br \/>\n11.00 \u2020 Kazimiera (k) i W\u0142adys\u0142aw Waszak, Emilia i Stanis\u0142aw \u017burek, bracia Jerzy i Wac\u0142aw<br \/>\n16.30 \u2020 Sabina Micho\u0144 w 4 r. \u015bm.<br \/>\n18.00 \u2020 Henryk Sienkiewicz w 10 r. \u015bm. i Stanis\u0142aw Sienkiewicz w 4 r. \u015bm.<br \/>\n20.00 O wieczne zbawienia dla Jadwigi (20 r.\u015b.) i Aleksandra (21 r.\u015b.) Sikut\u00f3w<\/p>\n<p><strong>CZWARTEK \/ 18 lutego 2021r.<\/strong><br \/>\n8.00 \u2020 Franciszek Rynkiewicz<br \/>\n18.00 \u2020 Halina w 2 miesi\u0105c po \u015bmierci<br \/>\n18.00 \u2020 Micha\u0142 Jackiewicz<\/p>\n<p><strong>PI\u0104TEK \/ 19 lutego 2021r.<\/strong><br \/>\n8.00 \u2020 Micha\u0142 Rynkiewicz<br \/>\n18.00 \u2020 Zbigniew Zawistowski i Marian Pieciukiewicz w 30 dzie\u0144 po \u015bmierci<br \/>\n18.00 \u2020 Jerzy Rybczy\u0144ski w 34 r. \u015bm.<\/p>\n<p><strong>SOBOTA \/ 20 lutego 2021r.<\/strong><br \/>\n8.00 \u2020 Piotr Kisielewski<br \/>\n18.00 \u2020 Barbara i Andrzej Zieli\u0144scy<br \/>\n18.00 \u2020 Wanda B\u0105k w 3 miesi\u0105c po \u015bmierci i w dniu jej ziemskich urodzin<\/p>\n<p><strong>I Niedziela Wielkiego Postu \/ 21 lutego 2021r.<\/strong><br \/>\n7.00 \u2020 Rodzice: Maria i Jan, Marianna i Franciszek i zm. z rodz.<br \/>\n9.00 \u2020 Maciej<br \/>\n9.00 \u2020 Franciszek Zdanowicz w 16 r. \u015bm.<br \/>\n10.30 O Bo\u017ce b\u0142og. i opiek\u0119 MB dla Tomasza Szczepanik z okazji urodzin<br \/>\n12.00 W intencji Parafian<br \/>\n15.00 O obfito\u015b\u0107 \u0142ask Bo\u017cych i nieustann\u0105 opiek\u0119 MB dla Haliny z okazji urodzin<br \/>\n18.00 Dzi\u0119k. z okazji urodzin \u0141ucji, Jana, Grzegorza z pro\u015bb\u0105 o Bo\u017ce prowadzenie<\/p>\n","protected":false},"excerpt":{"rendered":"<p>PO CO NAM WIELKI POST? Wielki 40-dniowy post rozpoczynamy w \u015brod\u0119 popielcow\u0105 od symbolicznego posypania g\u0142owy popio\u0142em. Jest on symbolem krucho\u015bci i przemijalno\u015bci ludzkiego \u017cycia, ale tak\u017ce znakiem \u017ca\u0142oby i pokuty. Znak ten ma ogromne znaczenie dla prze\u017cywania Wielkiego Postu. Ka\u017cdy, kto posypuje g\u0142ow\u0119 popio\u0142em przyznaje przed Bogiem, \u017ce jest grzeszny i pragnie prawdziwego nawr\u00f3cenia. [&hellip;]<\/p>\n","protected":false},"author":1,"featured_media":4222,"comment_status":"closed","ping_status":"closed","sticky":false,"template":"","format":"standard","meta":{"ngg_post_thumbnail":0,"footnotes":""},"categories":[11,8,4,3],"tags":[],"class_list":["post-4220","post","type-post","status-publish","format-standard","has-post-thumbnail","hentry","category-aktualnosci","category-blog","category-intencje","category-ogloszenia"],"_links":{"self":[{"href":"https:\/\/rafalk-elblag.pl\/index.php?rest_route=\/wp\/v2\/posts\/4220","targetHints":{"allow":["GET"]}}],"collection":[{"href":"https:\/\/rafalk-elblag.pl\/index.php?rest_route=\/wp\/v2\/posts"}],"about":[{"href":"https:\/\/rafalk-elblag.pl\/index.php?rest_route=\/wp\/v2\/types\/post"}],"author":[{"embeddable":true,"href":"https:\/\/rafalk-elblag.pl\/index.php?rest_route=\/wp\/v2\/users\/1"}],"replies":[{"embeddable":true,"href":"https:\/\/rafalk-elblag.pl\/index.php?rest_route=%2Fwp%2Fv2%2Fcomments&post=4220"}],"version-history":[{"count":2,"href":"https:\/\/rafalk-elblag.pl\/index.php?rest_route=\/wp\/v2\/posts\/4220\/revisions"}],"predecessor-version":[{"id":4224,"href":"https:\/\/rafalk-elblag.pl\/index.php?rest_route=\/wp\/v2\/posts\/4220\/revisions\/4224"}],"wp:featuredmedia":[{"embeddable":true,"href":"https:\/\/rafalk-elblag.pl\/index.php?rest_route=\/wp\/v2\/media\/4222"}],"wp:attachment":[{"href":"https:\/\/rafalk-elblag.pl\/index.php?rest_route=%2Fwp%2Fv2%2Fmedia&parent=4220"}],"wp:term":[{"taxonomy":"category","embeddable":true,"href":"https:\/\/rafalk-elblag.pl\/index.php?rest_route=%2Fwp%2Fv2%2Fcategories&post=4220"},{"taxonomy":"post_tag","embeddable":true,"href":"https:\/\/rafalk-elblag.pl\/index.php?rest_route=%2Fwp%2Fv2%2Ftags&post=4220"}],"curies":[{"name":"wp","href":"https:\/\/api.w.org\/{rel}","templated":true}]}}