{"id":4215,"date":"2021-02-08T20:22:45","date_gmt":"2021-02-08T20:22:45","guid":{"rendered":"http:\/\/rafalk-elblag.pl\/?p=4215"},"modified":"2021-02-08T20:23:14","modified_gmt":"2021-02-08T20:23:14","slug":"biuletyn-07-02-2021-v-niedziela-zwykla","status":"publish","type":"post","link":"https:\/\/rafalk-elblag.pl\/?p=4215","title":{"rendered":"Biuletyn 07.02.2021, V Niedziela zwyk\u0142a"},"content":{"rendered":"<p><img decoding=\"async\" src=\"http:\/\/rafalk-elblag.pl\/wp-content\/uploads\/2021\/02\/baner-070221.jpg\"><\/p>\n<h1>\u015aWIATOWY DZIE\u0143 CHORYCH<\/h1>\n<p><strong>\u015awiatowy Dzie\u0144 Chorego ustanowi\u0142 Jan Pawe\u0142 II w li\u015bcie skierowanym 13 maja 1992 r. do \u00f3wczesnego przewodnicz\u0105cego Papieskiej Rady ds. Duszpasterstwa S\u0142u\u017cby Zdrowia, kard. Fiorenzo Angeliniego. Papie\u017c wyznaczy\u0142 te\u017c od razu na obchody tego Dnia wspomnienie objawienia Matki Bo\u017cej w Lourdes, kt\u00f3re przypada 11 lutego. Og\u00f3lno\u015bwiatowe obchody tego Dnia odbywaj\u0105 si\u0119 co roku w jednym z sanktuari\u00f3w maryjnych na \u015bwiecie.<\/strong><\/p>\n<p>Ustanowienie przez Ojca \u015awi\u0119tego Jana Paw\u0142a II \u015awiatowego Dnia Chorego sta\u0142o si\u0119 wezwaniem do ca\u0142ego Ko\u015bcio\u0142a powszechnego, aby po\u015bwi\u0119ci\u0107 jeden dzie\u0144 w roku modlitwie, refleksji i dostrze\u017ceniu miejsca tych, kt\u00f3rzy cierpi\u0105 na duszy i na ciele.<\/p>\n<p>Jan Pawe\u0142 II we wspominanym li\u015bcie zaznaczy\u0142, \u017ce &#8222;ma on na celu uwra\u017cliwienie ludu Bo\u017cego i &#8211; w konsekwencji &#8211; wielu katolickich instytucji dzia\u0142aj\u0105cych na rzecz s\u0142u\u017cby zdrowia oraz spo\u0142eczno\u015bci \u015bwieckiej na konieczno\u015b\u0107 zapewnienia lepszej opieki chorym; pomagania chorym w dowarto\u015bciowaniu cierpienia na p\u0142aszczy\u017anie ludzkiej, a przede wszystkim na p\u0142aszczy\u017anie nadprzyrodzonej; w\u0142\u0105czenie w duszpasterstwo s\u0142u\u017cby zdrowia wsp\u00f3lnot chrze\u015bcija\u0144skich, rodzin zakonnych, popieranie coraz cenniejszego zaanga\u017cowania wolontariatu&#8230;&#8221;<\/p>\n<p>Sprawom ludzi chorych Jan Pawe\u0142 II, sam do\u015bwiadczaj\u0105cy licznych chor\u00f3b, po\u015bwi\u0119ci\u0142 wiele miejsca w swoim nauczaniu. Cz\u0119sto spotyka\u0142 si\u0119 z chorymi i niepe\u0142nosprawnymi, tak w Rzymie, jak i w czasie podr\u00f3\u017cy apostolskich. Chorych prosi\u0142 ju\u017c na samym pocz\u0105tku pontyfikatu o wsparcie modlitewne.<\/p>\n<p>Ko\u015bci\u00f3\u0142 towarzyszy ludziom chorym w spos\u00f3b szczeg\u00f3lny, zgodnie z poleceniem Jezusa zapisanym w zako\u0144czeniu Ewangelii \u015bw. Marka &#8222;Na chorych r\u0119ce k\u0142a\u015b\u0107 b\u0119d\u0105, i ci odzyskaj\u0105 zdrowie&#8221; (Mk 16, 18). Dla umocnienia w chorobie mamy specjalny dar &#8211; sakrament chorych. Olej chorych jest co roku b\u0142ogos\u0142awiony w katedrach w ramach Mszy Krzy\u017cma sprawowanej przez biskupa w poranek Wielkiego Czwartku.<\/p>\n<p>Jest dost\u0119pny w ka\u017cdej parafii, a sakrament namaszczenia mo\u017ce by\u0107 udzielany w ka\u017cdym czasie chorym prosz\u0105cym o niego. W Dniu Chorego w wielu ko\u015bcio\u0142ach sprawowane s\u0105 specjalne nabo\u017ce\u0144stwa ze zbiorowym celebrowaniem sakramentu chorych. Na co dzie\u0144 szafarzami tego sakramentu s\u0105 najcz\u0119\u015bciej kapelani szpitalni, w naszym kraju obecni w ka\u017cdej plac\u00f3wce medycznej.<\/p>\n<p><strong>Codziennie lub kilka razy w tygodniu odwiedzaj\u0105 oni chorych w salach szpitalnych, pooperacyjnych czy reanimacyjnych, umo\u017cliwiaj\u0105c spowied\u017a i Komuni\u0119 \u015bwi\u0119t\u0105. Chorzy chodz\u0105cy mog\u0105 uczestniczy\u0107 w Eucharystii sprawowanej w szpitalnych kaplicach. Kapelani s\u0105 cz\u0119sto powiernikami chorych, \u017cyczliw\u0105 rozmow\u0105 pomagaj\u0105 opanowa\u0107 l\u0119k i niepok\u00f3j towarzysz\u0105ce utracie zdrowia czy operacji. Najwa\u017cniejsz\u0105 jednak pos\u0142ug\u0105 kapelan\u00f3w jest jednanie z Bogiem ludzi, kt\u00f3rzy niejednokrotnie przez wiele poprzednich lat zaniedbywali praktyki religijne.<\/strong><\/p>\n<p>Cz\u0119sto to w\u0142a\u015bnie szpital jest miejscem, gdzie w bezpo\u015bredniej, indywidualnej rozmowie z kap\u0142anem mo\u017cna wyja\u015bni\u0107 w\u0105tpliwo\u015bci dr\u0119cz\u0105ce przez lata. Szpitalne kaplice s\u0105 miejscem sprawowania niemal wszystkich sakrament\u00f3w (w zasadzie z wyj\u0105tkiem jedynie \u015bwi\u0119ce\u0144 kap\u0142a\u0144skich).<\/p>\n<p>Wielkim wsparciem s\u0105 nadzwyczajni szafarze Komunii \u015bwi\u0119tej, dzi\u0119ki kt\u00f3rym kap\u0142ani mog\u0105 wi\u0119cej czasu po\u015bwi\u0119ci\u0107 na sakrament pokuty. Inni \u015bwieccy pomagaj\u0105 w czasie liturgii, prowadz\u0105 \u015bpiew, a nawet przewodnicz\u0105 modlitwom czy nabo\u017ce\u0144stwom. Czasem do zespo\u0142\u00f3w nale\u017c\u0105 wolontariusze, kt\u00f3rzy opiekuj\u0105 si\u0119 chorymi, rozmawiaj\u0105 z nimi, zast\u0119puj\u0105 nieobecne rodziny, daj\u0105c \u015bwiadectwo chrze\u015bcija\u0144skiej postawy.<\/p>\n<p>&nbsp;<br \/>\n<img decoding=\"async\" src=\"http:\/\/rafalk-elblag.pl\/wp-content\/uploads\/2020\/04\/baner-ogloszenia-parafialne.jpg\"><\/p>\n<h1>Og\u0142oszenia parafialne 07.02.2021r<\/h1>\n<p><strong>1. PROSIMY O ZAMYKANIE DRZWI PRZY WCHODZENIU I WYCHODZENIU Z KO\u015aCIO\u0141A, PONIEWA\u017b KO\u015aCI\u00d3\u0141 JEST OGRZEWANY. PROSIMY TE\u017b O WYCIERANIE BUT\u00d3W, BY NIE WNOSI\u0106 PIASKU I \u015aNIEGU DO KO\u015aCIO\u0141A. DZI\u0118KUJEMY!<br \/>\n<\/strong><\/p>\n<p><strong>2.<\/strong> ZAPRASZAMY DZISIAJ NA ADORACJ\u0118 NAJ\u015aWI\u0118TSZEGO SAKRAMENTU OD 16:00 DO 18:00<\/p>\n<p><strong>3.<\/strong> Ofiary sk\u0142adane dzisiaj na tac\u0119 przeznaczone s\u0105 na uregulowanie rachunku za ogrzewanie Ko\u015bcio\u0142a. Dzi\u0119kuj\u0119 za zrozumienie i z\u0142o\u017cone ofiary.<\/p>\n<p><strong>4.<\/strong> Spotkania dla rodzic\u00f3w dzieci klas III przygotowuj\u0105cych si\u0119 do I KOMUNII \u015aWI\u0118TEJ odb\u0119dzie si\u0119 w poniedzia\u0142ek 8 lutego br. o godz. 19:00 w ko\u015bciele. TYM RAZEM ZAPRASZAMY WSZYSTKICH OJC\u00d3W DZIECI KLAS III natomiast mamy zapraszamy za miesi\u0105c. Obecno\u015b\u0107 obowi\u0105zkowa.<\/p>\n<p><strong>5.<\/strong> W \u015brod\u0119 10 lutego przypada 81 rocznica pierwszej deportacji Polak\u00f3w na Sybir. Tego dnia o godz. 18:00 b\u0119dzie sprawowana Msza \u015bw. w intencji Sybirak\u00f3w. Serdecznie zapraszamy do wsp\u00f3lnej modlitwy.<\/p>\n<p><strong>6.<\/strong> W \u015brod\u0119 10 lutego br. spotkanie Kr\u0119gu Biblijnego o godz. 18:45 w ko\u015bciele.<br \/>\nKsi\u0105dz Piotr serdecznie zaprasza i przypomina, \u017ce spotkania KR\u0118GU BIBLIJNEGO odbywaj\u0105 si\u0119 w II i IV \u015brod\u0119 miesi\u0105ca.<\/p>\n<p><strong>7.<\/strong> W czwartek 11 lutego przypada 163 rocznica Objawie\u0144 Matki Bo\u017cej z Lourdes, a zarazem jest to \u015aWIATOWY DZIE\u0143 CHOREGO. Chorych i ich opiekun\u00f3w zapraszamy szczeg\u00f3lnie na Msz\u0119 \u015bw. o godz. 11:00, w trakcie kt\u00f3rej zostanie udzielone b\u0142ogos\u0142awie\u0144stwo lourdzkie NAJ\u015aWI\u0118TSZYM SAKRAMENTEM. Mo\u017cliwo\u015b\u0107 skorzystania z sakramentu spowiedzi przed Msz\u0105 \u015bw. Zapraszamy.<\/p>\n<p><strong>8. KORZYSTAJMY Z SAKRAMENTU SPOWIEDZI \u015aW. \u2013 mamy tak\u0105 mo\u017cliwo\u015b\u0107, codziennie przed Msz\u0105 \u015bw. od godz. 7:45 lub od godz.17:30.<\/strong><\/p>\n<p><strong>9.<\/strong> Zach\u0119camy do nabycia aktualnego numeru \u201eGo\u015bcia Niedzielnego\u201d w cenie 6 z\u0142. z dodatkiem \u201eGo\u015bcia Elbl\u0105skiego\u201d a nim wydarzenia z diecezji.<\/p>\n<p><strong>10.<\/strong> Wszystkim Jubilatom i Solenizantom tego tygodnia \u017cyczymy wielu \u0142ask Bo\u017cych i opieki Matki Bo\u017cej Szkaplerznej naszej patronki.<\/p>\n<p><strong>11.<\/strong> Pan powo\u0142a\u0142 do wieczno\u015bci:<br \/>\n<strong>\u2020 \u015bp. Stanis\u0142awa D\u0105browskiego <\/strong> lat 95 z ul. Tuwima<br \/>\n<strong>\u2020 \u015bp. Ann\u0119 Morawsk\u0105 <\/strong> lat 65 z ul. Korczaka<br \/>\n<strong>\u2020 \u015bp. Jana Kr\u00f3la <\/strong> lat 70 z ul. Korczaka<br \/>\n<strong>\u2020 \u015bp. Jana Marcinkowskiego <\/strong> lat 70 z ul. Leszczy\u0144skiego<br \/>\n<strong>\u2020 \u015bp. Ignacego Rokowskiego <\/strong> lat 79 z ul. \u0141okietka<br \/>\n<strong>\u2020 \u015bp. Weronik\u0119 Fiodorowicz <\/strong> lat 95 z Braniewa<\/p>\n<p>Wieczny odpoczynek racz im da\u0107 Panie! A \u015bwiat\u0142o\u015b\u0107 wiekuista niechaj im \u015bwieci.<\/p>\n<p><img decoding=\"async\" src=\"http:\/\/rafalk-elblag.pl\/wp-content\/uploads\/2020\/04\/baner-intencje-mszy.jpg\"><\/p>\n<h1>Intencje mszalne 07.02.2021r<br \/>\nV Niedziela Zwyk\u0142a<\/h1>\n<p><strong>PONIEDZIA\u0141EK \/ 8 lutego 2021r.<\/strong><br \/>\n8.00 Dzi\u0119k. za otrzymane \u0142aski z pro\u015bb\u0105 o Bo\u017ce b\u0142og., dary Ducha \u015aw. i opiek\u0119 MB dla Moniki i Marcina z dzie\u0107mi<br \/>\n18.00 \u2020 Wac\u0142aw \u017bendarski w 24 r. \u015bm. i zm. z rodziny<br \/>\n18.00 \u2020 Bogus\u0142aw Kondrat w 4 r. \u015bm., Stanis\u0142awa (k) i Stanis\u0142aw Kondrat<\/p>\n<p><strong>WTOREK \/ 9 lutego 2021r.<\/strong><br \/>\n8.00 \u2020 Zdzis\u0142aw Brad w 3 r. \u015bm., Teresa Brad, Anastazja i Jan Brad, Monika i Jerzy Stogowscy<br \/>\n18.00 \u2020 Anatol Usik w 9 miesi\u0105c po \u015bmierci<br \/>\n18.00 Dzi\u0119k. za miniony rok z pro\u015bb\u0105 o Bo\u017ce b\u0142og., opiek\u0119 MB i zdrowie dla rodz. Urbanowskich i D\u0119bickich<\/p>\n<p><strong>\u015aRODA \/ 10 lutego 2021r. \/ \u015bw. Scholastyki<\/strong><br \/>\n8.00 \u2020 Piotr Kisielewski<br \/>\n18.00 W intencji Sybirak\u00f3w w kolejn\u0105 rocznic\u0119 deportacji<br \/>\n18.00 Dzi\u0119k. za otrzymane \u0142aski z pro\u015bb\u0105 o Bo\u017ce b\u0142og., opiek\u0119 MB dla Katarzyny i Jakuba<\/p>\n<p><strong>CZWARTEK \/ 11 lutego 2021r. \/ NMP z Lourdes<\/strong><br \/>\n8.00 \u2020 Julian Chochleintner w 6 r. \u015bm. i Cecylia Lewandowska w 10 r. \u015bm.<br \/>\n11.00 W intencji Chorych<br \/>\n18.00 \u2020 Adolf w r. \u015bm. i zm. z rodz. Adamowicz<\/p>\n<p><strong>PI\u0104TEK \/ 12 lutego 2021r.<\/strong><br \/>\n8.00 Dusze w czy\u015b\u0107cu cierpi\u0105ce<br \/>\n18.00 Dzi\u0119k. w 40 urodziny Moniki Anderson z pro\u015bb\u0105 o Bo\u017ce b\u0142og. i potrzebne \u0142aski dla ca\u0142ej rodziny<br \/>\n18.00 \u2020 Marek Pietrzak z ok. ziemskich urodzin<\/p>\n<p><strong>SOBOTA \/ 13 lutego 2021r.<\/strong><br \/>\n8.00 Dzi\u0119k. za otrzymane \u0142aski z pro\u015bb\u0105 o do\u015bwiadczenie Bo\u017cej mi\u0142o\u015bci dla Miros\u0142awy i Emila<br \/>\n18.00 \u2020 Weronika Czajkowska w 22 r. \u015bm.<br \/>\n18.00 \u2020 J\u00f3zef Smolak w 17 r. \u015bm. i zm. z rodziny<\/p>\n<p><strong>VI Niedziela Zwyk\u0142a \/ 14 lutego 2021r.<\/strong><br \/>\n7.00 Dzi\u0119k. za 65 lat \u017cycia Piotra z pro\u015bb\u0105 o do\u015bwiadczenie Bo\u017cej mi\u0142o\u015bci i ufn\u0105 wiar\u0119<br \/>\n9.00 \u2020 Boles\u0142awa (k) Szulczyk w 7 r. \u015bm. i Bronis\u0142aw Szulczyk<br \/>\n9.00 Dzi\u0119k. za opiek\u0119 i \u0142aski otrzymane w minionym roku z pro\u015bb\u0105 o dalsze b\u0142og. i opiek\u0119 dla ca\u0142ej rodziny Karmowskich<br \/>\n10.30 \u2020 Teresa Cesarska w 12 r. \u015bm.<br \/>\n12.00 W intencji Parafian<br \/>\n15.00 \u2020 Maria S\u0142omi\u0144ska w 9 r. \u015bm.<br \/>\n18.00 \u2020 Henryk Pawlicki<\/p>\n","protected":false},"excerpt":{"rendered":"<p>\u015aWIATOWY DZIE\u0143 CHORYCH \u015awiatowy Dzie\u0144 Chorego ustanowi\u0142 Jan Pawe\u0142 II w li\u015bcie skierowanym 13 maja 1992 r. do \u00f3wczesnego przewodnicz\u0105cego Papieskiej Rady ds. Duszpasterstwa S\u0142u\u017cby Zdrowia, kard. Fiorenzo Angeliniego. Papie\u017c wyznaczy\u0142 te\u017c od razu na obchody tego Dnia wspomnienie objawienia Matki Bo\u017cej w Lourdes, kt\u00f3re przypada 11 lutego. Og\u00f3lno\u015bwiatowe obchody tego Dnia odbywaj\u0105 si\u0119 co [&hellip;]<\/p>\n","protected":false},"author":1,"featured_media":4217,"comment_status":"closed","ping_status":"closed","sticky":false,"template":"","format":"standard","meta":{"ngg_post_thumbnail":0,"footnotes":""},"categories":[11,8,4,3,1],"tags":[],"class_list":["post-4215","post","type-post","status-publish","format-standard","has-post-thumbnail","hentry","category-aktualnosci","category-blog","category-intencje","category-ogloszenia","category-uncategorized"],"_links":{"self":[{"href":"https:\/\/rafalk-elblag.pl\/index.php?rest_route=\/wp\/v2\/posts\/4215","targetHints":{"allow":["GET"]}}],"collection":[{"href":"https:\/\/rafalk-elblag.pl\/index.php?rest_route=\/wp\/v2\/posts"}],"about":[{"href":"https:\/\/rafalk-elblag.pl\/index.php?rest_route=\/wp\/v2\/types\/post"}],"author":[{"embeddable":true,"href":"https:\/\/rafalk-elblag.pl\/index.php?rest_route=\/wp\/v2\/users\/1"}],"replies":[{"embeddable":true,"href":"https:\/\/rafalk-elblag.pl\/index.php?rest_route=%2Fwp%2Fv2%2Fcomments&post=4215"}],"version-history":[{"count":1,"href":"https:\/\/rafalk-elblag.pl\/index.php?rest_route=\/wp\/v2\/posts\/4215\/revisions"}],"predecessor-version":[{"id":4218,"href":"https:\/\/rafalk-elblag.pl\/index.php?rest_route=\/wp\/v2\/posts\/4215\/revisions\/4218"}],"wp:featuredmedia":[{"embeddable":true,"href":"https:\/\/rafalk-elblag.pl\/index.php?rest_route=\/wp\/v2\/media\/4217"}],"wp:attachment":[{"href":"https:\/\/rafalk-elblag.pl\/index.php?rest_route=%2Fwp%2Fv2%2Fmedia&parent=4215"}],"wp:term":[{"taxonomy":"category","embeddable":true,"href":"https:\/\/rafalk-elblag.pl\/index.php?rest_route=%2Fwp%2Fv2%2Fcategories&post=4215"},{"taxonomy":"post_tag","embeddable":true,"href":"https:\/\/rafalk-elblag.pl\/index.php?rest_route=%2Fwp%2Fv2%2Ftags&post=4215"}],"curies":[{"name":"wp","href":"https:\/\/api.w.org\/{rel}","templated":true}]}}