{"id":4205,"date":"2021-01-31T10:24:51","date_gmt":"2021-01-31T10:24:51","guid":{"rendered":"http:\/\/rafalk-elblag.pl\/?p=4205"},"modified":"2021-01-31T10:26:03","modified_gmt":"2021-01-31T10:26:03","slug":"biuletyn-31-01-2021-swieto-ofiarowania-panskiego","status":"publish","type":"post","link":"https:\/\/rafalk-elblag.pl\/?p=4205","title":{"rendered":"Biuletyn 31.01.2021, \u015awi\u0119to Ofiarowania Pa\u0144skiego"},"content":{"rendered":"<p><img decoding=\"async\" src=\"http:\/\/rafalk-elblag.pl\/wp-content\/uploads\/2021\/01\/baner-310121.jpg\"><\/p>\n<h1>\u015aWI\u0118TO OFIAROWANIA PA\u0143SKIEGO<\/h1>\n<p><strong>2 lutego obchodzone jest w Ko\u015bciele \u015bwi\u0119to Ofiarowania Pa\u0144skiego, potocznie zwane \u015bwi\u0119tem Matki Bo\u017cej Gromnicznej. Bardzo pi\u0119knie o tym \u015bwi\u0119cie pisze Anselm Gr\u00fcn &#8211; mnich benedykty\u0144ski: &#8222;\u015awi\u0119to Ofiarowania Pa\u0144skiego zaprasza nas, by przyj\u0105\u0107 Chrystusa do wewn\u0119trznej \u015bwi\u0105tyni naszego serca.<\/strong><\/p>\n<p>Wesele mi\u0119dzy Bogiem i cz\u0142owiekiem odbywa si\u0119 wtedy, gdy pozwalamy wej\u015b\u0107 Chrystusowi do wewn\u0119trznej \u015bwi\u0105tyni zamku naszej duszy. Znajduje to sw\u00f3j wyraz podczas \u015bwi\u0119ta w procesji ze \u015bwiecami. Na rozpocz\u0119cie Eucharystii wsp\u00f3lnota zbiera si\u0119 w ciemnym przedsionku ko\u015bcio\u0142a. Kap\u0142an \u015bwi\u0119ci \u015bwiece i zapala je. Nast\u0119pnie wszyscy wchodz\u0105 z p\u0142on\u0105cymi \u015bwiecami do ko\u015bcio\u0142a. Jest to obraz tego, \u017ce do \u015bwi\u0105tyni naszej duszy wchodzi \u015bwiat\u0142o Jezusa Chrystusa i roz\u015bwietla wszystko, co jest tam jeszcze ciemne i jeszcze nie wyzwolone&#8221;.<\/p>\n<p>Nazwy tego \u015bwi\u0119ta s\u0105 do\u015b\u0107 zr\u00f3\u017cnicowane. Lekcjonarz arme\u0144ski podaje, \u017ce obchodzono je w &#8222;czterdziestym dniu od narodzenia naszego Pana Jezusa Chrystusa&#8221;. W V w. pojawi\u0142y si\u0119 w brzmieniu greckim okre\u015blenia hypapante, tzn. \u015bwi\u0119to spotkania i heorte ton kataroion &#8211; \u015bwi\u0119to oczyszczenia. Te dwa okre\u015blenia rozpowszechni\u0142y si\u0119 w Ko\u015bciele zar\u00f3wno na Wschodzie jak i na Zachodzie. W liturgii bizantyjskiej do dzi\u015b nosi ono nazw\u0119 hypapante. Nazw\u0119 t\u0119 spotykamy tak\u017ce w Sakramentarzu gregoria\u0144skim w tradycji rzymskiej. Okre\u015bleniem &#8222;oczyszczenia&#8221; pos\u0142u\u017cy\u0142 si\u0119 Msza\u0142 z 1570 r. Msza\u0142 Paw\u0142a VI opowiedzia\u0142 si\u0119 za In presentatione Domini &#8211; Ofiarowanie Pa\u0144skie.<\/p>\n<p><strong>R\u00f3\u017cna by\u0142a data obchodzenia tego \u015bwi\u0119ta. Wsch\u00f3d liczy\u0142 40 dni od Objawienia Pa\u0144skiego, natomiast Zach\u00f3d od 25 grudnia, kt\u00f3re by\u0142o i jest \u015bwi\u0119tem Narodzenia Pa\u0144skiego.<\/strong> St\u0105d Ko\u015bcio\u0142y wschodnie \u015bwi\u0119towa\u0142y Ofiarowanie Pa\u0144skie 14 lutego, za\u015b liturgia rzymska &#8211; 2 lutego. Msza\u0142 papie\u017ca Paw\u0142a VI przewiduje na ten dzie\u0144 oddzieln\u0105 prefacj\u0119, kt\u00f3ra s\u0142awi Boga za to, \u017ce Maryja przynios\u0142a do \u015bwi\u0105tyni Jezusa, przedwiecznego Syna Bo\u017cego, \u017ce Duch \u015awi\u0119ty og\u0142osi\u0142 Go chwa\u0142\u0105 ludu Bo\u017cego i \u015bwiat\u0142em dla narod\u00f3w.<\/p>\n<p>Motyw \u015bwiat\u0142a jest charakterystyczny do tego stopnia, \u017ce w niekt\u00f3rych krajach Msza \u015bw. 2 lutego nosi nazw\u0119 Mszy \u015bwiat\u0142a.<\/p>\n<p>Liturgia \u015bwi\u0119ta Ofiarowania Pa\u0144skiego nosi cech\u0119 uroczysto\u015bci oraz rado\u015bci z powodu pierwszego wej\u015bcia Chrystusa do \u015bwi\u0105tyni, a zarazem cech\u0119 ofiary, bowiem przychodzi On i do \u015bwi\u0105tyni, aby by\u0107 z\u0142o\u017conym w ofierze. Ko\u015bci\u00f3\u0142 wspominaj\u0105c to wydarzenie zaprasza nas wszystkich do p\u00f3j\u015bcia na spotkanie z Chrystusem w domu Bo\u017cym, gdzie mo\u017cemy Go odnale\u017a\u0107 w sprawowanej Eucharystii i uczci\u0107 swego Zbawiciela, sk\u0142adaj\u0105c Mu ho\u0142d wiary i mi\u0142o\u015bci, podobnych do wiary i mi\u0142o\u015bci Symeona i Anny i przyj\u0105\u0107 Go do serca. Takie znaczenie ma procesja z gromnicami: i\u015b\u0107 na spotkanie z Chrystusem &#8211; \u015awiat\u0142o\u015bci\u0105 \u015bwiata, z zapalonym \u015bwiat\u0142em \u017cycia chrze\u015bcija\u0144skiego.<\/p>\n<p><strong>Od 1997 r. 2 lutego Ko\u015bci\u00f3\u0142 powszechny obchodzi ustanowiony przez Jana Paw\u0142a II Dzie\u0144 \u017bycia Konsekrowanego,<\/strong> po\u015bwi\u0119cony modlitwie za osoby, kt\u00f3re odda\u0142y swoje \u017cycie na s\u0142u\u017cb\u0119 Bogu i ludziom w niezliczonych zakonach, zgromadzeniach i instytutach \u015bwieckich. Papie\u017c ustanowi\u0142 \u015awiatowy Dzie\u0144 \u017bycia Konsekrowanego, stwarzaj\u0105c okazj\u0119 do g\u0142\u0119bszej refleksji ca\u0142ego Ko\u015bcio\u0142a nad darem \u017cycia po\u015bwi\u0119conego Bogu.<\/p>\n<p>&nbsp;<br \/>\n<img decoding=\"async\" src=\"http:\/\/rafalk-elblag.pl\/wp-content\/uploads\/2020\/04\/baner-ogloszenia-parafialne.jpg\"><\/p>\n<h1>Og\u0142oszenia parafialne 31.01.2021r<\/h1>\n<p><strong>1. PROSIMY O ZAMYKANIE DRZWI PRZY WCHODZENIU I WYCHODZENIU Z KO\u015aCIO\u0141A, PONIEWA\u017b KO\u015aCI\u00d3\u0141 JEST OGRZEWANY. DZI\u0118KUJEMY.<\/strong><\/p>\n<p><strong>2.&nbsp;<\/strong> Wolontariusze parafialnego Caritas zbieraj\u0105 ofiary do puszek na rzecz ofiar kataklizmu na Chorwacji. Chorwacj\u0119 nawiedzi\u0142o najsilniejsze od 140 lat trz\u0119sienie ziemi. Spowodowa\u0142o ono du\u017ce straty materialne i zniszczenia. Zgin\u0119li ludzie. <strong>Tysi\u0105ce os\u00f3b pozosta\u0142o bez dachu nad g\u0142ow\u0105. Zebrane \u015brodki finansowe zostan\u0105 przekazane Caritas Chorwacji.<\/strong> B\u00f3g zap\u0142a\u0107 za zrozumienie i z\u0142o\u017cone ofiary.<\/p>\n<p><strong>3.<\/strong> W sobot\u0119 zako\u0144czyli\u015bmy wizyt\u0119 duszpastersk\u0105 w naszej parafii. Dzi\u0119kujemy naszym parafianom, kt\u00f3rzy wzi\u0119li udzia\u0142 we wsp\u00f3lnej Mszy \u015bw. o godz. 18:00.<\/p>\n<p><strong>4.<\/strong> We wtorek przypada \u015awi\u0119to Ofiarowania Pa\u0144skiego. W ca\u0142ym Ko\u015bciele obchodzimy \u015awiatowy Dzie\u0144 \u017bycia Konsekrowanego. W tym dniu czcimy Chrystusa Pana &#8211; \u015awiat\u0142o\u015b\u0107 \u015awiata (symbolizuj\u0105 to \u015bwiece) i Jego Matk\u0119 pod nazw\u0105 Matki Bo\u017cej Gromnicznej. Po\u015bwi\u0119cenie \u015bwiec podczas ka\u017cdej Mszy \u015bw. o godz. 8:00, 11:00 i 18:00<\/p>\n<p><strong>5.<\/strong> We wtorek (2 lutego) ODNOWA W DUCHU \u015aWI\u0118TYM zaprasza na wsp\u00f3ln\u0105 ADORACJ\u0118 po Mszy \u015bw. o godz. 18:00. W \u015awi\u0119to Matki Bo\u017cej Gromnicznej w spos\u00f3b szczeg\u00f3lny b\u0119dziemy prosi\u0107 o oddaleni epidemii koronawirusa.<\/p>\n<p><strong>6.<\/strong> W \u015brod\u0119 wspomnienie \u015bw. B\u0142a\u017ceja patrona od chor\u00f3b gard\u0142a, natomiast w pi\u0105tek wspomnienie \u015bw. Agaty, dziewicy i m\u0119czennicy &#8211; w tym dniu po\u015bwiecenie chleba. Zapraszamy do wsp\u00f3lnej modlitwy podczas Mszy \u015bw. o godz. 8:00 i 18:00 za wstawiennictwem \u015bwi\u0119tych patron\u00f3w.<\/p>\n<p><strong>7. W tym tygodniu przypada pierwszy czwartek, pi\u0105tek i sobota miesi\u0105ca.<\/strong><br \/>\n\u2022 w pierwszy czwartek zapraszamy do wsp\u00f3lnej modlitwy o nowe powo\u0142ania kap\u0142a\u0144skie i zakonne. Msza \u015bw. o godz. 18:00, a po niej ,,Godzina \u015awi\u0119ta\u201d, czyli ADORACJA przed Naj\u015bwi\u0119tszym Sakramentem w powy\u017cszych intencjach.<br \/>\n\u2022 w pierwszy pi\u0105tek spowied\u017a dla dzieci, m\u0142odzie\u017cy i doros\u0142ych w tygodniu od godz. 17:30 i Msza \u015bw. Wotywna o NSPJ o godz.18:00.<br \/>\n\u2022 w pierwsz\u0105 sobot\u0119 przed Msz\u0105 \u015bw. o godz. 17:00 zapraszamy na nabo\u017ce\u0144stwo wynagradzaj\u0105ce Niepokalanemu Sercu Maryi za zniewagi grzesznik\u00f3w. Tego dnia zmiana tajemnic dla \u017bywego R\u00f3\u017ca\u0144ca.<\/p>\n<p>8. Z racji pierwszego pi\u0105tku ksi\u0105dz Proboszcz i ks. Marcin udadz\u0105 si\u0119 do chorych 5 lutego od godz. 9:30, natomiast ks. Piotr oko\u0142o godz. 14.00. Prosimy o potwierdzenie woli przyj\u0119cia kap\u0142ana.<\/p>\n<p><strong>9. KORZYSTAJMY Z SAKRAMENTU SPOWIEDZI \u015aW. &#8211; codziennie przed Msz\u0105 \u015bw. od godz. 7:45 lub od godz.17:30.<\/strong><\/p>\n<p>10. Informujemy o mo\u017cliwo\u015bci rezerwacji i zamawiania Mszy \u015bw. na ca\u0142y bie\u017c\u0105cy rok. Niech Eucharystia stanie si\u0119 dzi\u0119kczynieniem za prze\u017cyte lata, rocznice sakramentu ma\u0142\u017ce\u0144stwa a nawet dnia urodzin czy imienin. Msza \u015bw. jest najpi\u0119kniejszym darem.<\/p>\n<p>11. Kandydat\u00f3w przygotowuj\u0105cych si\u0119 drugi rok do Sakramentu Bierzmowania, zapraszamy w tym tygodniu na spotkania wed\u0142ug ustalonego porz\u0105dku: w poniedzia\u0142ek, wtorek i czwartek o godz. 19:00.<\/p>\n<p>12. Zach\u0119camy do nabycia aktualnego numeru \u201eGo\u015bcia Niedzielnego\u201d w cenie 6 z\u0142. z dodatkiem \u201eGo\u015bcia Elbl\u0105skiego\u201d a nim wydarzenia z diecezji.<br \/>\n&nbsp;<\/p>\n<p><img decoding=\"async\" src=\"http:\/\/rafalk-elblag.pl\/wp-content\/uploads\/2020\/04\/baner-intencje-mszy.jpg\"><\/p>\n<h1>Intencje mszalne 31.01.2021r<br \/>\n\u015awi\u0119to Ofiarowania Pa\u0144skiego<\/h1>\n<p><strong>PONIEDZIA\u0141EK \/ 1 lutego 2021r.<\/strong><br \/>\n8.00 Dzi\u0119k. z okazji imienin ks. Arkadiusza Grabowskiego z pro\u015bb\u0105 o Bo\u017ce b\u0142og. i opiek\u0119 MB na ka\u017cdy dzie\u0144 \u017cycia \u2013 int. od Margaretki<br \/>\n18.00 \u2020 Helena, W\u0142adys\u0142aw, Janina, Wies\u0142aw, J\u00f3zefa (k), Helena, Mieczys\u0142aw, W\u0142adys\u0142aw, Waleria i Jan z rodz. \u017b\u0142obkowskich<br \/>\n18.00 \u2020 Jerzy w 1 r. \u015bm.<\/p>\n<p><strong>WTOREK \/ 2 lutego 2021r. \/ \u015awi\u0119to Ofiarowania Pa\u0144skiego<\/strong><br \/>\n8.00 \u2020 Cezary Dalidowicz w 11 miesi\u0105c po pogrzebie<br \/>\n11.00 W int. os\u00f3b konsekrowanych \u2013 szczeg\u00f3lnie za Siostry Karmelitanki i Klaryski pos\u0142uguj\u0105ce w naszym mie\u015bcie<br \/>\n18.00 \u2020 Anatol Usik w 9 miesi\u0105c po \u015bmierci<br \/>\n18.00 Dzi\u0119k. za miniony rok z pro\u015bb\u0105 o Bo\u017ce b\u0142og., opiek\u0119 MB i zdrowie dla rodz. Urbanowskich i D\u0119bickich<\/p>\n<p><strong>\u015aRODA \/ 3 lutego 2021r.<\/strong><br \/>\n8.00 \u2020 Honorata Grochowska<br \/>\n18.00 Dzi\u0119k. za miniony rok i otrzymane \u0142aski z pro\u015bb\u0105 o Bo\u017ce b\u0142og., opiek\u0119 MB i zdrowie dla Ani i mamy<br \/>\n18.00 Dzi\u0119k. za miniony rok i otrzymane \u0142aski z pro\u015bb\u0105 o Bo\u017ce b\u0142og., opiek\u0119 MB i zdrowie dla rodziny Brz\u00f3zka<\/p>\n<p><strong>CZWARTEK \/ 4 lutego 2021r.<\/strong><br \/>\n8.00 Dzi\u0119k. w dniu 60 urodzin Ewy z pro\u015bb\u0105 o Bo\u017ce b\u0142og., opiek\u0119 MB i potrzebne \u0142aski dla Niej i ca\u0142ej rodziny<br \/>\n18.00 Dzi\u0119k. za otrzymane \u0142aski z prosb\u0105 o dalsze Bo\u017ce b\u0142og. i opiek\u0119 dla Renaty<br \/>\n18.00 \u2020 Walentyna Myszk<\/p>\n<p><strong>PI\u0104TEK \/ 5 lutego 2021r. \/ \u015bw. Agaty<\/strong><br \/>\n8.00 O Bo\u017ce b\u0142og. dla Wsp\u00f3lnoty Przemienienie<br \/>\n18.00 O Bo\u017ce b\u0142og., opiek\u0119 MB i powr\u00f3t do zdrowia dla Joanny<br \/>\n18.00 W intencji czcicieli NSPJ<\/p>\n<p><strong>SOBOTA \/ 6 lutego 2021r. \/ \u015bw. Paw\u0142a Miki i Towarzyszy<\/strong><br \/>\n8.00 Dzi\u0119k. za otrzymane \u0142aski z pro\u015bb\u0105 o dalsze Bo\u017ce b\u0142og. i opiek\u0119 MB dla Joanny i Henryka<br \/>\n18.00 O Bo\u017ce b\u0142og., opiek\u0119 MB i \u015bw. J\u00f3zefa \u2013 patrona roku \u2013 dla kap\u0142an\u00f3w i ca\u0142ej Parafii \u2013 int. od 11 R\u00f3\u017cy MB Nadziei<\/p>\n<p><strong>V Niedziela Zwyk\u0142a \/ 7 lutego 2021r.<\/strong><br \/>\n7.00 O Bo\u017ce b\u0142og. i dary Ducha \u015aw. dla doktor Joanny Borowskiej w jej pos\u0142udze zawodowej i rodzinnej<br \/>\n9.00 O do\u015bwiadczenie Bo\u017cej mi\u0142o\u015bci dla Karoliny i Sebastiana<br \/>\n9.00 \u2020 Rodzice: Janina i Jan Pastuszka, bracia Zbigniew i Tadeusz, Wojciech i zm. z rodz.<br \/>\n10.30 \u2020 Edward Ma\u0142yszko w 30 dpp.<br \/>\n12.00 W intencji Parafian<br \/>\n15.00 \u2020 Bronis\u0142awa (k) w 18 r. \u015bm. i Wac\u0142aw G\u0105sior w 38 r. \u015bm.<br \/>\n18.00 \u2020 Bronis\u0142aw Sosnowski w 30 dpp.<\/p>\n","protected":false},"excerpt":{"rendered":"<p>\u015aWI\u0118TO OFIAROWANIA PA\u0143SKIEGO 2 lutego obchodzone jest w Ko\u015bciele \u015bwi\u0119to Ofiarowania Pa\u0144skiego, potocznie zwane \u015bwi\u0119tem Matki Bo\u017cej Gromnicznej. Bardzo pi\u0119knie o tym \u015bwi\u0119cie pisze Anselm Gr\u00fcn &#8211; mnich benedykty\u0144ski: &#8222;\u015awi\u0119to Ofiarowania Pa\u0144skiego zaprasza nas, by przyj\u0105\u0107 Chrystusa do wewn\u0119trznej \u015bwi\u0105tyni naszego serca. Wesele mi\u0119dzy Bogiem i cz\u0142owiekiem odbywa si\u0119 wtedy, gdy pozwalamy wej\u015b\u0107 Chrystusowi do [&hellip;]<\/p>\n","protected":false},"author":1,"featured_media":4210,"comment_status":"closed","ping_status":"closed","sticky":false,"template":"","format":"standard","meta":{"ngg_post_thumbnail":0,"footnotes":""},"categories":[11,8,4,3],"tags":[],"class_list":["post-4205","post","type-post","status-publish","format-standard","has-post-thumbnail","hentry","category-aktualnosci","category-blog","category-intencje","category-ogloszenia"],"_links":{"self":[{"href":"https:\/\/rafalk-elblag.pl\/index.php?rest_route=\/wp\/v2\/posts\/4205","targetHints":{"allow":["GET"]}}],"collection":[{"href":"https:\/\/rafalk-elblag.pl\/index.php?rest_route=\/wp\/v2\/posts"}],"about":[{"href":"https:\/\/rafalk-elblag.pl\/index.php?rest_route=\/wp\/v2\/types\/post"}],"author":[{"embeddable":true,"href":"https:\/\/rafalk-elblag.pl\/index.php?rest_route=\/wp\/v2\/users\/1"}],"replies":[{"embeddable":true,"href":"https:\/\/rafalk-elblag.pl\/index.php?rest_route=%2Fwp%2Fv2%2Fcomments&post=4205"}],"version-history":[{"count":2,"href":"https:\/\/rafalk-elblag.pl\/index.php?rest_route=\/wp\/v2\/posts\/4205\/revisions"}],"predecessor-version":[{"id":4213,"href":"https:\/\/rafalk-elblag.pl\/index.php?rest_route=\/wp\/v2\/posts\/4205\/revisions\/4213"}],"wp:featuredmedia":[{"embeddable":true,"href":"https:\/\/rafalk-elblag.pl\/index.php?rest_route=\/wp\/v2\/media\/4210"}],"wp:attachment":[{"href":"https:\/\/rafalk-elblag.pl\/index.php?rest_route=%2Fwp%2Fv2%2Fmedia&parent=4205"}],"wp:term":[{"taxonomy":"category","embeddable":true,"href":"https:\/\/rafalk-elblag.pl\/index.php?rest_route=%2Fwp%2Fv2%2Fcategories&post=4205"},{"taxonomy":"post_tag","embeddable":true,"href":"https:\/\/rafalk-elblag.pl\/index.php?rest_route=%2Fwp%2Fv2%2Ftags&post=4205"}],"curies":[{"name":"wp","href":"https:\/\/api.w.org\/{rel}","templated":true}]}}