{"id":4196,"date":"2021-01-23T16:32:44","date_gmt":"2021-01-23T16:32:44","guid":{"rendered":"http:\/\/rafalk-elblag.pl\/?p=4196"},"modified":"2021-01-31T10:05:56","modified_gmt":"2021-01-31T10:05:56","slug":"biuletyn-24-01-2021-iii-niedziela-zwykla","status":"publish","type":"post","link":"https:\/\/rafalk-elblag.pl\/?p=4196","title":{"rendered":"Biuletyn 24.01.2021, III Niedziela Zwyk\u0142a"},"content":{"rendered":"<p><img decoding=\"async\" src=\"http:\/\/rafalk-elblag.pl\/wp-content\/uploads\/2021\/01\/baner-240121.jpg\"><\/p>\n<h1>NAWR\u00d3CENIE<\/h1>\n<p><strong>Jednym z wielu s\u0142\u00f3w, kt\u00f3re doskonale wyra\u017ca to, czym jest nasza chrze\u015bcija\u0144ska wiara, jest s\u0142owo \u201enawr\u00f3cenie\u201d. Z tym s\u0142owem kojarzy nam si\u0119 grzech, s\u0142abo\u015b\u0107, z\u0142e \u017cycie i pokuta. I s\u0142usznie, bo nawr\u00f3cenie to rzeczywi\u015bcie odwr\u00f3cenie si\u0119 od grzechu, od z\u0142ego \u017cycia. Nawr\u00f3cenie to przyznanie si\u0119 do winy, a w konsekwencji czynienie pokuty.<\/strong><\/p>\n<p>Jutro &#8211; 25 stycznia prze\u017cywa\u0107 b\u0119dziemy \u015bwi\u0119to Nawr\u00f3cenia \u015bw. Paw\u0142a Aposto\u0142a. By\u0107 mo\u017ce samo s\u0142owo \u201enawr\u00f3cenie\u201d bardziej kojarzy\u0107 si\u0119 nam b\u0119dzie z przej\u015bciem z niewiary czy wierze\u0144 poga\u0144skich do wiary w Boga. Nawr\u00f3cenie \u015bw. Paw\u0142a \u0142amie te stereotypy. By\u0142 on przecie\u017c cz\u0142owiekiem wierz\u0105cym w Boga, gorliwym Izraelit\u0105, gotowym w obronie judaizmu prze\u015bladowa\u0107 tych, kt\u00f3rzy inaczej wierz\u0105 w Boga.<\/p>\n<p>Jego nawr\u00f3cenie by\u0142o zmian\u0105 my\u015blenia, procesem, kt\u00f3ry pom\u00f3g\u0142 mu odnale\u017a\u0107 Boga, kt\u00f3ry nie jest tylko Bogiem prawa i przepis\u00f3w, ale Bogiem mi\u0142o\u015bci, Bogiem, kt\u00f3ry pos\u0142a\u0142 na \u015bwiat swojego syna Jezusa Chrystusa, aby zbawi\u0142 \u015bwiat.<\/p>\n<p>R\u00f3\u017cne s\u0105 drogi nawr\u00f3cenia. Dla niekt\u00f3rych jest to wynik wielu lat poszukiwa\u0144. Dla innych moment, wydarzenie \u2013 niekiedy nawet tragiczne i trudne \u2013 kt\u00f3re sprawia, \u017ce zaczynaj\u0105 \u017cy\u0107 inaczej. Jest tak\u017ce nawr\u00f3cenie, podobne do nawr\u00f3cenia \u015bw. Paw\u0142a, kt\u00f3re polega na zmianie my\u015blenia, spotkaniu osobowego kochaj\u0105cego Boga, kt\u00f3ry wype\u0142nia obietnice Starego Testamentu.<\/p>\n<p>Nasze nawr\u00f3cenie powinno w\u0142a\u015bnie na tym polega\u0107, aby przyj\u0105\u0107 Chrystusa do swojego \u017cycia. Bo mo\u017cna by\u0107 ochrzczonym, chodz\u0105cym nawet do ko\u015bcio\u0142a, a przy tym \u017cy\u0107 daleko moralnie od Boga. Nawr\u00f3cenie to skierowanie swojego \u017cycia ku Bogu, a przez to zmiana swojego dotychczasowego my\u015blenia. I tego uczy nas historia \u017cycia i nawr\u00f3cenia \u015bw. Paw\u0142a.<\/p>\n<p>\u015awi\u0119ci nie przemijaj\u0105, \u015bwi\u0119ci pragn\u0105 naszej \u015bwi\u0119to\u015bci. \u015awi\u0119ty Pawe\u0142 wyrazi\u0142 to pragnienie w s\u0142owach: B\u0105d\u017acie na\u015bladowcami moimi, tak jak ja jestem na\u015bladowc\u0105 Chrystusa (1 Kor 11, 1). W naszym \u017cyciu niekiedy do\u015bwiadczamy, ile brakuje nam do pe\u0142nej i doskona\u0142ej mi\u0142o\u015bci do Boga.<\/p>\n<p>Mo\u017cemy mie\u0107 tak\u017ce \u015bwiadomo\u015b\u0107, \u017ce sami bez Boga nie damy rady nawr\u00f3ci\u0107 si\u0119 do Niego. Im bardziej pragniemy si\u0119 nawraca\u0107, tym \u0142atwiej zauwa\u017cy\u0107 nam nienawr\u00f3cone strefy swego \u017cycia. Na\u015bladowanie postawy \u015bw. Paw\u0142a to otwarcie si\u0119 na \u0142ask\u0119 Boga.<\/p>\n<p>Tego rodzaju otwarcie si\u0119 na \u0142ask\u0119 dobrze przedstawi\u0142 w\u0142oski malarz Caravaggio. W obrazie, kt\u00f3ry mo\u017cna zobaczy\u0107 w ko\u015bciele Santa Maria del Popolo w Rzymie, malarz na pierwszym planie przedstawi\u0142 le\u017c\u0105cego Paw\u0142a, kt\u00f3ry podnosi swoje ramiona w kierunku mocnego strumienia \u015bwiat\u0142a. Wyra\u017ca to otwarcie na przyj\u0119cie Chrystusowej \u0142aski.<\/p>\n<p>Tajemniczej scenie przygl\u0105da si\u0119 ze spokojem ko\u0144 i s\u0142uga. Jednak tylko Pawe\u0142 jest w stanie pozna\u0107, \u017ce dzieje si\u0119 co\u015b szczeg\u00f3lnego. Wa\u017cn\u0105 rol\u0119 na obrazie odgrywa \u015bwiat\u0142o wyra\u017anie skierowane na Paw\u0142a \u2013 znak Bo\u017cej obecno\u015bci i mocy. To \u015bwiat\u0142o wiary jest w stanie o\u015bwieci\u0107 to, co dla Paw\u0142a by\u0142o ciemno\u015bci\u0105. Dzi\u0119ki \u0142asce wiary jest w stanie otworzy\u0107 si\u0119 na Boga, a w konsekwencji zosta\u0107 aposto\u0142em.<\/p>\n<p>Wspominamy nawr\u00f3cenie, kt\u00f3re by\u0142o pocz\u0105tkiem spotkania Jezusa i g\u0142oszenia Jego Dobrej Nowiny. Pan B\u00f3g nikogo nie skre\u015bla, nawet prze\u015bladowcy Jego wyznawc\u00f3w. Pokazuje nam to, \u017ce warto tak jak \u015bwi\u0119ty Pawe\u0142 w swoim \u017cyciu otworzy\u0107 si\u0119 na \u0142ask\u0119 Bo\u017c\u0105. <strong>Bo jak pisa\u0142 irlandzki poeta Oscar Wilde, \u201ejedyna r\u00f3\u017cnica pomi\u0119dzy \u015bwi\u0119tymi a grzesznikami polega na tym, \u017ce ka\u017cdy \u015bwi\u0119ty ma jak\u0105\u015b przesz\u0142o\u015b\u0107, a ka\u017cdy grzesznik ma przysz\u0142o\u015b\u0107\u201d. Pami\u0119tajmy, \u017ce pocz\u0105tkiem naszej lepszej przysz\u0142o\u015bci jest zawsze nawr\u00f3cenie.<\/strong><\/p>\n<p>&nbsp;<br \/>\n<img decoding=\"async\" src=\"http:\/\/rafalk-elblag.pl\/wp-content\/uploads\/2020\/04\/baner-ogloszenia-parafialne.jpg\"><\/p>\n<h1>Og\u0142oszenia parafialne 24.01.2021r<\/h1>\n<p><strong>1. PROSIMY O ZAMYKANIE DRZWI PRZY WCHODZENIU I WYCHODZENIU Z KO\u015aCIO\u0141A, PONIEWA\u017b KO\u015aCI\u00d3\u0141 JEST OGRZEWANY. DZI\u0118KUJEMY.<\/strong><\/p>\n<p>2. Trwaj\u0105c w tradycji Ko\u015bcio\u0142a do 2 lutego \u015bpiewamy kol\u0119dy.<\/p>\n<p><strong>3. UWAGA!!!<\/strong> Woda po\u015bwi\u0119cona znajduje si\u0119 te\u017c w specjalnym naczyniu pod ch\u00f3rem.<\/p>\n<p><strong>4. TRWA WIZYTA DUSZPASTERSKA<\/strong> w naszej parafii. Z powodu epidemii KOL\u0118DA sk\u0142ada si\u0119 z dw\u00f3ch cz\u0119\u015bci. Pierwsza cz\u0119\u015b\u0107 to nasze spotkanie w KO\u015aCIELE na Mszy \u015bw. o godz. 18:00 zako\u0144czonej SPECJALNYM B\u0141OGOS\u0141AWIE\u0143STWEM. Druga cz\u0119\u015b\u0107 to modlitwa i po\u015bwiecenie domu przez jednego z cz\u0142onk\u00f3w rodziny. Wi\u0119cej informacji znajdziemy na stronie internetowej i Biuletynie z niedzieli 3 stycznia br. W drugim roku realizacji programu (2020\/2021) koncentrujemy si\u0119 na sprawowaniu EUCHARYSTII, st\u0105d tegoroczne has\u0142o duszpasterskie: \u201eZGROMADZENI NA \u015aWI\u0118TEJ WIECZERZY\u201d. Niech Msza \u015bw. stanie si\u0119 dla nas na nowo \u017ar\u00f3d\u0142em szczeg\u00f3lnej \u0142aski umocnienia wiary, nadziei i mi\u0142o\u015bci w naszych rodzinach.<\/p>\n<p><strong>5. Informujemy o mo\u017cliwo\u015bci rezerwacji i zamawiania Mszy \u015bw.<\/strong> na ca\u0142y bie\u017c\u0105cy rok. Niech Eucharystia stanie si\u0119 dzi\u0119kczynieniem za prze\u017cyte lata, rocznice sakramentu ma\u0142\u017ce\u0144stwa a nawet dnia urodzin czy imienin. Msza \u015bw. jest najpi\u0119kniejszym darem.<\/p>\n<p><strong>6. Odpowiadaj\u0105c na Apel Biskupa Elbl\u0105skiego za tydzie\u0144 w Niedziel\u0119 \u2013 31 stycznia \u2013 zostanie przeprowadzona zbi\u00f3rka do puszek na rzecz ofiar kataklizmu na Chorwacji.<\/strong>&nbsp; W ko\u0144cu grudnia 2020 roku oraz w styczniu 2021 roku Chorwacj\u0119 nawiedzi\u0142o najsilniejsze od 140 lat trz\u0119sienie ziemi. Spowodowa\u0142o ono du\u017ce straty materialne i zniszczenia. Zgin\u0119li ludzie.&nbsp; Tysi\u0105ce os\u00f3b pozosta\u0142o bez dachu nad g\u0142ow\u0105. Zebrane \u015brodki finansowe zostan\u0105 przekazane Caritas Chorwacji.<\/p>\n<p><strong>7.<\/strong> Zach\u0119camy do nabycia aktualnego numeru \u201eGo\u015bcia Niedzielnego\u201d w cenie 6 z\u0142. z dodatkiem \u201eGo\u015bcia Elbl\u0105skiego\u201d a nim wydarzenia z diecezji.<\/p>\n<p><strong>8.<\/strong> Pan powo\u0142a\u0142 do wieczno\u015bci:<br \/>\n<strong>\u2020 \u015bp. Zbigniewa Zawistowskiego<\/strong> lat 71 z ul. Korczaka<br \/>\n<strong>\u2020 \u015bp. Mariana Pieciukiewicza<\/strong> lat 95 z ul. Korczaka<br \/>\n<strong>\u2020 \u015bp. Mariana Grzymskieg<\/strong>o lat 95 z ul. \u0141okietka<br \/>\nWieczny odpoczynek racz im da\u0107 Panie! A \u015bwiat\u0142o\u015b\u0107 wiekuista niechaj im \u015bwieci.<\/p>\n<p>&nbsp;<\/p>\n<p><img decoding=\"async\" src=\"http:\/\/rafalk-elblag.pl\/wp-content\/uploads\/2020\/04\/baner-intencje-mszy.jpg\"><\/p>\n<h1>Intencje mszalne 24.01.2021r<br \/>\nIII Niedziela Zwyk\u0142a<\/h1>\n<p><strong>PONIEDZIA\u0141EK \/ 25 stycznia 2021r. \/ nawr\u00f3cenie \u015bw. Paw\u0142a<\/strong><br \/>\n8.00 \u2020 Irena W\u00f3jcik (25 greg.)<br \/>\n18.00 Dzi\u0119k. za Dziadk\u00f3w Krystyn\u0119 i Marcina Kurosad z pro\u015bb\u0105 o Bo\u017ce b\u0142og., opiek\u0119 MB na ka\u017cdy dzie\u0144 nowego roku \u2013 int. od wnuk\u00f3w<br \/>\n18.00 W intencji Rodzin naszej Parafii (18)<\/p>\n<p><strong>WTOREK \/ 26 stycznia 2021r. \/ \u015bw. Tymoteusza i Tytusa<\/strong><br \/>\n8.00 \u2020 Irena W\u00f3jcik (26 greg.)<br \/>\n18.00 \u2020 Czes\u0142awa (k) \u0141ydka w 30 dpp.<br \/>\n18.00 W intencji Rodzin naszej Parafii (19)<\/p>\n<p><strong>\u015aRODA \/ 27 stycznia 2021r.<\/strong><br \/>\n8.00 \u2020 Irena W\u00f3jcik (27 greg.)<br \/>\n18.00 \u2020 Marcin Kierzkowski w 30 dpp.<br \/>\n18.00 W intencji Rodzin naszej Parafii (20)<\/p>\n<p><strong>CZWARTEK \/ 28 stycznia 2021r. \/ \u015bw. Tomasza z Akwinu<\/strong><br \/>\n8.00 \u2020 Irena W\u00f3jcik (28 greg.)<br \/>\n18.00 O Bo\u017ce b\u0142og., opiek\u0119 MB dla Adrianny Stankiewicz z ok. 19 urodzin i ca\u0142ej rodziny<br \/>\n18.00 W intencji Rodzin naszej Parafii (21)<\/p>\n<p><strong>PI\u0104TEK \/ 29 stycznia 2021r.<\/strong><br \/>\n8.00 \u2020 Irena W\u00f3jcik (29 greg.)<br \/>\n8.00 Dziek. za otrzymane \u0142aski w minionym roku z pro\u015bb\u0105 o Bo\u017ce b\u0142og. i opiek\u0119 MB w Nowym Roku dla Jadwigi<br \/>\n18.00 W intencji Rodzin naszej Parafii (22)<\/p>\n<p><strong>SOBOTA \/ 30 stycznia 2021r.<\/strong><br \/>\n8.00 \u2020 Irena W\u00f3jcik (30 greg.)<br \/>\n18.00 \u2020 Jadwiga i Kazimierz Norbert<br \/>\n18.00 W intencji Rodzin naszej Parafii (23)<\/p>\n<p><strong>IV Niedziela Zwyk\u0142a \/ 31 stycznia 2021r.<\/strong><br \/>\n7.00 \u2020 Zm. z rodziny: Dziugie\u0142, Martowicz i Halina Rajska<br \/>\n9.00 Dzi\u0119k. za otrzymane \u0142aski z pro\u015bb\u0105 o Bo\u017ce b\u0142og., i dalsz\u0105 opiek\u0119 MB Szkaplerznej dla Barbary i Zenona Mago\u0144 oraz dla syn\u00f3w, synowych i wnuk\u00f3w<br \/>\n10.30 \u2020 Jadwiga Nowoci\u0144ska w 30 dpp.<br \/>\n12.00 W intencji Parafian<br \/>\n15.00 \u2020 Franciszek Ossowski w 30 dpp.<br \/>\n18.00 \u2020 Jacek Winiarczyk w 30 dpp.<\/p>\n","protected":false},"excerpt":{"rendered":"<p>NAWR\u00d3CENIE Jednym z wielu s\u0142\u00f3w, kt\u00f3re doskonale wyra\u017ca to, czym jest nasza chrze\u015bcija\u0144ska wiara, jest s\u0142owo \u201enawr\u00f3cenie\u201d. Z tym s\u0142owem kojarzy nam si\u0119 grzech, s\u0142abo\u015b\u0107, z\u0142e \u017cycie i pokuta. I s\u0142usznie, bo nawr\u00f3cenie to rzeczywi\u015bcie odwr\u00f3cenie si\u0119 od grzechu, od z\u0142ego \u017cycia. Nawr\u00f3cenie to przyznanie si\u0119 do winy, a w konsekwencji czynienie pokuty. Jutro &#8211; [&hellip;]<\/p>\n","protected":false},"author":1,"featured_media":4198,"comment_status":"closed","ping_status":"closed","sticky":false,"template":"","format":"standard","meta":{"ngg_post_thumbnail":0,"footnotes":""},"categories":[11,8,4,3],"tags":[],"class_list":["post-4196","post","type-post","status-publish","format-standard","has-post-thumbnail","hentry","category-aktualnosci","category-blog","category-intencje","category-ogloszenia"],"_links":{"self":[{"href":"https:\/\/rafalk-elblag.pl\/index.php?rest_route=\/wp\/v2\/posts\/4196","targetHints":{"allow":["GET"]}}],"collection":[{"href":"https:\/\/rafalk-elblag.pl\/index.php?rest_route=\/wp\/v2\/posts"}],"about":[{"href":"https:\/\/rafalk-elblag.pl\/index.php?rest_route=\/wp\/v2\/types\/post"}],"author":[{"embeddable":true,"href":"https:\/\/rafalk-elblag.pl\/index.php?rest_route=\/wp\/v2\/users\/1"}],"replies":[{"embeddable":true,"href":"https:\/\/rafalk-elblag.pl\/index.php?rest_route=%2Fwp%2Fv2%2Fcomments&post=4196"}],"version-history":[{"count":4,"href":"https:\/\/rafalk-elblag.pl\/index.php?rest_route=\/wp\/v2\/posts\/4196\/revisions"}],"predecessor-version":[{"id":4206,"href":"https:\/\/rafalk-elblag.pl\/index.php?rest_route=\/wp\/v2\/posts\/4196\/revisions\/4206"}],"wp:featuredmedia":[{"embeddable":true,"href":"https:\/\/rafalk-elblag.pl\/index.php?rest_route=\/wp\/v2\/media\/4198"}],"wp:attachment":[{"href":"https:\/\/rafalk-elblag.pl\/index.php?rest_route=%2Fwp%2Fv2%2Fmedia&parent=4196"}],"wp:term":[{"taxonomy":"category","embeddable":true,"href":"https:\/\/rafalk-elblag.pl\/index.php?rest_route=%2Fwp%2Fv2%2Fcategories&post=4196"},{"taxonomy":"post_tag","embeddable":true,"href":"https:\/\/rafalk-elblag.pl\/index.php?rest_route=%2Fwp%2Fv2%2Ftags&post=4196"}],"curies":[{"name":"wp","href":"https:\/\/api.w.org\/{rel}","templated":true}]}}