{"id":4191,"date":"2021-01-17T19:18:00","date_gmt":"2021-01-17T19:18:00","guid":{"rendered":"http:\/\/rafalk-elblag.pl\/?p=4191"},"modified":"2021-01-19T19:35:55","modified_gmt":"2021-01-19T19:35:55","slug":"biuletyn-17-01-2021-ii-niedziela-zwykla","status":"publish","type":"post","link":"https:\/\/rafalk-elblag.pl\/?p=4191","title":{"rendered":"Biuletyn 17.01.2021, II Niedziela Zwyk\u0142a"},"content":{"rendered":"<p><img decoding=\"async\" src=\"http:\/\/rafalk-elblag.pl\/wp-content\/uploads\/2021\/01\/baner-170121.jpg\"><\/p>\n<h1>S\u0141UCHAJCIE WASZYCH DZIADK\u00d3W!<\/h1>\n<p><strong>Przywilejem m\u0142odo\u015bci jest otwarto\u015b\u0107 i brak zadawnionych uprzedze\u0144. \u0179le by jednak by\u0142o, gdyby m\u0142odzi chcieli budowa\u0107 przysz\u0142o\u015b\u0107 bez m\u0105dro\u015bci dziadk\u00f3w. Podczas pielgrzymki do Polski papie\u017c Franciszek m\u00f3wi\u0142 o nich kilkakrotnie. Bardzo dobrze wida\u0107, \u017ce kwestia ta le\u017cy mu na sercu. Chodzi o nasze babcie i dziadk\u00f3w.<\/strong><\/p>\n<p>Jest to pokolenie, kt\u00f3re \u2013 niestety \u2013 bywa wykluczane nie tylko ze spo\u0142ecze\u0144stwa, ale tak\u017ce z Ko\u015bcio\u0142a. A duszpasterstwo \u201etrzeciego wieku\u201d jest tak samo potrzebne jak dzieci, m\u0142odzie\u017cy czy doros\u0142ych. Dziadkowie od zawsze byli naturalnymi przekazicielami wiary. Czy wiara bez ich m\u0105dro\u015bci i do\u015bwiadczenia b\u0119dzie lepsza?<\/p>\n<p>Pierwszy raz o pokoleniu dziadk\u00f3w papie\u017c powiedzia\u0142 ju\u017c na spotkaniu z biskupami w katedrze wawelskiej, gdy abp Marek J\u0119draszewski zapyta\u0142, jakie podj\u0105\u0107 dzia\u0142ania, aby Ko\u015bci\u00f3\u0142 w Polsce pozosta\u0142 wierny chrze\u015bcija\u0144skiej tradycji. Franciszek powiedzia\u0142: \u201eWy, kt\u00f3rzy cierpieli\u015bcie z powodu komunizmu, ateizmu, o tym wiecie: to dziadkowie, babcie zachowywali i przekazywali wiar\u0119.<\/p>\n<p>Dziadkowie maj\u0105 pami\u0119\u0107 ludu, maj\u0105 pami\u0119\u0107 wiary, pami\u0119\u0107 Ko\u015bcio\u0142a. Nie mo\u017cna odrzuca\u0107 dziadk\u00f3w! W obecnej kulturze odrzucenia, kt\u00f3ra jest g\u0142\u0119boko zdechrystianizowana, odrzuca si\u0119 to, co nie jest potrzebne, co nie dzia\u0142a. Nie! Dziadkowie s\u0105 pami\u0119ci\u0105 narodu, s\u0105 pami\u0119ci\u0105 wiary. Trzeba \u0142\u0105czy\u0107 m\u0142odzie\u017c z dziadkami: tak\u017ce to jest blisko\u015bci\u0105. By\u0107 blisko i tworzy\u0107 blisko\u015b\u0107\u201d.<\/p>\n<p>Czy historii narodu i wiary Ko\u015bcio\u0142a m\u0142odzi ludzie nie mog\u0105 nauczy\u0107 si\u0119 od swoich rodzic\u00f3w, a mo\u017ce nawet od swoich r\u00f3wie\u015bnik\u00f3w? Mog\u0105. Mog\u0105 tak\u017ce z ksi\u0105\u017cek i od nauczycieli. Wiedza, jak\u0105 zdobywa si\u0119 w takim procesie, jest jednak inna ni\u017c ta otrzymana od dziadk\u00f3w.<\/p>\n<p><strong>Wiedza pami\u0119ci, wiedza przekazywana z pokolenia na pokolenie jest wiedz\u0105 prze\u017cyt\u0105 i do\u015bwiadczon\u0105. Wiara przekazywana pokoleniowo jest wiar\u0105 naznaczon\u0105 indywidualnie. To wiara, kt\u00f3ra ma twarz i \u201erozegra\u0142a si\u0119\u201d w konkretnym sercu. \u015aw. Pawe\u0142 pisa\u0142 do Tymoteusza o wierze, kt\u00f3ra \u201ezamieszka\u0142a pierwej w twojej babce Lois i w twej matce Eunice, a pewien jestem, \u017ce [mieszka] i w tobie\u201d (2 Tm 1, 5).<\/strong><\/p>\n<p>Cech\u0105 m\u0142odo\u015bci jest entuzjazm, gotowo\u015b\u0107 podejmowania ryzyka, \u015bmia\u0142o\u015b\u0107 i odwaga w przekraczaniu granic i odkrywaniu nowych perspektyw. I papie\u017c Franciszek te\u017c to wie. Podczas nocnego czuwania w Brzegach papie\u017c wzywa\u0142 ludzi m\u0142odych, by uczyli doros\u0142ych, w jaki spos\u00f3b \u017cy\u0107 w pokoju we wsp\u00f3\u0142czesnym \u015bwiecie: \u201e\u017bycie wsp\u00f3\u0142czesne m\u00f3wi nam, \u017ce bardzo \u0142atwo skupi\u0107 uwag\u0119 na tym, co nas dzieli, na tym, co nas roz\u0142\u0105cza jednych od drugich. Chcieliby, by\u015bmy uwierzyli, \u017ce zamkn\u0105\u0107 si\u0119 w sobie to najlepszy spos\u00f3b, by chroni\u0107 si\u0119 od tego, co wyrz\u0105dza nam z\u0142o. Dzisiaj my, doro\u015bli, potrzebujemy was, by\u015bcie nas nauczyli \u017cy\u0107 razem w r\u00f3\u017cnorodno\u015bci, tak jak dzisiaj, w dialogu, w dzieleniu wielokulturowo\u015bci nie jako zagro\u017cenia, lecz jako szansy: wy jeste\u015bcie mo\u017cliwo\u015bci\u0105 przysz\u0142o\u015bci, miejcie odwag\u0119 nauczy\u0107 nas, \u017ce jest \u0142atwiej budowa\u0107 mosty, ni\u017c wznosi\u0107 mury!<\/p>\n<p>Mamy potrzeb\u0119 tego si\u0119 uczy\u0107. A wszyscy razem prosimy, aby\u015bcie od nas \u017c\u0105dali kroczenia drogami braterstwa. Aby\u015bcie to wy byli naszymi oskar\u017cycielami, je\u015bli my wybierzemy budowanie mur\u00f3w, drog\u0119 wrogo\u015bci, drog\u0119 wojny\u201d.<\/p>\n<p>Przywilejem m\u0142odo\u015bci jest otwarto\u015b\u0107 i brak zadawnionych uprzedze\u0144. W tym znaczeniu m\u0142odzi s\u0105 nadziej\u0105 przysz\u0142o\u015bci, gdy\u017c nie wkraczaj\u0105 w ni\u0105 z balastem przesz\u0142o\u015bci. \u0179le by jednak by\u0142o, gdyby chcieli j\u0105 budowa\u0107 sami, bez m\u0105dro\u015bci dziadk\u00f3w. Czym innym jest bowiem balast przesz\u0142o\u015bci, a czym innym \u015bwiadomo\u015b\u0107 i m\u0105dro\u015b\u0107 przesz\u0142o\u015bci.<\/p>\n<p>&nbsp;<br \/>\n<img decoding=\"async\" src=\"http:\/\/rafalk-elblag.pl\/wp-content\/uploads\/2020\/04\/baner-ogloszenia-parafialne.jpg\"><\/p>\n<h1>Og\u0142oszenia parafialne 17.01.2021r<\/h1>\n<p><strong>1. PROSIMY O ZAMYKANIE DRZWI PRZY WCHODZENIU I WYCHODZENIU Z KO\u015aCIO\u0141A, PONIEWA\u017b KO\u015aCI\u00d3\u0141 JEST OGRZEWANY. DZI\u0118KUJEMY.<\/strong><\/p>\n<p><strong>2.<\/strong> Trwaj\u0105c w tradycji Ko\u015bcio\u0142a do 2 lutego \u015bpiewamy kol\u0119dy.<\/p>\n<p><strong>3. UWAGA!!!<\/strong> Woda po\u015bwi\u0119cona znajduje si\u0119 te\u017c w specjalnym naczyniu pod ch\u00f3rem.<\/p>\n<p><strong>4. TRWA WIZYTA DUSZPASTERSKA w naszej parafii.<\/strong> Z powodu epidemii KOL\u0118DA sk\u0142ada si\u0119 b\u0119dzie z dw\u00f3ch cz\u0119\u015bci. Pierwsza cz\u0119\u015b\u0107 to nasze spotkanie w KO\u015aCIELE na Mszy \u015bw. o godz. 18:00 zako\u0144czonej SPECJALNYM B\u0141OGOS\u0141AWIE\u0143STWEM.<\/p>\n<p>Druga cz\u0119\u015b\u0107 to modlitwa i po\u015bwiecenie domu przez jednego z cz\u0142onk\u00f3w rodziny. Wi\u0119cej informacji znajdziemy na stronie internetowej i Biuletynie z niedzieli 3 stycznia br. W drugim roku realizacji programu (2020\/2021) koncentrujemy si\u0119 na sprawowaniu EUCHARYSTII, st\u0105d tegoroczne has\u0142o duszpasterskie \u201eZGROMADZENI NA \u015aWI\u0118TEJ WIECZERZY\u201d.<\/p>\n<p>Niech Msza \u015bw. stanie si\u0119 dla nas na nowo \u017ar\u00f3d\u0142em szczeg\u00f3lnej \u0142aski umocnienia wiary, nadziei i mi\u0142o\u015bci w naszych rodzinach.<\/p>\n<p><strong>5.<\/strong> Dzi\u0119kujemy za z\u0142o\u017cone ofiary w ostatnim tygodniu na potrzeby naszej parafii.<\/p>\n<p><strong>6.<\/strong> Kandydat\u00f3w przygotowuj\u0105cych si\u0119 do Sakramentu Bierzmowania w naszej parafii zapraszamy na spotkania w tym tygodniu:<br \/>\n\u2022 Rok I we wtorek (19 stycznia) o godz. 19:00 w ko\u015bciele.<br \/>\n\u2022 Rok II w czwartek (21 stycznia) o godz. 19:00 w ko\u015bciele.<br \/>\nObecno\u015b\u0107 na tym spotkaniu wszystkich kandydat\u00f3w jest mile widziana.<\/p>\n<p><strong>7.<\/strong> Od 18 stycznia br. w ko\u015bciele obchodzimy TYDZIE\u0143 MODLITW O JEDNO\u015a\u0106 CHRZE\u015aCIJAN. Zach\u0119camy wszystkich do wsp\u00f3lnej modlitwy.<\/p>\n<p><strong>8.<\/strong> W tym tygodniu obchodzimy Dzie\u0144 Babci i Dziadka. Pami\u0119tajmy o nich w naszych modlitwach \u2013 pro\u015bmy dla \u017cyj\u0105cych o zdrowie i Bo\u017ce b\u0142ogos\u0142awie\u0144stwo, dla zmar\u0142ych \u2013 o \u017cycie wieczne w niebie.<\/p>\n<p><strong>9.<\/strong> Informujemy o mo\u017cliwo\u015bci rezerwacji i zamawiania Mszy \u015bw. na ca\u0142y bie\u017c\u0105cy rok.<br \/>\nNiech Eucharystia stanie si\u0119 dzi\u0119kczynieniem za prze\u017cyte lata, rocznice sakramentu ma\u0142\u017ce\u0144stwa a nawet dnia urodzin czy imienin. Msza \u015bw. jest najpi\u0119kniejszym darem.<\/p>\n<p><strong>10.<\/strong> Zach\u0119camy do nabycia aktualnego numeru \u201eGo\u015bcia Niedzielnego\u201d w cenie 6 z\u0142. z dodatkiem \u201eGo\u015bcia Elbl\u0105skiego\u201d a nim wydarzenia z diecezji.<\/p>\n<p><strong>11.<\/strong> Pan powo\u0142a\u0142 do wieczno\u015bci:<br \/>\n<strong>\u2020 \u015bp. Henryka Piotrzkowskiego <\/strong> lat 90 z ul. Leszczy\u0144skiego<br \/>\n<strong>\u2020 \u015bp. Mariann\u0119 Kopczy\u0144sk\u0105 <\/strong> lat82 z ul. Niskiej<\/p>\n<p>Wieczny odpoczynek racz im da\u0107 Panie! A \u015bwiat\u0142o\u015b\u0107 wiekuista niechaj im \u015bwieci.<\/p>\n<p>&nbsp;<\/p>\n<p><img decoding=\"async\" src=\"http:\/\/rafalk-elblag.pl\/wp-content\/uploads\/2020\/04\/baner-intencje-mszy.jpg\"><\/p>\n<h1>Intencje mszalne 17.01.2021r<br \/>\nII Niedziela Zwyk\u0142a<\/h1>\n<p><strong>PONIEDZIA\u0141EK \/ 18 stycznia 2021r.<\/strong><br \/>\n8.00 \u2020 Irena W\u00f3jcik (18 greg.)<br \/>\n18.00 \u2020 J\u00f3zefa (k) Doro\u015b w 30 dpp.<br \/>\n18.00 W intencji Rodzin naszej Parafii (12)<\/p>\n<p><strong>WTOREK \/ 19 stycznia 2021r.<\/strong><br \/>\n8.00 \u2020 Irena W\u00f3jcik (19 greg.)<br \/>\n18.00 \u2020 Witold Gawa\u0142kiewicz w 30 dpp.<br \/>\n18.00 W intencji Rodzin naszej Parafii (13)<\/p>\n<p><strong>\u015aRODA \/ 20 stycznia 2021r.<\/strong><br \/>\n8.00 \u2020 Irena W\u00f3jcik (20 greg.)<br \/>\n18.00 O Bo\u017ce b\u0142og. i potrzebne \u0142aski dla Sebastiana z okazji imienin<br \/>\n18.00 W intencji Rodzin naszej Parafii (14)<\/p>\n<p><strong>CZWARTEK \/ 21 stycznia 2021r. \/ \u015bw. Agnieszki<\/strong><br \/>\n8.00 \u2020 Irena W\u00f3jcik (21 greg.)<br \/>\n18.00 \u2020 Roman Biszko \u2013 int. od koleg\u00f3w z firmy Autocentrum z Mielca<br \/>\n18.00 W intencji Rodzin naszej Parafii (15)<\/p>\n<p><strong>PI\u0104TEK \/ 22 stycznia 2021r.<\/strong><br \/>\n8.00 \u2020 Irena W\u00f3jcik (22 greg.)<br \/>\n8.00 Dziek. W 75 urodziny Ludwiki (k) Radziszewskiej z pro\u015bb\u0105 o Bo\u017ce b\u0142og. i potrzebne \u0142aski<br \/>\n18.00 W intencji Rodzin naszej Parafii (16)<\/p>\n<p><strong>SOBOTA \/ 23 stycznia 2021r.<\/strong><br \/>\n8.00 \u2020 Irena W\u00f3jcik (23 greg.)<br \/>\n18.00 \u2020 Andrzej Pigo\u0144 w 30 dpp.<br \/>\n18.00 W intencji Rodzin naszej Parafii (17)<\/p>\n<p><strong>III Niedziela Zwyk\u0142a \/ 24 stycznia 2021r.<\/strong><br \/>\n7.00 \u2020 Irena W\u00f3jcik (24 greg.)<br \/>\n9.00 \u2020 Jan Bralewski w 20 r. \u015bm.<br \/>\n10.30 Dzi\u0119k. w 10 urodziny Uli i Krzysztofa Stankiewicz z pro\u015bb\u0105 o Bo\u017ce b\u0142og. i potrzebne \u0142aski<br \/>\n12.00 W intencji Parafian<br \/>\n15.00 \u2020 Mieczys\u0142aw D\u0105bkowski w 24 r. \u015bm.<br \/>\n18.00 \u2020 Franciszek Niewi\u0144ski w 8 r. \u015bm., El\u017cbieta, Piotr i Mariusz<\/p>\n","protected":false},"excerpt":{"rendered":"<p>S\u0141UCHAJCIE WASZYCH DZIADK\u00d3W! Przywilejem m\u0142odo\u015bci jest otwarto\u015b\u0107 i brak zadawnionych uprzedze\u0144. \u0179le by jednak by\u0142o, gdyby m\u0142odzi chcieli budowa\u0107 przysz\u0142o\u015b\u0107 bez m\u0105dro\u015bci dziadk\u00f3w. Podczas pielgrzymki do Polski papie\u017c Franciszek m\u00f3wi\u0142 o nich kilkakrotnie. Bardzo dobrze wida\u0107, \u017ce kwestia ta le\u017cy mu na sercu. Chodzi o nasze babcie i dziadk\u00f3w. Jest to pokolenie, kt\u00f3re \u2013 niestety [&hellip;]<\/p>\n","protected":false},"author":1,"featured_media":4193,"comment_status":"closed","ping_status":"closed","sticky":false,"template":"","format":"standard","meta":{"ngg_post_thumbnail":0,"footnotes":""},"categories":[11,8,4,3],"tags":[],"class_list":["post-4191","post","type-post","status-publish","format-standard","has-post-thumbnail","hentry","category-aktualnosci","category-blog","category-intencje","category-ogloszenia"],"_links":{"self":[{"href":"https:\/\/rafalk-elblag.pl\/index.php?rest_route=\/wp\/v2\/posts\/4191","targetHints":{"allow":["GET"]}}],"collection":[{"href":"https:\/\/rafalk-elblag.pl\/index.php?rest_route=\/wp\/v2\/posts"}],"about":[{"href":"https:\/\/rafalk-elblag.pl\/index.php?rest_route=\/wp\/v2\/types\/post"}],"author":[{"embeddable":true,"href":"https:\/\/rafalk-elblag.pl\/index.php?rest_route=\/wp\/v2\/users\/1"}],"replies":[{"embeddable":true,"href":"https:\/\/rafalk-elblag.pl\/index.php?rest_route=%2Fwp%2Fv2%2Fcomments&post=4191"}],"version-history":[{"count":3,"href":"https:\/\/rafalk-elblag.pl\/index.php?rest_route=\/wp\/v2\/posts\/4191\/revisions"}],"predecessor-version":[{"id":4199,"href":"https:\/\/rafalk-elblag.pl\/index.php?rest_route=\/wp\/v2\/posts\/4191\/revisions\/4199"}],"wp:featuredmedia":[{"embeddable":true,"href":"https:\/\/rafalk-elblag.pl\/index.php?rest_route=\/wp\/v2\/media\/4193"}],"wp:attachment":[{"href":"https:\/\/rafalk-elblag.pl\/index.php?rest_route=%2Fwp%2Fv2%2Fmedia&parent=4191"}],"wp:term":[{"taxonomy":"category","embeddable":true,"href":"https:\/\/rafalk-elblag.pl\/index.php?rest_route=%2Fwp%2Fv2%2Fcategories&post=4191"},{"taxonomy":"post_tag","embeddable":true,"href":"https:\/\/rafalk-elblag.pl\/index.php?rest_route=%2Fwp%2Fv2%2Ftags&post=4191"}],"curies":[{"name":"wp","href":"https:\/\/api.w.org\/{rel}","templated":true}]}}