{"id":4186,"date":"2021-01-10T20:17:42","date_gmt":"2021-01-10T20:17:42","guid":{"rendered":"http:\/\/rafalk-elblag.pl\/?p=4186"},"modified":"2021-01-10T20:17:42","modified_gmt":"2021-01-10T20:17:42","slug":"biuletyn-10-01-2021-niedziela-chrztu-panskiego","status":"publish","type":"post","link":"https:\/\/rafalk-elblag.pl\/?p=4186","title":{"rendered":"Biuletyn 10.01.2021, Niedziela Chrztu Pa\u0144skiego"},"content":{"rendered":"<p><img decoding=\"async\" src=\"http:\/\/rafalk-elblag.pl\/wp-content\/uploads\/2021\/01\/baner-100121.jpg\"><\/p>\n<h1>CHRZEST CZYLI CO?<\/h1>\n<p><strong>Chrzest Mieszka I wp\u0142yn\u0105\u0142 na dzieje Polski, a jemu samemu otwar\u0142 drog\u0119 do nieba. Chrzest, do kt\u00f3rego przynie\u015bli nas rodzice, zmienia nasze \u017cycie i nam otwiera drog\u0119 do nieba. Dzi\u0119kujmy Bogu za nasz chrzest!<\/strong><\/p>\n<p>M\u00f3wimy \u201echrzest Polski\u201d, ale w\u0142a\u015bciwie nie by\u0142o czego\u015b takiego. To tylko metafora. Ko\u015bci\u00f3\u0142 nigdy nie chrzci\u0142 ca\u0142ych narod\u00f3w, ale zawsze pojedyncze osoby. 14 kwietnia 966 roku chrzest przyj\u0105\u0142 ksi\u0105\u017c\u0119 Mieszko I oraz pewnie kilka os\u00f3b z jego najbli\u017cszego otoczenia. To by\u0142 dopiero pocz\u0105tek ewangelizacji rodz\u0105cej si\u0119 w\u0142a\u015bnie Polski. Wi\u0119kszo\u015b\u0107 z nas przyj\u0119\u0142a chrzest tu\u017c po urodzeniu (mo\u017cna \u017cartobliwie powiedzie\u0107 \u2013 tak jak Polska). I dla nas te\u017c, tak jak dla Polski, to by\u0142 zaledwie pocz\u0105tek dalszej drogi wiary.<\/p>\n<p>Sakramenty s\u0105 jak poca\u0142unki czy u\u015bciski Boga \u2013 Oblubie\u0144ca, kt\u00f3ry okazuje mi\u0142o\u015b\u0107 oblubienicy, czyli swojemu ludowi. Sakrament to znak Bo\u017cej \u0142aski, mi\u0142osierdzia, pochylenia si\u0119 Boga nad ka\u017cd\u0105 i ka\u017cdym z nas. Mi\u0142o\u015b\u0107 musi by\u0107 okazana, zakomunikowana, wyra\u017cona. Mi\u0142o\u015b\u0107 zmienia tego, kto jest kochany. Najog\u00f3lniej m\u00f3wi\u0105c, czyni go lepszym, pi\u0119kniejszym, uzdalnia do dobra&#8230;<\/p>\n<p>To ogromnie wa\u017cne, aby my\u015bl\u0105c o sakramentach, widzie\u0107 w nich spotkanie z Bogiem i Jego dzia\u0142anie w nas. Nie ma tu \u017cadnej magii, s\u0105 obecno\u015b\u0107, mi\u0142o\u015b\u0107, Duch \u015awi\u0119ty. Ko\u015bci\u00f3\u0142 istnieje po to, by g\u0142osi\u0107, przekazywa\u0107 t\u0119 mi\u0142o\u015b\u0107. Dlatego Ko\u015bci\u00f3\u0142 jako ca\u0142o\u015b\u0107 bywa nazywany sakramentem.<\/p>\n<p>W Ko\u015bciele, kt\u00f3ry jest przed\u0142u\u017ceniem obecno\u015bci i dzia\u0142ania samego Jezusa, On sam ustanowi\u0142 siedem specjalnych znak\u00f3w, przez kt\u00f3re udziela nam \u0142aski.<\/p>\n<p>Najwa\u017cniejsz\u0105 \u0142ask\u0105 jest zawsze ON sam, ale w ka\u017cdym sakramencie przynosi ze sob\u0105 tak\u017ce jaki\u015b konkretny podarunek (\u0142ask\u0119), okre\u015blaj\u0105cy jego specyfik\u0119. Tyle og\u00f3lnie o sakramentach.<\/p>\n<p>Chrzest jest pierwszym sakramentem. Je\u015bli B\u00f3g chce zbudowa\u0107 w nas sw\u00f3j dom, to musi od czego\u015b zacz\u0105\u0107. Zaczyna od chrztu. To jest jakby wylanie fundament\u00f3w pod t\u0119 budowl\u0119. To jest brama do innych sakrament\u00f3w, pocz\u0105tek \u017cycia wiary. Teologia m\u00f3wi o chrzcie, \u017ce to pierwszy sakrament inicjacji lub wtajemniczenia.<\/p>\n<p>Inicjacja oznacza, \u017ce co\u015b si\u0119 zaczyna; co\u015b, w co zostajemy w\u0142\u0105czeni, wprowadzeni. Mo\u017cna \u015bmia\u0142o powiedzie\u0107 \u201ezanurzeni\u201d \u2013 bo greckie \u201ebaptidzo\u201d (chrzci\u0107) znaczy \u201ezanurza\u0107\u201d. Pocz\u0105tek, kt\u00f3ry ma si\u0119 rozwin\u0105\u0107. Polewa si\u0119 dziecko wod\u0105 i wypowiada formu\u0142\u0119: \u201eJa ciebie chrzcz\u0119\u201d. Wierzymy, \u017ce w tym momencie ten ma\u0142y cz\u0142owiek zostaje zanurzony w mi\u0142o\u015b\u0107 Boga, kt\u00f3ry go przytula do serca. Jego imi\u0119 zostaje odt\u0105d wyryte na d\u0142oni Boga. Na zawsze.<\/p>\n<p><strong>Nasza epoka uwa\u017ca, \u017ce wolno\u015b\u0107 jednostki jest warto\u015bci\u0105 absolutn\u0105. Tak nie jest. Rodzice decyduj\u0105 o \u017cyciu dzieci. Nie pytali si\u0119 ich o zgod\u0119, gdy je powo\u0142ywali do \u017cycia, uczyli j\u0119zyka (nie pytaj\u0105c, czy chc\u0105 po polsku, czy po angielsku), karmili takim czy innym mlekiem, dawali szczepionk\u0119 lub nie itd. Tysi\u0105ce decyzji podejmowali za nie. Istot\u0105 wychowania jest wpojenie dziecku systemu warto\u015bci, nauczenie postaw, umiej\u0119tno\u015bci rozr\u00f3\u017cniania dobra i z\u0142a&#8230; Czy to narusza jego wolno\u015b\u0107? Jest dok\u0142adnie odwrotnie. <\/strong><\/p>\n<p><strong>Solidna, wierz\u0105ca rodzina jest najlepsz\u0105 szko\u0142\u0105 wolno\u015bci. Prosz\u0105c o chrzest dla dziecka, rodzice przekazuj\u0105 mu to, co maj\u0105 najlepszego \u2013 wiar\u0119. Powierzaj\u0105 go Bogu, Chrystusowi, Ko\u015bcio\u0142owi, szczepi\u0105 przeciwko \u015bmierci, daj\u0105 or\u0119\u017c w walce z pokusami. Mo\u017cna powiedzie\u0107, \u017ce zapisuj\u0105 go do najlepszej szko\u0142y na \u015bwiecie.<\/strong><\/p>\n<p>Dziecko, gdy stanie si\u0119 doros\u0142e, samo wybierze. Mo\u017ce ten dar odrzuci\u0107, mo\u017ce go rozwin\u0105\u0107 w \u017cyw\u0105 wiar\u0119, w \u015bwi\u0119to\u015b\u0107. A nie ma rzeczy cenniejszej ni\u017c \u015bwi\u0119to\u015b\u0107. Owszem, w Polsce chrzest bywa czym\u015b zwyczajowym, nie zawsze decyzja o chrzcie dziecka wynika z g\u0142\u0119bokiej motywacji rodzic\u00f3w. Ale B\u00f3g dzia\u0142a, oczyszcza, wspiera nasze s\u0142abe dzia\u0142ania. Zadaniem duszpasterzy nie jest tylko ocena motywacji, ale przede wszystkim jej pog\u0142\u0119bienie.<\/p>\n<p>&nbsp;<br \/>\n<img decoding=\"async\" src=\"http:\/\/rafalk-elblag.pl\/wp-content\/uploads\/2020\/04\/baner-ogloszenia-parafialne.jpg\"><\/p>\n<h1>Og\u0142oszenia parafialne 10.01.2021r<\/h1>\n<p><strong>1. PROSIMY O ZAMYKANIE DRZWI PRZY WCHODZENIU I WYCHODZENIU Z KO\u015aCIO\u0141A, PONIEWA\u017b KO\u015aCI\u00d3\u0141 JEST OGRZEWANY. DZI\u0118KUJEMY.<\/strong><\/p>\n<p><strong>2.<\/strong> Niedziela Chrztu Pa\u0144skiego ko\u0144czy okres Bo\u017cego Narodzenia &#8211; rozpoczyna si\u0119 Okres Zwyk\u0142y. Trwaj\u0105c w tradycji Ko\u015bcio\u0142a jeszcze do 2 lutego \u015bpiewamy kol\u0119dy.<\/p>\n<p><strong>3. UWAGA!!!<\/strong> Woda po\u015bwi\u0119cona znajduje si\u0119 te\u017c w specjalnym naczyniu pod ch\u00f3rem.<\/p>\n<p><strong>4.<\/strong> Spotkania dla rodzic\u00f3w dzieci klas III przygotowuj\u0105cych si\u0119 do I KOMUNII \u015aWI\u0118TEJ odb\u0119dzie si\u0119 w poniedzia\u0142ek 11 stycznia br. o godz. 19:00 w ko\u015bciele. Serdecznie zapraszamy na nasze comiesi\u0119czne spotkanie.<\/p>\n<p><strong>5.<\/strong> Ka\u017cdy 16 dzie\u0144 miesi\u0105ca to dzie\u0144 spotkania Bractwa Szkaplerznego i Rodziny Szkaplerznej. Zapraszamy 16 stycznia (sobota) wszystkich nale\u017c\u0105cych i pragn\u0105cych w\u0142\u0105czy\u0107 si\u0119 do tej wsp\u00f3lnoty na Msz\u0119 \u015bw. z katechez\u0105 o godz. 18:00.<\/p>\n<p><strong>6. TRWA WIZYTA DUSZPASTERSKA w naszej parafii. Z powodu epidemii KOL\u0118DA sk\u0142ada si\u0119 z dw\u00f3ch cz\u0119\u015bci. Pierwsza cz\u0119\u015b\u0107 to nasze spotkanie w KO\u015aCIELE na Mszy \u015bw. o godz. 18:00 zako\u0144czonej SPECJALNYM B\u0141OGOS\u0141AWIE\u0143STWEM.<\/strong><\/p>\n<p>Druga cz\u0119\u015b\u0107 to modlitwa i po\u015bwiecenie domu przez jednego z cz\u0142onk\u00f3w rodziny. Wi\u0119cej informacji znajdziemy na stronie internetowej i Biuletynie z niedzieli 3 stycznia. W drugim roku realizacji programu (2020\/2021) koncentrujemy si\u0119 na sprawowaniu EUCHARYSTII, st\u0105d tegoroczne has\u0142o duszpasterskie:<strong> \u201eZGROMADZENI NA \u015aWI\u0118TEJ WIECZERZY\u201d.<\/strong> Niech Msza \u015bw. stanie si\u0119 dla nas na nowo \u017ar\u00f3d\u0142em szczeg\u00f3lnej \u0142aski umocnienia wiary, nadziei i mi\u0142o\u015bci w naszych rodzinach.<\/p>\n<p><strong>7. DZI\u0118KUJEMY<\/strong> za z\u0142o\u017cone ofiary w ostatnim tygodniu na potrzeby naszej parafii.<\/p>\n<p><strong>8.<\/strong> Zach\u0119camy do zamawiania Mszy \u015aw. dzi\u0119kczynnych (rodzinnych) za miniony rok z pro\u015bb\u0105 o dalsz\u0105 opiek\u0119 i Bo\u017ce b\u0142ogos\u0142awie\u0144stwo w Nowym Roku.<\/p>\n<p><strong>9.<\/strong> Wszystkim parafianom i przyby\u0142ym go\u015bciom do naszej wsp\u00f3lnoty \u017cyczymy szcz\u0119\u015bliwego Nowego Roku 2021, wielu \u0142ask i opieki Matki Bo\u017cej Szkaplerznej.<\/p>\n<p><strong>10.<\/strong> Pan powo\u0142a\u0142 do wieczno\u015bci:<br \/>\n<strong>\u2020 \u015bp. Edwarda Ma\u0142yszko<\/strong> lat 85 z ul. K\u0142oczowskiego<\/p>\n<p>Wieczny odpoczynek racz mu da\u0107 Panie! A \u015bwiat\u0142o\u015b\u0107 wiekuista niechaj mu \u015bwieci.<\/p>\n<p>&nbsp;<\/p>\n<p><img decoding=\"async\" src=\"http:\/\/rafalk-elblag.pl\/wp-content\/uploads\/2020\/04\/baner-intencje-mszy.jpg\"><\/p>\n<h1>Intencje mszalne 10.01.2021r<br \/>\nNiedziela Chrztu Pa\u0144skiego<\/h1>\n<p><strong>PONIEDZIA\u0141EK \/ 11 stycznia 2021r.<\/strong><br \/>\n8.00 \u2020 Irena W\u00f3jcik (11 greg.)<br \/>\n18.00 \u2020 Marian Kwietniewski w 30 dpp.<br \/>\n18.00 W intencji Rodzin naszej Parafii (6)<\/p>\n<p><strong>WTOREK \/ 12 stycznia 2021r.<\/strong><br \/>\n8.00 \u2020 Irena W\u00f3jcik (12 greg.)<br \/>\n18.00 O Bo\u017ce b\u0142og., opiek\u0119 MB i dary Ducha \u015aw. dla ks. Arkadiusza Grabowskiego z ok. imienin \u2013 int. od Margaretki<br \/>\n18.00 W intencji Rodzin naszej Parafii (7)<\/p>\n<p><strong>\u015aRODA \/ 13 stycznia 2021r. \/ \u015bw. Hilarego<\/strong><br \/>\n8.00 \u2020 Irena W\u00f3jcik (13 greg.)<br \/>\n18.00 \u2020 Janina Rybczy\u0144ska w 1 r. \u015bm.<br \/>\n18.00 W intencji Rodzin naszej Parafii (8)<\/p>\n<p><strong>CZWARTEK \/ 14 stycznia 2021r.<\/strong><br \/>\n8.00 \u2020 Irena W\u00f3jcik (14 greg.)<br \/>\n8.00 \u2020 Nadzieja Rymsza w 30 dpp.<br \/>\n18.00 \u2020 Janina Ignaczewska w 5 r. \u015bm.<br \/>\n18.00 W intencji Rodzin naszej Parafii (9)<\/p>\n<p><strong>PI\u0104TEK \/ 15 stycznia 2021r.<\/strong><br \/>\n8.00 \u2020 Irena W\u00f3jcik (15 greg.)<br \/>\n18.00 \u2020 Henryk Zdanowski w 30 dpp.<br \/>\n18.00 W intencji Rodzin naszej Parafii (10)<\/p>\n<p><strong>SOBOTA \/ 16 stycznia 2020r.<\/strong><br \/>\n8.00 \u2020 Irena W\u00f3jcik (9 greg.)<br \/>\n8.00 \u2020 Dusze w czy\u015b\u0107cu cierpi\u0105ce<br \/>\n18.00 W intencji Bractwa Szkaplerznego i os\u00f3b, kt\u00f3re przyjm\u0105 Szkaplerz<br \/>\n18.00 W intencji Rodzin naszej Parafii (11)<\/p>\n<p><strong>II Niedziela Zwyk\u0142a \/ 17 stycznia 2020r.<\/strong><br \/>\n7.00 \u2020 Irena W\u00f3jcik (17 greg.)<br \/>\n9.00 \u2020 Roman W\u0105sowski w 30 dpp.<br \/>\n9.00 \u2020 Karol Wi\u015bniewski w 12 r. \u015bm.<br \/>\n10.30 W 30 urodziny Damiana Sadowego z pro\u015bb\u0105 o Bo\u017ce b\u0142og., opiek\u0119 MB i umocnienie wiary<br \/>\n12.00 W intencji Parafian<br \/>\n15.00 \u2020 Teresa Jakubkiewicz w 1 r. \u015bm. i zm. z rodz. Soleckich, Herman i K\u0119dzierskich<br \/>\n18.00 \u2020 Maria Anikiej w 30 dpp.<\/p>\n","protected":false},"excerpt":{"rendered":"<p>CHRZEST CZYLI CO? Chrzest Mieszka I wp\u0142yn\u0105\u0142 na dzieje Polski, a jemu samemu otwar\u0142 drog\u0119 do nieba. Chrzest, do kt\u00f3rego przynie\u015bli nas rodzice, zmienia nasze \u017cycie i nam otwiera drog\u0119 do nieba. Dzi\u0119kujmy Bogu za nasz chrzest! M\u00f3wimy \u201echrzest Polski\u201d, ale w\u0142a\u015bciwie nie by\u0142o czego\u015b takiego. To tylko metafora. Ko\u015bci\u00f3\u0142 nigdy nie chrzci\u0142 ca\u0142ych narod\u00f3w, [&hellip;]<\/p>\n","protected":false},"author":1,"featured_media":4188,"comment_status":"closed","ping_status":"closed","sticky":false,"template":"","format":"standard","meta":{"ngg_post_thumbnail":0,"footnotes":""},"categories":[11,8,4,3],"tags":[],"class_list":["post-4186","post","type-post","status-publish","format-standard","has-post-thumbnail","hentry","category-aktualnosci","category-blog","category-intencje","category-ogloszenia"],"_links":{"self":[{"href":"https:\/\/rafalk-elblag.pl\/index.php?rest_route=\/wp\/v2\/posts\/4186","targetHints":{"allow":["GET"]}}],"collection":[{"href":"https:\/\/rafalk-elblag.pl\/index.php?rest_route=\/wp\/v2\/posts"}],"about":[{"href":"https:\/\/rafalk-elblag.pl\/index.php?rest_route=\/wp\/v2\/types\/post"}],"author":[{"embeddable":true,"href":"https:\/\/rafalk-elblag.pl\/index.php?rest_route=\/wp\/v2\/users\/1"}],"replies":[{"embeddable":true,"href":"https:\/\/rafalk-elblag.pl\/index.php?rest_route=%2Fwp%2Fv2%2Fcomments&post=4186"}],"version-history":[{"count":1,"href":"https:\/\/rafalk-elblag.pl\/index.php?rest_route=\/wp\/v2\/posts\/4186\/revisions"}],"predecessor-version":[{"id":4189,"href":"https:\/\/rafalk-elblag.pl\/index.php?rest_route=\/wp\/v2\/posts\/4186\/revisions\/4189"}],"wp:featuredmedia":[{"embeddable":true,"href":"https:\/\/rafalk-elblag.pl\/index.php?rest_route=\/wp\/v2\/media\/4188"}],"wp:attachment":[{"href":"https:\/\/rafalk-elblag.pl\/index.php?rest_route=%2Fwp%2Fv2%2Fmedia&parent=4186"}],"wp:term":[{"taxonomy":"category","embeddable":true,"href":"https:\/\/rafalk-elblag.pl\/index.php?rest_route=%2Fwp%2Fv2%2Fcategories&post=4186"},{"taxonomy":"post_tag","embeddable":true,"href":"https:\/\/rafalk-elblag.pl\/index.php?rest_route=%2Fwp%2Fv2%2Ftags&post=4186"}],"curies":[{"name":"wp","href":"https:\/\/api.w.org\/{rel}","templated":true}]}}