{"id":4154,"date":"2021-01-03T19:58:27","date_gmt":"2021-01-03T19:58:27","guid":{"rendered":"http:\/\/rafalk-elblag.pl\/?p=4154"},"modified":"2021-01-03T20:20:25","modified_gmt":"2021-01-03T20:20:25","slug":"biuletyn-03-01-2021-ii-niedziela-narodzenia-panskiego","status":"publish","type":"post","link":"https:\/\/rafalk-elblag.pl\/?p=4154","title":{"rendered":"Biuletyn 03.01.2021, II Niedziela Narodzenia Pa\u0144skiego"},"content":{"rendered":"<p><img decoding=\"async\" src=\"http:\/\/rafalk-elblag.pl\/wp-content\/uploads\/2021\/01\/baner-030121-1.jpg\"><\/p>\n<h1>MODLITWA W INTENCJI PARAFIAN<\/h1>\n<p>Okres Bo\u017cego Narodzenia od wielu wiek\u00f3w jest w Polsce zwi\u0105zany z tradycyjnymi odwiedzinami kap\u0142an\u00f3w w domach parafian. Ta coroczna wizyta duszpasterska, nazywana tak\u017ce kol\u0119d\u0105, polecana jest r\u00f3wnie\u017c w Kodeksie Prawa Kanonicznego, promulgowanym przez \u015bw. Jana Paw\u0142a II w 1983 r.: \u201ePragn\u0105c dobrze wype\u0142ni\u0107 funkcj\u0119 pasterza, proboszcz powinien stara\u0107 si\u0119 pozna\u0107 wiernych powierzonych jego pieczy. Winien zatem nawiedza\u0107 rodziny, uczestnicz\u0105c w troskach wiernych, zw\u0142aszcza niepokojach i smutku, oraz umacniaj\u0105c ich w Panu (kan. 529 \u00a7 1). W tej pos\u0142udze ksi\u0119\u017ca proboszczowie wspomagani s\u0105 przez ksi\u0119\u017cy wikariuszy, innych kap\u0142an\u00f3w i diakon\u00f3w.<\/p>\n<p>Pandemia koronawirusa, kt\u00f3ra od niemal roku dotyka mieszka\u0144c\u00f3w ziemi, spowodowa\u0142a, \u017ce zmieni\u0142y si\u0119 r\u00f3wnie\u017c okoliczno\u015bci realizowania pos\u0142ug sakramentalnych i duszpasterskich Ko\u015bcio\u0142a katolickiego. W konsekwencji r\u00f3wnie\u017c wizyta duszpasterska w tradycyjnej formie nie jest mo\u017cliwa. Bior\u0105c jednak pod uwag\u0119 tradycj\u0119, prawo kanoniczne i trosk\u0119 o parafian &#8211; nie rezygnujemy zupe\u0142nie z \u201ewizyty\u201d duszpasterskiej w 2021 roku. Jest bowiem ona okazj\u0105 do nawi\u0105zywania kontaktu z parafianami i wyrazem troski o ich wiar\u0119. ZWRACAMY SI\u0118 DO WAS KOCHANI Z SERDECZNYM ZAPROSZENIEM.<\/p>\n<p><strong>W tym roku \u201ewizyta\u201d kol\u0119dowa sk\u0142ada\u0142aby si\u0119 z dw\u00f3ch cz\u0119\u015bci. W ci\u0105gu kolejnych dni od 4 do 30 stycznia (opr\u00f3cz niedziel) b\u0119dziemy si\u0119 spotyka\u0107 w naszym Ko\u015bciele wg za\u0142\u0105czonego porz\u0105dku o godz. 18:00 na Mszy \u015awi\u0119tej sprawowanej w intencji rodzin z danej ulicy (bloku \/ domu), kt\u00f3re terytorialnie obejmuje parafia.<\/strong><\/p>\n<p><strong>Chcieliby\u015bmy, gdyby do ko\u015bcio\u0142a przybyli zaproszeni przedstawiciele rodzin. Na zako\u0144czenie Mszy \u015bw. b\u0119dziemy odmawia\u0107 modlitw\u0119 zawierzenia Rodzin i mieszka\u0144c\u00f3w \u015bwi\u0119temu J\u00f3zefowi \u2013 tegorocznemu Patronowi Roku Kalendarzowego i Liturgicznego i udzielimy b\u0142ogos\u0142awie\u0144stwa. Po zako\u0144czonej Mszy b\u0119dziemy rozdawali wod\u0119 \u015bwi\u0119con\u0105 (przygotowan\u0105 ju\u017c w szklanych buteleczkach), obrazek z tekstem modlitwy b\u0142ogos\u0142awie\u0144stwa oraz po\u015bwi\u0119con\u0105 kred\u0119 do oznaczenia drzwi naszych mieszka\u0144. Nasz\u0105 modlitw\u0105 pragniemy okaza\u0107 duchowe wsparcie dla wszystkich, zmagaj\u0105cych si\u0119 z pandemi\u0105.<\/strong><\/p>\n<p>Zach\u0119camy, aby druga cz\u0119\u015b\u0107 modlitwy mia\u0142a miejsce w mieszkaniach \/ domach w czasie \u201eWieczoru kol\u0119dowego\u201d w gronie rodziny, bez obecno\u015bci kap\u0142ana. Taki uroczysty wiecz\u00f3r b\u0119dzie przed\u0142u\u017ceniem i okazj\u0105 do przekazania b\u0142ogos\u0142awie\u0144stwa, otrzymanego w \u015bwi\u0105tyni parafialnej. Prosimy, aby to spotkanie rodziny \u2013 nie odbywa\u0142o si\u0119 w po\u015bpiechu, ale z g\u0142\u0119bokim duchowym prze\u017cyciem liturgii domowej. Dobrze by by\u0142o przygotowa\u0107 mieszkanie tak jak robimy to gdy przychodzi kap\u0142an. Przedstawiciel rodziny niech poprowadzi to spotkanie modlitewne pami\u0119taj\u0105c o obecno\u015bci Boga we wsp\u00f3lnocie.<\/p>\n<p><strong>Mo\u017cna pos\u0142u\u017cy\u0107 si\u0119 poni\u017cszym schematem:<\/strong><\/p>\n<p>1. \u015apiew kol\u0119dy \u2013 np. \u201eW\u015br\u00f3d nocnej ciszy\u201d lub \u201eGdy si\u0119 Chrystus rodzi\u201d.<br \/>\n2. Zapalenie \u015bwiec.<br \/>\n3. Prowadz\u0105cy wykonuje znak krzy\u017ca.<br \/>\n4. Wypowiada s\u0142owa:<br \/>\n<em>Kochani, nadszed\u0142 szczeg\u00f3lny czas, kiedy to gromadzimy si\u0119 przy kol\u0119dowym stole, aby prosi\u0107 Boga o b\u0142ogos\u0142awie\u0144stwo dla Nas i zawierzy\u0107 Mu nasz\u0105 Rodzin\u0119 i nas samych. W \u0142\u0105czno\u015bci duchowej z kap\u0142anami naszej parafii, pro\u015bmy Pana o oddalenie epidemii i o szczeg\u00f3lne \u0142aski tak bardzo potrzebne dla ka\u017cdego z nas. Niech nasza modlitwa dotrze do Boga, niech b\u0119dzie to chwila adoracji Bo\u017cej Dzieciny, a tym samym oddaniem chwa\u0142y Bogu w Tr\u00f3jcy Jedynemu.<\/em><br \/>\n5. Indywidualna modlitwa w ciszy \/ wypowiedziana na g\u0142os w osobistych intencjach.<br \/>\n6. Wsp\u00f3lna modlitwa \u201eOjcze nasz\u201d.<br \/>\n7. Modlitwa b\u0142ogos\u0142awie\u0144stwa (do\u0142\u0105czona na obrazku)<br \/>\n8. Pokropienie wod\u0105 mieszkania.<\/p>\n<p>Po odbytej domowej liturgii, zach\u0119camy do wsp\u00f3lnej kolacji, aby przed\u0142u\u017cy\u0107 t\u0119 uroczyst\u0105 chwil\u0119.<\/p>\n<h1>Program wizyty duszpasterskiej 2021<\/h1>\n<p><strong>1. Tegoroczne Wizyty duszpasterskie rozpoczniemy 4 stycznia 2021r. od ul. Leszczy\u0144skiej. Z powodu epidemii KOL\u0118DA sk\u0142ada\u0107 si\u0119 b\u0119dzie z dw\u00f3ch cz\u0119\u015bci.<br \/>\n<\/strong><br \/>\nPierwsza cz\u0119\u015b\u0107 to nasze spotkanie w KO\u015aCIELE na Mszy \u015bw. o godz. 18:00 zako\u0144czonej SPECJALNYM B\u0141OGOS\u0141AWIE\u0143STWEM. Druga cz\u0119\u015b\u0107 to modlitwa i po\u015bwiecenie domu przez jednego z cz\u0142onk\u00f3w rodziny. Wi\u0119cej informacji znajdziemy w naszym Biuletynie. W drugim roku realizacji programu (2020\/2021) koncentrujemy si\u0119 na sprawowaniu EUCHARYSTII, st\u0105d tegoroczne has\u0142o duszpasterskie: \u201eZGROMADZENI NA \u015aWI\u0118TEJ WIECZERZY\u201d.Niech Msza \u015bw. stanie si\u0119 dla nas na nowo \u017ar\u00f3d\u0142em szczeg\u00f3lnej \u0142aski umocnienia wiary, nadziei i mi\u0142o\u015bci w naszych rodzinach.<\/p>\n<table style=\"height: 1000px;\" width=\"720\">\n<tbody>\n<tr bgcolor=\"eceef2\">\n<td width=\"219\"><strong>Poniedzia\u0142ek <\/strong>04. 01. 2021r.<\/td>\n<td width=\"350\">ul. Leszczy\u0144skiego&nbsp; od 1 do 12<\/td>\n<\/tr>\n<tr>\n<td width=\"219\"><strong>Wtorek<\/strong> 05. 01. 2021r.<\/td>\n<td width=\"350\">ul. Leszczy\u0144skiego &nbsp;od 13 do 27<\/td>\n<\/tr>\n<tr bgcolor=\"eceef2\">\n<td width=\"219\"><strong>Czwartek<\/strong> 07. 01. 2021r.&nbsp;<\/td>\n<td width=\"350\">ul. Leszczy\u0144skiego od 28 do 31<br \/>\nul. Myliusa &nbsp;od 1 do 5<\/td>\n<\/tr>\n<tr>\n<td width=\"219\"><strong>Pi\u0105tek<\/strong> 08. 01. 2021r.<\/td>\n<td width=\"350\">ul. Myliusa od 6 do 19<\/td>\n<\/tr>\n<tr bgcolor=\"eceef2\">\n<td width=\"219\"><strong>Sobota <\/strong>09. 01. 2021r.<\/td>\n<td width=\"350\">ul. \u0141okietka od 1do 127<\/td>\n<\/tr>\n<tr>\n<td width=\"219\"><strong>Poniedzia\u0142ek <\/strong>11. 01. 2021r.<\/td>\n<td width=\"350\">ul. Legion\u00f3w 42,<br \/>\nul. Sobieskiego 2A, 2B oraz domki 21,23,24<\/td>\n<\/tr>\n<tr bgcolor=\"eceef2\">\n<td width=\"219\"><strong>Wtorek <\/strong>12. 01. 2021r.<\/td>\n<td width=\"350\">ul. Sobieskiego od 2 do 26<\/td>\n<\/tr>\n<tr>\n<td width=\"219\"><strong>\u015aroda <\/strong>13.01.2021<\/td>\n<td width=\"350\">ul. Sobieskiego 16A, 18A<br \/>\nul. Sobieskiego od 28 do 40<\/td>\n<\/tr>\n<tr bgcolor=\"eceef2\">\n<td width=\"219\"><strong>Czwartek<\/strong> 14. 01. 2021r.&nbsp;<\/td>\n<td width=\"350\">ul. K\u0142oczowskiego od 1 do 12 i 12A<\/td>\n<\/tr>\n<tr>\n<td width=\"219\"><strong>Pi\u0105tek<\/strong> 15. 01. 2021r.<\/td>\n<td width=\"350\">ul. Mieszka I,&nbsp; ul. Krzywoustego<\/td>\n<\/tr>\n<tr bgcolor=\"eceef2\">\n<td width=\"219\"><strong>Sobota<\/strong> 16. 01. 2021r.<\/td>\n<td width=\"350\">ul. K\u0142oczowskiego od 13 &nbsp;do 18<\/td>\n<\/tr>\n<tr>\n<td width=\"219\"><strong>Poniedzia\u0142ek <\/strong>18. 01. 2021r.<\/td>\n<td width=\"350\">ul. K\u0142oczowskiego od 19 do 35<\/td>\n<\/tr>\n<tr bgcolor=\"eceef2\">\n<td width=\"219\"><strong>Wtorek <\/strong>19. 01. 2021r.<\/td>\n<td width=\"350\">ul. Broniewskiego od 1 do 8<\/td>\n<\/tr>\n<tr>\n<td width=\"219\"><strong>\u015aroda <\/strong>20.01.2021<\/td>\n<td width=\"350\">ul. Broniewskiego od 9 do 22<\/td>\n<\/tr>\n<tr bgcolor=\"eceef2\">\n<td width=\"219\"><strong>Czwartek <\/strong>21. 01. 2021r.&nbsp;<\/td>\n<td width=\"350\">ul. Broniewskiego od 23 do 35<\/td>\n<\/tr>\n<tr>\n<td width=\"219\"><strong>Pi\u0105tek <\/strong>22. 01. 2021r.<\/td>\n<td width=\"350\">ul. Tuwima od 1 do 13<\/td>\n<\/tr>\n<tr bgcolor=\"eceef2\">\n<td width=\"219\"><strong>Sobota<\/strong> 23. 01. 2021r.<\/td>\n<td width=\"350\">ul. Brzechwy od 1 do 13<\/td>\n<\/tr>\n<tr>\n<td width=\"219\"><strong>Poniedzia\u0142ek<\/strong> 25. 01. 2021r.<\/td>\n<td width=\"350\">ul. Brzechwy od 14 do 25<\/td>\n<\/tr>\n<tr bgcolor=\"eceef2\">\n<td width=\"219\"><strong>Wtorek <\/strong>26. 01. 2021r.<\/td>\n<td width=\"350\">ul. Brzechwy od 26 do 36<\/td>\n<\/tr>\n<tr>\n<td width=\"219\"><strong>\u015aroda <\/strong>27.01.2021<\/td>\n<td width=\"350\">ul. Korczaka od 1 do 12<\/td>\n<\/tr>\n<tr bgcolor=\"eceef2\">\n<td width=\"219\"><strong>Czwartek <\/strong>28. 01. 2021r.&nbsp;<\/td>\n<td width=\"350\">ul. Korczaka od 13 do 24<\/td>\n<\/tr>\n<tr>\n<td width=\"219\"><strong>Pi\u0105tek <\/strong>29. 01. 2021r.<\/td>\n<td width=\"350\">ul. Korczaka od 25 do 33<\/td>\n<\/tr>\n<tr bgcolor=\"eceef2\">\n<td width=\"219\"><strong>Sobota <\/strong>30. 01. 2021r.<\/td>\n<td width=\"350\">ul. Og\u00f3lna, ul. Lubelska,<br \/>\nul. Porazi\u0144skiej<\/td>\n<\/tr>\n<\/tbody>\n<\/table>\n<p>&nbsp;<br \/>\n<img decoding=\"async\" src=\"http:\/\/rafalk-elblag.pl\/wp-content\/uploads\/2020\/04\/baner-ogloszenia-parafialne.jpg\"><\/p>\n<h1>Og\u0142oszenia parafialne 03.01.2021r<\/h1>\n<p>1. Program wizyty duszpasterskiej (patrz wy\u017cej)<\/p>\n<p><strong><br \/>\n2.<\/strong> PROSIMY O ZAMYKANIE DRZWI PRZY WCHODZENIU I WYCHODZENIU Z KO\u015aCIO\u0141A, PONIEWA\u017b KO\u015aCI\u00d3\u0141 JEST OGRZEWANY. DZI\u0118KUJEMY.<\/p>\n<p><strong>3.<\/strong> Zapraszamy dzisiaj na comiesi\u0119czn\u0105 Adoracj\u0119 Naj\u015bwi\u0119tszego Sakramentu od godz. 16:00 do 18:00. Przyjd\u017a i oddaj Panu Bogu rozpocz\u0119ty Nowy Rok 2021.<\/p>\n<p><strong>4.<\/strong> Ofiary sk\u0142adane dzisiaj na tac\u0119 przeznaczone s\u0105 na uregulowanie rachunku za ogrzewanie Ko\u015bcio\u0142a. Dzi\u0119kuj\u0119 za zrozumienie i z\u0142o\u017cone ofiary.<\/p>\n<p><strong>5.<\/strong> We wtorek (5 stycznia) ODNOWA W DUCHU \u015aWI\u0118TYM zaprasza na wsp\u00f3ln\u0105 ADORACJ\u0118 po Mszy \u015bw. o godz. 18:00. Nowy Rok zawierzmy Mi\u0142osiernemu Bogu, prosz\u0105c o wszelkie potrzebne \u0142aski dla wsp\u00f3lnoty i parafii.<\/p>\n<p><strong>6.<\/strong> W \u015brod\u0119 obchodzi\u0107 b\u0119dziemy UROCZYSTO\u015a\u0106 OBJAWIENIA PA\u0143SKIEGO (TRZECH KR\u00d3LI). Msze \u015awi\u0119te w tym dniu o godz. 7:00, 9:00, 10:30, 12:00 i 18:00. Jest to dzie\u0144 modlitw za misje, dlatego pami\u0119tajmy o misjonarzach pochodz\u0105cych z naszej parafii. Ofiary zbierane do puszek przeznaczone b\u0119d\u0105 na pomoc dla o. Dariusza Maruta CSSp pracuj\u0105cego na Madagaskarze. B\u00f3g zap\u0142a\u0107 za zrozumienie. W tym dniu podczas ka\u017cdej Mszy \u015awi\u0119tej po\u015bwi\u0119cenie kredy i wody, kt\u00f3r\u0105 mo\u017cemy zabra\u0107 do domu.<\/p>\n<p><strong>7.<\/strong> W tym tygodniu przypada pierwszy czwartek miesi\u0105ca:<br \/>\n\u2022 I czwartek miesi\u0105ca \u2013 zapraszamy na Msz\u0119 \u015bw. o godz. 18:00, a po niej na Adoracj\u0119 Naj\u015bwi\u0119tszego Sakramentu tj. na \u201eGODZIN\u0118 \u015aWI\u0118T\u0104\u201d. Zapraszamy wszystkie \u201eMargaretki\u201d do wsp\u00f3lnej modlitwy.<\/p>\n<p><strong>8.<\/strong> W zwi\u0105zku z trwaj\u0105c\u0105 epidemi\u0105 i wskazaniami Biskupa Elbl\u0105skiego, chc\u0105c zachowa\u0107 wszelk\u0105 ostro\u017cno\u015b\u0107 &#8211; w tym miesi\u0105cu ksi\u0119\u017ca nie odwiedz\u0105 swoich chorych.<\/p>\n<p><strong>9.<\/strong> Zach\u0119camy do zamawiania Mszy \u015aw. dzi\u0119kczynnych (rodzinnych) za miniony rok z pro\u015bb\u0105 o dalsz\u0105 opiek\u0119 i Bo\u017ce b\u0142ogos\u0142awie\u0144stwo w Nowym Roku.<\/p>\n<p><strong>10.<\/strong> Wszystkim parafianom i przyby\u0142ym go\u015bciom do naszej wsp\u00f3lnoty \u017cyczymy szcz\u0119\u015bliwego Nowego Roku 2021, wielu \u0142ask i opieki Matki Bo\u017cej Szkaplerznej.<\/p>\n<p><strong>11.<\/strong> Pan powo\u0142a\u0142 do wieczno\u015bci:<br \/>\n<strong>\u2020 \u015bp. Jadwig\u0119 Nowoci\u0144sk\u0105<\/strong> lat 92 z ul. Broniewskiego<br \/>\n<strong>\u2020 \u015bp. Bronis\u0142awa Sosnowskiego<\/strong> lat 72 z ul. Korczaka<br \/>\n<strong>\u2020 \u015bp. Jacka Winiarczyka<\/strong> lat 45<\/p>\n<p>Wieczny odpoczynek racz im da\u0107 Panie! A \u015bwiat\u0142o\u015b\u0107 wiekuista niechaj im \u015bwieci.<\/p>\n<p>&nbsp;<\/p>\n<p><img decoding=\"async\" src=\"http:\/\/rafalk-elblag.pl\/wp-content\/uploads\/2020\/04\/baner-intencje-mszy.jpg\"><\/p>\n<h1>Intencje mszalne 03.01.2021r<br \/>\nII Niedziela Narodzenia Pa\u0144skiego<\/h1>\n<p><strong>PONIEDZIA\u0141EK \/ 4 stycznia 2021r.<\/strong><br \/>\n8.00 \u2020 Irena W\u00f3jcik (4 greg.)<br \/>\n18.00 W intencji Rodzin naszej Parafii (1)<\/p>\n<p><strong>WTOREK \/ 5 stycznia 2021r.<\/strong><br \/>\n8.00 \u2020 Irena W\u00f3jcik (5 greg.)<br \/>\n18.00 \u2020 Kazimierz Kozaczuk w 30 dpp.<br \/>\n18.00 W intencji Rodzin naszej Parafii (2)<\/p>\n<p><strong>\u015aRODA \/ 6 stycznia 2021r. \/ Uroczysto\u015b\u0107 Objawienia Pa\u0144skiego<\/strong><br \/>\n7.00 \u2020 Irena W\u00f3jcik (6 greg.)<br \/>\n9.00 \u2020 Krystyna Kami\u0144ska w 7 r. \u015bm.<br \/>\n9.00 \u2020 Stanis\u0142aw Waszak w 13 r. \u015bm. i zmarli z rodziny<br \/>\n10.30 \u2020 Boles\u0142aw Malinowski w 2 r. \u015bm.<br \/>\n12.00 W intencji Parafian<br \/>\n18.00 Dzi\u0119k. za dar \u017cycia i miniony rok z pro\u015bb\u0105 o Bo\u017ce b\u0142og., opiek\u0119 MB i wszelkie potrzebne \u0142aski dla rodzin Stan\u00f3w, Burdelskich oraz dla wnuk\u00f3w i prawnuczki<\/p>\n<p><strong>CZWARTEK \/ 7 stycznia 2021r.<\/strong><br \/>\n8.00 \u2020 Irena W\u00f3jcik (7 greg.)<br \/>\n18.00 O Bo\u017ce b\u0142og. dla Wsp\u00f3lnoty \u201ePrzemienienie\u201d<br \/>\n18.00 W intencji Rodzin naszej Parafii (3)<\/p>\n<p><strong>PI\u0104TEK \/ 8 stycznia 2021r.<\/strong><br \/>\n8.00 \u2020 Irena W\u00f3jcik (8 greg.)<br \/>\n18.00 W intencji Rodzin naszej Parafii (4)<\/p>\n<p><strong>SOBOTA \/ 9 stycznia 2020r.<\/strong><br \/>\n8.00 \u2020 Irena W\u00f3jcik (9 greg.)<br \/>\n18.00 W intencji Rodzin naszej Parafii (5)<\/p>\n<p><strong>Niedziela Chrztu Pa\u0144skiego \/ 10 stycznia 2020r.<\/strong><br \/>\n7.00 \u2020 Irena W\u00f3jcik (10 greg.)<br \/>\n9.00 Dzi\u0119k. w 30 rocz. \u015blubu Bogumi\u0142y i Zbigniewa Troczek z pro\u015bb\u0105 o Bo\u017ce b\u0142og. i potrzebne \u0142aski dla per\u0142owych Jubilat\u00f3w<br \/>\n10.30 O zdrowie i potrzebne \u0142aski dla Sylwii i Jej rodziny<br \/>\n12.00 W intencji Parafian<br \/>\n15.00 \u2020 Jadwiga i Teofil oraz zmarli rodzice z obojga stron<br \/>\n18.00 O \u0142ask\u0119 w pokonaniu raka dla Ma\u0142gorzaty i Magdaleny oraz o potrzebne si\u0142y i ufno\u015b\u0107 w Bo\u017ce prowadzenie<\/p>\n","protected":false},"excerpt":{"rendered":"<p>MODLITWA W INTENCJI PARAFIAN Okres Bo\u017cego Narodzenia od wielu wiek\u00f3w jest w Polsce zwi\u0105zany z tradycyjnymi odwiedzinami kap\u0142an\u00f3w w domach parafian. Ta coroczna wizyta duszpasterska, nazywana tak\u017ce kol\u0119d\u0105, polecana jest r\u00f3wnie\u017c w Kodeksie Prawa Kanonicznego, promulgowanym przez \u015bw. Jana Paw\u0142a II w 1983 r.: \u201ePragn\u0105c dobrze wype\u0142ni\u0107 funkcj\u0119 pasterza, proboszcz powinien stara\u0107 si\u0119 pozna\u0107 wiernych [&hellip;]<\/p>\n","protected":false},"author":1,"featured_media":4158,"comment_status":"closed","ping_status":"closed","sticky":false,"template":"","format":"standard","meta":{"ngg_post_thumbnail":0,"footnotes":""},"categories":[11,8,4,3],"tags":[],"class_list":["post-4154","post","type-post","status-publish","format-standard","has-post-thumbnail","hentry","category-aktualnosci","category-blog","category-intencje","category-ogloszenia"],"_links":{"self":[{"href":"https:\/\/rafalk-elblag.pl\/index.php?rest_route=\/wp\/v2\/posts\/4154","targetHints":{"allow":["GET"]}}],"collection":[{"href":"https:\/\/rafalk-elblag.pl\/index.php?rest_route=\/wp\/v2\/posts"}],"about":[{"href":"https:\/\/rafalk-elblag.pl\/index.php?rest_route=\/wp\/v2\/types\/post"}],"author":[{"embeddable":true,"href":"https:\/\/rafalk-elblag.pl\/index.php?rest_route=\/wp\/v2\/users\/1"}],"replies":[{"embeddable":true,"href":"https:\/\/rafalk-elblag.pl\/index.php?rest_route=%2Fwp%2Fv2%2Fcomments&post=4154"}],"version-history":[{"count":23,"href":"https:\/\/rafalk-elblag.pl\/index.php?rest_route=\/wp\/v2\/posts\/4154\/revisions"}],"predecessor-version":[{"id":4184,"href":"https:\/\/rafalk-elblag.pl\/index.php?rest_route=\/wp\/v2\/posts\/4154\/revisions\/4184"}],"wp:featuredmedia":[{"embeddable":true,"href":"https:\/\/rafalk-elblag.pl\/index.php?rest_route=\/wp\/v2\/media\/4158"}],"wp:attachment":[{"href":"https:\/\/rafalk-elblag.pl\/index.php?rest_route=%2Fwp%2Fv2%2Fmedia&parent=4154"}],"wp:term":[{"taxonomy":"category","embeddable":true,"href":"https:\/\/rafalk-elblag.pl\/index.php?rest_route=%2Fwp%2Fv2%2Fcategories&post=4154"},{"taxonomy":"post_tag","embeddable":true,"href":"https:\/\/rafalk-elblag.pl\/index.php?rest_route=%2Fwp%2Fv2%2Ftags&post=4154"}],"curies":[{"name":"wp","href":"https:\/\/api.w.org\/{rel}","templated":true}]}}