{"id":4148,"date":"2020-12-27T10:54:49","date_gmt":"2020-12-27T10:54:49","guid":{"rendered":"http:\/\/rafalk-elblag.pl\/?p=4148"},"modified":"2021-01-03T19:19:49","modified_gmt":"2021-01-03T19:19:49","slug":"biuletyn-20-12-2020-nd-swietej-rodziny","status":"publish","type":"post","link":"https:\/\/rafalk-elblag.pl\/?p=4148","title":{"rendered":"Biuletyn 27.12.2020, NIEDZIELA \u015aWI\u0118TEJ RODZINY"},"content":{"rendered":"<p><img decoding=\"async\" src=\"http:\/\/rafalk-elblag.pl\/wp-content\/uploads\/2020\/12\/baner-271220.jpg\"><\/p>\n<h1>OJCOWSKIM SERCEM<\/h1>\n<p><strong>\u201ePatris corde\u201d (Ojcowskim sercem) \u2013 taki tytu\u0142 nosi list apostolski papie\u017ca Franciszka, opublikowany 8 grudnia z okazji 150. rocznicy og\u0142oszenia \u015bw. J\u00f3zefa patronem Ko\u015bcio\u0142a powszechnego.<\/strong><\/p>\n<p><strong>Franciszek podkre\u015bli\u0142:<\/strong> podczas pandemii koronawirusa \u201emo\u017cemy do\u015bwiadczy\u0107, po\u015br\u00f3d dotykaj\u0105cego nas kryzysu, \u017ce nasze \u017cycie jest tkane i wpierane przez zwyk\u0142e osoby \u2013 zazwyczaj zapominane \u2013 kt\u00f3re nie wyst\u0119puj\u0105 w tytu\u0142ach gazet i magazyn\u00f3w, ani na wielkiej scenie najnowszego show, lecz niew\u0105tpliwie dzi\u015b zapisuj\u0105 decyduj\u0105ce wydarzenia na kartach naszej historii\u201d.<\/p>\n<p>Jak doda\u0142, s\u0105 nimi lekarze, piel\u0119gniarki i piel\u0119gniarze, pracownicy supermarket\u00f3w, osoby sprz\u0105taj\u0105ce, opiekunowie, kierowcy samochod\u00f3w dostawczych, si\u0142y porz\u0105dkowe, wolontariusze, kap\u0142ani, zakonnice. \u201eOni wszyscy&#8221; \u2013 doda\u0142- \u201ezrozumieli, \u017ce nikt nie ratuje si\u0119 sam\u201d.<\/p>\n<p><strong>Franciszek wspomnia\u0142 o rodzicach i dziadkach oraz nauczycielach, kt\u00f3rzy w tym trudnym czasie pokazuj\u0105 dzieciom poprzez ma\u0142e, codzienne gesty, jak stawia\u0107 czo\u0142o kryzysowi i go pokonywa\u0107. \u201eWszyscy mog\u0105 znale\u017a\u0107 w \u015bwi\u0119tym J\u00f3zefie, m\u0119\u017cu, kt\u00f3ry przechodzi niezauwa\u017cony, cz\u0142owieku codziennej obecno\u015bci, dyskretnej i ukrytej, or\u0119downika, pomocnika i przewodnika w chwilach trudnych\u201d &#8211; zaznaczy\u0142 papie\u017c.<\/strong><\/p>\n<p>Wyrazi\u0142 przekonanie, \u017ce wszystkie te pozornie ukryte osoby lub dzia\u0142aj\u0105ce na \u201edrugiej linii\u201d maj\u0105 wyj\u0105tkowy, czynny udzia\u0142 w historii zbawienia. \u201eIm wszystkim &#8211; doda\u0142 &#8211; nale\u017cy si\u0119 s\u0142owo uznania i wdzi\u0119czno\u015bci\u201d.<\/p>\n<p>Franciszek zaznaczy\u0142 tak\u017ce w swym li\u015bcie apostolskim: \u201ePolski pisarz Jan Dobraczy\u0144ski w ksi\u0105\u017cce \u00abCie\u0144 Ojca\u00bb opowiedzia\u0142 w formie powie\u015bci o \u017cyciu \u015bwi\u0119tego J\u00f3zefa. Przez sugestywny obraz cienia okre\u015bli\u0142 posta\u0107 J\u00f3zefa, kt\u00f3ry w stosunku do Jezusa jest cieniem Ojca Niebieskiego na ziemi: os\u0142ania Go, chroni, nie odst\u0119puje od Niego, pod\u0105\u017caj\u0105c Jego \u015bladami\u201d.<\/p>\n<hr>\n<p><strong>Celem tego Listu apostolskiego jest wzbudzenie wi\u0119kszej mi\u0142o\u015bci dla tego wielkiego \u015awi\u0119tego, aby\u015bmy byli zach\u0119ceni do modlitwy o jego wstawiennictwo i do na\u015bladowania jego cn\u00f3t i jego zaanga\u017cowania.<\/strong><\/p>\n<p>Istotnie, specyficzn\u0105 misj\u0105 \u015bwi\u0119tych jest nie tylko spe\u0142nianie cud\u00f3w i \u0142ask, ale wstawiennictwo za nami przed Bogiem, podobnie jak Abraham i Moj\u017cesz, podobnie jak Jezus, \u201ejeden po\u015brednik\u201d (1 Tm 2, 5), kt\u00f3ry jest u Boga Ojca naszym \u201erzecznikiem\u201d (1 J 2, 1), \u201ebo zawsze \u017cyje, aby si\u0119 wstawia\u0107 za nami\u201d. \u015awi\u0119ci pomagaj\u0105 \u201ewszystkim wiernym do osi\u0105gni\u0119cia \u015bwi\u0119to\u015bci i doskona\u0142o\u015bci w\u0142asnego stanu\u201d.<\/p>\n<p>Ich \u017cycie jest konkretnym dowodem na to, \u017ce mo\u017cna \u017cy\u0107 Ewangeli\u0105. Jezus powiedzia\u0142: \u201euczcie si\u0119 ode Mnie, bo jestem cichy i pokorny sercem\u201d (Mt 11, 29), a \u015bwi\u0119ci s\u0105 z kolei wzorem \u017cycia do na\u015bladowania. \u015aw. Pawe\u0142 wyra\u017anie zach\u0119ca\u0142: \u201eb\u0105d\u017acie na\u015bladowcami moimi!\u201d (1 Kor 4, 16). \u015awi\u0119ty J\u00f3zef m\u00f3wi o tym poprzez swoje wymowne milczenie.<\/p>\n<p><strong>W obliczu przyk\u0142adu tak wielu \u015bwi\u0119tych, \u015bw. Augustyn zadawa\u0142 sobie pytanie: \u201eNie sta\u0107 ci\u0119 na to, na co sta\u0107 by\u0142o tych m\u0119\u017cczyzn i te kobiety?\u201d. I tak doszed\u0142 do ostatecznego nawr\u00f3cenia, wo\u0142aj\u0105c: \u201eP\u00f3\u017ano Ci\u0119 umi\u0142owa\u0142em, Pi\u0119kno\u015bci tak dawna a tak nowa!\u201d.<\/strong><\/p>\n<p>Nie pozostaje nic innego, jak tylko b\u0142aga\u0107 \u015bw. J\u00f3zefa o \u0142ask\u0119 nad \u0142askami: o nasze nawr\u00f3cenie.<\/p>\n<p>&nbsp;<br \/>\n&nbsp;<br \/>\n<img decoding=\"async\" src=\"http:\/\/rafalk-elblag.pl\/wp-content\/uploads\/2020\/04\/baner-ogloszenia-parafialne.jpg\"><\/p>\n<h2>Og\u0142oszenia parafialne 27.12.2020r<\/h2>\n<p><strong>1. PROSIMY O ZAMYKANIE DRZWI PRZY WCHODZENIU I WYCHODZENIU Z KO\u015aCIO\u0141A PONIEWA\u017b KO\u015aCI\u00d3\u0141 JEST OGRZEWANY. DZI\u0118KUJEMY.<\/strong><\/p>\n<p><strong>2.<\/strong> Dzi\u0119kuj\u0119 tym wszystkim, kt\u00f3rzy w\u0142\u0105czyli si\u0119 w przygotowanie naszej \u015bwi\u0105tyni do \u015awi\u0105t Bo\u017cego Narodzenia. Szczeg\u00f3lne wyrazy wdzi\u0119czno\u015bci sk\u0142adam panu Zbigniewowi Kimso i Ko\u015bcielnym panu Edmundowi i Zbigniewowi oraz wszystkim kt\u00f3rzy po\u015bwiecili sw\u00f3j czas. B\u00f3g zap\u0142a\u0107.<\/p>\n<p><strong>3.<\/strong> Parafian, kt\u00f3rzy pragn\u0105 podzi\u0119kowa\u0107 za miniony rok, zapraszamy w czwartek na Msz\u0119 \u015bw. wyj\u0105tkowo o godz.17:00, zako\u0144czon\u0105 nabo\u017ce\u0144stwem dzi\u0119kczynno-przeb\u0142agalnym przed naj\u015bwi\u0119tszym Sakramentem.<\/p>\n<p><strong>4.<\/strong> W pi\u0105tek Nowy Rok. Ko\u015bci\u00f3\u0142 obchodzi Uroczysto\u015b\u0107 \u015awi\u0119tej Bo\u017cej Rodzicielki Maryi. Jest to \u015awiatowy Dzie\u0144 Modlitw o Pok\u00f3j. Uwaga &#8211; Pierwsza Msza \u015bw. w tym dniu o godz. 9:00, a nast\u0119pne o godz. 10:30, 12:00 i 18:00.<\/p>\n<p><strong>5. W tym tygodniu przypada pierwsza sobota miesi\u0105ca:<\/strong><br \/>\n<strong>&#8211; w pierwsz\u0105 sobot\u0119 o godz. 17:00 zapraszamy na NABO\u017bE\u0143STWO WYNAGRADZAJ\u0104CE ZA OBELGI PRZECIWKO DZIEWICTWU MARYI<\/strong><br \/>\n<strong>w ramach nabo\u017ce\u0144stw pierwszych pi\u0119ciu sob\u00f3t miesi\u0105ca.<\/strong><\/p>\n<p><strong>6.<\/strong> Zach\u0119camy do zamawiania Mszy \u015aw. dzi\u0119kczynnych (rodzinnych) za miniony rok z pro\u015bb\u0105 o dalsz\u0105 opiek\u0119 i Bo\u017ce b\u0142ogos\u0142awie\u0144stwo w Nowym Roku.<\/p>\n<p><strong>7.<\/strong> Za tydzie\u0144 ofiary z\u0142o\u017cone na tac\u0119 przeznaczone b\u0119d\u0105 uregulowanie rachunku za ogrzewanie Ko\u015bcio\u0142a. Dzi\u0119kuj\u0119 za zrozumienie i z\u0142o\u017cone ofiary.<\/p>\n<p><strong>8.<\/strong> Trwa Oktawa Narodzenia Pa\u0144skiego, kt\u00f3ra jest przed\u0142u\u017ceniem rado\u015bci wierz\u0105cych z przyj\u015bcia na \u015bwiat Syna Bo\u017cego. Zapraszamy na Msze \u015bw. o godz. 8:00 i 18:00.<\/p>\n<p><strong>9. Tegoroczne Wizyty duszpasterskie rozpoczniemy 4 stycznia 2021r. od ul. Leszczy\u0144skiej. <span style=\"text-decoration: underline;\">Z powodu epidemii KOL\u0118DA sk\u0142ada\u0107 si\u0119 b\u0119dzie z dw\u00f3ch cz\u0119\u015bci. Pierwsza cz\u0119\u015b\u0107 to nasze spotkanie w KO\u015aCIELE na Mszy \u015bw. o godz. 18:00 zako\u0144czonej SPECJALNYM B\u0141OGOS\u0141AWIE\u0143STWEM.<\/span> Druga cz\u0119\u015b\u0107 to modlitwa i po\u015bwiecenie domu przez jednego z cz\u0142onk\u00f3w rodziny. <\/strong>Wi\u0119cej informacji podamy za tydzie\u0144. W drugim roku realizacji programu (2020\/2021) b\u0119dziemy koncentrowa\u0107 si\u0119 na sprawowaniu EUCHARYSTII, st\u0105d tegoroczne has\u0142o duszpasterskie: \u201eZGROMADZENI NA \u015aWI\u0118TEJ WIECZERZY\u201d. Niech Msza \u015bw. stanie si\u0119 dla nas na nowo \u017ar\u00f3d\u0142em szczeg\u00f3lnej \u0142aski umocnienia wiary, nadziei i mi\u0142o\u015bci w naszych rodzinach.<\/p>\n<p><strong>10.<\/strong> Za tydzie\u0144 comiesi\u0119czna Adoracja Naj\u015bwi\u0119tszego Sakramentu od godz. 16:00 do 18:00. Przyjd\u017a i oddaj Panu Bogu rozpocz\u0119ty Nowy Rok.<\/p>\n<p><strong>11.<\/strong> Zach\u0119camy do nabycia aktualnego numeru \u201eGo\u015bcia Niedzielnego\u201d w cenie 6 z\u0142. z dodatkiem \u201eGo\u015bcia Elbl\u0105skiego\u201d a nim wydarzenia z diecezji.<\/p>\n<p><strong>12.<\/strong> Wszystkim Parafianom i przyby\u0142ym Go\u015bciom \u017cyczymy szcz\u0119\u015bliwego Nowego Roku 2021, wielu \u0142ask i opieki Matki Bo\u017cej Szkaplerznej.<\/p>\n<p><strong>13.<\/strong> Pan powo\u0142a\u0142 do wieczno\u015bci:<\/p>\n<p><strong>\u2020 \u015bp. Marcina Kierzkowskiego<\/strong> lat 39 z ul. Leszczy\u0144skiego<br \/>\n<strong>\u2020 \u015bp. Franciszka Ossowskiego<\/strong> lat 64 z ul. Broniewskiego<\/p>\n<p>Wieczny odpoczynek racz im da\u0107 Panie! A \u015bwiat\u0142o\u015b\u0107 wiekuista niechaj im \u015bwieci.<\/p>\n<p>&nbsp;<\/p>\n<p><img decoding=\"async\" src=\"http:\/\/rafalk-elblag.pl\/wp-content\/uploads\/2020\/04\/baner-intencje-mszy.jpg\"><\/p>\n<h2>Intencje mszalne 27.12.2020r<br \/>\nNIEDZIELA \u015aWI\u0118TEJ RODZINY<\/h2>\n<p><strong>PONIEDZIA\u0141EK \/ 28 grudnia 2020r. \/ \u015bw. M\u0142odziank\u00f3w m\u0119czennik\u00f3w<\/strong><br \/>\n8.00 \u2020 Irena Jachowicz (28 greg.)<br \/>\n8.00 \u2020 Jan W\u0142odarczyk w 30 dpp.<br \/>\n18.00 Dzi\u0119k. w 59 rocz. \u015blubu Genowefy i Stanis\u0142awa Szweda z pro\u015bb\u0105 o Bo\u017ce b\u0142og. i opiek\u0119 MB<\/p>\n<p><strong>WTOREK \/ 29 grudnia 2020r.<\/strong><br \/>\n8.00 \u2020 Irena Jachowicz (29 greg.)<br \/>\n18.00 O Bo\u017ce b\u0142og. i potrzebne \u0142aski dla Eugeniusza z okazji imienin<br \/>\n18.00 Dzi\u0119k. w 10 urodziny Zuzanny Wi\u015bniewskiej z pro\u015bb\u0105 o \u0142ask\u0119 zdrowia i \u017cyw\u0105 wiar\u0119<\/p>\n<p><strong>\u015aRODA \/ 30 grudnia 2020r.<\/strong><br \/>\n8.00 \u2020 Irena Jachowicz (30 greg.)<br \/>\n18.00 \u2020 Genowefa i Zenon Bednarczyk<br \/>\n18.00 \u2020 Czes\u0142aw Nowak, oraz o si\u0142\u0119 dla Katarzyny i ca\u0142ej rodziny<\/p>\n<p><strong>CZWARTEK \/ 31 grudnia 2020r.<\/strong><br \/>\n8.00 W 57 rocz. \u015blubu Stanis\u0142awy i Jana z pro\u015bb\u0105 o zdrowie, Bo\u017ce b\u0142og. i opiek\u0119 MB<br \/>\n8.00 O Bo\u017ce b\u0142og. i zdrowie dla Jolanty, Piotra i ich rodzin<br \/>\n18.00 W intencji Parafian<\/p>\n<p><strong>PI\u0104TEK \/ 1 stycznia 2021r. \/ Uroczysto\u015b\u0107 \u015awi\u0119tej Bo\u017cej Rodzicielki Maryi<\/strong><br \/>\n9.00 \u2020 Irena W\u00f3jcik (1 greg.)<br \/>\n10.30 Dzi\u0119k. za miniony rok i z ok. imienin Mieczys\u0142awa z pro\u015bb\u0105 o Bo\u017ce b\u0142og. i opiek\u0119 MB na Nowy Rok dla Niego i ca\u0142ej rodziny<br \/>\n12.00 W intencji Parafian<br \/>\n18.00 O Bo\u017ce b\u0142og. i potrzebne \u0142aski dla Mieczys\u0142awa Lenckowskiego z ok. 70 urodzin i imienin \u2013 int. od \u017cony Heleny i Rodziny<\/p>\n<p><strong>SOBOTA \/ 2 stycznia 2020r. \/ \u015bw. Bazylego Wielkiego i Grzegorza z Nazjanzu<\/strong><br \/>\n8.00 \u2020 Irena W\u00f3jcik (2 greg.)<br \/>\n18.00 Rez.<br \/>\n18.00 Dzi\u0119k. za powr\u00f3t do zdrowia, z pro\u015bb\u0105 o Bo\u017ce b\u0142og., opiek\u0119 MB dla Ewy i Arkadiusza oraz dzieci Jakuba i Wiktorii Kr\u00f3l<\/p>\n<p><strong>II Niedziela Narodzenia Pa\u0144skiego \/ 3 stycznia 2020r.<\/strong><br \/>\n7.00 \u2020 Irena W\u00f3jcik (3 greg.)<br \/>\n9.00 O do\u015bwiadczenie Bo\u017cej mi\u0142o\u015bci dla Karoliny i Sebastiana<br \/>\n9.00 Rez.<br \/>\n10.30 \u2020 Apoloniusz Komuda w 8 r. \u015bm. i zm. rodzice i rodze\u0144stwo z obojga stron<br \/>\n12.00 W intencji Parafian \/ ofiarodawc\u00f3w naszej Parafii<br \/>\n15.00 \u2020 Maria Sztychmiler w 30 dpp.<br \/>\n18.00 \u2020 Anatol Usik w 9 miesi\u0105c po \u015bmierci<\/p>\n","protected":false},"excerpt":{"rendered":"<p>OJCOWSKIM SERCEM \u201ePatris corde\u201d (Ojcowskim sercem) \u2013 taki tytu\u0142 nosi list apostolski papie\u017ca Franciszka, opublikowany 8 grudnia z okazji 150. rocznicy og\u0142oszenia \u015bw. J\u00f3zefa patronem Ko\u015bcio\u0142a powszechnego. Franciszek podkre\u015bli\u0142: podczas pandemii koronawirusa \u201emo\u017cemy do\u015bwiadczy\u0107, po\u015br\u00f3d dotykaj\u0105cego nas kryzysu, \u017ce nasze \u017cycie jest tkane i wpierane przez zwyk\u0142e osoby \u2013 zazwyczaj zapominane \u2013 kt\u00f3re nie wyst\u0119puj\u0105 [&hellip;]<\/p>\n","protected":false},"author":1,"featured_media":4150,"comment_status":"closed","ping_status":"closed","sticky":false,"template":"","format":"standard","meta":{"ngg_post_thumbnail":0,"footnotes":""},"categories":[11,8,4,3],"tags":[],"class_list":["post-4148","post","type-post","status-publish","format-standard","has-post-thumbnail","hentry","category-aktualnosci","category-blog","category-intencje","category-ogloszenia"],"_links":{"self":[{"href":"https:\/\/rafalk-elblag.pl\/index.php?rest_route=\/wp\/v2\/posts\/4148","targetHints":{"allow":["GET"]}}],"collection":[{"href":"https:\/\/rafalk-elblag.pl\/index.php?rest_route=\/wp\/v2\/posts"}],"about":[{"href":"https:\/\/rafalk-elblag.pl\/index.php?rest_route=\/wp\/v2\/types\/post"}],"author":[{"embeddable":true,"href":"https:\/\/rafalk-elblag.pl\/index.php?rest_route=\/wp\/v2\/users\/1"}],"replies":[{"embeddable":true,"href":"https:\/\/rafalk-elblag.pl\/index.php?rest_route=%2Fwp%2Fv2%2Fcomments&post=4148"}],"version-history":[{"count":3,"href":"https:\/\/rafalk-elblag.pl\/index.php?rest_route=\/wp\/v2\/posts\/4148\/revisions"}],"predecessor-version":[{"id":4153,"href":"https:\/\/rafalk-elblag.pl\/index.php?rest_route=\/wp\/v2\/posts\/4148\/revisions\/4153"}],"wp:featuredmedia":[{"embeddable":true,"href":"https:\/\/rafalk-elblag.pl\/index.php?rest_route=\/wp\/v2\/media\/4150"}],"wp:attachment":[{"href":"https:\/\/rafalk-elblag.pl\/index.php?rest_route=%2Fwp%2Fv2%2Fmedia&parent=4148"}],"wp:term":[{"taxonomy":"category","embeddable":true,"href":"https:\/\/rafalk-elblag.pl\/index.php?rest_route=%2Fwp%2Fv2%2Fcategories&post=4148"},{"taxonomy":"post_tag","embeddable":true,"href":"https:\/\/rafalk-elblag.pl\/index.php?rest_route=%2Fwp%2Fv2%2Ftags&post=4148"}],"curies":[{"name":"wp","href":"https:\/\/api.w.org\/{rel}","templated":true}]}}