{"id":4134,"date":"2020-12-19T21:16:23","date_gmt":"2020-12-19T21:16:23","guid":{"rendered":"http:\/\/rafalk-elblag.pl\/?p=4134"},"modified":"2020-12-19T21:26:35","modified_gmt":"2020-12-19T21:26:35","slug":"biuletyn-20-12-2020-iv-niedziela-adwentu","status":"publish","type":"post","link":"https:\/\/rafalk-elblag.pl\/?p=4134","title":{"rendered":"Biuletyn 20.12.2020, IV Niedziela Adwentu"},"content":{"rendered":"<p><img decoding=\"async\" src=\"http:\/\/rafalk-elblag.pl\/wp-content\/uploads\/2020\/12\/baner-201220.jpg\"><\/p>\n<h1>\u015awi\u0119ta Bo\u017cego Narodzenia<\/h1>\n<p>\u201eB\u00f3g jest tak pot\u0119\u017cny, \u017ce mo\u017ce sta\u0107 si\u0119 s\u0142aby i wyj\u015b\u0107 nam naprzeciw jako bezbronne dziecko, aby\u015bmy mogli Go pokocha\u0107\u201d<br \/>\nBenedykt XVI<\/p>\n<p>&nbsp;<\/p>\n<p style=\"text-align: left;\"><em>Z okazji \u015awi\u0105t Narodzenia Pa\u0144skiego wszystkim Parafianom i drogim Go\u015bciom \u017cyczymy, aby \u015bwiat\u0142o Betlejemskiej Nocy rozja\u015bnia\u0142o drogi \u017cycia, ogrzewa\u0142o ciep\u0142em Bo\u017cej opieki i nios\u0142o pok\u00f3j \u015bwiatu.<\/em><br \/>\n<em><br \/>\nNiech obecno\u015b\u0107 Bo\u017cego Syna przenika nasze serca nadziej\u0105 i mi\u0142o\u015bci\u0105 w tym trudnym dla nas wszystkich czasie. <\/em><em>Niech Jezus Chrystus obdarzy was swoim b\u0142ogos\u0142awie\u0144stwem, zdrowiem, mi\u0142o\u015bci\u0105 i pokojem w sercu.<\/em><\/p>\n<p style=\"text-align: left;\"><em>Z \u017cyczeniami dla ca\u0142ej Wsp\u00f3lnoty Parafialnej i przyby\u0142ych Go\u015bci:<\/em><br \/>\n<em>ks. Proboszcz Wojciech Zwolicki, <\/em><br \/>\n<em>ks. Marcin Dopiera\u0142a,<\/em><br \/>\n<em>ks. Piotr Wolnikowski i ks. Piotr Bryk<\/em><\/p>\n<p>&nbsp;<\/p>\n<p><strong><br \/>\n\u015awi\u0119ta Bo\u017cego Narodzenia to najbardziej rodzinne \u015bwi\u0119ta w roku. Zwykle spotykali\u015bmy si\u0119 z bliskimi przy wigilijnej kolacji. Zapraszali\u015bmy rodzin\u0119 z drugiego ko\u0144ca kraju, a nawet z zagranicy. Tym razem jest jednak inaczej.<\/strong><\/p>\n<p>Pandemia koronawirusa zmieni\u0142a wszystko.<\/p>\n<p>Zwyk\u0142o si\u0119 kojarzy\u0107 te \u015bwi\u0119ta z rodzin\u0105, no i dobrze, bo one jak najbardziej s\u0105 rodzinne. Pierwsze nasze skojarzenia to ciep\u0142a atmosfera, dobry sernik, itp. Niekiedy tylko do tych rzeczy potrafimy sp\u0142yci\u0107 sens prze\u017cywania \u015awi\u0105t Bo\u017cego Narodzenia. Bo\u017ce Narodzenie jak sama wskazuje na to nazwa zwi\u0105zane jest z narodzeniem kogo\u015b. Narodziny zwi\u0105zane s\u0105 zawsze z rado\u015bci\u0105, w tym przypadku powinna by\u0107 to g\u0142\u0119boka rado\u015b\u0107 naszej duszy, kt\u00f3ra cieszy si\u0119, \u017ce na \u015bwiat przyszed\u0142 nasz Zbawiciel.<\/p>\n<p>Czy\u017c to nie jest wielki z Jego strony radykalizm, \u017ce przyszed\u0142 nagi na ten \u015bwiat i wystawi\u0142 si\u0119 sam na zranienia, kt\u00f3re ludzko\u015b\u0107 mu zada\u0142a. W Ewangelii \u015bw. Mateusza jest napisane: <em>&#8221; \u2026Urodzi ona syna, a ty nadasz Mu imi\u0119 Jezus, gdy\u017c on uwolni sw\u00f3j lud od grzech\u00f3w&#8221;<\/em>. A wszystko to si\u0119 sta\u0142o, aby si\u0119 spe\u0142ni\u0142o s\u0142owo Pana przekazane przez proroka: <em>&#8222;Oto Dziewica pocznie i porodzi Syna, kt\u00f3rego nazw\u0105 Emanuel, to znaczy: B\u00f3g jest z nami&#8221;<\/em> Mt (1, 21 &#8211; 23).<\/p>\n<p>Ten fragment Ewangelii jest bardzo wa\u017cny, aby zrozumie\u0107 to, \u017ce \u015awi\u0119ta Bo\u017cego Narodzenia przypominaj\u0105 nam, \u017ce B\u00f3g jest z nami. Bo\u017ce narodzenie powinno dokonywa\u0107 si\u0119 w ka\u017cdej chwili naszego \u017cycia, gdy\u017c w niej B\u00f3g powinien si\u0119 rodzi\u0107 i odnawia\u0107 by\u0107 mo\u017ce to \u017cycie, kt\u00f3re ci\u0105gle jest w nas jeszcze martwe. Ta gwiazda betlejemska, kt\u00f3ra jak tradycja m\u00f3wi o\u015bwieca\u0142a i wskazywa\u0142a drog\u0119 trzem M\u0119drcom ze Wschodu niech r\u00f3wnie\u017c stanie si\u0119 takim drogowskazem w naszym \u017cyciu, kt\u00f3ry wyprowadza nas z b\u0142\u0119dnych wybor\u00f3w czy decyzji.<\/p>\n<p>Bo\u017ce Narodzenie to \u015bwi\u0119to, kt\u00f3re wytacza szczeg\u00f3ln\u0105 p\u0142aszczyzn\u0119 porozumie\u0144 mi\u0119dzyludzkich. To czas szczeg\u00f3lnych \u0142ask, kt\u00f3re pomagaj\u0105 nam zapomnie\u0107 o problemach tak bardzo nurtuj\u0105cych i wczyta\u0107 si\u0119 w samo Bo\u017ce S\u0142owo, kt\u00f3re przemienia nasze \u017cydzie pobudza je do dzia\u0142alno\u015bci, a nawet ocala od tego, co dla niego jest wielkim niebezpiecze\u0144stwem. A ta tradycja, kt\u00f3ra im towarzyszy i ta pi\u0119knie ubrana choinka niech stan\u0105 nam si\u0119 pomocne do lepszego ich prze\u017cywania.<\/p>\n<p>Prostota i pokora tych \u015bwi\u0105t polega na przyj\u0119ciu tej objawionej prawdy, kt\u00f3ra pokazuje jak B\u00f3g bardzo ukocha\u0142 cz\u0142owieka, \u017ce nie oszcz\u0119dzi\u0142 nawet swojego jednorodzonego Syna.<\/p>\n<p>Oto prawdziwy radykalizm.<\/p>\n<p>&nbsp;<br \/>\n&nbsp;<br \/>\n<img decoding=\"async\" src=\"http:\/\/rafalk-elblag.pl\/wp-content\/uploads\/2020\/04\/baner-ogloszenia-parafialne.jpg\"><\/p>\n<h2>Og\u0142oszenia parafialne 20.12.2020r<br \/>\nIV Niedziela Adwentu<\/h2>\n<p><strong>1. PROSIMY O ZAMYKANIE DRZWI PRZY WCHODZENIU I WYCHODZENIU Z KO\u015aCIO\u0141A PONIEWA\u017b KO\u015aCI\u00d3\u0141 JEST OGRZEWANY. DZI\u0118KUJEMY.<\/strong><\/p>\n<p><strong>2.<\/strong> Je\u015bli kto\u015b nie ma jeszcze po\u015bwi\u0119conego op\u0142atka na st\u00f3\u0142 wigilijny, mo\u017ce go naby\u0107 w zakrystii u pana ko\u015bcielnego. Zapraszamy.<\/p>\n<p><strong>3.<\/strong> S\u0142u\u017cba Liturgiczna O\u0142tarza &#8211; Ministranci rozprowadzaj\u0105 dzi\u015b przed ko\u015bcio\u0142em za dobrowoln\u0105 ofiar\u0119 sianko na st\u00f3\u0142 wigilijny.<\/p>\n<p><strong>4.<\/strong> Wszystkich parafian doros\u0142ych zapraszamy na ostatnie <strong>MSZE \u015aW.<\/strong> <strong>RORATNIE<\/strong> ku czci Matki Bo\u017cej o godz. 6:30, natomiast m\u0142odzie\u017c wraz z kandydatami do Sakramentu Bierzmowania w \u015brod\u0119 o godz. 18:00. Dla dzieci ostatnie nabo\u017ce\u0144stwo<strong> RORATNIE<\/strong> w poniedzia\u0142ek o godz. 18:00. Prosz\u0119, by dzieci przychodzi\u0142y z opiekunami i przynosi\u0142y z sob\u0105<strong> LAMPIONY.<\/strong><\/p>\n<p><strong>5.<\/strong> Osoby pragn\u0105ce pom\u00f3c przy Szopce i dekoracji Ko\u015bcio\u0142a zapraszamy jutro tj. 21 grudnia br. na godz. 9:30.<\/p>\n<p><strong>6.<\/strong> Przed nami ostatnie dni ADWENTU 2020 roku i Bo\u017ce Narodzenie. <strong>Mo\u017cliwo\u015b\u0107 SAKRAMENTU POKUTY:<\/strong> rano o godz. 6:30 i przed Msz\u0105 \u015bw. wieczorn\u0105 od godz. 17:30. Szczeg\u00f3lnie za\u015b zapraszamy w dniach 21, 22, 23 grudnia od godz. 19:00 do godz. 20:00 do naszej \u015bwi\u0105tyni na ADORACJ\u0118 z mo\u017cliwo\u015bci\u0105 skorzystania z SAKRAMENTU SPOWIEDZI. Uczy\u0144my wszystko, by tegoroczne \u015bwi\u0119ta prze\u017cywa\u0107 w prawdziwej rado\u015bci z Narodzin Dzieci\u0105tka Jezus.<\/p>\n<p><strong>7.<\/strong> Zach\u0119camy do godnego prze\u017cycia WIGILII BO\u017bEGO NARODZENIA. W tym roku wyj\u0105tkowo mamy mo\u017cliwo\u015b\u0107 wybra\u0107 si\u0119 na <strong>Pasterk\u0119 o godz. 21:00, 22:30 i o godz. 24:00<\/strong>. W Uroczysto\u015b\u0107 Narodzenia Pa\u0144skiego Msze b\u0119d\u0105 odprawiane o godz. 9:00, 10:30, 12:00 i 18:00. Nie ma Mszy \u015aw. o godz. 7:00 i 15:00. Przypominamy, \u017ce wed\u0142ug tradycji, wieczerza wigilijna powinna by\u0107 posi\u0142kiem bezmi\u0119snym i rozpoczyna\u0107 si\u0119 odczytaniem fragmentu Ewangelii i modlitw\u0105. Na stole wigilijnym niech zap\u0142onie \u015bwieca Caritas.<\/p>\n<p><strong>8.<\/strong> W drugi dzie\u0144 \u015bwi\u0105t: \u015bw. Szczepana, pierwszego m\u0119czennika. Taca z tego dnia przeznaczona jest na KATOLICKI UNIWERSYTET LUBELSKI oraz na Wy\u017csze Seminarium Duchowne Diecezji Elbl\u0105skiej, gdzie studiuj\u0105 nasi klerycy Krzysztof Lewandowski i Amadeusz Babiel. B\u00f3g zap\u0142a\u0107 za z\u0142o\u017cone ofiary. Msze \u015bw. w tym dniu o godz. 7:00, 9:00, 10:30, 12:00 i o godz. 18:00.<\/p>\n<p><strong>9.<\/strong> Od 26 grudnia rozpoczyna si\u0119 Oktawa Narodzenia Pa\u0144skiego, kt\u00f3ra jest przed\u0142u\u017ceniem rado\u015bci wierz\u0105cych z przyj\u015bcia na \u015bwiat Syna Bo\u017cego.<br \/>\nUWAGA! Powracamy do porz\u0105dku Mszy \u015bw. o godz. 8:00 i 18:00.<\/p>\n<p><strong>10.<\/strong> Wszystkim Jubilatom i Solenizantom tego tygodnia \u017cyczymy wielu \u0142ask Bo\u017cych i opieki Matki Bo\u017cej Szkaplerznej.<\/p>\n<p><strong>11.<\/strong> W tym tygodniu Kancelaria Parafialna b\u0119dzie NIECZYNNA.<\/p>\n<p><strong>12.<\/strong> Zach\u0119camy do nabycia aktualnego numeru \u201eGo\u015bcia Niedzielnego\u201d w cenie 6 z\u0142. z dodatkiem \u201eGo\u015bcia Elbl\u0105skiego\u201d a nim wydarzenia z diecezji.<\/p>\n<p><strong>13.<\/strong> Pan powo\u0142a\u0142 do wieczno\u015bci:<br \/>\n<strong>\u2020 \u015bp. Nadziej\u0119 Rymsz\u0119 <\/strong>lat 87 z ul. Sobieskiego<br \/>\n<strong>\u2020 \u015bp. Andrzeja Pigonia<\/strong> lat 63 z ul. Brzechwy<br \/>\n<strong>\u2020 \u015bp. Czes\u0142aw\u0119 \u0141ydk\u0119<\/strong> lat 84 z ul. Leszczy\u0144skiego<\/p>\n<p>&nbsp;<\/p>\n<p><img decoding=\"async\" src=\"http:\/\/rafalk-elblag.pl\/wp-content\/uploads\/2020\/04\/baner-intencje-mszy.jpg\"><\/p>\n<h2>Intencje mszalne 20.12.2020r<br \/>\nIV Niedziela Adwentu<\/h2>\n<p><strong>PONIEDZIA\u0141EK \/ 21 grudnia 2020r.<\/strong><br \/>\n6.30 \u2020 Irena Jachowicz (21 greg.)<br \/>\n18.00 \u2020 Danuta Przyborowska w 30 dpp.<br \/>\n18.00 \u2020 Roman Biszko \u2013 int. od koleg\u00f3w z firmy ElbaAB<\/p>\n<p><strong>WTOREK \/ 22 grudnia 2020r.<\/strong><br \/>\n6.30 O Bo\u017ce b\u0142og., dary Ducha \u015aw., opiek\u0119 MB Nadziei dla Ojca \u015awi\u0119tego Franciszka, ks. Wojciecha Zwolickiego i ks. Tomasza Wieczorka<br \/>\n6.30 O Bo\u017ce b\u0142og., dary Ducha \u015aw., opiek\u0119 MB Nadziei dla ca\u0142ej parafii o prawdziw\u0105 rado\u015b\u0107 w prze\u017cywaniu \u015bwi\u0105t Bo\u017cego Narodzenia<br \/>\n18.00 \u2020 Irena Jachowicz (22 greg.)<br \/>\n18.00 O wieczne szcz\u0119\u015bcie w Kr\u00f3lestwie Niebieskim dla \u015bp. Wojciecha Smoli\u0144skiego i krewnych z rodz. Trybu\u0142\u00f3w oraz zmar\u0142ych w czasie pandemii koronawirusa<\/p>\n<p><strong>\u015aRODA \/ 23 grudnia 2020r.<\/strong><br \/>\n6.30 \u2020 Weronika i Boles\u0142aw Zwoliccy<br \/>\n18.00 \u2020 Wanda B\u0105k w 30 dpp.<br \/>\n18.00 \u2020 Irena Jachowicz (23 greg.)<\/p>\n<h4><span style=\"color: #ff0000;\"><strong>CZWARTEK \/ 24 grudnia 2020r.<br \/>\n\/ Wigilia Narodzenia Pa\u0144skiego<\/strong><\/span><\/h4>\n<p>6.30 \u2020 Irena Jachowicz (24 greg.)<br \/>\n<strong><span style=\"color: #ff0000;\">21.00 Pasterka<\/span> <\/strong><br \/>\n<strong><span style=\"color: #ff0000;\">22.30 Pasterka,<\/span> <\/strong>\u2020 Jolanta w rocz. \u015bm. i zm. z rodz. Karman<br \/>\n<strong><span style=\"color: #ff0000;\">24.00 Pasterka,<\/span> <\/strong>w intencji Parafian<br \/>\n24.00 Rez.<\/p>\n<p><strong>PI\u0104TEK \/ 25 grudnia 2020r. \/ Uroczysto\u015b\u0107 Narodzenia Pa\u0144skiego<\/strong><br \/>\n9.00 \u2020 Edward i Janina<br \/>\n10.30 \u2020 Barbara Ulkowska w 14 r. \u015bm.<br \/>\n10.30 Dzi\u0119k. w 14 urodziny Amelii Kurowskiej z pro\u015bb\u0105 o opiek\u0119 MB, zdrowie i potrzebne \u0142aski<br \/>\n12.00<br \/>\n18.00 \u2020 Irena Jachowicz (25 greg.)<\/p>\n<p><strong>SOBOTA \/ 26 grudnia 2020r. \/ \u015bw. Szczepana<\/strong><br \/>\n7.00 \u2020 Irena Jachowicz (26 greg.)<br \/>\n9.00 \u2020 Jadwiga Dobejko i Jan Walko<br \/>\n10.30 Dzi\u0119k. w 25 rocz. \u015blubu Natalii i Artura Karpowicz z pro\u015bb\u0105 o Bo\u017ce b\u0142og. dla ca\u0142ej rodziny<br \/>\n12.00 Dzi\u0119k. w 65 rocz. \u015blubu Boles\u0142awy (k) i Zdzis\u0142awa Boryszewskich z pro\u015bb\u0105 o Bo\u017ce b\u0142og. i potrzebne \u0142aski dla Jubilat\u00f3w<br \/>\n18.00 \u2020 Anatol Usik w 7 miesi\u0105c po pogrzebie<\/p>\n<p><strong>NIEDZIELA \/ \u015awi\u0119to \u015awi\u0119tej Rodziny \/ 27 grudnia 2020r.<\/strong><br \/>\n7.00 \u2020 Irena Jachowicz (27 greg.)<br \/>\n9.00 \u2020 Irena W\u00f3jcik<br \/>\n10.30 \u2020 Adam Zieli\u0144ski w 6 rocz. \u015bm.<br \/>\n12.00 W intencji Parafian<br \/>\n15.00 \u2020 Barbara Ulkowska w 18 r. \u015bm.<br \/>\n18.00 \u2020 Maksymilian Szyd\u0142owski w 34 r. \u015bm. i Marta Szyd\u0142owska w 15 r. \u015bm.<\/p>\n","protected":false},"excerpt":{"rendered":"<p>\u015awi\u0119ta Bo\u017cego Narodzenia \u201eB\u00f3g jest tak pot\u0119\u017cny, \u017ce mo\u017ce sta\u0107 si\u0119 s\u0142aby i wyj\u015b\u0107 nam naprzeciw jako bezbronne dziecko, aby\u015bmy mogli Go pokocha\u0107\u201d Benedykt XVI &nbsp; Z okazji \u015awi\u0105t Narodzenia Pa\u0144skiego wszystkim Parafianom i drogim Go\u015bciom \u017cyczymy, aby \u015bwiat\u0142o Betlejemskiej Nocy rozja\u015bnia\u0142o drogi \u017cycia, ogrzewa\u0142o ciep\u0142em Bo\u017cej opieki i nios\u0142o pok\u00f3j \u015bwiatu. Niech obecno\u015b\u0107 Bo\u017cego [&hellip;]<\/p>\n","protected":false},"author":1,"featured_media":4136,"comment_status":"closed","ping_status":"closed","sticky":false,"template":"","format":"standard","meta":{"ngg_post_thumbnail":0,"footnotes":""},"categories":[11,8,4,3],"tags":[],"class_list":["post-4134","post","type-post","status-publish","format-standard","has-post-thumbnail","hentry","category-aktualnosci","category-blog","category-intencje","category-ogloszenia"],"_links":{"self":[{"href":"https:\/\/rafalk-elblag.pl\/index.php?rest_route=\/wp\/v2\/posts\/4134","targetHints":{"allow":["GET"]}}],"collection":[{"href":"https:\/\/rafalk-elblag.pl\/index.php?rest_route=\/wp\/v2\/posts"}],"about":[{"href":"https:\/\/rafalk-elblag.pl\/index.php?rest_route=\/wp\/v2\/types\/post"}],"author":[{"embeddable":true,"href":"https:\/\/rafalk-elblag.pl\/index.php?rest_route=\/wp\/v2\/users\/1"}],"replies":[{"embeddable":true,"href":"https:\/\/rafalk-elblag.pl\/index.php?rest_route=%2Fwp%2Fv2%2Fcomments&post=4134"}],"version-history":[{"count":8,"href":"https:\/\/rafalk-elblag.pl\/index.php?rest_route=\/wp\/v2\/posts\/4134\/revisions"}],"predecessor-version":[{"id":4146,"href":"https:\/\/rafalk-elblag.pl\/index.php?rest_route=\/wp\/v2\/posts\/4134\/revisions\/4146"}],"wp:featuredmedia":[{"embeddable":true,"href":"https:\/\/rafalk-elblag.pl\/index.php?rest_route=\/wp\/v2\/media\/4136"}],"wp:attachment":[{"href":"https:\/\/rafalk-elblag.pl\/index.php?rest_route=%2Fwp%2Fv2%2Fmedia&parent=4134"}],"wp:term":[{"taxonomy":"category","embeddable":true,"href":"https:\/\/rafalk-elblag.pl\/index.php?rest_route=%2Fwp%2Fv2%2Fcategories&post=4134"},{"taxonomy":"post_tag","embeddable":true,"href":"https:\/\/rafalk-elblag.pl\/index.php?rest_route=%2Fwp%2Fv2%2Ftags&post=4134"}],"curies":[{"name":"wp","href":"https:\/\/api.w.org\/{rel}","templated":true}]}}