{"id":4120,"date":"2020-12-12T15:39:37","date_gmt":"2020-12-12T15:39:37","guid":{"rendered":"http:\/\/rafalk-elblag.pl\/?p=4120"},"modified":"2020-12-12T15:47:18","modified_gmt":"2020-12-12T15:47:18","slug":"biuletyn-13-12-2020-iii-niedziela-adwentu","status":"publish","type":"post","link":"https:\/\/rafalk-elblag.pl\/?p=4120","title":{"rendered":"Biuletyn 13.12.2020, III Niedziela Adwentu"},"content":{"rendered":"<p><img decoding=\"async\" src=\"http:\/\/rafalk-elblag.pl\/wp-content\/uploads\/2020\/12\/baner-131220.jpg\"><\/p>\n<h1>O SPOWIEDZI W ADWENCIE<\/h1>\n<p><strong>Ju\u017c nied\u0142ugo usi\u0105dziemy przy wigilijnym stole. Aby prze\u017cy\u0107 Bo\u017ce Narodzenie w godny spos\u00f3b, wierni Ko\u015bcio\u0142a katolickiego przygotowuj\u0105 si\u0119 do nich m.in. poprzez spowied\u017a \u015bwi\u0119t\u0105. Czy jest ona obowi\u0105zkowa?<\/strong><\/p>\n<p>Grzech to \u201ebrud duszy\u201d. A ka\u017cdy brud trzeba usun\u0105\u0107, aby by\u0107 czystym. Grzech jest zerwaniem wi\u0119zi z Bogiem, odrzuceniem Jego mi\u0142o\u015bci. Obrazuj\u0105c to, mo\u017cna powiedzie\u0107, \u017ce grzech jest powiedzeniem Bogu: \u201eNie jeste\u015b mi potrzebny, dam sobie rad\u0119 bez Ciebie\u201d i p\u00f3j\u015bciem w swoj\u0105 stron\u0119, odwr\u00f3ciwszy si\u0119 plecami do Boga. Takim miejscem, gdzie mo\u017cemy oczy\u015bci\u0107 \u201ebrud duszy\u201d jest sakrament spowiedzi. Ewangelie opisuj\u0105 spotkania Mistrza z paralitykami, tr\u0119dowatymi czy jawnogrzesznikami.<\/p>\n<p>Biblijne uzdrowienia cia\u0142a najcz\u0119\u015bciej poprzedzone s\u0105 odpuszczeniem grzech\u00f3w. Bo ka\u017cdy grzech jest \u201epora\u017ceniem duchowym\u201d, \u201etr\u0105dem duszy\u201d. Jezus jest najlepszym Znawc\u0105 duszy i wie, \u017ce cz\u0142owiek potrzebuje mi\u0142o\u015bci, kt\u00f3ra jest \u0142askawa i cierpliwa, kt\u00f3ra nie przekre\u015bla cz\u0142owieka, ale daje mu szans\u0119. Dlatego \u015aw. Jan Maria Vianney powtarza\u0142 do swoich parafian w Ars: \u201eWybacza\u0107 nam \u2013 to Jego najwi\u0119ksza przyjemno\u015b\u0107\u201d. Wiele os\u00f3b z powodu ludzkiej nie\u015bmia\u0142o\u015bci rzadko przyst\u0119puje do spowiedzi albo wcale. Podobne uczucia towarzysz\u0105 nam, kiedy idziemy z jak\u0105\u015b dolegliwo\u015bci\u0105 do lekarza, szczeg\u00f3lnie jak\u0105\u015b wstydliw\u0105.<\/p>\n<p>Musimy o wszystkim powiedzie\u0107, niejednokrotnie ze szczeg\u00f3\u0142ami, odpowiedzie\u0107 na pytania, zwyczajnie obna\u017cy\u0107 si\u0119 przed lekarzem.<\/p>\n<p>Ale to jest warunek w\u0142a\u015bciwej diagnozy i leczenia. Czasami kuracja bywa d\u0142uga i bolesna, lekarstwa nieprzyjemne, ale jest to jedyna droga do bycia zdrowym. Do uzdrowienia wewn\u0119trznego wiedzie taka sama \u015bcie\u017cka. Jezus jest Lekarzem duszy. On d\u017awiga nasze s\u0142abo\u015bci i daje spok\u00f3j sumienia. Kap\u0142an jest tylko po\u015brednikiem i nim chce si\u0119 pos\u0142ugiwa\u0107 Chrystus, aby wlewa\u0107 \u0142ask\u0119 w serca skruszonych. \u201eSpowiednik nie jest panem, lecz s\u0142ug\u0105 Bo\u017cego przebaczenia\u201d.<\/p>\n<p>\u015aw. Faustyna zanotowa\u0142a w swoim Dzienniczku s\u0142owa, kt\u00f3re us\u0142ysza\u0142a od Mistrza o spowiedzi i spowiedniku, kt\u00f3re zapewniaj\u0105 nas, \u017ce spowiadaj\u0105c si\u0119 kap\u0142anowi, spowiadam si\u0119 samemu Chrystusowi. <strong>\u201ePrzed spowiedzi\u0105 us\u0142ysza\u0142am w duszy te s\u0142owa: C\u00f3rko Moja, powiedz mu wszystko i ods\u0142o\u0144 swoj\u0105 dusz\u0119 przed nim, jako przede Mn\u0105 to czynisz. Nie l\u0119kaj si\u0119 niczego; dla twojego uspokojenia kap\u0142ana tego stawiam mi\u0119dzy Mn\u0105 a dusz\u0105 twoj\u0105, a s\u0142owa, kt\u00f3re ci odpowie \u2013 Moimi s\u0105. Ods\u0142o\u0144 przed nim najtajniejsze rzeczy, jakie masz w duszy. Ja mu udziel\u0119 \u015bwiat\u0142a do poznania duszy twojej.\u201d<\/strong><br \/>\n&nbsp;<\/p>\n<p><img decoding=\"async\" class=\"alignleft\" src=\"http:\/\/rafalk-elblag.pl\/wp-content\/uploads\/2020\/12\/ojciec-milosierny.jpg\" width=\"280px\"><strong>Spowied\u017a, obok Eucharystii, jest sakramentem, kt\u00f3ry uspasabia nas na ostateczne spotkanie z Chrystusem na ko\u0144cu naszego \u017cycia. <\/strong>Ca\u0142e nasze \u017cycie jest ci\u0105g\u0142ym Adwentem \u2013 oczekiwaniem na t\u0119 ostatni\u0105 chwil\u0119, do kt\u00f3rej przygotowujemy si\u0119 dzie\u0144 po dniu. Adwent nie musi si\u0119 kojarzy\u0107 tylko z Roratami. Cho\u0107 udzia\u0142 w nich jest wa\u017cnym \u015bwiadectwem oczekiwania na Zbawiciela, za jego istotny wymiar uwa\u017ca si\u0119 tak\u017ce spowied\u017a. Jednak uczciwo\u015b\u0107 wymaga, by sakrament pokuty i pojednania poprzedzony by\u0142 rzetelnym rachunkiem sumienia, szczerym \u017calem za grzechy i postanowieniem poprawy, by by\u0142 prze\u017cyty na serio ze \u015bwiadomo\u015bci\u0105 zado\u015b\u0107uczynienia Bogu i bli\u017aniemu. Taka spowied\u017a nie tylko przygotowuje na przyj\u015bcie Boga, ale przede wszystkim uwra\u017cliwia na Jego obecno\u015b\u0107 i otwiera na \u015bwi\u0119to\u015b\u0107.<br \/>\n&nbsp;<br \/>\n&nbsp;<br \/>\n<img decoding=\"async\" src=\"http:\/\/rafalk-elblag.pl\/wp-content\/uploads\/2020\/04\/baner-ogloszenia-parafialne.jpg\"><\/p>\n<h2>Og\u0142oszenia parafialne 13.12.2020r<br \/>\nIII Niedziela Adwentu<\/h2>\n<p><strong>1. PROSIMY O ZAMYKANIE DRZWI PRZY WCHODZENIU I WYCHODZENIU Z KO\u015aCIO\u0141A PONIEWA\u017b KO\u015aCI\u00d3\u0141 JEST OGRZEWANY. DZI\u0118KUJEMY.<\/strong><\/p>\n<p><strong>2.<\/strong> Wszystkich parafian doros\u0142ych zapraszamy na MSZE \u015aW. RORATNIE ku czci Matki Bo\u017cej o godz. 6:30, natomiast m\u0142odzie\u017c wraz z kandydatami do Sakramentu Bierzmowania w \u015brody o godz. 19:00. Dla dzieci Msze RORATNIE w poniedzia\u0142ki i czwartki o godz. 18:00. <strong>Prosimy, by dzieci przychodzi\u0142y z opiekunami i przynosi\u0142y z sob\u0105 LAMPIONY.<\/strong><\/p>\n<p><strong>3.<\/strong> Mamy jeszcze mo\u017cliwo\u015b\u0107 nabycia \u015bwiecy na st\u00f3\u0142 wigilijny w ramach og\u00f3lnopolskiej akcji \u201eWigilijne Dzie\u0142o Pomocy Dzieciom\u201d w cenie: 6 z\u0142. i 20 z\u0142. Nabywaj\u0105c \u015bwiece okazujesz serce tym, kt\u00f3rzy licz\u0105 na Tw\u0105 dobro\u0107. Je\u015bli kto\u015b nie ma jeszcze po\u015bwi\u0119conego op\u0142atka na st\u00f3\u0142 wigilijny, mo\u017ce go naby\u0107 przed ko\u015bcio\u0142em.<\/p>\n<p><strong>4. Spotkania dla rodzic\u00f3w dzieci klas III przygotowuj\u0105cych si\u0119 do I KOMUNII \u015aWI\u0118TEJ<\/strong> odb\u0119d\u0105 si\u0119 w tym tygodniu o godz. 19:00 w ko\u015bciele wed\u0142ug ustalonego porz\u0105dku:<\/p>\n<ul>\n<li>w poniedzia\u0142ek (14 grudnia) rodzice klas III A i III B<\/li>\n<li>we wtorek (15 grudnia) rodzice klas III C i III D i spoza parafii. Serdecznie zapraszamy na nasze comiesi\u0119czne spotkanie.<\/li>\n<\/ul>\n<p><strong>5.<\/strong> W \u015brod\u0119 (16 grudnia) o godz. 18:00 Msza \u015bw. i spotkanie formacyjno &#8211; modlitewne dla Rodziny Karmelita\u0144skiej i Bractwa Szkaplerznego. Zapraszamy.<\/p>\n<p><strong>6.<\/strong> Osoby pragn\u0105ce pom\u00f3c przy Szopce i dekoracji Ko\u015bcio\u0142a zapraszamy w sobot\u0119 tj. 19 grudnia br. na godz. 11:00. Pro\u015bba, aby w\u015br\u00f3d ch\u0119tnych nie zabrak\u0142o m\u0119\u017cczyzn.<\/p>\n<p><strong>7.<\/strong> W zwi\u0105zku z tym, \u017ce nie b\u0119dzie REKOLEKCJI ADWENTOWYCH nie mo\u017cemy liczy\u0107 na pomoc spowiednik\u00f3w z innych parafii. Ksi\u0119\u017ca naszej parafii b\u0119d\u0105 pe\u0142ni\u0107 pos\u0142ug\u0119 SAKRAMENTU POKUTY jak do tej pory: rano o godz. 6:30 i przed Msz\u0105 \u015bw. wieczorn\u0105 od godz. 17:30. Przed samymi \u015bwi\u0119tami, aby unikn\u0105\u0107 wi\u0119kszych \u201ekolejek\u201d i zgromadze\u0144 przy konfesjonale, b\u0119dzie dodatkowa mo\u017cliwo\u015b\u0107 spowiedzi, poza Mszami o czym poinformujemy w najbli\u017cszym czasie. Prosimy o wyrozumia\u0142o\u015b\u0107 i nieodk\u0142adanie spowiedzi na \u201eostatni\u0105 chwil\u0119\u201d.<\/p>\n<p><strong>8.<\/strong> Przypominamy, \u017ce najpi\u0119kniejsz\u0105 modlitw\u0105 Ko\u015bcio\u0142a jest Msza \u015awi\u0119ta, kt\u00f3r\u0105 mo\u017cna zamawia\u0107 za \u017cywych i umar\u0142ych lub ofiarowa\u0107 jako wspania\u0142y chrze\u015bcija\u0144ski prezent z okazji rocznicy \u015blubu, chrztu, urodzin i imienin, prosz\u0105c o \u0142aski lub za nie dzi\u0119kuj\u0105c. Mo\u017cna zamawia\u0107 i rezerwowa\u0107 Msze \u015awi\u0119te na rok 2021.<\/p>\n<p><strong>9.<\/strong> Wszystkim Jubilatom i Solenizantom tego tygodnia \u017cyczymy wielu \u0142ask Bo\u017cych i opieki Matki Bo\u017cej Szkaplerznej.<\/p>\n<p><strong>10.<\/strong> Zach\u0119camy do nabycia aktualnego numeru \u201eGo\u015bcia Niedzielnego\u201d w cenie 6 z\u0142. z dodatkiem \u201eGo\u015bcia Elbl\u0105skiego\u201d a nim wydarzenia z diecezji.<\/p>\n<p><strong>11.<\/strong> Pan powo\u0142a\u0142 do wieczno\u015bci: \u015bp. Mari\u0119 Anikiej lat 66 z ul. Tuwima<\/p>\n<p><strong>\u2020 \u015bp. Romana W\u0105sowskiego<\/strong> lat 79 z ul. K\u0142oczowskiego<br \/>\n<strong>\u2020 \u015bp. Henryka Zdanowskiego<\/strong> lat 85 z ul. Korczaka<br \/>\n<strong>\u2020 \u015bp. J\u00f3zef\u0119(k) Doro\u015b<\/strong> lat 71 z ul. Sobieskiego<br \/>\n<strong>\u2020 \u015bp. Witolda Gawa\u0142kiewicza<\/strong> lat 80 z ul. M\u0105cznej<\/p>\n<p>Wieczny odpoczynek racz im da\u0107 Panie! A \u015bwiat\u0142o\u015b\u0107 wiekuista niechaj im \u015bwieci.<\/p>\n<p>&nbsp;<\/p>\n<p><img decoding=\"async\" src=\"http:\/\/rafalk-elblag.pl\/wp-content\/uploads\/2020\/04\/baner-intencje-mszy.jpg\"><\/p>\n<h2>Intencje mszalne 13.12.2020r<br \/>\nIII Niedziela Adwentu<\/h2>\n<p><strong> PONIEDZIA\u0141EK \/ 14 grudnia 2020r. \/ \u015bw. Jana od Krzy\u017ca<\/strong><br \/>\n6.30 \u2020 Irena Jachowicz (14 greg.)<br \/>\n18.00 O szybki powr\u00f3t do zdrowia dla brata Mariana \u2013 int. od brata Edmunda z rodzin\u0105<br \/>\n18.00 \u2020 W\u0142odzimierz Kowalski w 30 dpp.<\/p>\n<p><strong>WTOREK \/ 15 grudnia 2020r.<\/strong><br \/>\n6.30 \u2020 Piotr Lietz<br \/>\n18.00 \u2020 Irena Jachowicz (15 greg.)<br \/>\n18.00 \u2020 Wies\u0142awa (k) i J\u00f3zef Dawczak<\/p>\n<p><strong>\u015aRODA \/ 16 grudnia 2020r.<\/strong><br \/>\n6.30 \u2020 Irena Jachowicz (16 greg.)<br \/>\n18.00 \u2020 Roman \u017belazny w 8 r. \u015bm. i zm. z rodz. \u017belaznych i Michalskich<br \/>\n18.00 W intencji Bractwa Szkaplerznego i os\u00f3b, kt\u00f3re przyjm\u0105 Szkaplerz<\/p>\n<p><strong>CZWARTEK \/ 17 grudnia 2020r.<\/strong><br \/>\n6.30 O wiar\u0119, nadziej\u0119 i mi\u0142o\u015b\u0107 dla Zbigniewa Jackiewicza, \u017cony Wiesi i dzieci z rodz.<br \/>\n18.00 \u2020 Irena Jachowicz (17 greg.)<br \/>\n18.00 \u2020 J\u00f3zef Sacha w 30 r. \u015bm. i Michalina Sacha<\/p>\n<p><strong>PI\u0104TEK \/ 18 grudnia 2020r.<\/strong><br \/>\n6.30 O wiar\u0119, nadziej\u0119 i mi\u0142o\u015b\u0107 dla Zbigniewa Jackiewicza, \u017cony Wiesi i dzieci z rodzinami<br \/>\n18.00 \u2020 Irena Jachowicz (18 greg.)<br \/>\n18.00 \u2020 Stanis\u0142awa (k), Piotr i Stefan Klecha<\/p>\n<p><strong>SOBOTA \/ 19 grudnia 2020r.<\/strong><br \/>\n6.30 \u2020 Irena Jachowicz (19 greg.)<br \/>\n18.00 \u2020 Tadeusz Januszewski w 30 dpp.<br \/>\n18.00 \u2020 Roman Biszko w 30 dpp.<\/p>\n<p><strong>IV Niedziela Adwentu \/ 20 grudnia 2020r.<\/strong><br \/>\n7.00 \u2020 Irena Jachowicz (20 greg.)<br \/>\n9.00 \u2020 Adam Zasada w 33 r.\u015bm. El\u017cbieta Piwnikiewicz i Tomasz Piwnikiewicz w 6 r. \u015bm.<br \/>\n9.00 \u2020 Wanda Jab\u0142o\u0144ska w 30 dpp.<br \/>\n10.30 Dzi\u0119k. w 86 urodziny W\u0142adys\u0142awy Zdrojewskiej z pro\u015bb\u0105 o Bo\u017ce b\u0142og. i potrzebne \u0142aski<br \/>\n12.00 W intencji Parafian<br \/>\n15.00 \u2020 Barbara Du\u017cy\u0144ska<br \/>\n18.00 \u2020 Ewa i Piotr Ciesielscy, Jadwiga i Zdzis\u0142aw Bujanowscy<\/p>\n","protected":false},"excerpt":{"rendered":"<p>O SPOWIEDZI W ADWENCIE Ju\u017c nied\u0142ugo usi\u0105dziemy przy wigilijnym stole. Aby prze\u017cy\u0107 Bo\u017ce Narodzenie w godny spos\u00f3b, wierni Ko\u015bcio\u0142a katolickiego przygotowuj\u0105 si\u0119 do nich m.in. poprzez spowied\u017a \u015bwi\u0119t\u0105. Czy jest ona obowi\u0105zkowa? Grzech to \u201ebrud duszy\u201d. A ka\u017cdy brud trzeba usun\u0105\u0107, aby by\u0107 czystym. Grzech jest zerwaniem wi\u0119zi z Bogiem, odrzuceniem Jego mi\u0142o\u015bci. Obrazuj\u0105c to, [&hellip;]<\/p>\n","protected":false},"author":1,"featured_media":4122,"comment_status":"closed","ping_status":"closed","sticky":false,"template":"","format":"standard","meta":{"ngg_post_thumbnail":0,"footnotes":""},"categories":[11,8,4,3],"tags":[],"class_list":["post-4120","post","type-post","status-publish","format-standard","has-post-thumbnail","hentry","category-aktualnosci","category-blog","category-intencje","category-ogloszenia"],"_links":{"self":[{"href":"https:\/\/rafalk-elblag.pl\/index.php?rest_route=\/wp\/v2\/posts\/4120","targetHints":{"allow":["GET"]}}],"collection":[{"href":"https:\/\/rafalk-elblag.pl\/index.php?rest_route=\/wp\/v2\/posts"}],"about":[{"href":"https:\/\/rafalk-elblag.pl\/index.php?rest_route=\/wp\/v2\/types\/post"}],"author":[{"embeddable":true,"href":"https:\/\/rafalk-elblag.pl\/index.php?rest_route=\/wp\/v2\/users\/1"}],"replies":[{"embeddable":true,"href":"https:\/\/rafalk-elblag.pl\/index.php?rest_route=%2Fwp%2Fv2%2Fcomments&post=4120"}],"version-history":[{"count":11,"href":"https:\/\/rafalk-elblag.pl\/index.php?rest_route=\/wp\/v2\/posts\/4120\/revisions"}],"predecessor-version":[{"id":4138,"href":"https:\/\/rafalk-elblag.pl\/index.php?rest_route=\/wp\/v2\/posts\/4120\/revisions\/4138"}],"wp:featuredmedia":[{"embeddable":true,"href":"https:\/\/rafalk-elblag.pl\/index.php?rest_route=\/wp\/v2\/media\/4122"}],"wp:attachment":[{"href":"https:\/\/rafalk-elblag.pl\/index.php?rest_route=%2Fwp%2Fv2%2Fmedia&parent=4120"}],"wp:term":[{"taxonomy":"category","embeddable":true,"href":"https:\/\/rafalk-elblag.pl\/index.php?rest_route=%2Fwp%2Fv2%2Fcategories&post=4120"},{"taxonomy":"post_tag","embeddable":true,"href":"https:\/\/rafalk-elblag.pl\/index.php?rest_route=%2Fwp%2Fv2%2Ftags&post=4120"}],"curies":[{"name":"wp","href":"https:\/\/api.w.org\/{rel}","templated":true}]}}