{"id":4114,"date":"2020-12-05T23:32:10","date_gmt":"2020-12-05T23:32:10","guid":{"rendered":"http:\/\/rafalk-elblag.pl\/?p=4114"},"modified":"2020-12-05T23:32:10","modified_gmt":"2020-12-05T23:32:10","slug":"biuletyn-06-12-2020-ii-niedziela-adwentu","status":"publish","type":"post","link":"https:\/\/rafalk-elblag.pl\/?p=4114","title":{"rendered":"Biuletyn 06.12.2020, II Niedziela Adwentu"},"content":{"rendered":"<p><img decoding=\"async\" src=\"http:\/\/rafalk-elblag.pl\/wp-content\/uploads\/2020\/12\/baner-061220.jpg\"><\/p>\n<h1>RORATY \u2013 CZYLI CZEKANIE<\/h1>\n<p><strong>Ka\u017cdy, kto ceni sobie Bo\u017ce Narodzenie b\u0119dzie chcia\u0142 je dobrze przygotowa\u0107. Nie tylko choink\u0119, prezenty, posi\u0142ki i wszystko, co zewn\u0119trzne. Trzeba przede wszystkim przygotowa\u0107 samego siebie. <\/strong><\/p>\n<p><strong>A podczas bezpo\u015brednich przygotowa\u0144, kiedy z najbli\u017cszymi bywamy razem d\u0142u\u017cej ni\u017c kiedykolwiek, prawdziwym wyzwaniem staje si\u0119 nie pok\u0142\u00f3ci\u0107 przy okazji \u015awi\u0105t. Tak wa\u017cne jest wi\u0119c wyciszenie w Adwencie, przemy\u015blenie, chwila na zatrzymanie w biegu codziennych spraw \u2013 mo\u017ce przez udzia\u0142 w rekolekcjach albo poranne Roraty kt\u00f3rego\u015b dnia\u2026<\/strong><\/p>\n<p>No w\u0142a\u015bnie, Roraty&#8230; Trzeba zmobilizowa\u0107 si\u0119, by wsta\u0107, wyj\u015b\u0107 z ciep\u0142ego domu i to znacznie wcze\u015bniej ni\u017c zwykle. Za oknem jeszcze ciemno, noc ci\u0105gle, a tu zimno i kawa\u0142ek drogi przed nami&#8230;.Sens tych porannych wypraw docenimy kilka tygodni p\u00f3\u017aniej, gdy zapadnie wigilijny zmrok. Gdy zaczn\u0105 si\u0119 \u015awi\u0119ta. Bo prze\u017cyjemy je inaczej, je\u015bli podejmiemy wcze\u015bniej ten roratni obowi\u0105zek. Wielu z nas nie wyobra\u017ca sobie przecie\u017c Adwentu bez Rorat.<\/p>\n<p>Roraty to Msza \u015bw. odprawiana ku czci Maryi, kt\u00f3r\u0105 symbolizuje postawiona w pobli\u017cu o\u0142tarza bia\u0142a \u015bwieca z niebiesk\u0105 wst\u0105\u017ck\u0105. Nazwa Mszy \u015bw. roratniej pochodzi od \u0142aci\u0144skich s\u0142\u00f3w \u201eRorate c\u00e6li desuper\u201d (\u201eSpu\u015b\u0107cie ros\u0119 niebiosa\u201d). Roraty odprawiane s\u0105 przez ca\u0142y Adwent w dniach powszednich.<\/p>\n<p><strong>Dlaczego o \u015bwicie? Tak wczesna pora ma \u015bwiadczy\u0107 o naszym nieustannym czuwaniu, by nie przegapi\u0107 momentu przyj\u015bcia na \u015bwiat Bo\u017cego Dzieci\u0105tka.<\/strong><\/p>\n<p>W dawnej Polsce panowa\u0142o przekonanie, \u017ce w Adwencie ziemia zapada w sen i nie nale\u017cy jej budzi\u0107. \u0179le widziano jak\u0105kolwiek prac\u0119 w polu czy ogrodzie. Nawet je\u015bli aura sprzyja\u0142a nie wypada\u0142o \u201erobi\u0107 w polu\u201d. W tym czasie zajmowano si\u0119 pracami w obej\u015bciu, przygotowywano ozdoby choinkowe, kt\u00f3re przecie\u017c robi\u0142o si\u0119 r\u0119cznie z kolorowej bibu\u0142ki, s\u0142omy, jajecznych wydmuszek. Powoli, tak jak ca\u0142a przyroda, ludzie te\u017c wyciszali si\u0119, uspokajali, przygotowania do \u015awi\u0105t nabiera\u0142y g\u0142\u0119bokiego, duchowego wymiaru.<\/p>\n<p>Msze \u015bw. roratnie by\u0142y tych przygotowa\u0144 kwintesencj\u0105. Sz\u0142o si\u0119 cz\u0119sto w \u015bniegu po pas, z lampkami, kt\u00f3re o\u015bwietla\u0142y drog\u0119, a bywa\u0142o, \u017ce i broni\u0142y przed wilkami, kt\u00f3re w mro\u017ane zimy podchodzi\u0142y watahami blisko ludzkich siedzib. Sz\u0142y ca\u0142e wsie. Roraty by\u0142y cz\u0119\u015bci\u0105 \u00f3wczesnej codzienno\u015bci, kultury i obyczaju. A dzi\u015b?<\/p>\n<p>W dzisiejszym zabieganym \u015bwiecie, w kt\u00f3rym ludzie narzekaj\u0105 na nieustanny brak czasu, \u0142atwo zapomnie\u0107 o tym, co najwa\u017cniejsze. A przecie\u017c ka\u017cdy z nas wie, \u017ce jaki Adwent takie \u015awi\u0119ta. Je\u015bli czas przygotowa\u0144 skr\u00f3cimy sobie jedynie do gor\u0105czkowych zakup\u00f3w i wielkiego sprz\u0105tania domu, to ze \u015awi\u0105t pozostanie nam jedynie siedzenie przy stole. Czyli w praktyce po \u015awi\u0119tach zostanie jedynie rozczarowanie i niestrawno\u015b\u0107.<\/p>\n<p>Wi\u0119kszo\u015b\u0107 z nas, pracuj\u0105c od rana ma k\u0142opot z wygospodarowaniem czasu, by p\u00f3j\u015b\u0107 na poranne Roraty. St\u0105d cz\u0119\u015b\u0107 parafii, idzie parafianom \u201ena r\u0119k\u0119\u201d i u\u0142atwia nam \u017cycie, odprawiaj\u0105c popo\u0142udniowe czy wieczorne Msze \u015bw. i nazywaj\u0105c je roratnimi. Tak te\u017c jest w tym roku r\u00f3wnie\u017c w naszej parafii &#8211; dla dzieci i m\u0142odzie\u017cy.<\/p>\n<p>&nbsp;<br \/>\n<img decoding=\"async\" src=\"http:\/\/rafalk-elblag.pl\/wp-content\/uploads\/2020\/04\/baner-ogloszenia-parafialne.jpg\"><\/p>\n<h2>Og\u0142oszenia parafialne 06.12.2020r<br \/>\nII Niedziela Adwentu<\/h2>\n<p><strong>1.<\/strong> Zapraszamy dzi\u015b na Adoracj\u0119 Naj\u015bwi\u0119tszego Sakramentu od godz. 16:00. Wykorzystaj ten czas ADWENTU i znajd\u017a chwil\u0119 na ADORACJ\u0118.<\/p>\n<p><strong>2.<\/strong> Dzisiejsza taca przeznaczona jest na potrzeby inwestycyjne naszej parafii. B\u00f3g zap\u0142a\u0107 za z\u0142o\u017cone ofiary. PROSIMY O ZAMYKANIE DRZWI PRZY WCHODZENIU I WYCHODZENIU Z KO\u015aCIO\u0141A PONIEWA\u017b KO\u015aCI\u00d3\u0141 JEST OGRZEWANY. DZI\u0118KUJEMY.<\/p>\n<p><strong>3.<\/strong> W ramach og\u00f3lnopolskiej akcji \u201eWigilijne Dzie\u0142o Pomocy Dzieciom\u201d Wolontariusze Caritas rozprowadzaj\u0105 \u015bwiece na st\u00f3\u0142 wigilijny w cenie: 6 z\u0142 ma\u0142e \u015bwiece i 20 z\u0142 du\u017ce \u015bwiece. Mamy tez mo\u017cliwo\u015b\u0107 nabycia za dobrowoln\u0105 ofiar\u0119 po\u015bwi\u0119conego op\u0142atka na st\u00f3\u0142 wigilijny przed Ko\u015bcio\u0142em.<\/p>\n<p><strong>4.<\/strong> Zapraszamy w ADWENCIE na wsp\u00f3lne \u015bpiewanie GODZINEK KU CZCI NIEPOKALANEGO POCZ\u0118CIA NMP w niedziel\u0119 o godz. 8:40.<\/p>\n<p><strong>5.<\/strong> <strong>Wszystkich parafian doros\u0142ych zapraszamy na MSZE \u015aW. RORATNIE ku czci Matki Bo\u017cej o godz. 6:30, natomiast m\u0142odzie\u017c wraz z kandydatami do Sakramentu Bierzmowania w \u015brody o godz. 19:00. Dla dzieci Msze Roratnie sprawowane s\u0105 w poniedzia\u0142ki i czwartki o godz. 18:00. Prosimy, by dzieci przychodzi\u0142y z opiekunami i przynosi\u0142y z sob\u0105 LAMPIONY.<\/strong><\/p>\n<p><strong>6.<\/strong> We wtorek 8 grudnia obchodzimy Uroczysto\u015b\u0107 Niepokalanego Pocz\u0119cia NMP. Dzie\u0144 ten jest \u015bwi\u0119tem patronalnym Ruchu \u015awiat\u0142o-\u017bycie, a w nim ga\u0142\u0119zi Domowego Ko\u015bcio\u0142a. Tego dnia zapraszamy o godz. 17:30 na wsp\u00f3lny \u015bpiew GODZINEK KU CZCI NIEPOKALANEGO POCZ\u0118CIA NMP w intencji dzi\u0119kczynnej za dar \u015aWI\u0118TEGO JANA PAW\u0141A II, kt\u00f3ry zawierzy\u0142 ca\u0142y \u015bwiat NIEPOKALANEJ.<\/p>\n<p><strong>7<\/strong>. Drodzy Parafianie \u2013 w zwi\u0105zku z zagro\u017ceniami i obostrzeniami, jakie niesie ze sob\u0105 trwaj\u0105ca epidemia, decyzj\u0105 Biskupa Elbl\u0105skiego (z dn. 21.11.2020 r.) we wszystkich parafiach naszej diecezji zostaj\u0105 odwo\u0142ane Rekolekcje Adwentowe. Gor\u0105co zach\u0119camy do ogl\u0105dania \/ s\u0142uchania rekolekcji, kt\u00f3re na pewno b\u0119d\u0105 transmitowane w telewizji i w radiu. <strong>Warto mo\u017ce te\u017c pomy\u015ble\u0107 nad osobist\u0105 lektur\u0105 duchow\u0105 na Adwent, aby dobrze prze\u017cy\u0107 ten czas i przygotowa\u0107 si\u0119 do \u015aWI\u0104T BO\u017bEGO NARODZENIA.<\/strong><\/p>\n<p><strong>8.<\/strong> W zwi\u0105zku z tym, \u017ce nie b\u0119dzie REKOLEKCJI ADWENTOWYCH nie mo\u017cemy liczy\u0107 na pomoc spowiednik\u00f3w z innych parafii. Ksi\u0119\u017ca naszej parafii b\u0119d\u0105 pe\u0142ni\u0107 pos\u0142ug\u0119 SAKRAMENTU POKUTY jak do tej pory: rano o godz. 6:30 i przed Msz\u0105 \u015bw. wieczorn\u0105 od godz. 17:30. Przed samymi \u015bwi\u0119tami, aby unikn\u0105\u0107 wi\u0119kszych \u201ekolejek\u201d i zgromadze\u0144 przy konfesjonale, b\u0119dzie dodatkowa mo\u017cliwo\u015b\u0107 spowiedzi, poza Mszami o czym poinformujemy w najbli\u017cszym czasie. Prosimy o wyrozumia\u0142o\u015b\u0107 i nieodk\u0142adanie spowiedzi na \u201eostatni\u0105 chwil\u0119\u201d.<\/p>\n<p><strong>9.<\/strong> Wszystkim Jubilatom i Solenizantom tego tygodnia \u017cyczymy wielu \u0142ask Bo\u017cych i opieki Matki Bo\u017cej Szkaplerznej.<\/p>\n<p><strong>10.<\/strong> Zach\u0119camy do nabycia aktualnego numeru \u201eGo\u015bcia Niedzielnego\u201d w cenie 6 z\u0142. z dodatkiem \u201eGo\u015bcia Elbl\u0105skiego\u201d a nim wydarzenia z diecezji.<\/p>\n<p><strong>11.<\/strong> Pan powo\u0142a\u0142 do wieczno\u015bci: \u015bp. Mari\u0119 Sztychmiler lat 94 z ul. K\u0142oczowskiego<\/p>\n<p><strong>\u2020 \u015bp. Kazimierza Kozaczuka<\/strong> lat 74 z ul. Leszczy\u0144skiego<br \/>\n<strong>\u2020 \u015bp. Mariana Kwietniewskiego<\/strong> lat 69 z ul. Korczaka<\/p>\n<p>Wieczny odpoczynek racz im da\u0107 Panie! A \u015bwiat\u0142o\u015b\u0107 wiekuista niechaj im \u015bwieci.<\/p>\n<p>&nbsp;<\/p>\n<p><img decoding=\"async\" src=\"http:\/\/rafalk-elblag.pl\/wp-content\/uploads\/2020\/04\/baner-intencje-mszy.jpg\"><\/p>\n<h2>Intencje mszalne 06.12.2020r<br \/>\nII Niedziela Adwentu<\/h2>\n<p><strong>PONIEDZIA\u0141EK \/ 7 grudnia 2020r. \/ \u015bw. Ambro\u017cego<\/strong><br \/>\n6.30 \u2020 Irena Jachowicz (7 greg.)<br \/>\n18.00 \u2020 Lucjan Kachnowicz w 5 r. \u015bm., Barbara i zm. z rodz. Bajson, Jasi\u0144skich i Kachnowicz<br \/>\n18.00 \u2020 Bernard Kurkowski w 30 dpp.<\/p>\n<p><strong>WTOREK \/ 8 grudnia 2020r. \/ Niepokalanego Pocz\u0119cia NMP<\/strong><br \/>\n6.30 \u2020 Irena Jachowicz (8 greg.)<br \/>\n6.30 \u2020 Maria Za\u0142\u0119ska<br \/>\n18.00 Dzi\u0119k. za dar przyja\u017ani, darczy\u0144c\u00f3w oraz za otwarto\u015b\u0107 serca ludzi, kt\u00f3rych spotka\u0142am na swojej drodze<br \/>\n18.00 \u2020 Marianna M\u0142ynarska, J\u00f3zef, Zbigniew, S\u0142awomir i Anna Nadolska<\/p>\n<p><strong>\u015aRODA \/ 9 grudnia 2020r.<\/strong><br \/>\n6.30 \u2020 Monika i Jan Ostrowscy, Barbara Skorupska<br \/>\n18.00 \u2020 \u2020 Irena Jachowicz (9 greg.)<br \/>\n18.00 \u2020 Stanis\u0142awa (k) i Stanis\u0142aw Klonkowscy<\/p>\n<p><strong>CZWARTEK \/ 10 grudnia 2020r.<\/strong><br \/>\n6.30 \u2020 Irena Jachowicz (10 greg.)<br \/>\n18.00 \u2020 Adela Demska w 2 r. \u015bm.<br \/>\n18.00 \u2020 Micha\u0142 Jakubiak w 6 r. \u015bm.<\/p>\n<p><strong>PI\u0104TEK \/ 11 grudnia 2020r.<\/strong><br \/>\n6.30 O wiar\u0119, nadziej\u0119 i mi\u0142o\u015b\u0107 dla Zbigniewa Jackiewicza, \u017cony Wiesi i dzieci z rodzinami<br \/>\n18.00 \u2020 Irena Jachowicz (11 greg.)<br \/>\n18.00 \u2020 Zmarli z rodz. Mendalka<\/p>\n<p><strong>SOBOTA \/ 12 grudnia 2020r. \/ NMP z Guadalupe<\/strong><br \/>\n6.30 \u2020 Irena Jachowicz (12 greg.)<br \/>\n18.00 \u2020 Stefania w 8 r. \u015bm., Jerzy i Krzysztof<br \/>\n18.00 \u2020 Marek Malinowski w 30 dpp.<\/p>\n<p><strong>II Niedziela Adwentu \/ 13 grudnia 2020r.<\/strong><br \/>\n7.00 \u2020 Irena Jachowicz (13 greg.)<br \/>\n9.00 O Bo\u017ce b\u0142og. i si\u0142\u0119 w pokonywaniu trudno\u015bci dla Nikodema i jego rodziny, Agnieszki i ca\u0142ej rodziny zakonnej oraz dla Magdaleny i Macieja<br \/>\n9.00 Dziek. W 8 urodziny Tatiany Caban z pro\u015bb\u0105 o Bo\u017ce b\u0142og. i opiek\u0119 MB na ka\u017cdy dzie\u0144<br \/>\n10.30 O Bo\u017ce b\u0142og., opiek\u0119 MB Szkaplerznej i dary Ducha \u015aw. dla Sylwii Szczepanik z ok. urodzin<br \/>\n12.00 W intencji Parafian<br \/>\n15.00 Rez.<br \/>\n18.00 \u2020 Waldemar Malinowski w 4 r. \u015bm. i zm. z rodz. Malinowskich i Mo\u0142b\u00f3w<\/p>\n","protected":false},"excerpt":{"rendered":"<p>RORATY \u2013 CZYLI CZEKANIE Ka\u017cdy, kto ceni sobie Bo\u017ce Narodzenie b\u0119dzie chcia\u0142 je dobrze przygotowa\u0107. Nie tylko choink\u0119, prezenty, posi\u0142ki i wszystko, co zewn\u0119trzne. Trzeba przede wszystkim przygotowa\u0107 samego siebie. A podczas bezpo\u015brednich przygotowa\u0144, kiedy z najbli\u017cszymi bywamy razem d\u0142u\u017cej ni\u017c kiedykolwiek, prawdziwym wyzwaniem staje si\u0119 nie pok\u0142\u00f3ci\u0107 przy okazji \u015awi\u0105t. Tak wa\u017cne jest wi\u0119c [&hellip;]<\/p>\n","protected":false},"author":1,"featured_media":4116,"comment_status":"closed","ping_status":"closed","sticky":false,"template":"","format":"standard","meta":{"ngg_post_thumbnail":0,"footnotes":""},"categories":[11,8,4,3],"tags":[],"class_list":["post-4114","post","type-post","status-publish","format-standard","has-post-thumbnail","hentry","category-aktualnosci","category-blog","category-intencje","category-ogloszenia"],"_links":{"self":[{"href":"https:\/\/rafalk-elblag.pl\/index.php?rest_route=\/wp\/v2\/posts\/4114","targetHints":{"allow":["GET"]}}],"collection":[{"href":"https:\/\/rafalk-elblag.pl\/index.php?rest_route=\/wp\/v2\/posts"}],"about":[{"href":"https:\/\/rafalk-elblag.pl\/index.php?rest_route=\/wp\/v2\/types\/post"}],"author":[{"embeddable":true,"href":"https:\/\/rafalk-elblag.pl\/index.php?rest_route=\/wp\/v2\/users\/1"}],"replies":[{"embeddable":true,"href":"https:\/\/rafalk-elblag.pl\/index.php?rest_route=%2Fwp%2Fv2%2Fcomments&post=4114"}],"version-history":[{"count":1,"href":"https:\/\/rafalk-elblag.pl\/index.php?rest_route=\/wp\/v2\/posts\/4114\/revisions"}],"predecessor-version":[{"id":4117,"href":"https:\/\/rafalk-elblag.pl\/index.php?rest_route=\/wp\/v2\/posts\/4114\/revisions\/4117"}],"wp:featuredmedia":[{"embeddable":true,"href":"https:\/\/rafalk-elblag.pl\/index.php?rest_route=\/wp\/v2\/media\/4116"}],"wp:attachment":[{"href":"https:\/\/rafalk-elblag.pl\/index.php?rest_route=%2Fwp%2Fv2%2Fmedia&parent=4114"}],"wp:term":[{"taxonomy":"category","embeddable":true,"href":"https:\/\/rafalk-elblag.pl\/index.php?rest_route=%2Fwp%2Fv2%2Fcategories&post=4114"},{"taxonomy":"post_tag","embeddable":true,"href":"https:\/\/rafalk-elblag.pl\/index.php?rest_route=%2Fwp%2Fv2%2Ftags&post=4114"}],"curies":[{"name":"wp","href":"https:\/\/api.w.org\/{rel}","templated":true}]}}