{"id":4107,"date":"2020-11-29T11:14:10","date_gmt":"2020-11-29T11:14:10","guid":{"rendered":"http:\/\/rafalk-elblag.pl\/?p=4107"},"modified":"2020-11-29T11:14:43","modified_gmt":"2020-11-29T11:14:43","slug":"biuletyn-22-11-2020-uroczystosc-jezusa-chrystusa-krola-wszechswiata","status":"publish","type":"post","link":"https:\/\/rafalk-elblag.pl\/?p=4107","title":{"rendered":"Biuletyn 29.11.2020, I Niedziela Adwentu"},"content":{"rendered":"<p><img decoding=\"async\" src=\"http:\/\/rafalk-elblag.pl\/wp-content\/uploads\/2020\/11\/baner-291120.jpg\"><\/p>\n<h1>O ZNACZENIU ADWENTU<\/h1>\n<p><strong>Jak jest dzisiaj? Jakie znaczenie ma Adwent dla \u017cycia duchowego chrze\u015bcijanina prze\u0142omu wiek\u00f3w i tysi\u0105cleci? Jakie znaczenie ma to adwentowe oczekiwanie dla \u017cycia duchowego chrze\u015bcijanina?<\/strong><\/p>\n<p>Czas Adwentu jest wyj\u0105tkow\u0105 okazj\u0105 do przebudzenia duchowego chrze\u015bcijanina. To jest dogodny czas do nazwania w sobie pewnych t\u0119sknot za Jezusem Chrystusem, kt\u00f3re mog\u0142y zosta\u0107 zag\u0142uszone przez sprawy codzienne. Jest to r\u00f3wnie\u017c szansa, aby spojrze\u0107 na siebie przez pryzmat swojego serca, czyli tego, co w nas najg\u0142\u0119bsze, a czego tak cz\u0119sto nie chcemy uwzgl\u0119dnia\u0107. Ale to tak\u017ce dobra chwila, aby zapyta\u0107: czy nie przypisa\u0142em sobie samemu monopolu na pojmowanie \u017cycia, rozumienie Ko\u015bcio\u0142a, a nawet samego Jezusa Chrystusa?<\/p>\n<p><strong>Jakie zadania mogliby\u015bmy postawi\u0107 sobie na czas Adwentu?<\/strong><\/p>\n<p>Jest to swoiste zmaganie si\u0119 z czasem. I mo\u017cna tutaj postawi\u0107 przed sob\u0105 takie zadania, kt\u00f3re odnosi\u0142yby si\u0119 do czasu. Dobrze jest w tym okresie dokona\u0107 oceny wykorzystania czasu ko\u0144cz\u0105cego si\u0119 roku kalendarzowego. Jaki to by\u0142 czas? Co dokona\u0142o si\u0119 w mijaj\u0105cym roku? Czy trudny czas pandemii zmieni\u0142 co\u015b w moim \u017cyciu? Warto zaplanowa\u0107 sobie czas na rok najbli\u017cszy, je\u015bli b\u0119dzie nam dany. <strong>W planowaniu czasu ka\u017cdy powinien uwzgl\u0119dni\u0107 swoj\u0105 sytuacj\u0119 \u017cyciow\u0105, aby to planowanie odpowiednio roz\u0142o\u017cy\u0107, z r\u00f3\u017cnymi akcentami, aby zatroszczy\u0107 si\u0119 o obecno\u015b\u0107 Boga w swoim \u017cyciu.<\/strong><\/p>\n<p><strong>Jest to czas, aby swoje \u017cycie skierowa\u0107 w stron\u0119 Boga, kt\u00f3ry przychodzi \u2013 jest to swoiste oczekiwanie na nadchodz\u0105cego wyczekiwanego go\u015bcia.<\/strong><\/p>\n<p>W czasie adwentu powinna dominowa\u0107 radosna nadzieja, kt\u00f3rej szczeg\u00f3lnie dzi\u015b tak bardzo wszyscy potrzebujemy. Ko\u015bci\u00f3\u0142, bowiem poprzez liturgi\u0119 tego okresu budzi w nas uczucia nadziei, t\u0119sknoty i radosnego oczekiwania. Oczekiwanie na przyj\u015bcie Jezusa jest \u017ar\u00f3d\u0142em rado\u015bci. Jakkolwiek przygotowanie na przyj\u015bcie Pana polega na oczekiwaniu i pokucie, st\u0105d fioletowy kolor szat liturgicznych, to jednak pokuta jest przepe\u0142niona rado\u015bci\u0105. Adwent przypomina nam, \u017ce ca\u0142e nasze \u017cycie jest oczekiwaniem.<\/p>\n<p><strong>Z roku na rok nast\u0119puje coraz wi\u0119ksza komercjalizacja \u015bwi\u0105t Bo\u017cego Narodzenia. Ju\u017c od po\u0142owy listopada reklamy wzywaj\u0105 nas do zakup\u00f3w i troski tylko o jeden wymiar przygotowania do \u015bwi\u0105t. Przyzwyczajamy si\u0119 coraz bardziej do tego. Duch adwentu jest duchem nadziei i radosnego oczekiwania, ale nie \u015bwi\u0119towaniem z wyprzedzeniem.<\/strong><\/p>\n<p>Nie jest \u0142atwo utrzyma\u0107 tego ducha w obliczu nacisk\u00f3w komercji, kt\u00f3re przemieni\u0142y tygodnie przed Bo\u017cym Narodzeniem w istne szale\u0144stwo zakup\u00f3w i rozrywki. Cieszy nas my\u015bl o zbli\u017caj\u0105cym si\u0119 radosnym wydarzeniu i czujemy z tego powodu ekscytacj\u0119. Jednak w czasie przygotowa\u0144 nie \u015bwi\u0119tujemy \u2013 w przeciwnym razie trudno by by\u0142o odr\u00f3\u017cni\u0107 przygotowania od samego \u015bwi\u0119ta. Rado\u015b\u0107 adwentu ma g\u0142\u0119bokie, duchowe podstawy: oczyszczamy nie tylko nasze mieszkania, ale g\u0142\u00f3wnie nasze serca i dusze. Przebaczenie, pojednanie, odpuszczenie \u2013 to nasze g\u0142\u00f3wne zadania w tym czasie.<\/p>\n<p>A to wymaga chwili refleksji, zatrzymanie si\u0119 w pogoni \u015bwiata, aby spojrze\u0107 w g\u0142\u0105b siebie i na nowo odnale\u017a\u0107 sens \u017cycia, sens codziennych wysi\u0142k\u00f3w i ogromn\u0105 potrzeb\u0119 dzielenia si\u0119 z drugim cz\u0142owiekiem. Dlatego tak wa\u017cne jest w tym czasie odnalezienie cho\u0107by chwili spokoju, odrobina przestrzeni na przemy\u015blenia, moment na zatrzymanie si\u0119 w biegu codziennych spraw, przyjrzenie si\u0119 sobie, swojemu \u017cyciu i ludziom wok\u00f3\u0142. <strong>Wyobra\u017a sobie, jakiego \u017cycia, jakich uczu\u0107 i jakich relacji pragniesz do\u015bwiadcza\u0107.<\/strong><\/p>\n<p>&nbsp;<br \/>\n<img decoding=\"async\" src=\"http:\/\/rafalk-elblag.pl\/wp-content\/uploads\/2020\/04\/baner-ogloszenia-parafialne.jpg\"><\/p>\n<h2>Og\u0142oszenia parafialne 29.11.2020r<br \/>\nI Niedziela Adwentu<\/h2>\n<p><strong>1.<\/strong> Wolontariusze Caritas zbieraj\u0105 dzi\u015b ofiary przed ko\u015bcio\u0142em dla najubo\u017cszych i potrzebuj\u0105cych z naszej parafii. Za okazan\u0105 pomoc dzi\u0119kujemy. Punkt Caritasu Parafialnego przy ul. Myliusa 1A czynny jest w czwartki od 16:00 do 17:00.<\/p>\n<p><strong>2.<\/strong> W ramach og\u00f3lnopolskiej akcji \u201eWigilijne Dzie\u0142o Pomocy Dzieciom\u201d od przysz\u0142ej niedzieli Wolontariusze Caritas b\u0119d\u0105 rozprowadza\u0107 \u015bwiece na st\u00f3\u0142 wigilijny w cenie: 6 z\u0142 \u2013 ma\u0142e \u015bwiece i 20 z\u0142 du\u017ce \u015bwiece. B\u0119dzie te\u017c mo\u017cliwo\u015b\u0107 nabycia za dobrowoln\u0105 ofiar\u0119 po\u015bwi\u0119conego op\u0142atka na st\u00f3\u0142 wigilijny.<\/p>\n<p><strong>3.<\/strong> Zapraszamy w ADWENCIE na wsp\u00f3lne \u015bpiewanie GODZINEK KU CZCI NIEPOKALANEGO POCZ\u0118CIA NMP &#8211; niedziela godz. 8:40.<\/p>\n<p><strong>4.<\/strong> Wszystkich parafian doros\u0142ych zapraszamy na MSZE \u015aW. RORATNIE ku czci Matki Bo\u017cej o godz. 6:30, natomiast m\u0142odzie\u017c wraz z kandydatami do Sakramentu Bierzmowania w \u015brody o godz. 19:00. Dla dzieci Msze RORATNIE odprawiane b\u0119d\u0105 w poniedzia\u0142ki i czwartki o godz. 18:00. W tym tygodniu wyj\u0105tkowo zapraszamy tylko w czwartek, poniewa\u017c w poniedzia\u0142ek sprawujemy ostatni\u0105 Msz\u0119 w intencji zmar\u0142ych. Prosimy, by dzieci przychodzi\u0142y z opiekunami i przynosi\u0142y z sob\u0105 LAMPIONY.<\/p>\n<p><strong>5. Drodzy Parafianie \u2013 w zwi\u0105zku z zagro\u017ceniami i obostrzeniami, jakie niesie ze sob\u0105 trwaj\u0105ca epidemia, decyzj\u0105 Biskupa Elbl\u0105skiego (z dn. 21.11.2020 r.) we wszystkich parafiach naszej diecezji zostaj\u0105 odwo\u0142ane Rekolekcje Adwentowe. Gor\u0105co zach\u0119camy do ogl\u0105dania \/ s\u0142uchania rekolekcji, kt\u00f3re na pewno b\u0119d\u0105 transmitowane w telewizji, radiu czy Internecie. Warto mo\u017ce te\u017c pomy\u015ble\u0107 nad osobist\u0105 lektur\u0105 duchow\u0105 na Adwent, aby dobrze prze\u017cy\u0107 ten czas i przygotowa\u0107 si\u0119 do \u015aWI\u0104T BO\u017bEGO NARODZENIA.<\/strong><\/p>\n<p><strong>6. W zwi\u0105zku z tym, \u017ce nie b\u0119dzie REKOLEKCJI ADWENTOWYCH nie mo\u017cemy liczy\u0107 na pomoc spowiednik\u00f3w z innych parafii.<\/strong> Zwracamy si\u0119 z pro\u015bb\u0105, by spowied\u017a przed\u015bwi\u0105teczn\u0105 dobrze roz\u0142o\u017cy\u0107 w czasie. Ksi\u0119\u017ca naszej parafii b\u0119d\u0105 pe\u0142ni\u0107 pos\u0142ug\u0119 SAKRAMENTU POKUTY jak do tej pory: rano o godz. 6:30 i przed Msz\u0105 \u015bw. wieczorn\u0105 od godz. 17:30. Przed samymi \u015bwi\u0119tami, aby unikn\u0105\u0107 wi\u0119kszych \u201ekolejek\u201d i zgromadze\u0144 przy konfesjonale, b\u0119dzie dodatkowa mo\u017cliwo\u015b\u0107 spowiedzi, poza Mszami \u2013 o czym poinformujemy w najbli\u017cszym czasie. Prosimy o wyrozumia\u0142o\u015b\u0107 i nieodk\u0142adanie spowiedzi na \u201eostatni\u0105 chwil\u0119\u201d.<\/p>\n<p>7. Bardzo prosimy o kontakt z rodzin\u0105, kt\u00f3ra zam\u00f3wi\u0142a Msz\u0119 \u015bw. gregoria\u0144sk\u0105 za \u015bp. Stanis\u0142awa Fabisiaka, w celu potwierdzenia rezerwacji Mszy.<\/p>\n<p>8. W tym tygodniu przypada pierwszy czwartek, pi\u0105tek i sobota miesi\u0105ca:<\/p>\n<ul>\n<li>I czwartek miesi\u0105ca \u2013 zapraszamy na Msz\u0119 \u015bw. o godz. 18:00, a po niej na Adoracj\u0119 Naj\u015bwi\u0119tszego Sakramentu tj. na \u201eGODZIN\u0118 \u015aWI\u0118T\u0104\u201d. Zapraszamy wszystkie \u201eMargaretki\u201d do wsp\u00f3lnej modlitwy.<\/li>\n<li>I pi\u0105tek miesi\u0105ca: spowied\u017a dla dzieci, m\u0142odzie\u017cy, doros\u0142ych a szczeg\u00f3lnie dzieci klas IV od godz. 17:30 i Msza \u015bw. dla wszystkich o godz. 18:00<\/li>\n<li>I sobota miesi\u0105ca: zapraszamy wszystkich czcicieli Matki Bo\u017cej na nabo\u017ce\u0144stwo po\u0142\u0105czone z Adoracj\u0105 Naj\u015bwi\u0119tszego Sakramentu od godz. 17:00.<\/li>\n<\/ul>\n<p><strong>9.<\/strong> W pierwszy pi\u0105tek miesi\u0105ca (4 grudnia) z Panem Jezusem udamy si\u0119 do chorych: ksi\u0105dz Proboszcz i ks. Marcin od godz. 9:30, ks. Piotr po zako\u0144czonych zaj\u0119ciach w szkole oko\u0142o godz. 14.:00. Prosimy rodziny chorych do kt\u00f3rych kap\u0142ani przychodz\u0105 z pos\u0142ug\u0105 sakramentaln\u0105 w pierwsze pi\u0105tki miesi\u0105ca o potwierdzenie mo\u017cliwo\u015bci przyj\u0119cia kap\u0142ana.<\/p>\n<p><strong>10.<\/strong> Zach\u0119camy do nabycia aktualnego numeru \u201eGo\u015bcia Niedzielnego\u201d w cenie 6 z\u0142. z dodatkiem \u201eGo\u015bcia Elbl\u0105skiego\u201d a nim wydarzenia z diecezji.<\/p>\n<p><strong>11.<\/strong> Pan powo\u0142a\u0142 do wieczno\u015bci: \u015bp. Jana W\u0142odarczaka lat 65 z ul. Tuwima<br \/>\n<strong><br \/>\n\u2020 \u015bp. Wand\u0119 B\u0105k<\/strong> lat 68 z ul. \u0141okietka<br \/>\n<strong>\u2020 \u015bp. Romana Biszko<\/strong> lat 76 z ul. Sobieskiego<\/p>\n<p>Wieczny odpoczynek racz im da\u0107 Panie! A \u015bwiat\u0142o\u015b\u0107 wiekuista niechaj im \u015bwieci.<\/p>\n<p>&nbsp;<\/p>\n<p><img decoding=\"async\" src=\"http:\/\/rafalk-elblag.pl\/wp-content\/uploads\/2020\/04\/baner-intencje-mszy.jpg\"><\/p>\n<h2>Intencje mszalne 29.11.2020<\/h2>\n<p><strong>PONIEDZIA\u0141EK \/ 30 listopada 2020r. \/ \u015bw. Andrzeja Aposto\u0142a<\/strong><br \/>\n6.30 O potrzebne \u0142aski dla ks. Piotra Wolnikowskiego, zdrowie i dary Ducha \u015awi\u0119tego w pos\u0142udze kap\u0142a\u0144skiej \u2013 int. od Wsp\u00f3lnoty Kr\u0119gu Biblijnego<br \/>\n18.00 Zm. z rodz. Dawczak\u00f3w, Mysza, K\u0119dzior, Ochrytk\u00f3w, Maguszewskich, Antoni Pogorzelski, Wanda Wdowi\u0144ska<br \/>\n18.00 Msza \u015aw. zbiorowa za zmar\u0142ych<\/p>\n<p><strong>WTOREK \/ 1 grudnia 2020r.<\/strong><br \/>\n6.30 \u2020 Stanis\u0142aw Fabisiak (1 greg.)<br \/>\n18.00 O zdrowie dla doktora Marka Mitala oraz o wiar\u0119 i opiek\u0119 MB<\/p>\n<p><strong>\u015aRODA \/ 2 grudnia 2020r.<\/strong><br \/>\n6.30 \u2020 Stanis\u0142aw Fabisiak (2 greg.)<br \/>\n18.00 O Bo\u017ce b\u0142og., opiek\u0119 MB i dary Ducha \u015aw. w dniu urodzin i imienin dla Barbary i ca\u0142ej Jej rodziny<br \/>\n18.00 \u2020 Tadeusz Wa\u0142doch \u2013 int. od s\u0105siadek<\/p>\n<p><strong>CZWARTEK \/ 3 grudnia 2020r. \/ \u015bw. Franciszka Ksawerego<\/strong><br \/>\n6.30 \u2020 Stanis\u0142aw Fabisiak (3 greg.)<br \/>\n18.00 \u2020 Rodzice: Helena w 25 r.\u015bm. i Feliksa Landz, Walerian Firsz<br \/>\n18.00 O liczne i \u015bwi\u0119te powo\u0142ania do s\u0142u\u017cby Bo\u017cej oraz o Bo\u017ce b\u0142og. dla kap\u0142an\u00f3w pochodz\u0105cych z naszej parafii<\/p>\n<p><strong>PI\u0104TEK \/ 4 grudnia 2020r. \/ \u015bw. Barbary<\/strong><br \/>\n6.30 \u2020 Stanis\u0142aw Fabisiak (4 greg.)<br \/>\n18.00 W intencji czcicieli Naj\u015bwi\u0119tszego Serca Pana Jezusa<br \/>\n18.00 O Bo\u017ce b\u0142og. dla Wsp\u00f3lnoty \u201ePrzemienienie\u201d<\/p>\n<p><strong>SOBOTA \/ 5 grudnia 2020r.<\/strong><br \/>\n6.30 \u2020 Stanis\u0142aw Fabisiak (5 greg.)<br \/>\n18.00 \u2020 Bronis\u0142awa Tykarska w 27 r. \u015bm.<br \/>\n18.00 \u2020 Krystyna Ma\u0107ko w 10 r. \u015bm.<br \/>\n18.00 O ustanie epidemii oraz o zdrowie dla chorych \u2013 int. od IX R\u00f3\u017cy MB Szkaplerznej<\/p>\n<p><strong>II Niedziela Adwentu \/ 6 grudnia 2020r.<\/strong><br \/>\n7.00 \u2020 Dusze w czy\u015b\u0107cu cierpi\u0105ce<br \/>\n9.00 O do\u015bwiadczenie Bo\u017cej mi\u0142o\u015bci dla Karoliny i Sebastiana<br \/>\n9.00 \u2020 J\u00f3zef Sielewicz w 8 r. \u015bm.<br \/>\n10.30 \u2020 Wies\u0142aw Wojniak w 26 r. \u015bm.<br \/>\n12.00 W intencji Parafian<br \/>\n15.00 \u2020 Maria Szulczewska<br \/>\n18.00 \u2020 Stanis\u0142aw Fabisiak (6 greg.)<\/p>\n","protected":false},"excerpt":{"rendered":"<p>O ZNACZENIU ADWENTU Jak jest dzisiaj? Jakie znaczenie ma Adwent dla \u017cycia duchowego chrze\u015bcijanina prze\u0142omu wiek\u00f3w i tysi\u0105cleci? Jakie znaczenie ma to adwentowe oczekiwanie dla \u017cycia duchowego chrze\u015bcijanina? Czas Adwentu jest wyj\u0105tkow\u0105 okazj\u0105 do przebudzenia duchowego chrze\u015bcijanina. To jest dogodny czas do nazwania w sobie pewnych t\u0119sknot za Jezusem Chrystusem, kt\u00f3re mog\u0142y zosta\u0107 zag\u0142uszone przez [&hellip;]<\/p>\n","protected":false},"author":1,"featured_media":4109,"comment_status":"closed","ping_status":"closed","sticky":false,"template":"","format":"standard","meta":{"ngg_post_thumbnail":0,"footnotes":""},"categories":[11,8,4,3],"tags":[],"class_list":["post-4107","post","type-post","status-publish","format-standard","has-post-thumbnail","hentry","category-aktualnosci","category-blog","category-intencje","category-ogloszenia"],"_links":{"self":[{"href":"https:\/\/rafalk-elblag.pl\/index.php?rest_route=\/wp\/v2\/posts\/4107","targetHints":{"allow":["GET"]}}],"collection":[{"href":"https:\/\/rafalk-elblag.pl\/index.php?rest_route=\/wp\/v2\/posts"}],"about":[{"href":"https:\/\/rafalk-elblag.pl\/index.php?rest_route=\/wp\/v2\/types\/post"}],"author":[{"embeddable":true,"href":"https:\/\/rafalk-elblag.pl\/index.php?rest_route=\/wp\/v2\/users\/1"}],"replies":[{"embeddable":true,"href":"https:\/\/rafalk-elblag.pl\/index.php?rest_route=%2Fwp%2Fv2%2Fcomments&post=4107"}],"version-history":[{"count":2,"href":"https:\/\/rafalk-elblag.pl\/index.php?rest_route=\/wp\/v2\/posts\/4107\/revisions"}],"predecessor-version":[{"id":4112,"href":"https:\/\/rafalk-elblag.pl\/index.php?rest_route=\/wp\/v2\/posts\/4107\/revisions\/4112"}],"wp:featuredmedia":[{"embeddable":true,"href":"https:\/\/rafalk-elblag.pl\/index.php?rest_route=\/wp\/v2\/media\/4109"}],"wp:attachment":[{"href":"https:\/\/rafalk-elblag.pl\/index.php?rest_route=%2Fwp%2Fv2%2Fmedia&parent=4107"}],"wp:term":[{"taxonomy":"category","embeddable":true,"href":"https:\/\/rafalk-elblag.pl\/index.php?rest_route=%2Fwp%2Fv2%2Fcategories&post=4107"},{"taxonomy":"post_tag","embeddable":true,"href":"https:\/\/rafalk-elblag.pl\/index.php?rest_route=%2Fwp%2Fv2%2Ftags&post=4107"}],"curies":[{"name":"wp","href":"https:\/\/api.w.org\/{rel}","templated":true}]}}