{"id":4091,"date":"2020-11-22T10:42:00","date_gmt":"2020-11-22T10:42:00","guid":{"rendered":"http:\/\/rafalk-elblag.pl\/?p=4091"},"modified":"2020-11-22T10:46:41","modified_gmt":"2020-11-22T10:46:41","slug":"biuletyn-22-11-2020-uroczystosc-j-c-krola-wszechswiata","status":"publish","type":"post","link":"https:\/\/rafalk-elblag.pl\/?p=4091","title":{"rendered":"Biuletyn 22.11.2020, Uroczysto\u015b\u0107 Jezusa Chrystusa Kr\u00f3la Wszech\u015bwiata"},"content":{"rendered":"<p><img decoding=\"async\" src=\"http:\/\/rafalk-elblag.pl\/wp-content\/uploads\/2020\/11\/banery-221120.jpg\"><\/p>\n<h1>CHRYSTUS KR\u00d3L<\/h1>\n<p><strong>Zasiadaj\u0105cego na tronie Pantokratora a zarazem ukoronowanego cierniem i bezsilnego Zbawiciela katolicy wspominaj\u0105 na koniec roku ko\u015bcielnego, kt\u00f3ry symbolicznie oznacza te\u017c koniec czasu i nastanie wieczno\u015bci. Chrystusa Kr\u00f3la Wszech\u015bwiata Ko\u015bci\u00f3\u0142 katolicki czci w ostatni\u0105 niedziel\u0119 roku liturgicznego, kt\u00f3ra w tym roku przypada dzi\u015b, 22 listopada.<\/strong><\/p>\n<p>Uroczysto\u015b\u0107 t\u0119 wprowadzi\u0142 papie\u017c Pius XI w roku 1925 na zako\u0144czenie Roku \u015awi\u0119tego: przypad\u0142a ona w\u00f3wczas na 11 grudnia. Po ostatniej reformie liturgicznej w 1969 r. uroczysto\u015b\u0107 zosta\u0142a przeniesiona na ostatni\u0105 niedziel\u0119 przed Adwentem. Mimo, \u017ce jest to \u015bwi\u0119to tak m\u0142ode, jego tre\u015b\u0107 by\u0142a prze\u017cywana w Ko\u015bciele od pocz\u0105tku jego istnienia. Wskazuje na to wiele fragment\u00f3w Ewangelii oraz staro\u017cytnych pism chrze\u015bcija\u0144skich. Geneza kultu Chrystusa jako Kr\u00f3la si\u0119ga natomiast ju\u017c Starego Testamentu, zapowiadaj\u0105cego przyj\u015bcie Mesjasza, kr\u00f3la, potomka Dawida.<\/p>\n<p><strong>Greckie s\u0142owo \u201echrystus\u201d jest odpowiednikiem hebrajskiego mesjasz i oznacza pomaza\u0144ca, namaszczonego, co w znaczeniu starotestamentalnym odnosi\u0142o si\u0119 zar\u00f3wno do kr\u00f3la, jak i kap\u0142ana, a nieraz tak\u017ce do proroka.<\/strong> Umieszczenie tej uroczysto\u015bci na ko\u0144cu kalendarza wi\u0105\u017ce si\u0119 z biblijnym rozumieniem czasu i odzwierciedla zarazem sens roku liturgicznego, kt\u00f3ry jakby odtwarza najwa\u017cniejsze zdarzenia w dziejach zbawienia.<\/p>\n<p>Objawienie biblijne przynios\u0142o nowe, linearne rozumienie czasu: czas ma sw\u00f3j pocz\u0105tek i koniec, nie ma w nim powrot\u00f3w i cykl\u00f3w, lecz ka\u017cda chwila jest jedyna i niepowtarzalna. W cz\u0142owieka jednak, tak jak w ca\u0142\u0105 natur\u0119, wpisana jest pewna cykliczno\u015b\u0107.<\/p>\n<p>Rok ko\u015bcielny \u0142\u0105czy w sobie te dwa wymiary: w swoich powrotach odzwierciedla t\u0119 jedyn\u0105 i niepowtarzaln\u0105 histori\u0119 zbawienia, kt\u00f3ra rozpocz\u0119\u0142a si\u0119 wraz ze stworzeniem, szczyt osi\u0105gn\u0119\u0142a w czasie \u017cycia, zbawiennej \u015bmierci oraz zmartwychwstania Jezusa z Nazaretu, a zmierza do kresu, kt\u00f3rym jest nastanie Kr\u00f3lestwa Bo\u017cego. Zako\u0144czenie roku symbolizuje w\u0142a\u015bnie osi\u0105gni\u0119cie celu i wype\u0142nienie bo\u017cych obietnic. Jest to odpowied\u017a Boga na nieustaj\u0105ce modlitwy chrze\u015bcijan: Przyjd\u017a kr\u00f3lestwo Twoje.<\/p>\n<p>W ikonografii Chrystus Kr\u00f3l ju\u017c od staro\u017cytno\u015bci przedstawiony jest jako Pantokrator, czyli Wszechw\u0142adca, zasiadaj\u0105cy na tronie, maj\u0105cy ziemi\u0119 za podn\u00f3\u017cek lub trzymaj\u0105cy glob ziemski w d\u0142oni. Tak przedstawiaj\u0105 Jezusa dawne ikony i mozaiki. Tak te\u017c wielokrotnie ukazuje Go Apokalipsa \u2013 jako zasiadaj\u0105cego na tronie, kt\u00f3remu ca\u0142e stworzenie oddaje cze\u015b\u0107.<\/p>\n<p>R\u00f3wnocze\u015bnie Ewangelie ukazuj\u0105 inny wymiar kr\u00f3lowania Chrystusa. Ubiczowany, ukoronowany cierniami Jezus odpowiada na pytanie Poncjusza Pi\u0142ata: <strong>Tak, jestem Kr\u00f3lem. Kr\u00f3lestwo moje nie jest z tego \u015bwiata (por. J 18, 33-40). Na krzy\u017cu Chrystusa widnia\u0142 napis: Jezus Nazarejczyk Kr\u00f3l \u017bydowski (J, 19,19), a ukrzy\u017cowany z Nim \u0142otr prosi\u0142 tu\u017c przed \u015bmierci\u0105: \u201eJezu, wspomnij na mnie, gdy b\u0119dziesz w swoim kr\u00f3lestwie\u201d (\u0141k 23,42)<\/strong>. Ten ewangeliczny przekaz ukazuje, \u017ce w najg\u0142\u0119bszym chrze\u015bcija\u0144skim sensie panowa\u0107 to znaczy s\u0142u\u017cy\u0107 a nawet odda\u0107 \u017cycie za innych.<\/p>\n<p>&nbsp;<\/p>\n<p><img decoding=\"async\" class=\"alignright\" src=\"http:\/\/rafalk-elblag.pl\/wp-content\/uploads\/2020\/11\/cecylia.jpg\" width=\"200px\"><strong>R\u00f3wnie\u017c dzisiaj &#8211; 22 listopada przypada wspomnienie \u015bw. Cecylii.<\/strong> Mi\u0142o\u015b\u0107, Muzyka, Pi\u0119kno, \u015amier\u0107 \u2013 to Jej atrybuty.<\/p>\n<p>Jest patronk\u0105 muzyki ko\u015bcielnej. Z tej okazji Sk\u0142adamy wi\u0119c najserdeczniejsze \u017cyczenia naszemu organi\u015bcie &#8211; Panu Piotrowi, ch\u00f3rzystom, scholankom, zespo\u0142owi m\u0142odzie\u017cowemu i wszystkim \u015bpiewaj\u0105cym w ko\u015bciele. \u015apiewajcie na chwa\u0142\u0119 Pana.<\/p>\n<p>\u017byczymy, aby pi\u0119kno wykonywanej muzyki zbli\u017ca\u0142o nas do Boga i ludzi oraz wiele rado\u015bci, satysfakcji z pe\u0142nionej w parafii \u015bw. Rafa\u0142a Kalinowskiego pos\u0142ugi.<\/p>\n<p>&nbsp;<\/p>\n<p>&nbsp;<br \/>\n<img decoding=\"async\" src=\"http:\/\/rafalk-elblag.pl\/wp-content\/uploads\/2020\/04\/baner-ogloszenia-parafialne.jpg\"><\/p>\n<h2>Og\u0142oszenia parafialne 22.11.2020r<br \/>\nUroczysto\u015b\u0107 Jezusa Chrystusa Kr\u00f3la Wszech\u015bwiata<\/h2>\n<p><strong> 1.<\/strong> <strong>Dzi\u015b obchodzimy Uroczysto\u015b\u0107 Jezusa Chrystusa, Kr\u00f3la Wszech\u015bwiata i zako\u0144czenie ROKU LITURGICZNEGO, za tydzie\u0144 rozpoczynamy ADWENT.<\/strong><\/p>\n<p><strong>2.<\/strong> Dobiega ko\u0144ca czas wsp\u00f3lnych modlitw za zmar\u0142ych, zach\u0119camy do wzi\u0119cia udzia\u0142u o godz. 17:30 w WYPOMINKACH po\u0142\u0105czonych z Koronk\u0105 do Mi\u0142osierdzia Bo\u017cego oraz we Mszy \u015bw. Zbiorowej o godz. 18:00. Pami\u0119tajmy: \u201e\u015awi\u0119t\u0105 i zbawienn\u0105 rzecz\u0105 jest modli\u0107 si\u0119 za \u017cywych i zmar\u0142ych.\u201d Czy to ju\u017c uczyni\u0142e\u015b?!<\/p>\n<p><strong>3.<\/strong> Informujemy, \u017ce zgodnie z aktualnymi decyzjami w\u0142adz pa\u0144stwowych i sanitarnych, przyj\u0119tych tak\u017ce przez w\u0142adze ko\u015bcielne, w Mszach \u015bwi\u0119tych i innych nabo\u017ce\u0144stwach w naszym ko\u015bciele od 7 listopada br. mo\u017ce uczestniczy\u0107 35 os\u00f3b.<\/p>\n<h2 style=\"text-align: center;\">UWAGA!!! Przychodzimy w maseczkach i w nich uczestniczymy podczas Mszy \u015bw. i nabo\u017ce\u0144stwach. \u015aci\u0105gamy je wy\u0142\u0105cznie w momencie przyjmowania Komunii \u015awi\u0119tej. Prosimy o przestrzeganie tego zalecenia sanitarnego.<\/h2>\n<p><strong>4.<\/strong> Kandydat\u00f3w przygotowuj\u0105cych si\u0119 do SAKRAMENTU BIERZMOWANIA &#8211; CA\u0141Y rok II zapraszamy w tym tygodniu na spotkanie we wtorek (24.XI.) o godz. 18:45 w ko\u015bciele.<\/p>\n<p><strong>5.<\/strong> Wszystkich chc\u0105cych pog\u0142\u0119bi\u0107 swoj\u0105 wiedz\u0119 i relacj\u0119 z Bogiem poprzez Pismo \u015awi\u0119te, zapraszamy na spotkanie Kr\u0119gu Biblijnego w \u015brod\u0119 25 listopada o godz. 18.45. kt\u00f3re odb\u0119dzie si\u0119 w Ko\u015bciele.<\/p>\n<p><strong>6.<\/strong> Przypominamy, \u017ce najpi\u0119kniejsz\u0105 modlitw\u0105 Ko\u015bcio\u0142a jest Msza \u015bwi\u0119ta, kt\u00f3r\u0105 mo\u017cna zamawia\u0107 za \u017cywych i umar\u0142ych lub ofiarowa\u0107 jako wspania\u0142y chrze\u015bcija\u0144ski prezent z okazji rocznicy \u015blubu, chrztu, urodzin i imienin prosz\u0105c o \u0142aski lub za nie dzi\u0119kuj\u0105c.<br \/>\nMo\u017cna zamawia\u0107 i rezerwowa\u0107 Msze \u015bw. na rok 2021.<\/p>\n<p><strong>7.<\/strong> Wszystkim Jubilatom i Solenizantom tego tygodnia \u017cyczymy wielu \u0142ask Bo\u017cych i opieki Matki Bo\u017cej Szkaplerznej.<\/p>\n<p><strong>8.<\/strong> Zach\u0119camy do korzystania z Sakramentu Spowiedzi \u015awi\u0119tej codziennie od godz. 7:45 oraz od godz. 17:30.<\/p>\n<p><strong>9.<\/strong> Zach\u0119camy do nabycia aktualnego numeru \u201eGo\u015bcia Niedzielnego\u201d w cenie 6 z\u0142. z dodatkiem \u201eGo\u015bcia Elbl\u0105skiego\u201d a nim wydarzenia z diecezji.<\/p>\n<p><strong>10.<\/strong> Pan powo\u0142a\u0142 do wieczno\u015bci:<\/p>\n<p><strong>\u2020 \u015bp. W\u0142odzimierza Kowalskiego<\/strong> lat 67 z ul. Tuwima,<br \/>\n<strong>\u2020 \u015bp. Wand\u0119 Jab\u0142o\u0144sk\u0105<\/strong> lat 75 z ul. Sobieskiego oraz<br \/>\n<strong>\u2020<\/strong> \u015b<strong>p. Danut\u0119 Przyborowsk\u0105<\/strong> l. 65 z ul. Korczaka<\/p>\n<p>Wieczny odpoczynek racz im da\u0107 Panie! A \u015bwiat\u0142o\u015b\u0107 wiekuista niechaj im \u015bwieci.<\/p>\n<p>&nbsp;<\/p>\n<p><img decoding=\"async\" src=\"http:\/\/rafalk-elblag.pl\/wp-content\/uploads\/2020\/04\/baner-intencje-mszy.jpg\"><\/p>\n<h2>Intencje mszalne 22.11.2020<\/h2>\n<p><strong>PONIEDZIA\u0141EK \/ 23 listopada 2020r.<\/strong><br \/>\n8.00 \u2020 Jan Zasada w 2 miesi\u0105c po \u015bmierci<br \/>\n18.00 Rez.<br \/>\n18.00 Msza \u015aw. zbiorowa za zmar\u0142ych<\/p>\n<p><strong>WTOREK \/ 24 listopada 2020r. \/ \u015bw. Andrzeja Dung Lac i Towarzyszy<\/strong><br \/>\n8.00 \u2020 Wies\u0142awa (k) Dawczak w 30 dpp.<br \/>\n18.00 Dzi\u0119k. w 10 urodziny \u0141ucji z pro\u015bb\u0105 o Bo\u017ce b\u0142og. i opiek\u0119 MB<br \/>\n18.00 Msza \u015aw. zbiorowa za zmar\u0142ych<\/p>\n<p><strong>\u015aRODA \/ 25 listopada 2020r.<\/strong><br \/>\n8.00 O Bo\u017ce b\u0142og. i zdrowie dla ks. Marcina Marciniaka \u2013 int. od Margaretki<br \/>\n18.00 O Bo\u017ce b\u0142og., opiek\u0119 MB i potrzebne \u0142aski dla ks. Proboszcza \u2013 int. od Margaretki<br \/>\n18.00 Msza \u015aw. zbiorowa za zmar\u0142ych<\/p>\n<p><strong>CZWARTEK \/ 26 listopada 2020r.<\/strong><br \/>\n8.00 O ratunek dla naszej Ojczyzny, aby by\u0142a wierna Bogu, Krzyzowi i Ewangelii<br \/>\n18.00 \u2020 Tadeusz Reczek w 3 r. \u015bm.<br \/>\n18.00 Msza \u015aw. zbiorowa za zmar\u0142ych<\/p>\n<p><strong>PI\u0104TEK \/ 27 listopada<\/strong><br \/>\n8.00 \u2020 Anna w 35 r. \u015bm. i Tadeusz Krasnod\u0119bscy<br \/>\n18.00 \u2020 Izydor w rocz. \u015bmierci i zm. z rodz. Bi\u0144kowskich<br \/>\n18.00 Msza \u015aw. zbiorowa za zmar\u0142ych<\/p>\n<p><strong>SOBOTA \/ 28 listopada 2020r.<\/strong><br \/>\n8.00<br \/>\n18.00 \u2020 J\u00f3zef Kwiatosz w 7 r. \u015bm.<br \/>\n18.00 Msza \u015aw. zbiorowa za zmar\u0142ych<\/p>\n<p><strong>I Niedziela Adwentu \/ 29 listopada 2020r.<\/strong><br \/>\n7.00 \u2020 Zdzis\u0142aw Brdak z ok. ziemskich imienin<br \/>\n9.00 \u2020 Antoni K\u0119pi\u0144ski w 22 r. \u015bm. i Stanis\u0142awa (k)<br \/>\n9.00 \u2020 Ryszard, Iwona, Jan, Janina, Jadwiga, Stefan, Zdzis\u0142aw i zm. z rodz. Kujawskich, D\u0105browskich i Nike<br \/>\n10.30 Dzi\u0119k. za bezinteresown\u0105 pomoc z pro\u015bb\u0105 o Bo\u017ce b\u0142og. i opiek\u0119 MB dla rodz. Denisiuk<br \/>\n12.00 W intencji Parafian<br \/>\n15.00 Dzi\u0119k. z ok. pierwszych urodzin Wiktorii z pro\u015bb\u0105 o Bo\u017ce b\u0142og. i opiek\u0119 MB dla ca\u0142ej rodziny Asiukiewicz<br \/>\n18.00 Msza \u015aw. zbiorowa za zmar\u0142ych<\/p>\n","protected":false},"excerpt":{"rendered":"<p>CHRYSTUS KR\u00d3L Zasiadaj\u0105cego na tronie Pantokratora a zarazem ukoronowanego cierniem i bezsilnego Zbawiciela katolicy wspominaj\u0105 na koniec roku ko\u015bcielnego, kt\u00f3ry symbolicznie oznacza te\u017c koniec czasu i nastanie wieczno\u015bci. Chrystusa Kr\u00f3la Wszech\u015bwiata Ko\u015bci\u00f3\u0142 katolicki czci w ostatni\u0105 niedziel\u0119 roku liturgicznego, kt\u00f3ra w tym roku przypada dzi\u015b, 22 listopada. Uroczysto\u015b\u0107 t\u0119 wprowadzi\u0142 papie\u017c Pius XI w roku [&hellip;]<\/p>\n","protected":false},"author":1,"featured_media":4093,"comment_status":"closed","ping_status":"closed","sticky":false,"template":"","format":"standard","meta":{"ngg_post_thumbnail":0,"footnotes":""},"categories":[11,8,4,3],"tags":[],"class_list":["post-4091","post","type-post","status-publish","format-standard","has-post-thumbnail","hentry","category-aktualnosci","category-blog","category-intencje","category-ogloszenia"],"_links":{"self":[{"href":"https:\/\/rafalk-elblag.pl\/index.php?rest_route=\/wp\/v2\/posts\/4091","targetHints":{"allow":["GET"]}}],"collection":[{"href":"https:\/\/rafalk-elblag.pl\/index.php?rest_route=\/wp\/v2\/posts"}],"about":[{"href":"https:\/\/rafalk-elblag.pl\/index.php?rest_route=\/wp\/v2\/types\/post"}],"author":[{"embeddable":true,"href":"https:\/\/rafalk-elblag.pl\/index.php?rest_route=\/wp\/v2\/users\/1"}],"replies":[{"embeddable":true,"href":"https:\/\/rafalk-elblag.pl\/index.php?rest_route=%2Fwp%2Fv2%2Fcomments&post=4091"}],"version-history":[{"count":11,"href":"https:\/\/rafalk-elblag.pl\/index.php?rest_route=\/wp\/v2\/posts\/4091\/revisions"}],"predecessor-version":[{"id":4105,"href":"https:\/\/rafalk-elblag.pl\/index.php?rest_route=\/wp\/v2\/posts\/4091\/revisions\/4105"}],"wp:featuredmedia":[{"embeddable":true,"href":"https:\/\/rafalk-elblag.pl\/index.php?rest_route=\/wp\/v2\/media\/4093"}],"wp:attachment":[{"href":"https:\/\/rafalk-elblag.pl\/index.php?rest_route=%2Fwp%2Fv2%2Fmedia&parent=4091"}],"wp:term":[{"taxonomy":"category","embeddable":true,"href":"https:\/\/rafalk-elblag.pl\/index.php?rest_route=%2Fwp%2Fv2%2Fcategories&post=4091"},{"taxonomy":"post_tag","embeddable":true,"href":"https:\/\/rafalk-elblag.pl\/index.php?rest_route=%2Fwp%2Fv2%2Ftags&post=4091"}],"curies":[{"name":"wp","href":"https:\/\/api.w.org\/{rel}","templated":true}]}}