{"id":4078,"date":"2020-11-14T13:43:29","date_gmt":"2020-11-14T13:43:29","guid":{"rendered":"http:\/\/rafalk-elblag.pl\/?p=4078"},"modified":"2020-11-14T13:47:12","modified_gmt":"2020-11-14T13:47:12","slug":"biuletyn-08-11-2020-xxxiii-niedziela-zwykla","status":"publish","type":"post","link":"https:\/\/rafalk-elblag.pl\/?p=4078","title":{"rendered":"Biuletyn 15.11.2020, XXXIII Niedziela Zwyk\u0142a"},"content":{"rendered":"<p><img decoding=\"async\" src=\"http:\/\/rafalk-elblag.pl\/wp-content\/uploads\/2020\/11\/baner-151120.jpg\"><\/p>\n<h1>ROCZNICA PO\u015aWI\u0118CENIA KO\u015aCIO\u0141A<\/h1>\n<p><strong>Po\u015bwi\u0119cenie ko\u015bcio\u0142a i o\u0142tarza zalicza si\u0119 do najbardziej uroczystych akt\u00f3w liturgicznych, a obch\u00f3d rocznicy tego wydarzenia jest podniesiony do rangi uroczysto\u015bci. Gdy dom, w kt\u00f3rym si\u0119 gromadzimy w ka\u017cd\u0105 niedziel\u0119, by\u0142 jeszcze na etapie projektu, mia\u0142 ju\u017c wytyczony cel i zadanie: mia\u0142 by\u0107 miejscem spotkania cz\u0142owieka z Bogiem i s\u0142u\u017cy\u0107 jednoczeniu si\u0119 ludzi z ich Stw\u00f3rc\u0105 i Ojcem.<\/strong><\/p>\n<p>Do chwili po\u015bwi\u0119cenia by\u0142 jedynie zwyk\u0142ym budynkiem. Po po\u015bwi\u0119ceniu sta\u0142 si\u0119 \u201edomem Bo\u017cym i bram\u0105 niebios (&#8230;) ark\u0105 przymierza i mieszkaniem Boga z lud\u017ami\u201d (por. Rdz 28,17-19). Dzie\u0144 po\u015bwi\u0119cenia ko\u015bcio\u0142a jest do pewnego stopnia por\u00f3wnywalny z chrztem cz\u0142owieka. Cz\u0142owiek staje si\u0119 \u015bwi\u0105tyni\u0105 Boga przez chrzest; budynek &#8211; przez po\u015bwi\u0119cenie i namaszczenie. Gdy dziecko przychodzi na \u015bwiat, jest nowym istnieniem ludzkim, nowym cz\u0142owiekiem. Od chwili chrztu &#8211; staje si\u0119 dzieckiem Boga i miejscem Jego zamieszkania na ziemi, Jego \u015bwi\u0105tyni\u0105.<\/p>\n<p><strong>We wtorek, 17 listopada b\u0119dziemy dzi\u0119kowa\u0107 Bogu, \u017ce pozwoli\u0142 wznie\u015b\u0107, z Jego dar\u00f3w, ko\u015bci\u00f3\u0142 parafialny &#8211; t\u0119 \u201eark\u0119 przymierza\u201d, sta\u0142y symbol Jego zbawczej obecno\u015bci w\u015br\u00f3d nas. Spogl\u0105damy z dum\u0105 i rado\u015bci\u0105 na nasz\u0105 \u015bwi\u0105tyni\u0119 tak\u017ce dlatego, \u017ce jest ona znakiem wszystkich wierz\u0105cych i ka\u017cdego z osobna. S\u0142owem \u201eKo\u015bci\u00f3\u0142\u201d okre\u015blamy bowiem wszystkich wierz\u0105cych w Chrystusa i przez chrzest oddanych Mu na w\u0142asno\u015b\u0107.<\/strong><\/p>\n<p>Tym samym s\u0142owem nazywamy tak\u017ce po\u015bwi\u0119cony i namaszczony budynek &#8211; miejsce, w kt\u00f3rym dost\u0119pujemy Bo\u017cego mi\u0142osierdzia i otrzymujemy pokarm na \u017cycie wieczne. \u015awi\u0105tynia, cho\u0107 sk\u0142ada si\u0119 z wielu element\u00f3w i z rozmaitego materia\u0142u, stanowi trwa\u0142\u0105 i harmonijn\u0105 ca\u0142o\u015b\u0107. Jest wi\u0119c nie tylko symbolem jedno\u015bci, ale rzeczywist\u0105 jedno\u015bci\u0105 wielu element\u00f3w.<\/p>\n<p>Gromadz\u0105cy si\u0119 w niej maj\u0105 okazj\u0119 przypomnie\u0107 sobie pro\u015bb\u0119 Pana Jezusa z Ostatniej Wieczerzy: <strong>\u201eAby wszyscy stanowili jedno, jak Ty, Ojcze, we mnie, a Ja w Tobie, aby i oni stanowili jedno w nas\u201d (J 17, 21)<\/strong>. Chrze\u015bcijanie staj\u0105 si\u0119 prawdziwym Ko\u015bcio\u0142em Jezusa Chrystusa i \u017cyw\u0105 \u015bwi\u0105tyni\u0105 Boga na ziemi, gdy trwaj\u0105 w jedno\u015bci. Podstaw\u0105 jedno\u015bci jest wiara i mi\u0142o\u015b\u0107. M\u00f3wi\u0105 o niej modlitwy mszalne wypowiadane w t\u0119 uroczysto\u015b\u0107.<\/p>\n<p>S\u0105 one echem modlitwy po\u015bwi\u0119cenia, kt\u00f3r\u0105 odmawia biskup, oddaj\u0105c budowl\u0119 Bogu na chwa\u0142\u0119, a ludziom dla zbawienia: \u201eNiech tutaj ubodzy znajduj\u0105 mi\u0142osierdzie, uci\u015bnieni prawdziw\u0105 wolno\u015b\u0107, a wszyscy ludzie niech przyoblekaj\u0105 si\u0119 w godno\u015b\u0107 Twoich dzieci, a\u017c osi\u0105gn\u0105 szcz\u0119\u015bliwie rado\u015b\u0107 \u017cycia wiecznego w niebieskim Jeruzalem\u201d.<\/p>\n<p>Wdzi\u0119czni za dar parafialnego ko\u015bcio\u0142a mo\u017cemy \u015bpiewa\u0107: \u201eNie rzucim, Chryste, \u015bwi\u0105ty\u0144 Twych, nie damy pogrze\u015b\u0107 wiary. (&#8230;) Broni\u0107 b\u0119dziemy Twoich dr\u00f3g. Tak nam dopom\u00f3\u017c B\u00f3g\u201d.<\/p>\n<p>&nbsp;<\/p>\n<p><img decoding=\"async\" class=\"alignleft\" src=\"http:\/\/rafalk-elblag.pl\/wp-content\/uploads\/2020\/11\/kosciol.jpg\">W ubieg\u0142ym roku, pierwszej rocznicy konsekracji przewodniczy\u0142 biskup pomocniczy diecezji elbl\u0105skiej \u2013 Bp dr Wojciech Skibicki. Jest to dzi\u015b wa\u017cne wydarzenie dla ca\u0142ej parafii. Ale nie chodzi w nim tylko o budowl\u0119, nie chodzi o gmach wzniesiony trudem parafian, ale o ca\u0142\u0105 \u017cyw\u0105 wsp\u00f3lnot\u0119 tego lokalnego Ko\u015bcio\u0142a &#8211; m\u00f3wi\u0142 w homilii.<\/p>\n<p>Jak podkre\u015bla\u0142, o tym, czy dana parafia jest \u017cywa, nie decyduje to, jak wygl\u0105da budynek \u015bwi\u0105tyni, ale w\u0142a\u015bnie ludzie, kt\u00f3rzy j\u0105 tworz\u0105. Nie zapominajmy, \u017ce \u017cywa wsp\u00f3lnota Ko\u015bcio\u0142a, \u017cywa parafia tym si\u0119 w\u0142a\u015bnie charakteryzuje, \u017ce s\u0105 w niej obecne r\u00f3\u017cne osoby, kt\u00f3re w \u017cycie Ko\u015bcio\u0142a si\u0119 w\u0142\u0105czaj\u0105 i chc\u0105 przez to zbli\u017ca\u0107 si\u0119 do Chrystusa.<\/p>\n<p>Po Mszy \u015bw. ods\u0142oni\u0119to tablic\u0119 pami\u0105tkow\u0105, po\u015bwi\u0119con\u0105 wszystkim tym, kt\u00f3rzy przyczynili si\u0119 do wybudowania ko\u015bcio\u0142a \u015bw. Rafa\u0142a Kalinowskiego i Matki Bo\u017cej Szkaplerznej.<\/p>\n<p>&nbsp;<\/p>\n<p>&nbsp;<br \/>\n<img decoding=\"async\" src=\"http:\/\/rafalk-elblag.pl\/wp-content\/uploads\/2020\/04\/baner-ogloszenia-parafialne.jpg\"><\/p>\n<h2>Og\u0142oszenia parafialne 15.11.2020r<\/h2>\n<h2>XXXIII NIEDZIELA ZWYK\u0141A<\/h2>\n<p><strong>1.<\/strong> W naszej parafii trwa Nowenna do \u015bw. Rafa\u0142a Kalinowskiego, przygotowuj\u0105ca duchowo do ODPUSTU PARAFIALNEGO. Nowenn\u0119 odmawiamy na zako\u0144czenie Mszy \u015bw.<\/p>\n<p><strong>2.<\/strong> <strong>W listopadzie w spos\u00f3b szczeg\u00f3lny pochylamy si\u0119 nad mogi\u0142ami, w kt\u00f3rych spoczywaj\u0105 nasi bliscy. Najg\u0142\u0119bszym wyrazem mi\u0142o\u015bci jest nasza modlitwa za nich. Zapraszamy o godz. 17:30 na WYPOMINKI po\u0142\u0105czone z Koronk\u0105 do Mi\u0142osierdzia Bo\u017cego oraz na Msz\u0119 \u015bw. Zbiorow\u0105 o godz. 18:00. Prosimy o czytelne wypisanie na kartkach imion i nazwisk bliskich zmar\u0142ych.<\/strong><\/p>\n<p style=\"text-align: left;\"><strong>3.<\/strong> Informujemy, \u017ce zgodnie z aktualnymi decyzjami w\u0142adz pa\u0144stwowych i sanitarnych, przyj\u0119tych tak\u017ce przez w\u0142adze ko\u015bcielne, w Mszach \u015bwi\u0119tych i innych nabo\u017ce\u0144stwach w naszym ko\u015bciele<strong> od 7 listopada br. mo\u017ce uczestniczy\u0107 35 os\u00f3b.<\/strong><\/p>\n<h3 style=\"text-align: center;\">UWAGA!!!<br \/>\nPrzychodzimy w maseczkach i w nich uczestniczymy podczas Mszy \u015bw. i nabo\u017ce\u0144stwach. \u015aci\u0105gamy je wy\u0142\u0105cznie w momencie przyjmowania Komunii \u015awi\u0119tej. Prosimy o przestrzeganie tego zalecenia sanitarnego.<\/h3>\n<p><strong>4.<\/strong> Jutro 16 listopada dzie\u0144 spotkania BRACTWA SZKAPLERZNEGO. Serdecznie zapraszamy od godz. 17:30 na WYPOMINKI po\u0142\u0105czone z Koronk\u0105 do Bo\u017cego Mi\u0142osierdzia oraz na Msz\u0119 \u015bw. o godz. 18:00 zako\u0144czon\u0105 APELEM MARYJNYM.<\/p>\n<p><strong>5.<\/strong> We wtorek &#8211; 17 listopada przypada druga rocznica KONSEKRACJI NASZEGO KO\u015aCIO\u0141A. W powy\u017csz\u0105 Uroczysto\u015b\u0107 w ko\u015bciele b\u0119d\u0105 zapalone ZACHEUSZKI tj. \u015bwieczki na \u015bcianach symbolizuj\u0105ce miejsca namaszczenia olejem \u015bwi\u0119tym mur\u00f3w naszego Ko\u015bcio\u0142a. Zapraszamy w tym dniu na Msze \u015bw. o godz. 8:00 oraz o godz. 18:00.<\/p>\n<p><strong>6.<\/strong> W \u015brod\u0119 &#8211; 18 listopada o godz. 18:00 zostanie odprawiona Msza \u015bw. z nauk\u0105 dla m\u0142odzie\u017cy. W tym dniu przypada wspomnienie b\u0142. Karoliny K\u00f3zk\u00f3wny patronki Ruchu Czystych Serc i Katolickiego Stowarzyszenia M\u0142odzie\u017cy. Szczeg\u00f3lnie zapraszamy kandydat\u00f3w przygotowuj\u0105cych si\u0119 do Sakramentu Bierzmowania.<\/p>\n<p><strong>7.<\/strong> Dzieci wraz z rodzicami lub opiekunami zapraszamy w \u015brod\u0119 18 listopada na godz. 16:30, by wsp\u00f3lnie modli\u0107 si\u0119 za naszych bliskich zmar\u0142ych.<\/p>\n<p><strong>8.<\/strong> W czwartek &#8211; 19 listopada obchodzimy <strong>PARAFIALNY DZIE\u0143 OBRONY \u017bYCIA.<\/strong> W tym dniu na Mszy \u015bw. o godz. 18:00 b\u0119dzie mo\u017cliwo\u015b\u0107 podj\u0119cia Duchowej Adopcji Dziecka Pocz\u0119tego, zagro\u017conego ABORCJ\u0104. Zapraszamy wszystkie osoby, pragn\u0105ce w\u0142\u0105czy\u0107 w OBRON\u0118 \u017bYCIA poprzez modlitw\u0119. Przy Biuletynie znajdziemy kartki do wype\u0142nienia w celu podj\u0119cia tego dzie\u0142a.<\/p>\n<p><strong>9.<\/strong> <strong>UROCZYSTO\u015aCI ODPUSTOWE KU CZCI \u015aW. RAFA\u0141A KALINOWSKIEGO przypadaj\u0105 w pi\u0105tek &#8211; 20 listopada.<\/strong> Msze \u015bw. sprawowane b\u0119d\u0105 o godz.: 8:00, 11:00 i 18:00. Serdecznie zapraszamy do skorzystania z \u0142aski odpustu parafialnego. UWAGA !!! Wszystkich przebywaj\u0105cych na terenie parafii \u015bw. Rafa\u0142a Kalinowskiego z racji ODPUSTU, nie obowi\u0105zuje post pi\u0105tkowy.<\/p>\n<p><strong>10.<\/strong> Zach\u0119cam szczeg\u00f3lnie do korzystanie z Sakramentu Spowiedzi \u015awi\u0119tej codziennie od godz. 7:45 oraz od godz. 17:30.<\/p>\n<p><strong>11.<\/strong> Zach\u0119camy do nabycia aktualnego numeru \u201eGo\u015bcia Niedzielnego\u201d w cenie 6 z\u0142. z dodatkiem \u201eGo\u015bcia Elbl\u0105skiego\u201d a nim wydarzenia z diecezji.<\/p>\n<p><strong>12.<\/strong> Pan powo\u0142a\u0142 do wieczno\u015bci:<br \/>\n<strong>\u2020<\/strong> \u015bp. Marka Malinowskiego lat 46 ul. K\u0142oczowskiego.<br \/>\n<strong>\u2020<\/strong> \u015bp. Bernarda Kurkowskiego lat 72 z ul. Broniewskiego<\/p>\n<p>Wieczny odpoczynek racz im da\u0107 Panie\u2026<\/p>\n<p>&nbsp;<\/p>\n<p><img decoding=\"async\" src=\"http:\/\/rafalk-elblag.pl\/wp-content\/uploads\/2020\/04\/baner-intencje-mszy.jpg\"><\/p>\n<h2>Intencje mszalne 15.11.2020<\/h2>\n<p><strong>PONIEDZIA\u0141EK \/ 16 listopada 2020r.<\/strong><br \/>\n8.00 \u2020 Leokadia Sakowska w 1 r. \u015bm.<br \/>\n18.00 W int. Bractwa Szkaplerznego oraz os\u00f3b, kt\u00f3re przyjm\u0105 szkaplerz<br \/>\n18.00 Msza \u015aw. zbiorowa za zmar\u0142ych<\/p>\n<p><strong>WTOREK \/ 17 listopada 2020r. \/ \u015bw. El\u017cbiety W\u0119gierskiej<\/strong><br \/>\n8.00 Rez.<br \/>\n18.00 \u2020 Anna Rzepka w 3 r. \u015bm. i Jolanta Ko\u015bci\u0144ska w 4 r. \u015bm.<br \/>\n18.00 Msza \u015aw. zbiorowa za zmar\u0142ych<\/p>\n<p><strong>\u015aRODA \/ 18 listopada 2020r. \/ \u015bw. Karoliny K\u00f3zk\u00f3wny<\/strong><br \/>\n8.00 Rez.<br \/>\n11.00 \u2020 Roman Tykarski z okazji ziemskich imienin<br \/>\n18.00 Msza \u015aw. zbiorowa za zmar\u0142ych<\/p>\n<p><strong>CZWARTEK \/ 19 listopada 2020r.<\/strong><br \/>\n8.00 \u2020 Maria \u0141asak w 30 dpp.<br \/>\n18.00 \u2020 Mieczys\u0142aw Kinach w 30 dzie\u0144 po \u015bmierci<br \/>\n18.00 Msza \u015aw. zbiorowa za zmar\u0142ych<\/p>\n<p><span style=\"text-decoration: underline;\"><strong>PI\u0104TEK \/ 20 listopada \/ \u015bw. Rafa\u0142a Kalinowskiego \/ ODPUST PARAFIALNY<\/strong><\/span><br \/>\n8.00 \u2020 W\u0142adys\u0142aw, Marianna i Wincenty Uler<br \/>\n11.00 W intencji Parafian<br \/>\n18.00 \u2020 Andrzej Jaworski w 8 r.\u015bm., i zm. z rodz. Jaworskich, Stan\u00f3w, Burdelskich, Maria J\u0119drzy\u0144ska oraz babcie i dziadkowie<br \/>\n18.00 Msza \u015aw. zbiorowa za zmar\u0142ych<\/p>\n<p><strong>SOBOTA \/ 21 listopada 2020r. \/ ofiarowania NMP<\/strong><br \/>\n8.00 \u2020 Stanis\u0142awa (k) Cie\u015bli\u0144ska w 17 r.\u015bm., Tadeusz Cie\u015bli\u0144ski w 25 r.\u015bm. oraz Krystyna i J\u00f3zef z rodz. Cie\u015bli\u0144skich<br \/>\n18.00 \u2020 Stefan \u015awider w 4 r. \u015bm.<br \/>\n18.00 Msza \u015aw. zbiorowa za zmar\u0142ych<\/p>\n<p><strong>NIEDZIELA \/ Uroczysto\u015b\u0107 Jezusa Chrystusa Kr\u00f3la Wszech\u015bwiata \/ 22 listopada 2020r.<\/strong><br \/>\n7.00 \u2020 Norbert i zmarli rodzice z obojga stron<br \/>\n9.00 \u2020 Artur i Regina Kowalscy<br \/>\n9.00 Dzi\u0119k. w 40 rocz. \u015blubu Wies\u0142awy i Zdzis\u0142awa Krauze, z pro\u015bb\u0105 o Bo\u017ce b\u0142og. i opiek\u0119 MB na dalsze lata \u017cycia<br \/>\n10.30 \u2020 Wincenty (33 r.\u015bm.) i Helena (26 r.\u015bm.) Wi\u015bniewscy<br \/>\n12.00 W intencji Parafian<br \/>\n15.00 \u2020 Stanis\u0142aw Humelt w 10 r. \u015bm. i zm. z rodz.<br \/>\n18.00 Msza \u015aw. zbiorowa za zmar\u0142ych<\/p>\n","protected":false},"excerpt":{"rendered":"<p>ROCZNICA PO\u015aWI\u0118CENIA KO\u015aCIO\u0141A Po\u015bwi\u0119cenie ko\u015bcio\u0142a i o\u0142tarza zalicza si\u0119 do najbardziej uroczystych akt\u00f3w liturgicznych, a obch\u00f3d rocznicy tego wydarzenia jest podniesiony do rangi uroczysto\u015bci. Gdy dom, w kt\u00f3rym si\u0119 gromadzimy w ka\u017cd\u0105 niedziel\u0119, by\u0142 jeszcze na etapie projektu, mia\u0142 ju\u017c wytyczony cel i zadanie: mia\u0142 by\u0107 miejscem spotkania cz\u0142owieka z Bogiem i s\u0142u\u017cy\u0107 jednoczeniu si\u0119 [&hellip;]<\/p>\n","protected":false},"author":1,"featured_media":4087,"comment_status":"closed","ping_status":"closed","sticky":false,"template":"","format":"standard","meta":{"ngg_post_thumbnail":0,"footnotes":""},"categories":[11,8,4],"tags":[],"class_list":["post-4078","post","type-post","status-publish","format-standard","has-post-thumbnail","hentry","category-aktualnosci","category-blog","category-intencje"],"_links":{"self":[{"href":"https:\/\/rafalk-elblag.pl\/index.php?rest_route=\/wp\/v2\/posts\/4078","targetHints":{"allow":["GET"]}}],"collection":[{"href":"https:\/\/rafalk-elblag.pl\/index.php?rest_route=\/wp\/v2\/posts"}],"about":[{"href":"https:\/\/rafalk-elblag.pl\/index.php?rest_route=\/wp\/v2\/types\/post"}],"author":[{"embeddable":true,"href":"https:\/\/rafalk-elblag.pl\/index.php?rest_route=\/wp\/v2\/users\/1"}],"replies":[{"embeddable":true,"href":"https:\/\/rafalk-elblag.pl\/index.php?rest_route=%2Fwp%2Fv2%2Fcomments&post=4078"}],"version-history":[{"count":7,"href":"https:\/\/rafalk-elblag.pl\/index.php?rest_route=\/wp\/v2\/posts\/4078\/revisions"}],"predecessor-version":[{"id":4089,"href":"https:\/\/rafalk-elblag.pl\/index.php?rest_route=\/wp\/v2\/posts\/4078\/revisions\/4089"}],"wp:featuredmedia":[{"embeddable":true,"href":"https:\/\/rafalk-elblag.pl\/index.php?rest_route=\/wp\/v2\/media\/4087"}],"wp:attachment":[{"href":"https:\/\/rafalk-elblag.pl\/index.php?rest_route=%2Fwp%2Fv2%2Fmedia&parent=4078"}],"wp:term":[{"taxonomy":"category","embeddable":true,"href":"https:\/\/rafalk-elblag.pl\/index.php?rest_route=%2Fwp%2Fv2%2Fcategories&post=4078"},{"taxonomy":"post_tag","embeddable":true,"href":"https:\/\/rafalk-elblag.pl\/index.php?rest_route=%2Fwp%2Fv2%2Ftags&post=4078"}],"curies":[{"name":"wp","href":"https:\/\/api.w.org\/{rel}","templated":true}]}}