{"id":4071,"date":"2020-11-07T19:11:01","date_gmt":"2020-11-07T19:11:01","guid":{"rendered":"http:\/\/rafalk-elblag.pl\/?p=4071"},"modified":"2020-11-07T19:14:19","modified_gmt":"2020-11-07T19:14:19","slug":"biuletyn-08-11-2020-xxxii-niedziela-zwykla","status":"publish","type":"post","link":"https:\/\/rafalk-elblag.pl\/?p=4071","title":{"rendered":"Biuletyn 08.11.2020, XXXII Niedziela Zwyk\u0142a"},"content":{"rendered":"<p><img decoding=\"async\" src=\"http:\/\/rafalk-elblag.pl\/wp-content\/uploads\/2020\/11\/baner-081120.jpg\"><\/p>\n<h1>WO\u0141ANIE Z CZY\u015aCCA<\/h1>\n<p><strong>Za\u0142o\u017cyciel Zgromadzenia Si\u00f3str Wspomo\u017cycielek Dusz Czy\u015b\u0107cowych b\u0142. o. Honorat Ko\u017ami\u0144ski m\u00f3wi\u0142 o duszach, \u017ce s\u0105 jakby rozci\u0105gni\u0119te mi\u0119dzy ziemi\u0105 a niebem, gdy\u017c nie s\u0105 one ju\u017c mieszka\u0144cami ziemi, a niebo jest jeszcze dla nich zamkni\u0119te. Mo\u017cna je wi\u0119c nazwa\u0107 bezdomnymi. Jak im pom\u00f3c?<\/strong><\/p>\n<p>\u201eTe dusze modl\u0105 si\u0119 bardzo gor\u0105co, ale bez skutku dla siebie, my tylko mo\u017cemy im przyj\u015b\u0107 z pomoc\u0105\u201d &#8211; czytamy w \u201eDzienniczku\u201d \u015bw. s. Faustyny. O pomocy cierpi\u0105cym w czy\u015b\u0107cu nieustannie przypomina\u0142 te\u017c \u015bw. o. Pio. Modlitw\u0119 w intencji zmar\u0142ych uwa\u017ca\u0142 za obowi\u0105zek chrze\u015bcijanina wa\u017cniejszy ni\u017c \u017ca\u0142oba po nich, poniewa\u017c posiada ona wi\u0119ksz\u0105 wag\u0119 od jakiejkolwiek innej czynno\u015bci podj\u0119tej w ich imieniu. Sam utrzymywa\u0142 siln\u0105 wi\u0119\u017a z duszami czy\u015b\u0107cowymi, za kt\u00f3re modli\u0142 si\u0119 nieustannie.<\/p>\n<p>Pewnego razu powiedzia\u0142: \u201eWchodzi na t\u0119 g\u00f3r\u0119, by uczestniczy\u0107 w moich Mszach i szuka\u0107 moich modlitw, wi\u0119cej dusz z czy\u015b\u0107ca ni\u017c \u017cywych ludzi\u201d. Z kolei \u015bw. Ma\u0142gorzata Maria Alacoque z Zakonu Si\u00f3str Nawiedzenia Naj\u015bwi\u0119tszej Maryi Panny (wizytek), \u017cyj\u0105ca w drugiej po\u0142owie XVII w., w swoim \u201ePami\u0119tniku duchowym\u201d opisuje \u201espotkanie\u201d ze zmar\u0142\u0105 zakonnic\u0105, kt\u00f3ra wyzna\u0142a jej, \u017ce cierpi w czy\u015b\u0107cu z powodu lenistwa i niedbalstwa w zachowaniu regu\u0142 i niewierno\u015bci wzgl\u0119dem Boga.<\/p>\n<p>\u201ePro\u015b Boga za mn\u0105, ofiaruj Mu swoje cierpienia w \u0142\u0105czno\u015bci z cierpieniami Jezusa Chrystusa, by ul\u017cy\u0107 moim\u201d &#8211; m\u00f3wi\u0142a zmar\u0142a, prosz\u0105c o przyst\u0119powanie w jej intencji do Komunii \u015bw. \u201eGdy przyj\u0119\u0142am Komuni\u0119 \u015bw., o kt\u00f3r\u0105 mnie prosi\u0142a, powiedzia\u0142a mi, \u017ce jej straszliwe m\u0119czarnie znacznie si\u0119 zmniejszy\u0142y, gdy\u017c w jej intencji odprawiono Msze \u015bw. ku czci M\u0119ki Pa\u0144skiej, jednak zosta\u0142a jeszcze d\u0142ugo w czy\u015b\u0107cu, w kt\u00f3rym cierpia\u0142a m\u0119ki nale\u017cne duszom, kt\u00f3re by\u0142y ozi\u0119b\u0142e w s\u0142u\u017cbie Bo\u017cej\u201d &#8211; zanotowa\u0142a \u015bw. Ma\u0142gorzata.<\/p>\n<p>Natomiast \u015bw. Katarzyna z Genui w dzie\u0142ku \u201eTraktat o czy\u015b\u0107cu\u201d dzieli\u0142a si\u0119 swoj\u0105 wizj\u0105 czy\u015b\u0107ca: \u201eDusze niekt\u00f3rych zmar\u0142ych wobec doskona\u0142ej \u015bwi\u0119to\u015bci Boga czuj\u0105 si\u0119 tak brudne i niegodne zbli\u017cenia si\u0119 do Niego, \u017ce same poddaj\u0105 si\u0119 niewypowiedzianie wielkiej, lecz oczyszczaj\u0105cej m\u0119ce. S\u0105 pomimo to szcz\u0119\u015bliwe, gdy\u017c wiedz\u0105, \u017ce s\u0105 zbawione\u201d.<\/p>\n<p>Warto zwr\u00f3ci\u0107 uwag\u0119 na my\u015bl, \u017ce je\u015bli B\u00f3g poprzez wybrane osoby ods\u0142ania tajemnice \u017cycia wiecznego, nie czyni tego ze wzgl\u0119du na zaspokojenie ciekawo\u015bci. Objawia si\u0119 w tym Bo\u017ce mi\u0142osierdzie b\u0119d\u0105ce zarazem zaproszeniem do ofiarowania duszom konkretnej pomocy, do kt\u00f3rej jeste\u015bmy zobowi\u0105zani. Potwierdzenie odnajdziemy w s\u0142owach Pana Jezusa skierowanych do siostry Faustyny, okre\u015blaj\u0105cych intencj\u0119 \u00f3smego dnia Nowenny do Mi\u0142osierdzia Bo\u017cego:<\/p>\n<p>\u201eDzi\u015b sprowad\u017a mi dusze, kt\u00f3re s\u0105 w wi\u0119zieniu czy\u015b\u0107cowym i zanurz je w przepa\u015bci mi\u0142osierdzia mojego, niechaj strumienie Krwi Mojej och\u0142odz\u0105 ich upalenie. Wszystkie te dusze s\u0105 bardzo przeze mnie umi\u0142owane, odp\u0142acaj\u0105 si\u0119 Mojej sprawiedliwo\u015bci, w twojej mocy jest im przynie\u015b\u0107 ulg\u0119. Bierz ze skarbca Mojego Ko\u015bcio\u0142a wszystkie odpusty i ofiaruj za nie&#8230; O, gdyby\u015b zna\u0142a ich m\u0119k\u0119, ustawicznie by\u015b ofiarowa\u0142a za nie ja\u0142mu\u017cn\u0119 ducha i sp\u0142aca\u0142a ich d\u0142ugi Mojej sprawiedliwo\u015bci\u201d.<\/p>\n<p><strong>Jak mo\u017cemy pom\u00f3c cierpi\u0105cym w czy\u015b\u0107cu? Najwi\u0119kszym darem, jaki mo\u017cemy im ofiarowa\u0107, jest Msza \u015bw. i przyj\u0119cie Komunii \u015bw. w ich intencji. Eucharystia stanowi Naj\u015bwi\u0119tsz\u0105 Ofiar\u0119 Cia\u0142a i Krwi samego Syna Bo\u017cego. Nic cenniejszego nie mo\u017cna ofiarowa\u0107 zmar\u0142emu. Msza \u015bw. jest szczytow\u0105 form\u0105 okazywania mi\u0142o\u015bci duszom czy\u015b\u0107cowym. Z Naj\u015bwi\u0119tszej Ofiary Jezusa Chrystusa czerpi\u0105 moc wszystkie inne modlitwy i dobre uczynki oraz odpusty.<\/strong><\/p>\n<p>Jednak z relacji wielu \u015bwi\u0119tych, kt\u00f3rym objawia\u0142y si\u0119 dusze czy\u015b\u0107cowe, dowiadujemy si\u0119 jednak, \u017ce niekt\u00f3re z nich na pocz\u0105tku nie s\u0105 w stanie korzysta\u0107 z ofiarowywanych za nich Eucharystii czy Komunii \u015bw. Dlaczego? Poniewa\u017c je\u015bli za \u017cycia nie przywi\u0105zywa\u0142y one wagi do Mszy \u015bw., nie czerpa\u0142y z niej, r\u00f3wnie\u017c po \u015bmierci pocz\u0105tkowo te \u0142aski je omijaj\u0105. Nie znaczy to, \u017ce ofiarowywane przez nas Eucharystie id\u0105 na marne. Pozostaj\u0105 ukryte jakby w skarbcu do czasu, kiedy dusza znajdzie si\u0119 w lepszej kondycji i ju\u017c b\u0119dzie w stanie z ich dobrodziejstw korzysta\u0107.<\/p>\n<p>&nbsp;<\/p>\n<p>&nbsp;<br \/>\n<img decoding=\"async\" src=\"http:\/\/rafalk-elblag.pl\/wp-content\/uploads\/2020\/04\/baner-ogloszenia-parafialne.jpg\"><\/p>\n<h2>Og\u0142oszenia parafialne 08.11.2020r<\/h2>\n<h2>XXXI NIEDZIELA ZWYK\u0141A<\/h2>\n<p><strong>1.<\/strong> Kleryk naszego Seminarium Krzysztof Lewandowski, rozprowadza dzisiaj przed ko\u015bcio\u0142em, kalendarze \u015bcienne na rok 2021 za dobrowoln\u0105 ofiar\u0119. Nabywaj\u0105c kalendarz wspieramy Wy\u017csze Seminarium Duchowne w Elbl\u0105gu. Dzi\u0119kujemy za zrozumienie.<\/p>\n<p><strong>2.<\/strong> W listopadzie w spos\u00f3b szczeg\u00f3lny pochylamy si\u0119 nad mogi\u0142ami, w kt\u00f3rych spoczywaj\u0105 nasi bliscy. Najg\u0142\u0119bszym wyrazem naszej mi\u0142o\u015bci jest nasza modlitwa za nich. Dlatego zapraszamy do wsp\u00f3lnej <strong>modlitwy za zmar\u0142ych codziennie o godz. 17:30 \u2013 WYPOMINKI po\u0142\u0105czone z Koronk\u0105 do Mi\u0142osierdzia Bo\u017cego oraz na Msz\u0119 \u015bw. Zbiorow\u0105 o godz. 18:00,<\/strong><\/p>\n<p><strong>3. PAMI\u0118TAJMY, \u017bE ODPUST ZUPE\u0141NY ZA ZMAR\u0141YCH<\/strong> w tym roku mo\u017cemy uzyska\u0107 przez ca\u0142y listopad. Ojciec \u015awi\u0119ty Franciszek wyd\u0142u\u017cy\u0142 ten czas z racji epidemii koronawirusa.<\/p>\n<p><strong>4.<\/strong> Informujemy, \u017ce zgodnie z aktualnymi decyzjami w\u0142adz pa\u0144stwowych i sanitarnych, przyj\u0119tych tak\u017ce przez w\u0142adze ko\u015bcielne, w Mszach \u015bwi\u0119tych i innych nabo\u017ce\u0144stwach w naszym ko\u015bciele od 7 listopada br. mo\u017ce uczestniczy\u0107 35 os\u00f3b.<\/p>\n<h3 style=\"text-align: center;\">UWAGA!!!<br \/>\nPrzychodzimy w maseczkach i w nich uczestniczymy podczas Mszy \u015bw. i nabo\u017ce\u0144stwach. \u015aci\u0105gamy je wy\u0142\u0105cznie w momencie przyjmowania Komunii \u015awi\u0119tej. Prosimy o przestrzeganie tego zalecenia sanitarnego.<\/h3>\n<p><strong>5.<\/strong> Spotkania dla rodzic\u00f3w dzieci klas III przygotowuj\u0105cych si\u0119 do I KOMUNII \u015aWI\u0118TEJ odb\u0119d\u0105 si\u0119 o godz. 19:00 w ko\u015bciele wed\u0142ug ustalonego porz\u0105dku:<br \/>\n\u2022 w poniedzia\u0142ek (9 listopada) rodzice klas III A i III B<br \/>\n\u2022 we wtorek (10 listopada) rodzice klas III C i III D i spoza parafii. Serdecznie zapraszamy na nasze comiesi\u0119czne spotkanie.<\/p>\n<p><strong>6.<\/strong> W \u015brod\u0119 (11 listopada), Msza \u015bw. o godz. 11:00, w 102 rocznic\u0119 odzyskania przez Polsk\u0119 Niepodleg\u0142o\u015bci. Dzi\u0119kowa\u0107 b\u0119dziemy za dar wolno\u015bci i prosi\u0107 o dary Ducha \u015awi\u0119tego dla wszystkich odpowiedzialnych za losy Polskiego Narodu. Szczeg\u00f3lnie prosi\u0107 b\u0119dziemy o jedno\u015b\u0107 i zgod\u0119 w naszej Ojczy\u017anie. Zapraszamy do wsp\u00f3lnej modlitwy.<\/p>\n<p><strong>7.<\/strong> Zapraszamy 11 listopada br. na Msz\u0119 \u015bw. o godz. 11:00 w intencji ks. Marcina z okazji Jego imienin. Niech Pan B\u00f3g Mu b\u0142ogos\u0142awi a Maryja nieustannie czuwa i umacnia na drodze \u017cycia kap\u0142a\u0144skiego.<\/p>\n<p><strong>8. Od 11 do 19 listopada b\u0119dzie trwa\u0142a Nowenna do \u015bw. Rafa\u0142a Kalinowskiego<\/strong>, przygotowuj\u0105ca nas duchowo do ODPUSTU PARAFIALNEGO. Nowenn\u0119 b\u0119dziemy odmawia\u0107 na zako\u0144czenie Mszy \u015bw. Zapraszamy do wsp\u00f3lnej modlitwy.<\/p>\n<p>9. Najpi\u0119kniejsz\u0105 modlitw\u0105 Ko\u015bcio\u0142a jest Msza \u015bwi\u0119ta, kt\u00f3r\u0105 mo\u017cna zamawia\u0107 za \u017cywych i umar\u0142ych lub ofiarowa\u0107 jako wspania\u0142y chrze\u015bcija\u0144ski prezent z okazji rocznicy \u015blubu, chrztu, urodzin i imienin prosz\u0105c o \u0142aski lub za nie dzi\u0119kuj\u0105c. Mo\u017cna zamawia\u0107 i rezerwowa\u0107 Msze \u015bw. na rok 2021.<\/p>\n<p><strong>10<\/strong>. Mo\u017cliwo\u015b\u0107 skorzystanie z Sakramentu Spowiedzi \u015awi\u0119tej w tygodniu mamy: od godz. 7:45 oraz od godz. 17:30. Zapraszamy.<\/p>\n<p><strong>11.<\/strong> Zach\u0119camy do czytania prasy katolickiej: nowy numer \u201eGo\u015bcia Niedzielnego\u201d w cenie 6 z\u0142. z dodatkiem \u201eGo\u015b\u0107 Elbl\u0105ski\u201d a nim wydarzenia z diecezji.<\/p>\n<p>&nbsp;<\/p>\n<p><img decoding=\"async\" src=\"http:\/\/rafalk-elblag.pl\/wp-content\/uploads\/2020\/04\/baner-intencje-mszy.jpg\"><\/p>\n<h2>Intencje mszalne 08.11.2020<\/h2>\n<p><strong>PONIEDZIA\u0141EK \/ 9 listopada 2020r. \/ \u015bwi\u0119to po\u015bwi\u0119cenia Bazyliki Latera\u0144skiej<\/strong><br \/>\n8.00 O zdrowie i potrzebne \u0142aski w chorobie dla W\u0142odzimierza Kowalskiego<br \/>\n18.00 \u2020 Marek Pietrzak<br \/>\n18.00 Msza \u015aw. zbiorowa za zmar\u0142ych<\/p>\n<p><strong>WTOREK \/ 10 listopada 2020r. \/ \u015bw. Leona Wielkiego<\/strong><br \/>\n8.00 O Bo\u017ce b\u0142og., opiek\u0119 MB i potrzebne \u0142aski dla doktor Joanny Borowskiej i jej ca\u0142ej rodziny<br \/>\n18.00 \u2020 Stefania (k) w 11 r.\u015bm., W\u0142adys\u0142aw w 23 r.\u015bm., Tadeusz w 31 r.\u015bm. i zm. rodzice z obojga stron<br \/>\n18.00 Msza \u015aw. zbiorowa za zmar\u0142ych<\/p>\n<p><strong>\u015aRODA \/ 11 listopada 2020r. \/ \u015bw. Marcina z Tours<\/strong><br \/>\n8.00 Rez.<br \/>\n11.00 W intencji Ojczyzny<br \/>\n11.00 O Bo\u017ce b\u0142og., opiek\u0119 MB dla ks. Marcina z ok. imienin \u2013 int. od Margaretki<br \/>\n18.00 Msza \u015aw. zbiorowa za zmar\u0142ych<\/p>\n<p><strong>CZWARTEK \/ 12 listopada 2020r. \/ \u015bw. Jozafata<\/strong><br \/>\n8.00<br \/>\n18.00<br \/>\n18.00 Msza \u015aw. zbiorowa za zmar\u0142ych<\/p>\n<p><strong>PI\u0104TEK \/ 13 listopada \/ pierwszych M\u0119czennik\u00f3w Polski<\/strong><br \/>\n8.00<br \/>\n18.00 \u2020 Zm. rodzice: Krystyna i Stanis\u0142aw Lipi\u0144scy<br \/>\n18.00 Msza \u015aw. zbiorowa za zmar\u0142ych<\/p>\n<p><strong>SOBOTA \/ 14 listopada 2020r.<\/strong><br \/>\n8.00 \u2020 Zm. z rodz. Goluch\u00f3w, Go\u0142osi\u0144skich, Micewicz\u00f3w i Szut\u00f3w<br \/>\n18.00 \u2020 Kazimierz Kaczor w 8 r. \u015bm.<br \/>\n18.00 Msza \u015aw. zbiorowa za zmar\u0142ych<\/p>\n<p><strong>XXXIII Niedziela Zwyk\u0142a \/ 15 listopada 2020r.<\/strong><br \/>\n7.00 \u2020 Zofia, Katarzyna, J\u00f3zef z rodz. Kozaczuk, Jadwiga, Jan, Ryszard z rodz. Wysockich<br \/>\n9.00 \u2020 Anatol Usik w 7 miesi\u0105c po \u015bmierci<br \/>\n9.00<br \/>\n10.30 O Bo\u017ce b\u0142og., opiek\u0119 MB i dary Ducha \u015aw. dla Patryka Szczepanika w dniu 15 ur.<br \/>\n12.00 W intencji Parafian<br \/>\n15.00 \u2020 Zdzis\u0142aw Borowski w 4 r. \u015bm.<br \/>\n18.00 Msza \u015aw. zbiorowa za zmar\u0142ych<\/p>\n","protected":false},"excerpt":{"rendered":"<p>WO\u0141ANIE Z CZY\u015aCCA Za\u0142o\u017cyciel Zgromadzenia Si\u00f3str Wspomo\u017cycielek Dusz Czy\u015b\u0107cowych b\u0142. o. Honorat Ko\u017ami\u0144ski m\u00f3wi\u0142 o duszach, \u017ce s\u0105 jakby rozci\u0105gni\u0119te mi\u0119dzy ziemi\u0105 a niebem, gdy\u017c nie s\u0105 one ju\u017c mieszka\u0144cami ziemi, a niebo jest jeszcze dla nich zamkni\u0119te. Mo\u017cna je wi\u0119c nazwa\u0107 bezdomnymi. Jak im pom\u00f3c? \u201eTe dusze modl\u0105 si\u0119 bardzo gor\u0105co, ale bez skutku [&hellip;]<\/p>\n","protected":false},"author":1,"featured_media":4073,"comment_status":"closed","ping_status":"closed","sticky":false,"template":"","format":"standard","meta":{"ngg_post_thumbnail":0,"footnotes":""},"categories":[11,8,4,3],"tags":[],"class_list":["post-4071","post","type-post","status-publish","format-standard","has-post-thumbnail","hentry","category-aktualnosci","category-blog","category-intencje","category-ogloszenia"],"_links":{"self":[{"href":"https:\/\/rafalk-elblag.pl\/index.php?rest_route=\/wp\/v2\/posts\/4071","targetHints":{"allow":["GET"]}}],"collection":[{"href":"https:\/\/rafalk-elblag.pl\/index.php?rest_route=\/wp\/v2\/posts"}],"about":[{"href":"https:\/\/rafalk-elblag.pl\/index.php?rest_route=\/wp\/v2\/types\/post"}],"author":[{"embeddable":true,"href":"https:\/\/rafalk-elblag.pl\/index.php?rest_route=\/wp\/v2\/users\/1"}],"replies":[{"embeddable":true,"href":"https:\/\/rafalk-elblag.pl\/index.php?rest_route=%2Fwp%2Fv2%2Fcomments&post=4071"}],"version-history":[{"count":3,"href":"https:\/\/rafalk-elblag.pl\/index.php?rest_route=\/wp\/v2\/posts\/4071\/revisions"}],"predecessor-version":[{"id":4075,"href":"https:\/\/rafalk-elblag.pl\/index.php?rest_route=\/wp\/v2\/posts\/4071\/revisions\/4075"}],"wp:featuredmedia":[{"embeddable":true,"href":"https:\/\/rafalk-elblag.pl\/index.php?rest_route=\/wp\/v2\/media\/4073"}],"wp:attachment":[{"href":"https:\/\/rafalk-elblag.pl\/index.php?rest_route=%2Fwp%2Fv2%2Fmedia&parent=4071"}],"wp:term":[{"taxonomy":"category","embeddable":true,"href":"https:\/\/rafalk-elblag.pl\/index.php?rest_route=%2Fwp%2Fv2%2Fcategories&post=4071"},{"taxonomy":"post_tag","embeddable":true,"href":"https:\/\/rafalk-elblag.pl\/index.php?rest_route=%2Fwp%2Fv2%2Ftags&post=4071"}],"curies":[{"name":"wp","href":"https:\/\/api.w.org\/{rel}","templated":true}]}}