{"id":4067,"date":"2020-11-01T11:04:09","date_gmt":"2020-11-01T11:04:09","guid":{"rendered":"http:\/\/rafalk-elblag.pl\/?p=4067"},"modified":"2020-11-01T11:04:09","modified_gmt":"2020-11-01T11:04:09","slug":"biuletyn-01-11-2020-xxxi-niedziela-zwykla","status":"publish","type":"post","link":"https:\/\/rafalk-elblag.pl\/?p=4067","title":{"rendered":"Biuletyn 01.11.2020, XXXI Niedziela Zwyk\u0142a"},"content":{"rendered":"<p><img decoding=\"async\" src=\"http:\/\/rafalk-elblag.pl\/wp-content\/uploads\/2020\/11\/baner-011120.jpg\"><\/p>\n<h1>UROCZYSTO\u015a\u0106 WSZYSTKICH \u015aWI\u0118TYCH<\/h1>\n<p><strong>1 listopada Ko\u015bci\u00f3\u0142 katolicki obchodzi uroczysto\u015b\u0107 Wszystkich \u015awi\u0119tych. Dzie\u0144 ten kojarzy si\u0119 dla wielu ze zniczem, z grobem bliskich os\u00f3b, z cmentarzem, dla innych z wi\u0105zank\u0105 kwiat\u00f3w, jeszcze dla innych z modlitw\u0105 i pami\u0119ci\u0105 o tych, kt\u00f3rzy wyprzedzili nas w drodze do wieczno\u015bci. Nie mniej jednak w tym dniu udajemy si\u0119 z ca\u0142ymi rodzinami na cmentarz i nawiedzamy groby naszych bliskich, przyjaci\u00f3\u0142, rodzic\u00f3w, krewnych, znajomych, stawiaj\u0105c kwiaty, zapalaj\u0105c ten &#8222;p\u0142omyk nadziei&#8221;, wierz\u0105c, \u017ce ju\u017c ciesz\u0105 si\u0119 oni chwa\u0142\u0105 w domu Ojca Niebieskiego.<\/strong><\/p>\n<p>Ko\u015bci\u00f3\u0142 w tym dniu oddaje cze\u015b\u0107 tym wszystkim, kt\u00f3rzy ju\u017c weszli do chwa\u0142y niebieskiej, a wiernym pielgrzymuj\u0105cym jeszcze na ziemi wskazuje drog\u0119, kt\u00f3ra ma zaprowadzi\u0107 ich do \u015bwi\u0119to\u015bci. Przypomina nam r\u00f3wnie\u017c prawd\u0119 o naszej wsp\u00f3lnocie ze \u015awi\u0119tymi, kt\u00f3rzy otaczaj\u0105 nas opiek\u0105.<\/p>\n<p>W ci\u0105gu wiek\u00f3w Ko\u015bci\u00f3\u0142 ubogaci\u0142 kult \u015bwi\u0119tych. Stawia\u0142 im pos\u0105gi, malowa\u0142 ich obrazy, budowa\u0142 ku ich czci \u015bwi\u0105tynie i o\u0142tarze, u\u0142o\u017cy\u0142 szereg modlitw i pie\u015bni religijnych ku ich czci, jak te\u017c u\u0142o\u017cy\u0142 teksty liturgiczne do Mszy \u015bw. i kap\u0142a\u0144skich pacierzy &#8211; Liturgii Godzin.<\/p>\n<p>Kult \u015awi\u0119tych pomna\u017ca cze\u015b\u0107 Pana Boga. \u015awi\u0119tych Pa\u0144skich czcimy ze wzgl\u0119du na Pana Boga, kt\u00f3rego oni &#8222;reprezentuj\u0105&#8221;. Tak wi\u0119c nie bezpo\u015brednio, lecz po\u015brednio przez nich kierujemy kult ku Panu Bogu. Ko\u015bci\u00f3\u0142 oddaje cze\u015b\u0107 \u015bwi\u0119tym w r\u00f3\u017cnym stopniu. I tak na pierwszym miejscu stawia Naj\u015bwi\u0119tsz\u0105 Maryj\u0119 Pann\u0119, nast\u0119pnie \u015bwi\u0119tych: J\u00f3zefa i Jana Chrzciciela, dalej Aposto\u0142\u00f3w.<\/p>\n<p>Najwi\u0119cej jest \u015bwi\u0119tych lokalnych, kt\u00f3rzy odbieraj\u0105 szczeg\u00f3ln\u0105 cze\u015b\u0107: w zakonie, w narodzie, w pa\u0144stwie czy w diecezji, gdzie si\u0119 ws\u0142awili m\u0119cze\u0144stwem za wiar\u0119 lub niezwyk\u0142\u0105 cnot\u0105.<\/p>\n<h1>KOMUNIKAT PENITENCJARII APOSTOLSKIEJ<\/h1>\n<p><strong>Penitencjaria Apostolska zdecydowa\u0142a, \u017ce aby zapewni\u0107 bezpiecze\u0144stwo wiernych w czasie epidemii, odpust zupe\u0142ny dla os\u00f3b nawiedzaj\u0105cych cmentarz i modl\u0105cych si\u0119 za zmar\u0142ych przez poszczeg\u00f3lne osiem dni, zwykle ustanowiony jedynie na dni od 1 do 8 listopada, mo\u017ce by\u0107 przeniesiony na inne osiem dni listopada.<\/strong><\/p>\n<p>Dni te, dowolnie wybrane przez poszczeg\u00f3lnych wiernych, mog\u0105 by\u0107 od siebie oddzielone. R\u00f3wnie\u017c odpust zupe\u0142ny zwi\u0105zany z dniem 2 listopada \u2013 wspomnieniem wszystkich wiernych zmar\u0142ych dla tych, kt\u00f3rzy pobo\u017cnie nawiedzaj\u0105 kaplic\u0119 lub cmentarz i odmawiaj\u0105 tam \u201eOjcze nasz\u201d i \u201eWierz\u0119 w Boga\u201d, mo\u017ce by\u0107 przeniesiony na inny dzie\u0144 listopada, dowolnie wybrany przez poszczeg\u00f3lnych wiernych.<\/p>\n<p>Osoby starsze, chore i ci wszyscy, kt\u00f3rzy z powa\u017cnych powod\u00f3w nie mog\u0105 opu\u015bci\u0107 domu, na przyk\u0142ad ze wzgl\u0119du na zakazy gromadzenia si\u0119 licznych wiernych w miejscach \u015bwi\u0119tych, b\u0119d\u0105 mogli uzyska\u0107 odpust zupe\u0142ny, je\u015bli tylko b\u0119d\u0105 si\u0119 \u0142\u0105czy\u0107 duchowo z wiernymi, kt\u00f3rzy pobo\u017cnie nawiedzaj\u0105 miejsca \u015bwi\u0119te oraz je\u015bli wyklucz\u0105 wszelkie przywi\u0105zanie do jakiegokolwiek grzechu i maj\u0105 intencj\u0119 \u2013 kiedy to tylko b\u0119dzie mo\u017cliwe \u2013 spe\u0142ni\u0107 trzy zwyczajne warunki (spowied\u017a sakramentalna, Komunia eucharystyczna i modlitwa w intencjach Ojca \u015awi\u0119tego).<\/p>\n<p>Te osoby, aby uzyska\u0107 odpust zupe\u0142ny powinny odm\u00f3wi\u0107 pobo\u017cnie modlitwy za zmar\u0142ych przed obrazem Pana Jezusa lub Naj\u015bwi\u0119tszej Maryi Panny (na przyk\u0142ad jutrzni\u0119 i nieszpory z oficjum Liturgii godzin za zmar\u0142ych, R\u00f3\u017caniec, Koronk\u0119 do Bo\u017cego Mi\u0142osierdzia i inne modlitwy za zmar\u0142ych bliskich ich sercu); podj\u0105\u0107 medytacyjn\u0105 lektur\u0119 jednego z fragment\u00f3w Ewangelii z liturgii za zmar\u0142ych lub te\u017c wype\u0142ni\u0107 uczynki mi\u0142osierdzia poprzez ofiarowanie Bogu swoich cierpie\u0144.<\/p>\n<p>&nbsp;<\/p>\n<p>&nbsp;<br \/>\n<img decoding=\"async\" src=\"http:\/\/rafalk-elblag.pl\/wp-content\/uploads\/2020\/04\/baner-ogloszenia-parafialne.jpg\"><\/p>\n<h2>Og\u0142oszenia parafialne 01.11.2020r<\/h2>\n<h2>XXXI NIEDZIELA ZWYK\u0141A<\/h2>\n<p><strong>1.<\/strong> W listopadzie w spos\u00f3b szczeg\u00f3lny pochylamy si\u0119 nad mogi\u0142ami, w kt\u00f3rych spoczywaj\u0105 nasi bliscy. Najg\u0142\u0119bszym wyrazem naszej mi\u0142o\u015bci jest nasza modlitwa za nich. Dlatego zapraszamy do wsp\u00f3lnej modlitwy za zmar\u0142ych codziennie o godz. 17:30 \u2013 WYPOMINKI po\u0142\u0105czone z Koronk\u0105 do Mi\u0142osierdzia Bo\u017cego oraz na Msz\u0119 \u015bw. Zbiorow\u0105 o godz. 18:00.<\/p>\n<p><strong>2.<\/strong> W poniedzia\u0142ek 2 listopada &#8211; Wspomnienie Wszystkich Wiernych Zmar\u0142ych, czyli Dzie\u0144 Zaduszny. Msze \u015bw. o godz. 8:00, 11:00 i o godz. 18:00. W tym dniu szczeg\u00f3lnie zapraszamy rodziny zmar\u0142ych w ostatnim roku parafian, na Msz\u0119 \u015bw. o godz. 18:00 podczas kt\u00f3rej zostan\u0105 wyczytani i poleceni Bo\u017cemu Mi\u0142osierdziu.<\/p>\n<p>3. ODPUST ZUPE\u0141NY w tym roku mo\u017cemy uzyska\u0107 przez ca\u0142y listopad. Ojciec \u015awi\u0119ty Franciszek wyd\u0142u\u017cy\u0142 ten czas z racji epidemii koronawirusa. Zach\u0119camy, aby modlitw\u0119 przy grobach bliskich nam zmar\u0142ym roz\u0142o\u017cy\u0107 w czasie. Chodzi o to, aby unika\u0107 przebywania w t\u0142umie os\u00f3b na cmentarzu.<\/p>\n<p><strong>4.<\/strong> Dzieci wraz z rodzicami lub opiekunami zapraszamy na modlitw\u0119 za zmar\u0142ych 4 i 18 listopada (\u015broda) na godz. 16:30. Prosimy, aby dzieci przynios\u0142y ze sob\u0105 znicze.<\/p>\n<p><strong>5.<\/strong> W tym tygodniu przypada:<\/p>\n<ul>\n<li>I czwartek miesi\u0105ca (5.XI.) \u2013 <strong>zapraszamy na Msz\u0119 \u015bw. o godz. 18:00, a wcze\u015bniej od godz. 17:00 na Adoracj\u0119 Naj\u015bwi\u0119tszego Sakramentu tj. na \u201eGODZIN\u0118 \u015aWI\u0118T\u0104\u201d<\/strong> po\u0142\u0105czon\u0105 z WYPOMINKAMI. Zapraszamy wszystkie \u201eMargaretki\u201d do wsp\u00f3lnej modlitwy oraz osoby modl\u0105ce si\u0119 za kap\u0142an\u00f3w.<\/li>\n<li>I pi\u0105tek miesi\u0105ca (6.XI.) zapraszamy do spowiedzi dzieci z klas IV w tygodniu, wed\u0142ug ustalonego porz\u0105dku tj.: poniedzia\u0142ek od godz. 17:30 klasa IVA, wtorek od godz. 17:30 klasa IVB \u015broda od godz. 17:30 klasa IVC, czwartek od godz. 17:30 klasa IVD i w pi\u0105tek od godz. 16:00 pozosta\u0142e dzieci z innych klas. Msza \u015bw. dla wszystkich dzieci w I pi\u0105tek 6 listopada o godz. 16:30. Natomiast spowied\u017a dla doros\u0142ych i m\u0142odzie\u017cy od godz. 17:30. Msza \u015bw. Wotywna o Naj\u015bwi\u0119tszym Sercu Jezusa o godz. 18:00<\/li>\n<li>I sobota miesi\u0105ca: zapraszamy wszystkich czcicieli Matki Bo\u017cej na nabo\u017ce\u0144stwo po\u0142\u0105czone z Adoracj\u0105 Naj\u015bwi\u0119tszego Sakramentu od godz. 17:00.<\/li>\n<\/ul>\n<p>6. W zwi\u0105zku z trwaj\u0105c\u0105 epidemi\u0105 i wskazaniami Biskupa Elbl\u0105skiego, chc\u0105c zachowa\u0107 wszelk\u0105 ostro\u017cno\u015b\u0107 &#8211; <strong>w tym miesi\u0105cu ksi\u0119\u017ca nie odwiedz\u0105 swoich chorych.<\/strong><\/p>\n<p>7. W sobot\u0119 7 listopada o godz. 20.00 odb\u0119dzie si\u0119 w naszej parafii <strong>Apel Jasnog\u00f3rski grup pielgrzymkowych Elbl\u0105g P\u00f3\u0142noc i Katedry pod has\u0142em \u201eKt\u00f3ry\u015b jest w niebie\u201d.<\/strong> Zach\u0119camy do uczestnictwa.<\/p>\n<p>8. W pierwsze niedziele miesi\u0105ca zbierana taca przeznaczona jest na inwestycje w naszej parafii. B\u00f3g zap\u0142a\u0107 za sk\u0142adane ofiary.<\/p>\n<p><strong>9. W ko\u015bciele, zakrystii i kancelarii parafialnej, u\u017cywamy maseczek os\u0142aniaj\u0105cych usta i nos. Na stolikach przy g\u0142\u00f3wnym i bocznym wej\u015bciu do ko\u015bcio\u0142a umieszczone s\u0105 dozowniki z p\u0142ynem do dezynfekcji r\u0105k. Prosimy o stosowanie si\u0119 do zalece\u0144 sanitarnych.<\/strong><\/p>\n<p>10. Najpi\u0119kniejsz\u0105 modlitw\u0105 Ko\u015bcio\u0142a jest Msza \u015bwi\u0119ta, kt\u00f3r\u0105 mo\u017cna zamawia\u0107 za \u017cywych i umar\u0142ych lub ofiarowa\u0107 jako wspania\u0142y chrze\u015bcija\u0144ski prezent z okazji rocznicy \u015blubu, chrztu, urodzin i imienin prosz\u0105c o \u0142aski lub za nie dzi\u0119kuj\u0105c. Mo\u017cna zamawia\u0107 i rezerwowa\u0107 Msze \u015bw. na rok 2021.<\/p>\n<p>11. Mo\u017cliwo\u015b\u0107 skorzystania z Sakramentu Spowiedzi \u015awi\u0119tej w tygodniu mamy: od godz. 7:45 oraz od godz. 17:30. Zapraszamy.<\/p>\n<p>12. Zach\u0119camy do czytania prasy katolickiej: nowy numer \u201eGo\u015bcia Niedzielnego\u201d w cenie 6 z\u0142. z dodatkiem \u201eGo\u015b\u0107 Elbl\u0105ski\u201d a nim wydarzenia z diecezji.<br \/>\n&nbsp;<\/p>\n<p>&nbsp;<\/p>\n<p><img decoding=\"async\" src=\"http:\/\/rafalk-elblag.pl\/wp-content\/uploads\/2020\/04\/baner-intencje-mszy.jpg\"><\/p>\n<h2>Intencje mszalne 01.11.2020<\/h2>\n<p><strong>PONIEDZIA\u0141EK \/ 2 listopada 2020r. \/ Wszystkich Wiernych Zmar\u0142ych<\/strong><br \/>\n8.00 \u2020 Dusze w czy\u015b\u0107cu cierpi\u0105ce<br \/>\n11.00 \u2020 Marek Pietrzak, rodzice: Stefania i Jan Pietrzak, Marian, Bronis\u0142aw, Piotr, Natalia Koziatek, Cecylia i Wac\u0142aw Makarewicz i zm. z rodz. Biedrzyckich, Krystyna i Kazimierz D\u0105bkowscy, Danuta i Miros\u0142aw Siemaszko<br \/>\n18.00 \u2020 Kordula i Wac\u0142aw Mat\u0142ach i zm. z rodz.<br \/>\n18.00 Msza \u015aw. zbiorowa za zmar\u0142ych<\/p>\n<p><strong>WTOREK \/ 3 listopada 2020r.<\/strong><br \/>\n8.00 \u2020 Marian i zm. rodzice: Julia, S\u0142awomir i W\u0142adys\u0142aw w rocz. \u015bmierci<br \/>\n18.00 \u2020 Dionizy Szersze\u0144 w 5 r. \u015bm.<br \/>\n18.00 Msza \u015aw. zbiorowa za zmar\u0142ych<\/p>\n<p><strong>\u015aRODA \/ 4 listopada 2020r. \/ \u015bw. Karola Boromeusza<\/strong><br \/>\n8.00<br \/>\n18.00 \u2020 Krystyna Kondrat w 3 r. \u015bm., Zofia i Witold Huszczo<br \/>\n18.00 Msza \u015aw. zbiorowa za zmar\u0142ych<\/p>\n<p><strong>CZWARTEK \/ 5 listopada 2020r.<\/strong><br \/>\n8.00 \u2020 Zm. z rodz. Niemas i Zwolickich<br \/>\n18.00 O \u015bwi\u0119to\u015b\u0107 kap\u0142an\u00f3w, aby dawali przyk\u0142ad prawdziwej mi\u0142o\u015bci Chrystusa, oraz o nowe i \u015bwi\u0119te powo\u0142ania<br \/>\n18.00 Msza \u015aw. zbiorowa za zmar\u0142ych<\/p>\n<p><strong>PI\u0104TEK \/ 6 listopada<\/strong><br \/>\n8.00 O Bo\u017ce b\u0142og. dla Wsp\u00f3lnoty Przemienienie<br \/>\n16.30 W int. dzieci kl. IV, kt\u00f3re podj\u0119\u0142y praktyk\u0119 I Pi\u0105tk\u00f3w o wytrwa\u0142o\u015b\u0107 i umi\u0142owanie NSPJ<br \/>\n18.00 W int. czcicieli Naj\u015bwi\u0119tszego Serca Pana Jezusa<br \/>\n18.00 Msza \u015aw. zbiorowa za zmar\u0142ych<\/p>\n<p><strong>SOBOTA \/ 7 listopada 2020r.<\/strong><br \/>\n8.00 \u2020 W\u0142adys\u0142aw Bajson w 38 r. \u015bm. i zm. z rodz. Bajson, Jasi\u0144skich i Kachnowicz<br \/>\n18.00 \u2020 Zmarli cz\u0142onkowie Wsp\u00f3lnoty \u017bywego R\u00f3\u017ca\u0144ca \u2013 int. od 8 R\u00f3\u017cy MB Salety\u0144skiej<br \/>\n18.00 Msza \u015aw. zbiorowa za zmar\u0142ych<\/p>\n<p><strong>XXXII Niedziela Zwyk\u0142a \/ 8 listopada 2020r.<\/strong><br \/>\n7.00 \u2020 Monika Kowalska w 6 r. \u015bm.<br \/>\n9.00 O Bo\u017ce b\u0142og. i si\u0142\u0119 w pokonywaniu trudno\u015bci dla Nikodema i jego rodziny, Agnieszki i ca\u0142ej rodziny zakonnej oraz dla Magdaleny i Macieja<br \/>\n9.00 \u2020 Lucjan Lasek w 25 r. \u015bm., i zm. z rodz. Ba\u0142dyga: Marianna, Feliks i Sylwester<br \/>\n10.30 \u2020 Zmarli z rodz. Bo\u0107ko: Irena, Henryk i Marek<br \/>\n12.00 W intencji Parafian<br \/>\n15.00 \u2020 Jan Przeworski w 2 r. \u015bm.<br \/>\n18.00 Msza \u015aw. zbiorowa za zmar\u0142ych<\/p>\n","protected":false},"excerpt":{"rendered":"<p>UROCZYSTO\u015a\u0106 WSZYSTKICH \u015aWI\u0118TYCH 1 listopada Ko\u015bci\u00f3\u0142 katolicki obchodzi uroczysto\u015b\u0107 Wszystkich \u015awi\u0119tych. Dzie\u0144 ten kojarzy si\u0119 dla wielu ze zniczem, z grobem bliskich os\u00f3b, z cmentarzem, dla innych z wi\u0105zank\u0105 kwiat\u00f3w, jeszcze dla innych z modlitw\u0105 i pami\u0119ci\u0105 o tych, kt\u00f3rzy wyprzedzili nas w drodze do wieczno\u015bci. Nie mniej jednak w tym dniu udajemy si\u0119 z [&hellip;]<\/p>\n","protected":false},"author":1,"featured_media":4069,"comment_status":"closed","ping_status":"closed","sticky":false,"template":"","format":"standard","meta":{"ngg_post_thumbnail":0,"footnotes":""},"categories":[11,8,4,3],"tags":[],"class_list":["post-4067","post","type-post","status-publish","format-standard","has-post-thumbnail","hentry","category-aktualnosci","category-blog","category-intencje","category-ogloszenia"],"_links":{"self":[{"href":"https:\/\/rafalk-elblag.pl\/index.php?rest_route=\/wp\/v2\/posts\/4067","targetHints":{"allow":["GET"]}}],"collection":[{"href":"https:\/\/rafalk-elblag.pl\/index.php?rest_route=\/wp\/v2\/posts"}],"about":[{"href":"https:\/\/rafalk-elblag.pl\/index.php?rest_route=\/wp\/v2\/types\/post"}],"author":[{"embeddable":true,"href":"https:\/\/rafalk-elblag.pl\/index.php?rest_route=\/wp\/v2\/users\/1"}],"replies":[{"embeddable":true,"href":"https:\/\/rafalk-elblag.pl\/index.php?rest_route=%2Fwp%2Fv2%2Fcomments&post=4067"}],"version-history":[{"count":1,"href":"https:\/\/rafalk-elblag.pl\/index.php?rest_route=\/wp\/v2\/posts\/4067\/revisions"}],"predecessor-version":[{"id":4070,"href":"https:\/\/rafalk-elblag.pl\/index.php?rest_route=\/wp\/v2\/posts\/4067\/revisions\/4070"}],"wp:featuredmedia":[{"embeddable":true,"href":"https:\/\/rafalk-elblag.pl\/index.php?rest_route=\/wp\/v2\/media\/4069"}],"wp:attachment":[{"href":"https:\/\/rafalk-elblag.pl\/index.php?rest_route=%2Fwp%2Fv2%2Fmedia&parent=4067"}],"wp:term":[{"taxonomy":"category","embeddable":true,"href":"https:\/\/rafalk-elblag.pl\/index.php?rest_route=%2Fwp%2Fv2%2Fcategories&post=4067"},{"taxonomy":"post_tag","embeddable":true,"href":"https:\/\/rafalk-elblag.pl\/index.php?rest_route=%2Fwp%2Fv2%2Ftags&post=4067"}],"curies":[{"name":"wp","href":"https:\/\/api.w.org\/{rel}","templated":true}]}}