{"id":4060,"date":"2020-10-23T19:14:51","date_gmt":"2020-10-23T19:14:51","guid":{"rendered":"http:\/\/rafalk-elblag.pl\/?p=4060"},"modified":"2020-10-23T19:14:51","modified_gmt":"2020-10-23T19:14:51","slug":"biuletyn-25-10-2020-xxx-niedziela-zwykla","status":"publish","type":"post","link":"https:\/\/rafalk-elblag.pl\/?p=4060","title":{"rendered":"Biuletyn 25.10.2020, XXX Niedziela Zwyk\u0142a"},"content":{"rendered":"<p><img decoding=\"async\" id=\"ogloszenia-859\" src=\"http:\/\/rafalk-elblag.pl\/wp-content\/uploads\/2020\/10\/baner-251020.jpg\"><\/p>\n<h1>PO CO SI\u0118 MODLI\u0106 ZA ZMAR\u0141YCH?<\/h1>\n<p>Po co si\u0119 modli\u0107 za zmar\u0142ych, skoro ci z czy\u015b\u0107ca p\u00f3jd\u0105 i tak do nieba, a tym w piekle i tak nic nie pomo\u017ce?<\/p>\n<p><strong>Pytanie sprytne, bo za pozornie prostym pytaniem, kryje si\u0119 ca\u0142y problem sensowno\u015bci modlitwy za zmar\u0142ych. Kryje si\u0119 niewiara w to, \u017ce mo\u017cemy pom\u00f3c zmar\u0142ym, a nawet prze\u015bwiadczenie, \u017ce oni maj\u0105 swoje \u017cycie a my swoje.<\/strong><\/p>\n<p>W\u0105tpliwo\u015b\u0107 co do sensowno\u015bci modlitwy za zmar\u0142ych jest wnioskiem z dw\u00f3ch s\u0142usznych stwierdze\u0144. Jedno m\u00f3wi, \u017ce modlitwa nie pomaga duszom w piekle, drugie za\u015b, \u017ce ci, co s\u0105 w czy\u015b\u0107cu i tak p\u00f3jd\u0105 do nieba. Zajmijmy si\u0119 najpierw stwierdzeniami, a p\u00f3\u017aniej zobaczymy, czy wyci\u0105gni\u0119ty wniosek jest s\u0142uszny. Co do sensowno\u015bci modlitwy za zmar\u0142ych znajduj\u0105cych si\u0119 w piekle, nie mo\u017cna mie\u0107 pretensji.<\/p>\n<p>Faktycznie, modlitwa im nie pomaga, wi\u0119c po co za nich si\u0119 modli\u0107? No, ale kt\u00f3\u017c za nich si\u0119 modli? My modlimy si\u0119 za zmar\u0142ych, a nie za tych, co znajduj\u0105 si\u0119 w piekle. Powie jednak kto\u015b &#8211; je\u015bli za zmar\u0142ych, to i za tych z piek\u0142a.<\/p>\n<p><strong>Dobrze, ale kto wie, kt\u00f3rzy zmarli s\u0105 w piekle?<\/strong><\/p>\n<p>My mamy nadziej\u0119, \u017ce zmarli s\u0105 w czy\u015b\u0107cu i dlatego si\u0119 za nich modlimy. Nie mo\u017cemy dzieli\u0107 zmar\u0142ych na tych, co s\u0105 w piekle i tych, co w czy\u015b\u0107cu. To jest sprawa Boga. My je\u015bliby\u015bmy odm\u00f3wili modlitwy za zmar\u0142ego, s\u0105dz\u0105c, \u017ce on jest w piekle, to by\u015bmy zrobili mu krzywd\u0119, bo o tym, gdzie on jest, my nie wiemy.<\/p>\n<p>A wi\u0119c nie rozdzielaj\u0105c zmar\u0142ych, modlimy si\u0119 za tych, co s\u0105 w czy\u015b\u0107cu.<\/p>\n<p>I tu pojawia si\u0119 drugie stwierdzenie &#8211; oni i tak p\u00f3jd\u0105 do nieba. I zn\u00f3w jest ono prawdziwe. To jest pewne, \u017ce ci, co s\u0105 w czy\u015b\u0107cu p\u00f3jd\u0105 do nieba.<\/p>\n<p>Stwierdzenia s\u0105 prawdziwe, tylko wniosek jest b\u0142\u0119dny. Wniosek podobny jest do takich wniosk\u00f3w jak: i tak ka\u017cdy umrze, wi\u0119c po co si\u0119 leczy\u0107? Ci, co maj\u0105 umrze\u0107 i tak umr\u0105 a ci, co maj\u0105 wyzdrowie\u0107 i tak wyzdrowiej\u0105; albo: jak kto\u015b bez lekarstwa b\u0119dzie si\u0119 leczy\u0142 miesi\u0105c a z lekarstwem tydzie\u0144, to po co za\u017cywa\u0107 lekarstwa, jak i tak wyzdrowieje, a \u017ce si\u0119 pom\u0119czy d\u0142u\u017cej to co? albo: jak wraca twoje dziecko ze szko\u0142y do domu a ty jedziesz samochodem, to po co je podwozi\u0107, jak i tak dojdzie do domu?<\/p>\n<p>Nie trzeba sko\u0144czy\u0107 studi\u00f3w, by zauwa\u017cy\u0107 brak rozs\u0105dku w tych stwierdzeniach. Tak samo ma si\u0119 sprawa z sensowno\u015bci\u0105 modlitwy za zmar\u0142ych. Je\u015bli zmarli id\u0105 do domu Ojca niebieskiego, to dlaczego ich nie &#8222;podwie\u017a\u0107&#8221;?.<\/p>\n<p>Je\u015bli chc\u0105 wyzdrowie\u0107 z choroby grzechu, to dlaczego nie poda\u0107 im lekarstwa modlitwy? Samo ludzkie serce nakazuje nam pomaga\u0107 potrzebuj\u0105cym, a nie m\u00f3wi\u0107 &#8222;M\u0119cz si\u0119, m\u0119cz. Zobaczymy, jak d\u0142ugo wytrzymasz&#8221;. Modlitwa za zmar\u0142ych jest bowiem dla nich pomoc\u0105 w celu skr\u00f3cenia ich m\u0105k czy\u015b\u0107cowych. A je\u015bli mo\u017cna skr\u00f3ci\u0107 ich cierpienie, to jest to r\u00f3wnie\u017c obowi\u0105zek wynikaj\u0105cy z mi\u0142o\u015bci bli\u017aniego.<\/p>\n<p><strong>Dlatego trzeba z ca\u0142\u0105 pewno\u015bci\u0105 zaprzeczy\u0107 tezie, jakoby modlitwa za zmar\u0142ych nie mia\u0142a sensu. Gdyby B\u00f3g nie chcia\u0142, aby \u017cyj\u0105cy modlili si\u0119 za zmar\u0142ych, albo uwa\u017ca\u0142, \u017ce to nic zmar\u0142ym nie pomo\u017ce, to by o tym na pewno powiedzia\u0142 i tego zakaza\u0142, a wcale tego nie czyni, co wi\u0119cej: m\u00f3wi ustami Pisma \u015bw. i tradycji Ko\u015bcio\u0142a, \u017ce modlitwa ta ma sens a sens takiej modlitwy opiera si\u0119 na prawdzie o obcowaniu \u015bwi\u0119tych, prawdzie o trzech Ko\u015bcio\u0142ach: pielgrzymuj\u0105cym, oczyszczaj\u0105cym si\u0119 i triumfuj\u0105cym.<\/strong><\/p>\n<p>Te trzy Ko\u015bcio\u0142y pomagaj\u0105 sobie nawzajem, gdy\u017c jest mi\u0119dzy nimi sta\u0142a wi\u0119\u017a, o kt\u00f3rej m\u00f3wi Sk\u0142ad Apostolski: &#8222;Wierz\u0119 w \u015bwi\u0119tych obcowanie&#8221;. Kto na ziemi zrobi cokolwiek dobrego, dobro to udziela si\u0119 wszystkim.<\/p>\n<p><strong>Gdy kto\u015b pomodli si\u0119 za zmar\u0142ych, pomaga duszom w czy\u015b\u0107cu cierpi\u0105cym, tak jak \u015bwi\u0119ci w niebie pomagaj\u0105 nam pielgrzymuj\u0105cym do Pana.<\/strong><\/p>\n<p>&nbsp;<\/p>\n<p>&nbsp;<br \/>\n<img decoding=\"async\" id=\"ogloszenia-859\" src=\"http:\/\/rafalk-elblag.pl\/wp-content\/uploads\/2020\/04\/baner-ogloszenia-parafialne.jpg\"><\/p>\n<h2>Og\u0142oszenia parafialne 25.10.2020r<\/h2>\n<h2>XXX NIEDZIELA ZWYK\u0141A<\/h2>\n<p><strong>1.<\/strong> Wolontariusze Caritas zbieraj\u0105 dzi\u015b przed ko\u015bcio\u0142em ofiary dla najubo\u017cszych i potrzebuj\u0105cych z naszej parafii. Za okazan\u0105 pomoc dzi\u0119kujemy.<\/p>\n<p><strong>2. W ko\u015bciele, zakrystii i kancelarii parafialnej, u\u017cywamy maseczek os\u0142aniaj\u0105cych usta i nos.<\/strong> Na stolikach przy g\u0142\u00f3wnym i bocznym wej\u015bciu do ko\u015bcio\u0142a umieszczone s\u0105 dozowniki z p\u0142ynem do dezynfekcji r\u0105k.<\/p>\n<h2 style=\"text-align: center;\">UWAGA!!!<br \/>\nOd Soboty (24.10) w naszym ko\u015bciele mo\u017ce przebywa\u0107 maksymalnie 75 os\u00f3b.<\/h2>\n<p><strong>3.<\/strong> Osoby modl\u0105ce si\u0119 za kap\u0142an\u00f3w i tworz\u0105ce Apostolat \u201eMargaretka\u201d zapraszamy dzisiaj na wsp\u00f3lny R\u00f3\u017caniec o godz. 17:15 i na Msz\u0119 \u015bw. o godz. 18:00 w 11 rocznic\u0119 powstania Apostolatu przy naszej parafii.<\/p>\n<p><strong>4.<\/strong> Przed nami ostatni tydzie\u0144 pa\u017adziernika. <strong>Zapraszamy na nabo\u017ce\u0144stwa z wystawieniem Naj\u015bwi\u0119tszego Sakramentu. Wierni, kt\u00f3rzy odmawiaj\u0105 cz\u0119\u015b\u0107 R\u00f3\u017ca\u0144ca (5 dziesi\u0105tek) w ko\u015bciele lub rodzinie mog\u0105 uzyska\u0107 ODPUST ZUPE\u0141NY. <\/strong>Zapraszamy do wsp\u00f3lnej modlitwy: doros\u0142ych i m\u0142odzie\u017c o godz. 17:15, a dzieci w spos\u00f3b szczeg\u00f3lny zapraszamy: w poniedzia\u0142ki i \u015brody o godz. 16:30.<\/p>\n<p><strong>5.<\/strong> Jak ka\u017cdego roku w listopadzie modli\u0107 si\u0119 b\u0119dziemy za naszych zmar\u0142ych. Koperty z kartkami na Msz\u0119 \u015bw. zbiorow\u0105 i wypominki znajdziemy przy BIULETYNIE. Prosimy o czytelne wype\u0142nianie kartek. Kartka z napisem MSZA \u015aW. ZBIOROWA ZA ZMAR\u0141YCH odprawiana b\u0119dzie przez ca\u0142y listopad o godz. 18:00. Druga kartka z napisem WYPOMINKI wyczytywana b\u0119dzie podczas Koronki do Mi\u0142osierdzia Bo\u017cego z fragmentami \u201eDzienniczka\u201d \u015bw. S. Faustyny, odmawianej przez ca\u0142y listopad o godz. 17:30.<\/p>\n<p><strong>6. UWAGA !!! PROSIMY zaznaczy\u0107 na kartce od MSZY \u015aW. ZBIOROWEJ ZA ZMAR\u0141YCH dat\u0119 (dzie\u0144), w kt\u00f3rym imiona i nazwiska naszych drogich zmar\u0142ych maj\u0105 by\u0107 wyczytane.<\/strong> Prosimy, by nie wyznacza\u0107 dnia 2 listopada, gdy\u017c ten dzie\u0144 przeznaczony b\u0119dzie na szczeg\u00f3lne nabo\u017ce\u0144stwo za wszystkich zmar\u0142ych z naszej parafii w ostatnim roku, tj. od 1 listopada 2019 r. Rodziny tych zmar\u0142ych zapraszamy do uczestnictwa w tym nabo\u017ce\u0144stwie, kt\u00f3re odprawimy 2 listopada o godz. 18:00.<\/p>\n<p><strong>7.<\/strong> Kandydat\u00f3w przygotowuj\u0105cych si\u0119 do SAKRAMENTU BIERZMOWANIA rok II zapraszamy w tym tygodniu na spotkania w ma\u0142ych grupach, wed\u0142ug ustalonego podzia\u0142u: w poniedzia\u0142ek (26.X.), wtorek (27.X.) i w czwartek (29.X.) o godz. 19:00 w ko\u015bciele.<\/p>\n<p><strong>8.<\/strong> Zainteresowanych Pismem \u015awi\u0119tym Ks. Piotr serdecznie zaprasza na spotkanie Kr\u0119gu Biblijnego w \u015brod\u0119 o godz. 18:45. <strong>Spotkanie odb\u0119dzie si\u0119 w ko\u015bciele.<\/strong><\/p>\n<p><strong>9.<\/strong> Mo\u017cliwo\u015b\u0107 skorzystania z Sakramentu Spowiedzi \u015awi\u0119tej w tygodniu mamy: od godz. 7:45 oraz od godz. 17:30. Zapraszamy.<\/p>\n<p><strong>10.<\/strong> Zach\u0119camy do czytania prasy katolickiej: nowy numer \u201eGo\u015bcia Niedzielnego\u201d w cenie 6 z\u0142. z dodatkiem \u201eGo\u015b\u0107 Elbl\u0105ski\u201d a nim wydarzenia z diecezji. W zakrystii mamy mo\u017cliwo\u015b\u0107 nabycia KALENDARZA NA ROK 2021 z drogowskazami Papie\u017ca Franciszka w cenie 10 z\u0142.<\/p>\n<p>11. Pan powo\u0142a\u0142 do wieczno\u015bci:<br \/>\n<strong>\u2020 \u015bp. Mieczys\u0142awa Kinach<\/strong> lat 75 z ul. Sobieskiego<br \/>\n<strong>\u2020 \u015bp. Wies\u0142aw\u0119 Dawczak<\/strong> lat 73 z ul. Leszczy\u0144skiego<\/p>\n<p>Wieczny odpoczynek racz im da\u0107 Panie\u2026<\/p>\n<p>&nbsp;<\/p>\n<p>&nbsp;<\/p>\n<p><img decoding=\"async\" id=\"intencje-859\" src=\"http:\/\/rafalk-elblag.pl\/wp-content\/uploads\/2020\/04\/baner-intencje-mszy.jpg\"><\/p>\n<h2>Intencje mszalne 25.10.2020<\/h2>\n<p><strong> PONIEDZIA\u0141EK \/ 26 pa\u017adziernika 2020r.<\/strong><br \/>\n8.00 \u2020 Marek Pietrzak (26 greg.)<br \/>\n8.00 O Bo\u017ce b\u0142og. opiek\u0119 MB w chorobie oraz \u0142ask\u0119 szybkiego powrotu do zdrowia dla ks. Arkadiusza Grabowskiego \u2013 int. od Margaretki<br \/>\n18.00 O do\u015bwiadczenie Bo\u017cej mi\u0142o\u015bci, Bo\u017ce b\u0142og., opiek\u0119 MB i Anio\u0142ow Str\u00f3\u017c\u00f3w dla Patrycji, Przemys\u0142awa i Rados\u0142awa<br \/>\n18.00 \u2020 Bronis\u0142aw Ada\u015b \u2013 int. od brata Zbigniewa<\/p>\n<p><strong>WTOREK \/ 27 pa\u017adziernika 2020r.<\/strong><br \/>\n8.00 \u2020 Tadeusz z ok. ziemskich imienin \u2013 int. od szwagra z rodzin\u0105<br \/>\n18.00 \u2020 J\u00f3zef i Marianna Kury\u0142o, Krystyna, Gra\u017cyna, Przemys\u0142aw i zm. z rodz. Kury\u0142\u00f3w, Ha\u0142abisi\u00f3w i Kotlewskich<br \/>\n18.00 \u2020 Marek Pietrzak (27 greg.)<\/p>\n<p><strong>\u015aRODA \/ 28 pa\u017adziernika 2020r. \/ \u015bw. Szymona i Judy Tadeusza<\/strong><br \/>\n8.00 \u2020 Marek Pietrzak (28 greg.)<br \/>\n18.00 O Bo\u017ce b\u0142og., opiek\u0119 MB dla Ani Szostek w 12 urodziny i ca\u0142ej rodziny<br \/>\n18.00 \u2020 Marianna i Szczepan Danes, Klemens Jurkiewicz<\/p>\n<p><strong>CZWARTEK \/ 29 pa\u017adziernika 2020r.<\/strong><br \/>\n8.00 \u2020 Agnieszka Piotrowska<br \/>\n18.00 \u2020 J\u00f3zef Sejmicki<br \/>\n18.00 \u2020 Marek Pietrzak (29 greg.)<\/p>\n<p><strong>PI\u0104TEK \/ 30 pa\u017adziernika<\/strong><br \/>\n8.00 O \u0142ask\u0119 zdrowia, wytrwa\u0142o\u015b\u0107 i jak najszybsze oddalenie epidemii<br \/>\n18.00 \u2020 Marek Pietrzak (30 greg.)<br \/>\n18.00 \u2020 Zmarli z rodziny Polkowskich<\/p>\n<p><strong>SOBOTA \/ 31 pa\u017adziernika 2020r.<\/strong><br \/>\n8.00 \u2020 ks. kan. Tadeusz Szparaga<br \/>\n18.00 \u2020 Robert Wi\u015bniewski w 27 r. \u015bm., rodzice i zm. z rodz.<br \/>\n18.00 O Bo\u017ce b\u0142og., opiek\u0119 MB i potrzebne \u0142aski na ka\u017cdy dzie\u0144 dla rodziny Sowijak\u00f3w<\/p>\n<p><strong>XXXI Niedziela Zwyk\u0142a \/ 1 listopada 2020r. \/ Wszystkich \u015awi\u0119tych<\/strong><br \/>\n7.00 \u2020 Irena W\u00f3jcik, Ewa, J\u00f3zef, Ferdynand Anna, Boles\u0142aw, Maria i Antoni<br \/>\n9.00 O do\u015bwiadczenie Bo\u017cej mi\u0142o\u015bci dla Karoliny i Sebastiana<br \/>\n10.30 Stanis\u0142aw Kocemba w 32 r.\u015bm., Cecylia Kocemba w 28 r.\u015bm., Ewa Kocemba, Franciszek Szotta, Anita Dajczura, Krystyna Bejmar<br \/>\n12.00 W intencji Parafian<br \/>\n18.00 Msza \u015aw. zbiorowa za zmar\u0142ych<\/p>\n","protected":false},"excerpt":{"rendered":"<p>PO CO SI\u0118 MODLI\u0106 ZA ZMAR\u0141YCH? Po co si\u0119 modli\u0107 za zmar\u0142ych, skoro ci z czy\u015b\u0107ca p\u00f3jd\u0105 i tak do nieba, a tym w piekle i tak nic nie pomo\u017ce? Pytanie sprytne, bo za pozornie prostym pytaniem, kryje si\u0119 ca\u0142y problem sensowno\u015bci modlitwy za zmar\u0142ych. Kryje si\u0119 niewiara w to, \u017ce mo\u017cemy pom\u00f3c zmar\u0142ym, a [&hellip;]<\/p>\n","protected":false},"author":1,"featured_media":4062,"comment_status":"closed","ping_status":"closed","sticky":false,"template":"","format":"standard","meta":{"ngg_post_thumbnail":0,"footnotes":""},"categories":[11,8,4,3],"tags":[],"class_list":["post-4060","post","type-post","status-publish","format-standard","has-post-thumbnail","hentry","category-aktualnosci","category-blog","category-intencje","category-ogloszenia"],"_links":{"self":[{"href":"https:\/\/rafalk-elblag.pl\/index.php?rest_route=\/wp\/v2\/posts\/4060","targetHints":{"allow":["GET"]}}],"collection":[{"href":"https:\/\/rafalk-elblag.pl\/index.php?rest_route=\/wp\/v2\/posts"}],"about":[{"href":"https:\/\/rafalk-elblag.pl\/index.php?rest_route=\/wp\/v2\/types\/post"}],"author":[{"embeddable":true,"href":"https:\/\/rafalk-elblag.pl\/index.php?rest_route=\/wp\/v2\/users\/1"}],"replies":[{"embeddable":true,"href":"https:\/\/rafalk-elblag.pl\/index.php?rest_route=%2Fwp%2Fv2%2Fcomments&post=4060"}],"version-history":[{"count":1,"href":"https:\/\/rafalk-elblag.pl\/index.php?rest_route=\/wp\/v2\/posts\/4060\/revisions"}],"predecessor-version":[{"id":4065,"href":"https:\/\/rafalk-elblag.pl\/index.php?rest_route=\/wp\/v2\/posts\/4060\/revisions\/4065"}],"wp:featuredmedia":[{"embeddable":true,"href":"https:\/\/rafalk-elblag.pl\/index.php?rest_route=\/wp\/v2\/media\/4062"}],"wp:attachment":[{"href":"https:\/\/rafalk-elblag.pl\/index.php?rest_route=%2Fwp%2Fv2%2Fmedia&parent=4060"}],"wp:term":[{"taxonomy":"category","embeddable":true,"href":"https:\/\/rafalk-elblag.pl\/index.php?rest_route=%2Fwp%2Fv2%2Fcategories&post=4060"},{"taxonomy":"post_tag","embeddable":true,"href":"https:\/\/rafalk-elblag.pl\/index.php?rest_route=%2Fwp%2Fv2%2Ftags&post=4060"}],"curies":[{"name":"wp","href":"https:\/\/api.w.org\/{rel}","templated":true}]}}