{"id":4054,"date":"2020-10-17T08:27:57","date_gmt":"2020-10-17T08:27:57","guid":{"rendered":"http:\/\/rafalk-elblag.pl\/?p=4054"},"modified":"2020-10-18T08:28:53","modified_gmt":"2020-10-18T08:28:53","slug":"17-10-20-wskazania-duszpasterskie-biskupa-elblaskiego","status":"publish","type":"post","link":"https:\/\/rafalk-elblag.pl\/?p=4054","title":{"rendered":"17.10.2020. WSKAZANIA DUSZPASTERSKIE BISKUPA ELBL\u0104SKIEGO"},"content":{"rendered":"<h1>1. Limity wiernych w ko\u015bcio\u0142ach<\/h1>\n<p>Od 17 pa\u017adziernika 2020 r. obowi\u0105zuj\u0105 limity uczestnik\u00f3w nabo\u017ce\u0144stw w ko\u015bcio\u0142ach: w tzw. strefie \u017c\u00f3\u0142tej \u2013 1 osoba na 4m2, w strefie czerwonej &#8211; 1 osoba na 7m2. Przy drzwiach wej\u015bciowych do ko\u015bcio\u0142a nale\u017cy umie\u015bci\u0107 tego typu informacj\u0119.<\/p>\n<h1>2. Dyspensa<\/h1>\n<p>Udzielam dyspensy od obowi\u0105zku uczestnictwa w niedzielnej Mszy \u015awi\u0119tej od 18 pa\u017a-dziernika do 15 listopada br. osobom chorym i starszym oraz ich opiekunom, a tak\u017ce pracownikom s\u0142u\u017cby zdrowia [kan. 87 \u00a7 1 oraz 1245 KPK].<\/p>\n<h1>3. Chrzest<\/h1>\n<p>Do obrz\u0119d\u00f3w chrzcielnych u\u017cywamy za ka\u017cdym razem \u015bwie\u017cej wody. Kap\u0142an udziela chrztu w maseczce, a przed i po namaszczeniu olejem krzy\u017cma, myje i dezynfekuje r\u0119-ce.<\/p>\n<h1>4. Spowied\u017a<\/h1>\n<p>Nie spowiadamy w konfesjona\u0142ach zamkni\u0119tych (szafowych). Po ka\u017cdej spowiedzi de-zynfekujemy foli\u0119 na kratach konfesjona\u0142u od strony penitenta. Wymieniamy j\u0105 przy-najmniej raz w tygodniu.<\/p>\n<h1>5. Chorzy<\/h1>\n<p>Ksi\u0119\u017ca id\u0105 do chorych z Komuni\u0105 \u015bwi\u0119t\u0105 tylko na wyra\u017ane zaproszenie, ponawiane za ka\u017cdym razem. Czyni\u0105 to w maseczkach, a nawet r\u0119kawiczkach, gdy\u017c mamy do czynie-nia z grup\u0105 podwy\u017cszonego ryzyka, tj. os\u00f3b chorych, starszych, o mniejszej odporno\u015bci immunologicznej. Opiekuj\u0105cy si\u0119 chorymi i ich rodziny prze\u017cywaj\u0105 cz\u0119sto l\u0119k, kt\u00f3rego nie mo\u017cna lekcewa\u017cy\u0107.<\/p>\n<h1>6. Udzielanie Komunii<\/h1>\n<p>Szafarze, w tym tak\u017ce ksi\u0119\u017ca, udzielaj\u0105 Komunii w maseczkach.<br \/>\nKomunia mo\u017ce by\u0107 udzielana zar\u00f3wno: kl\u0119cz\u0105cym \u201edo ust\u201d, jak i stoj\u0105cym \u201ena r\u0119k\u0119\u201d. Obydwa sposoby s\u0105 r\u00f3wnouprawnione. Wierni posiadaj\u0105 prawo wyboru sposobu przy-j\u0119cia Komunii. Szafarzowi nie wolno tego prawa ogranicza\u0107.<br \/>\nPrzed Komuni\u0105 nale\u017cy poinformowa\u0107 wiernych o porz\u0105dku i sposobie przyjmowania Eucharystii. Nale\u017cy utworzy\u0107 oddzielne rz\u0119dy dla przyjmuj\u0105cych Komuni\u0119 do ust i na r\u0119k\u0119. Je\u015bli jest tylko jeden szafarz najpierw udziela Komunii na r\u0119k\u0119, a nast\u0119pnie do ust. Szafarz okazuje zawsze cierpliwo\u015b\u0107 i zrozumienie przyst\u0119puj\u0105cym do Komunii.<\/p>\n<h1>7. Uroczysto\u015b\u0107 Wszystkich \u015awi\u0119tych<\/h1>\n<p>Zach\u0119cam, aby w Uroczysto\u015b\u0107 Wszystkich \u015awi\u0119tych zachowa\u0107 w ko\u015bcio\u0142ach porz\u0105dek niedzielny (nie redukowa\u0107 ilo\u015bci Mszy \u015bw.). Podobnie mo\u017ce by\u0107 w Dniu Zadusznym (2 listopada). Nale\u017cy przypomina\u0107 wiernym, \u017ce ca\u0142y listopad jest po\u015bwi\u0119cony pami\u0119ci zmar\u0142ych i odwiedziny grob\u00f3w trzeba zaplanowa\u0107 poza 1 i 2 listopada, aby unikn\u0105\u0107 przebywania w t\u0142umie.<\/p>\n<h1>8. Spotkania i katecheza przyparafialna<\/h1>\n<p>Je\u015bli pozwalaj\u0105 na to przepisy sanitarne, w danej miejscowo\u015bci czy dzielnicy, mo\u017cna gromadzi\u0107 si\u0119 na spotkania w grupach, wsp\u00f3lnotach, dla formacji i katechezy. Patrzy-my tutaj analogicznie na dzia\u0142alno\u015b\u0107 pozaszkoln\u0105 i kulturaln\u0105, kt\u00f3r\u0105 prowadz\u0105 stowa-rzyszenia i instytucje.<\/p>\n<h1>9. Zasady bezpiecze\u0144stwa<\/h1>\n<p>W ko\u015bciele, zakrystii, kancelarii parafialnej, u\u017cywamy maseczek os\u0142aniaj\u0105cych usta i nos. Przy drzwiach ko\u015bcio\u0142a umieszczamy dozowniki z p\u0142ynem do dezynfekcji r\u0105k.<\/p>\n<p>&nbsp;<\/p>\n<p><strong>+Jacek Jezierski, biskup elbl\u0105ski<\/strong><br \/>\nElbl\u0105g, dn. 17 pa\u017adziernika 2020<\/p>\n","protected":false},"excerpt":{"rendered":"<p>1. Limity wiernych w ko\u015bcio\u0142ach Od 17 pa\u017adziernika 2020 r. obowi\u0105zuj\u0105 limity uczestnik\u00f3w nabo\u017ce\u0144stw w ko\u015bcio\u0142ach: w tzw. strefie \u017c\u00f3\u0142tej \u2013 1 osoba na 4m2, w strefie czerwonej &#8211; 1 osoba na 7m2. Przy drzwiach wej\u015bciowych do ko\u015bcio\u0142a nale\u017cy umie\u015bci\u0107 tego typu informacj\u0119. 2. Dyspensa Udzielam dyspensy od obowi\u0105zku uczestnictwa w niedzielnej Mszy \u015awi\u0119tej od [&hellip;]<\/p>\n","protected":false},"author":1,"featured_media":4056,"comment_status":"closed","ping_status":"closed","sticky":false,"template":"","format":"standard","meta":{"ngg_post_thumbnail":0,"footnotes":""},"categories":[11,8,3],"tags":[],"class_list":["post-4054","post","type-post","status-publish","format-standard","has-post-thumbnail","hentry","category-aktualnosci","category-blog","category-ogloszenia"],"_links":{"self":[{"href":"https:\/\/rafalk-elblag.pl\/index.php?rest_route=\/wp\/v2\/posts\/4054","targetHints":{"allow":["GET"]}}],"collection":[{"href":"https:\/\/rafalk-elblag.pl\/index.php?rest_route=\/wp\/v2\/posts"}],"about":[{"href":"https:\/\/rafalk-elblag.pl\/index.php?rest_route=\/wp\/v2\/types\/post"}],"author":[{"embeddable":true,"href":"https:\/\/rafalk-elblag.pl\/index.php?rest_route=\/wp\/v2\/users\/1"}],"replies":[{"embeddable":true,"href":"https:\/\/rafalk-elblag.pl\/index.php?rest_route=%2Fwp%2Fv2%2Fcomments&post=4054"}],"version-history":[{"count":3,"href":"https:\/\/rafalk-elblag.pl\/index.php?rest_route=\/wp\/v2\/posts\/4054\/revisions"}],"predecessor-version":[{"id":4059,"href":"https:\/\/rafalk-elblag.pl\/index.php?rest_route=\/wp\/v2\/posts\/4054\/revisions\/4059"}],"wp:featuredmedia":[{"embeddable":true,"href":"https:\/\/rafalk-elblag.pl\/index.php?rest_route=\/wp\/v2\/media\/4056"}],"wp:attachment":[{"href":"https:\/\/rafalk-elblag.pl\/index.php?rest_route=%2Fwp%2Fv2%2Fmedia&parent=4054"}],"wp:term":[{"taxonomy":"category","embeddable":true,"href":"https:\/\/rafalk-elblag.pl\/index.php?rest_route=%2Fwp%2Fv2%2Fcategories&post=4054"},{"taxonomy":"post_tag","embeddable":true,"href":"https:\/\/rafalk-elblag.pl\/index.php?rest_route=%2Fwp%2Fv2%2Ftags&post=4054"}],"curies":[{"name":"wp","href":"https:\/\/api.w.org\/{rel}","templated":true}]}}