{"id":4047,"date":"2020-10-17T16:09:29","date_gmt":"2020-10-17T16:09:29","guid":{"rendered":"http:\/\/rafalk-elblag.pl\/?p=4047"},"modified":"2020-10-23T19:12:53","modified_gmt":"2020-10-23T19:12:53","slug":"biuletyn-18-10-2020-xxix-niedziela-zwykla","status":"publish","type":"post","link":"https:\/\/rafalk-elblag.pl\/?p=4047","title":{"rendered":"Biuletyn 18.10.2020, XXIX Niedziela Zwyk\u0142a"},"content":{"rendered":"<p><img decoding=\"async\" id=\"ogloszenia-859\" src=\"http:\/\/rafalk-elblag.pl\/wp-content\/uploads\/2020\/10\/baner-181020.jpg\"><\/p>\n<h1>JAK MODLI\u0141 SI\u0118 \u015aW. JAN PAWE\u0141 II?<\/h1>\n<p><strong>Na czym polega specyfika modlitwy papie\u017ca jako osoby posiadaj\u0105cej szczeg\u00f3ln\u0105 odpowiedzialno\u015b\u0107 za ca\u0142y Ko\u015bci\u00f3\u0142? Pytany o to, Jan Pawe\u0142 II przyzna\u0142, \u017ce musi mie\u0107 szczeg\u00f3lnie wyostrzon\u0105 \u015bwiadomo\u015b\u0107 zagro\u017ce\u0144 staj\u0105cych przed cz\u0142owiekiem na ziemi, ale te\u017c troszczy\u0107 si\u0119 o jego przysz\u0142o\u015b\u0107 wymiarze ostatecznym eschatologicznym. Zapewni\u0142 jednak, \u017ce \u201e\u015bwiadomo\u015b\u0107 tych zagro\u017ce\u0144 nie rodzi pesymizmu, tylko mobilizuje do zmagania si\u0119 o zwyci\u0119stwo dobra w ka\u017cdym wymiarze\u201d.<\/strong><\/p>\n<p>Modlitwa by\u0142a najwa\u017cniejszym elementem dnia i \u017cycia Papie\u017ca. I to jej podporz\u0105dkowywa\u0142 wszystkie swoje zaj\u0119cia. D\u0142ugo modli\u0142 si\u0119 przed codzienn\u0105, porann\u0105 Msz\u0105 jak\u0105 odprawia\u0142 w swojej prywatnej kaplicy. Poza Msz\u0105 i liturgi\u0105 godzin modli\u0142 si\u0119 id\u0105c na spotkania i powracaj\u0105c z nich wraca\u0142. Modli\u0142 si\u0119 podczas spacer\u00f3w w ogrodach watyka\u0144skich lub na dachu Pa\u0142acu Apostolskiego, gdzie przy stacjach Drogi Krzy\u017cowej rozwa\u017ca\u0142 M\u0119k\u0119 Pa\u0144sk\u0105.<\/p>\n<p>Papie\u017c mia\u0142 szczeg\u00f3lny kult do Anio\u0142a Str\u00f3\u017ca. Od dziecka, jak w\u0142a\u015bciwie wszystkie dzieci modli\u0142 si\u0119 s\u0142owami \u201cAniele Bo\u017cy, str\u00f3\u017cu m\u00f3j, ty zawsze przy mnie st\u00f3j\u2026\u201d. W 2004 roku wyzna\u0142: \u201cM\u00f3j Anio\u0142 Str\u00f3\u017c wie, co robi\u0119. Moja wiara w niego, w jego opieku\u0144cz\u0105 obecno\u015b\u0107 stale si\u0119 we mnie pog\u0142\u0119bia\u201d.<\/p>\n<p>Podczas jednego ze spotka\u0144 z ksi\u0119\u017cmi z ca\u0142ego \u015bwiata, Jan Pawe\u0142 II wyzna\u0142, \u017ce zapisuje intencje, jakie s\u0105 do niego kierowane przez osoby z ca\u0142ego \u015bwiata. Przechowuje je na kl\u0119czniku w swojej kaplicy, \u201ca\u017ceby by\u0142y w ka\u017cdej chwili obecne w mej \u015bwiadomo\u015bci, nawet je\u017celi nie mog\u0105 by\u0107 dos\u0142ownie powtarzane ka\u017cdego dnia\u201d.<\/p>\n<p>Ju\u017c w czasach krakowskich biskup Wojty\u0142a swoje wszystkie spotkania poprzedza\u0142 modlitw\u0105. Ten szczeg\u00f3lny zwyczaj kontynuowa\u0142 do ko\u0144ca \u017cycia. Jako papie\u017c wyzna\u0142, \u017ce gdy spotyka cz\u0142owieka, to natychmiast modli si\u0119 za niego, co zawsze pomaga w takim kontakcie. \u201cMam tak\u0105 zasad\u0119, \u017ce ka\u017cdego przyjmuj\u0119 jako osob\u0119, kt\u00f3r\u0105 posy\u0142a Chrystus \u2013 jako tego, kt\u00f3rego mi da\u0142 i zarazem zada\u0142\u201d.<\/p>\n<p>Biskupowi Wojtyle zawsze towarzyszy\u0142o przekonanie, \u017ce nie uda si\u0119 dobrze wychowa\u0107 dzieci bez modlitwy, dlatego podczas swojej pos\u0142ugi w Krakowie usilnie zach\u0119ca\u0142 rodziny i parafie, by wyrabia\u0142y w dzieciach ch\u0119\u0107 spotkania z Bogiem na osobistej modlitwie. Natomiast jako papie\u017c w specjalnym dokumencie po\u015bwi\u0119conym r\u00f3\u017ca\u0144cowi zwraca\u0142 uwag\u0119, na znaczenie modlitwy r\u00f3\u017ca\u0144cowej dzieci \u201ea jeszcze bardziej z dzie\u0107mi\u201d.<\/p>\n<p>Wsp\u00f3\u0142pracownicy papie\u017ca za\u015bwiadczaj\u0105 zgodnie, \u017ce we wszystkich trudnych sytuacjach czy w wyj\u0105tkowo krytycznych momentach swego pontyfikatu Jan Pawe\u0142 II zawierza\u0142 modlitwie, by odnale\u017a\u0107 drog\u0119, kt\u00f3ra nale\u017ca\u0142o p\u00f3j\u015b\u0107. Kiedy wsp\u00f3\u0142pracownicy, jak sami wspominali, proszeni o podsuni\u0119cie rozwi\u0105zania jakiego\u015b problemu, rozk\u0142adali r\u0119ce, Jan Pawe\u0142 II, pogodny i ufny, pociesza\u0142 ich zwykle m\u00f3wi\u0105c: znajdzie si\u0119, je\u015bli b\u0119dziemy si\u0119 wi\u0119cej modli\u0107. Nie nale\u017ca\u0142o do rzadko\u015bci, \u017ce gromadzi\u0142 osoby mieszkaj\u0105ce w papieskim apartamencie i razem z nimi szed\u0142 do kaplicy, by si\u0119 modli\u0107.<\/p>\n<p>Przygotowuj\u0105c Ko\u015bci\u00f3\u0142 na III tysi\u0105clecie chrze\u015bcija\u0144stwa papie\u017c k\u0142ad\u0142 ogromny nacisk na pierwsze\u0144stwo modlitwy przed jakimkolwiek dzia\u0142aniem. Zwraca\u0142 uwag\u0119, \u017ce \u201esztuki modlitw\u201d trzeba si\u0119 uczy\u0107, \u201ewci\u0105\u017c na nowo\u201d przyswajaj\u0105c sobie t\u0119 umiej\u0119tno\u015b\u0107 \u201eod samego boskiego Mistrza, jak pierwsi uczniowie: \u2018Panie, naucz nas si\u0119 modli\u0107\u2019. (\u2026)<\/p>\n<p>&nbsp;<\/p>\n<p>&nbsp;<br \/>\n<img decoding=\"async\" id=\"ogloszenia-859\" src=\"http:\/\/rafalk-elblag.pl\/wp-content\/uploads\/2020\/04\/baner-ogloszenia-parafialne.jpg\"><\/p>\n<h2>Og\u0142oszenia parafialne 18.10.2020r<\/h2>\n<h2>XXIX NIEDZIELA ZWYK\u0141A<\/h2>\n<p><strong>1. W zwi\u0105zku z trwaj\u0105c\u0105 epidemi\u0105 Biskup Elbl\u0105ski \u2013 ks. Bp Jacek Jezierski udziela dyspensy od obowi\u0105zku uczestnictwa w niedzielnej Mszy \u015awi\u0119tej od 18 pa\u017adziernika do 15 listopada br. osobom chorym i starszym oraz ich opiekunom, a tak\u017ce pracownikom s\u0142u\u017cby zdrowia.<\/strong><\/p>\n<p><strong>2.<\/strong> W ko\u015bciele, zakrystii, kancelarii parafialnej, u\u017cywamy maseczek os\u0142aniaj\u0105cych usta i nos. Na stolikach przy g\u0142\u00f3wnym i bocznym wej\u015bciu do ko\u015bcio\u0142a umieszczone s\u0105 dozowniki z p\u0142ynem do dezynfekcji r\u0105k.<\/p>\n<p><strong>3. PA\u0179DZIERNIK MIESI\u0104C R\u00d3\u017bA\u0143CA \u015aWI\u0118TEGO.<\/strong> Zapraszamy na nabo\u017ce\u0144stwa z wystawieniem Naj\u015bwi\u0119tszego Sakramentu. Wierni, kt\u00f3rzy odmawiaj\u0105 cz\u0119\u015b\u0107 R\u00f3\u017ca\u0144ca (5 dziesi\u0105tek) w ko\u015bciele lub rodzinie mog\u0105 uzyska\u0107 ODPUST ZUPE\u0141NY.<br \/>\nZapraszamy do wsp\u00f3lnej modlitwy: doros\u0142ych i m\u0142odzie\u017c o godz. 17:15, a dzieci w spos\u00f3b szczeg\u00f3lny zapraszamy: w poniedzia\u0142ki i \u015brody o godz. 16:30.<\/p>\n<p><strong>4.<\/strong> Dzisiejsz\u0105 niedziel\u0105 rozpoczynamy 94 TYDZIE\u0143 MISYJNY pod has\u0142em: \u201eOTO JA, PO\u015aLIJ MNIE\u201d. Niech ka\u017cdy z nas poczuje si\u0119 odpowiedzialny za g\u0142oszenie Dobrej Nowiny. Pami\u0119tajmy w modlitwie o tych wszystkich, kt\u00f3rzy pracuj\u0105 na misjach: ks. Arkadiusz Grabowski (ROSJA), o. Dariusz Marut (MADAGASKAR). Ofiary z\u0142o\u017cone dzisiaj na tac\u0119 przeznaczone s\u0105 na Misje. Dzi\u0119kuj\u0119 za wsparcie i zrozumienie odpowiedzialno\u015bci za to dzie\u0142o.<\/p>\n<p><strong>5.<\/strong> Osoby modl\u0105ce si\u0119 za kap\u0142an\u00f3w i tworz\u0105ce Apostolat \u201eMargaretka\u201d zapraszamy za tydzie\u0144 (25 pa\u017adziernika) na wsp\u00f3lny R\u00f3\u017caniec o godz. 17:15 i na Msz\u0119 \u015bw. o godz. 18:00 w 11 rocznic\u0119 powstania Apostolatu przy naszej parafii.<\/p>\n<p><strong>6.<\/strong> Jak ka\u017cdego roku w listopadzie modli\u0107 si\u0119 b\u0119dziemy za naszych zmar\u0142ych, dlatego przed ko\u015bcio\u0142em b\u0119d\u0105 rozdawane koperty, w kt\u00f3rych s\u0105 kartki na Msz\u0119 \u015bw. zbiorow\u0105 i wypominki. <strong>Prosimy o czytelne wype\u0142nianie kartek. Kartka z napisem MSZA \u015aW. ZBIOROWA ZA ZMAR\u0141YCH<\/strong> odprawiana b\u0119dzie przez ca\u0142y listopad o godz. 18:00. Druga kartka z napisem WYPOMINKI wyczytywana b\u0119dzie podczas Koronki do Mi\u0142osierdzia Bo\u017cego z fragmentami \u201eDzienniczka\u201d \u015bw. S. Faustyny, odmawianej przez ca\u0142y listopad o godz. 17:30.<\/p>\n<p><strong>7. UWAGA !!! PROSIMY zaznaczy\u0107 na kartce od MSZY \u015aW. ZBIOROWEJ ZA ZMAR\u0141YCH dat\u0119 (dzie\u0144), w kt\u00f3rym imiona i nazwiska naszych drogich zmar\u0142ych maj\u0105 by\u0107 wyczytane.<\/strong> Prosimy, by nie wyznacza\u0107 dnia 2 listopada, gdy\u017c ten dzie\u0144 przeznaczony b\u0119dzie na szczeg\u00f3lne nabo\u017ce\u0144stwo za wszystkich zmar\u0142ych z naszej parafii w ostatnim roku, tj. od 1 listopada 2019 r. Rodziny tych zmar\u0142ych zapraszamy do uczestnictwa w tym nabo\u017ce\u0144stwie, kt\u00f3re odprawimy 2 listopada o godz. 18:00.<\/p>\n<p><strong> 8.<\/strong> S\u0105 ju\u017c wywo\u0142ane zdj\u0119cia i nagranie video z uroczysto\u015bci I-szej Komunii \u015awi\u0119tej w naszej parafii. Rodzic\u00f3w zapraszamy po odbi\u00f3r dzi\u015b oraz za tydzie\u0144 w Niedziel\u0119 (25.10) po Mszy \u015bw. dla dzieci.<\/p>\n<p><strong>9.<\/strong> Zach\u0119camy do czytania prasy katolickiej: nowy numer \u201eGo\u015bcia Niedzielnego\u201d w cenie 6 z\u0142. z dodatkiem \u201eGo\u015b\u0107 Elbl\u0105ski\u201d a nim wydarzenia z diecezji. W zakrystii mamy mo\u017cliwo\u015b\u0107 nabycia KALENDARZA NA ROK 2021 z drogowskazami Papie\u017ca Franciszka w cenie 10 z\u0142.<\/p>\n<p><strong>10.<\/strong> W tym tygodniu po\u017cegnali\u015bmy do wieczno\u015bci: \u015bp. Mari\u0119 \u0141ASAK, l. 77 z ul. Tuwima. Wieczny odpoczynek racz Jej da\u0107 Panie\u2026<\/p>\n<p>&nbsp;<\/p>\n<p>&nbsp;<\/p>\n<p><img decoding=\"async\" id=\"intencje-859\" src=\"http:\/\/rafalk-elblag.pl\/wp-content\/uploads\/2020\/04\/baner-intencje-mszy.jpg\"><\/p>\n<h2>Intencje mszalne 18.10.2020<\/h2>\n<p><strong>PONIEDZIA\u0141EK \/ 19 pa\u017adziernika 2020r.<\/strong><br \/>\n8.00 \u2020 Marek Pietrzak (19 greg.)<br \/>\n18.00 \u2020 Czes\u0142aw D\u0119bski \u2013 int. od rodz. Rak<br \/>\n18.00 \u2020 Jan i Bronis\u0142awa (k) Wo\u015b, Henryk, Jan i Maria Ju\u015bko<\/p>\n<p><strong>WTOREK \/ 20 pa\u017adziernika 2020r.<\/strong><br \/>\n8.00 O zdrowie i Bo\u017ce b\u0142og. dla Zbigniewa Jackiewicza i jego rodziny<br \/>\n18.00 \u2020 Konrad Raszeja<br \/>\n18.00 \u2020 Irena Wile\u0144ska w dniu ziemskich imienin i zm. z rodz.<br \/>\n18.00 \u2020 Marek Pietrzak (20 greg.)<\/p>\n<p><strong>\u015aRODA \/ 21 pa\u017adziernika 2020r.<\/strong><br \/>\n8.00 \u2020 Marek Pietrzak (21 greg.)<br \/>\n18.00 Dzi\u0119k. w 50 urodziny Marka Tykarskiego z pro\u015bb\u0105 o Bo\u017ce b\u0142og. i potrzebne \u0142aski dla Jubilata<br \/>\n18.00 \u2020 Bronis\u0142aw Ada\u015b \u2013 int. od rodz. Wiatr<\/p>\n<p><strong>CZWARTEK \/ 22 pa\u017adziernika 2020r. \/ \u015bw. Jana Paw\u0142a II<\/strong><br \/>\n8.00 O zdrowie i Bo\u017ce b\u0142og. dla Zbigniewa Jackiewicza i jego rodziny<br \/>\n8.00 \u2020 Bronis\u0142aw Ada\u015b w 30 dpp.<br \/>\n18.00 \u2020 Marek Pietrzak (22 greg.)<\/p>\n<p><strong>PI\u0104TEK \/ 23 pa\u017adziernika<\/strong><br \/>\n8.00 \u2020 Zmarli profesorowie Liceum Pedagogicznego w Ostr\u00f3dzie<br \/>\n18.00 \u2020 Marek Pietrzak (23 greg.)<br \/>\n18.00 \u2020 Czes\u0142aw D\u0119bski \u2013 int. od Katarzyny i Marcina \u017by\u0142ka z rodzin\u0105<\/p>\n<p><strong>SOBOTA \/ 24 pa\u017adziernika 2020r.<\/strong><br \/>\n8.00 \u2020 Marek Pietrzak (24 greg.)<br \/>\n18.00 \u2020 Stefania (k) Duch w 22 r. \u015bm., Henryk Groszyk w 31 r. \u015bm.<br \/>\n18.00 \u2020 Genowefa Polak w 30 dpp.<\/p>\n<p><strong>XXX Niedziela Zwyk\u0142a \/ 25 pa\u017adziernika 2020r.<\/strong><br \/>\n7.00 \u2020 Czes\u0142aw D\u0119bski \u2013 int. od szwagra Wojtka i Zofii<br \/>\n9.00 \u2020 Stefania (k) Dul<br \/>\n9.00 \u2020 Jan D\u017cugan w 4 r. \u015bm. i Zbigniew D\u017cugan w 9 r. \u015bm.<br \/>\n10.30<br \/>\n12.00 W intencji Parafian<br \/>\n15.00 \u2020 Czes\u0142aw D\u0119bski \u2013 int. od szwagra Stanis\u0142awa z rodzin\u0105<br \/>\n18.00 \u2020 Marek Pietrzak (25 greg.)<\/p>\n","protected":false},"excerpt":{"rendered":"<p>JAK MODLI\u0141 SI\u0118 \u015aW. JAN PAWE\u0141 II? Na czym polega specyfika modlitwy papie\u017ca jako osoby posiadaj\u0105cej szczeg\u00f3ln\u0105 odpowiedzialno\u015b\u0107 za ca\u0142y Ko\u015bci\u00f3\u0142? Pytany o to, Jan Pawe\u0142 II przyzna\u0142, \u017ce musi mie\u0107 szczeg\u00f3lnie wyostrzon\u0105 \u015bwiadomo\u015b\u0107 zagro\u017ce\u0144 staj\u0105cych przed cz\u0142owiekiem na ziemi, ale te\u017c troszczy\u0107 si\u0119 o jego przysz\u0142o\u015b\u0107 wymiarze ostatecznym eschatologicznym. Zapewni\u0142 jednak, \u017ce \u201e\u015bwiadomo\u015b\u0107 tych [&hellip;]<\/p>\n","protected":false},"author":1,"featured_media":4049,"comment_status":"closed","ping_status":"closed","sticky":false,"template":"","format":"standard","meta":{"ngg_post_thumbnail":0,"footnotes":""},"categories":[11,8,4,3],"tags":[],"class_list":["post-4047","post","type-post","status-publish","format-standard","has-post-thumbnail","hentry","category-aktualnosci","category-blog","category-intencje","category-ogloszenia"],"_links":{"self":[{"href":"https:\/\/rafalk-elblag.pl\/index.php?rest_route=\/wp\/v2\/posts\/4047","targetHints":{"allow":["GET"]}}],"collection":[{"href":"https:\/\/rafalk-elblag.pl\/index.php?rest_route=\/wp\/v2\/posts"}],"about":[{"href":"https:\/\/rafalk-elblag.pl\/index.php?rest_route=\/wp\/v2\/types\/post"}],"author":[{"embeddable":true,"href":"https:\/\/rafalk-elblag.pl\/index.php?rest_route=\/wp\/v2\/users\/1"}],"replies":[{"embeddable":true,"href":"https:\/\/rafalk-elblag.pl\/index.php?rest_route=%2Fwp%2Fv2%2Fcomments&post=4047"}],"version-history":[{"count":5,"href":"https:\/\/rafalk-elblag.pl\/index.php?rest_route=\/wp\/v2\/posts\/4047\/revisions"}],"predecessor-version":[{"id":4064,"href":"https:\/\/rafalk-elblag.pl\/index.php?rest_route=\/wp\/v2\/posts\/4047\/revisions\/4064"}],"wp:featuredmedia":[{"embeddable":true,"href":"https:\/\/rafalk-elblag.pl\/index.php?rest_route=\/wp\/v2\/media\/4049"}],"wp:attachment":[{"href":"https:\/\/rafalk-elblag.pl\/index.php?rest_route=%2Fwp%2Fv2%2Fmedia&parent=4047"}],"wp:term":[{"taxonomy":"category","embeddable":true,"href":"https:\/\/rafalk-elblag.pl\/index.php?rest_route=%2Fwp%2Fv2%2Fcategories&post=4047"},{"taxonomy":"post_tag","embeddable":true,"href":"https:\/\/rafalk-elblag.pl\/index.php?rest_route=%2Fwp%2Fv2%2Ftags&post=4047"}],"curies":[{"name":"wp","href":"https:\/\/api.w.org\/{rel}","templated":true}]}}