{"id":4040,"date":"2020-10-11T07:19:51","date_gmt":"2020-10-11T07:19:51","guid":{"rendered":"http:\/\/rafalk-elblag.pl\/?p=4040"},"modified":"2020-10-17T16:01:20","modified_gmt":"2020-10-17T16:01:20","slug":"biuletyn-10-11-2020-xxviii-niedziela-zwykla","status":"publish","type":"post","link":"https:\/\/rafalk-elblag.pl\/?p=4040","title":{"rendered":"Biuletyn 11.10.2020, XXVIII Niedziela Zwyk\u0142a"},"content":{"rendered":"<p><img decoding=\"async\" id=\"ogloszenia-859\" src=\"http:\/\/rafalk-elblag.pl\/wp-content\/uploads\/2020\/10\/baner-101120.jpg\"><\/p>\n<h1>TOTUS TUUS \u2013 XX DZIE\u0143 PAPIESKI<\/h1>\n<p><strong>\u201eNie\u0142atwo zmierzy\u0107 g\u0142\u0119boko\u015b\u0107 s\u0142\u00f3w\u201d (K. Wojty\u0142a, Matka w: Poezje i dramaty, Krak\u00f3w 1999, s. 44) \u2013 mo\u017cemy si\u0119 o tym przekona\u0107 rozwa\u017caj\u0105c has\u0142o tegorocznego XX Dnia Papieskiego Totus Tuus (Ca\u0142y Tw\u00f3j). Wydawa\u0107 by si\u0119 mog\u0142o, \u017ce ju\u017c je znamy, widzieli\u015bmy je wielokrotnie wraz z papieskim herbem \u015bw. Jana Paw\u0142a II. Warto jednak si\u0119ga\u0107 do g\u0142\u0119bi tych s\u0142\u00f3w w \u017cyciu Papie\u017ca Polaka i duchowo\u015bci chrze\u015bcija\u0144skiej.<\/strong><\/p>\n<p>M\u0142ody ks. Karol Wojty\u0142a na swoje biskupie has\u0142o wybra\u0142 zawo\u0142anie Totus Tuus. Towarzyszy\u0142o mu ono a\u017c do powrotu do domu Ojca. Zaczerpn\u0105\u0142 je z dzie\u0142a \u015bw. Ludwika Marii Grignion de Montfort Traktat o prawdziwym nabo\u017ce\u0144stwie do Naj\u015bwi\u0119tszej Maryi Panny, kt\u00f3re czyta\u0142 jako dwudziestoletni m\u0142odzieniec, w czasie okupacji, pracuj\u0105c w kamienio\u0142omach. <strong>S\u0142owa Totus Tuus \u2013 Ca\u0142y Tw\u00f3j (Maryjo)<\/strong> s\u0105 zwi\u0105zane z dojrza\u0142ym \u017cyciem Papie\u017ca i wyra\u017caj\u0105 Jego postaw\u0119 wobec Boga i Maryi, a w konsekwencji do cz\u0142owieka i ca\u0142ego \u015bwiata.<\/p>\n<p>\u017bycie \u015bw. Jana Paw\u0142a II by\u0142o coraz pe\u0142niejsz\u0105 realizacj\u0105 zawierzenia Bogu przez Maryj\u0119. Pan potrzebowa\u0142 Matki, by \u201eby\u0107 Bogiem z nami\u201d, cz\u0142owiek potrzebuje Matki, by by\u0107 dzieckiem Boga. St\u0105d te\u017c w refleksji nad w\u0142asnym \u017cyciem winni\u015bmy odpowiedzie\u0107 sobie na pytania: Kim jest dla mnie Ta, kt\u00f3ra klamr\u0105 otwiera i zamyka Bibli\u0119? Czy Matka Boga jest Matk\u0105 mojej codzienno\u015bci? Czy pozwalam, by Jej obecno\u015b\u0107 przenika\u0142a projekt mojego \u017cycia?<\/p>\n<p>W ksi\u0105\u017cce Dar i Tajemnica (1996 r.) \u015bw. Jan Pawe\u0142 II, pisz\u0105c o kap\u0142a\u0144stwie zatrzymuje si\u0119 na w\u0105tku maryjnym swojego powo\u0142ania. M\u00f3wi o tradycyjnym nabo\u017ce\u0144stwie do Matki Bo\u017cej wyniesionym z domu rodzinnego i parafii, o szkaplerzu karmelita\u0144skim nieustannie noszonym od 10. roku \u017cycia.<\/p>\n<p><em><strong>\u201eO ile dawniej by\u0142em przekonany, \u017ce Maryja prowadzi nas do Chrystusa, to w tym okresie zacz\u0105\u0142em rozumie\u0107, \u017ce r\u00f3wnie\u017c i Chrystus prowadzi nas do swojej Matki.<\/strong> By\u0142 taki moment, kiedy nawet poniek\u0105d zakwestionowa\u0142em swoj\u0105 pobo\u017cno\u015b\u0107 maryjn\u0105 uwa\u017caj\u0105c, \u017ce posiada ona w spos\u00f3b przesadny pierwsze\u0144stwo przed nabo\u017ce\u0144stwem do samego Chrystusa. Musz\u0119 przyzna\u0107, \u017ce w\u00f3wczas z pomoc\u0105 przysz\u0142a mi ksi\u0105\u017ceczka \u015bw. Ludwika Marii Grignion de Montfort nosz\u0105ca tytu\u0142: \u201eTraktat o prawdziwym nabo\u017ce\u0144stwie do Naj\u015bwi\u0119tszej Maryi Panny\u201d. W ksi\u0105\u017ceczce tej znalaz\u0142em poniek\u0105d gotow\u0105 odpowied\u017a na moje pytania. Tak, Maryja nas przybli\u017ca do Chrystusa, prowadzi nas do Niego, ale pod warunkiem, \u017ce prze\u017cyjemy Jej tajemnic\u0119 w Chrystusie\u201d.<\/em><\/p>\n<p>W 1977 roku, kardyna\u0142 Karol Wojty\u0142a, na Jasnej G\u00f3rze, komentuj\u0105c fragment Ewangelii wg \u015bw. Jana m\u00f3wi\u0105cy o weselu w Kanie Galilejskiej powiedzia\u0142: <strong>\u201eW naszych czasach to wezwanie: \u201eCokolwiek wam On powie, to czy\u0144cie!\u201d \u2013 nabiera barwy naszych czas\u00f3w.<\/strong> Jest przenikni\u0119te dramatem naszych czas\u00f3w, napi\u0119ciem naszych czas\u00f3w\u201d. W ten spos\u00f3b Kardyna\u0142 z Krakowa podkre\u015bli\u0142 potrzeb\u0119 osadzenia tego wezwania w tera\u017aniejszo\u015bci. Na pewno zmieni\u0142a si\u0119 nasza Ojczyna i \u015bwiat. Dramatem naszych czas\u00f3w jest ch\u0119\u0107 radykalnego odrzucenia Boga, a w konsekwencji tworzenie nowej wizji cz\u0142owieka, b\u0119d\u0105cej cz\u0119sto jego karykatur\u0105.<\/p>\n<p>Ci\u0105gle aktualnym przes\u0142aniem Papie\u017ca jest wi\u0119c wezwanie do zawierzenia Maryi, a Bogu przez Maryj\u0119. Matka Bo\u017ca dzisiaj, podobnie jak w Kanie Galilejskiej, wskazuje na Jezusa jako \u0179r\u00f3d\u0142o zaspokojenia ludzkich brak\u00f3w, potrzeb, pragnie\u0144 i t\u0119sknot. Zach\u0119ca wsp\u00f3\u0142czesnego cz\u0142owieka do przyj\u0119cia wiary nadaj\u0105cej sens codziennemu w\u0119drowaniu.<strong> Postawa ta ukazuje godno\u015b\u0107 cz\u0142owieka oraz prowadzi do odwa\u017cnej wolno\u015bci i sk\u0142ania do dawania \u015bwiadectwa.<\/strong><\/p>\n<p>Odpowiedzi\u0105 na wezwanie Ojca \u015awi\u0119tego do solidarno\u015bci z ubogimi jest organizowana publiczna zbi\u00f3rka pieni\u0119dzy, w kt\u00f3rej corocznie udzia\u0142 bierze blisko 100 tysi\u0119cy wolontariuszy: ministrant\u00f3w, harcerzy, m\u0142odzie\u017cy i doros\u0142ych z r\u00f3\u017cnych \u015brodowisk. Zebrane w ten spos\u00f3b \u015brodki przeznaczone s\u0105 na fundusz stypendialny Fundacji, kt\u00f3ra przyznaje stypendia uzdolnionym m\u0142odym ludziom pochodz\u0105cym z wiosek i ma\u0142ych miast. W ten spos\u00f3b ka\u017cdy mo\u017ce w\u0142\u0105czy\u0107 si\u0119 w budow\u0119 \u201e\u017cywego pomnika\u201d \u015bw. Jana Paw\u0142a II.<\/p>\n<p>&nbsp;<\/p>\n<p>&nbsp;<br \/>\n<img decoding=\"async\" id=\"ogloszenia-859\" src=\"http:\/\/rafalk-elblag.pl\/wp-content\/uploads\/2020\/04\/baner-ogloszenia-parafialne.jpg\"><\/p>\n<h2>Og\u0142oszenia parafialne 11.10.2020r<\/h2>\n<h2>ZE WZGL\u0118DU NA POST\u0118PUJ\u0104C\u0104 EPIDEMI\u0118 I NOWE OBOSTRZENIA ZE STRONY PA\u0143STWOWEJ I KO\u015aCIELNEJ PRZEDSTAWIAMY AKTUALIZACJ\u0118 OG\u0141OSZE\u0143<\/h2>\n<p><strong>1.<\/strong> Obchodzimy dzisiaj XX Dzie\u0144 Papieski pod has\u0142em \u201eTOTUS TUUS\u201d. Z tej okazji m\u0142odzie\u017c przed ko\u015bcio\u0142em zbiera do puszek ofiary na stypendia w ramach Fundacji \u201eDzie\u0142o Nowego Tysi\u0105clecia\u201d. Za okazane wsparcie dzi\u0119kujemy.<\/p>\n<p><strong>2. UWAGA! Od 10 pa\u017adziernika obowi\u0105zuj\u0105 w naszym kraju nowe zasady bezpiecze\u0144stwa zwi\u0105zane z epidemi\u0105 koronawirusa.<\/strong> Przypominamy o obowi\u0105zku zakrywaniu nosa i ust, kt\u00f3ry obowi\u0105zuje w przestrzeni publicznej &#8211; w sklepach, autobusach, oraz Ko\u015bcio\u0142ach. Tak\u017ce na ulicy w ca\u0142ym kraju. Zwolnione z tego obowi\u0105zku s\u0105 jedynie osoby, kt\u00f3re posiadaj\u0105 za\u015bwiadczenie lekarskie lub dokument, kt\u00f3ry potwierdza niepe\u0142nosprawno\u015b\u0107.<\/p>\n<p><strong>3. Wchodz\u0105c do Ko\u015bcio\u0142a \u2013 zar\u00f3wno przez drzwi g\u0142\u00f3wne jak i boczne \u2013 prosimy dezynfekowa\u0107 r\u0119ce (dozowniki z p\u0142ynem s\u0105 umieszczone na stolikach).<\/strong> Informujemy, \u017ce ksi\u0119\u017ca i S\u0142u\u017cba Liturgiczna, od pocz\u0105tku pandemii (od marca) przed ka\u017cdym rozpocz\u0119ciem celebracji Mszy \u015aw. i nabo\u017ce\u0144stw dezynfekuj\u0105 r\u0119ce w zakrystii.<\/p>\n<p>4. Osobom, kt\u00f3re pragn\u0105 przyjmowa\u0107 Komuni\u0119 \u015awi\u0119t\u0105 na r\u0119k\u0119, Komunia b\u0119dzie udzielana przez jednego ksi\u0119dza od strony ch\u00f3ru.<\/p>\n<p><strong>5. KOMUNIKAT BISKUPA ELBL\u0104SKIEGO:<\/strong> W czasie obostrze\u0144 sanitarnych, zwi\u0105zanych z jesienn\u0105 fal\u0105 epidemii, trzeba zawiesi\u0107 dzia\u0142alno\u015b\u0107 wsp\u00f3lnot i grup przyparafialnych. Wydawa\u0142o si\u0119, \u017ce jesie\u0144 b\u0119dzie \u0142askawsza. Sytuacja si\u0119 zmieni\u0142a. Musimy przetrwa\u0107 z\u0142y czas unikaj\u0105c spotka\u0144.<\/p>\n<p><strong>6. PA\u0179DZIERNIK MIESI\u0104C R\u00d3\u017bA\u0143CA \u015aWI\u0118TEGO.<\/strong> Zapraszamy na nabo\u017ce\u0144stwa z wystawieniem Naj\u015bwi\u0119tszego Sakramentu: doros\u0142ych i m\u0142odzie\u017c o godz. 17:15, a dzieci: w poniedzia\u0142ki i \u015brody o godz. 16:30. Niech naszej modlitwie towarzyszy intencja zdrowia dla nas i naszych najbli\u017cszych oraz jak najszybszego ustania epidemii.<\/p>\n<p><strong>7.<\/strong> W \u015brod\u0119 14 pa\u017adziernika obchodzimy DZIE\u0143 NAUCZYCIELA. Sk\u0142adamy wszystkim pedagogom, katechetom i pracownikom o\u015bwiaty najserdeczniejsze \u017cyczenia cierpliwo\u015bci<br \/>\ni mi\u0142o\u015bci. Niech Pan B\u00f3g b\u0142ogos\u0142awi w pracy. Zapraszamy w tym dniu uczni\u00f3w, nauczycieli i katechet\u00f3w na wsp\u00f3lny R\u00f3\u017caniec o godz. 17:15.<\/p>\n<p><strong>8.<\/strong> Ks. Piotr zaprasza cz\u0142onk\u00f3w Kr\u0119gu Biblijnego na wsp\u00f3ln\u0105 modlitw\u0119, w \u015brod\u0119 po Mszy \u015aw. wieczornej \u2013 ok. godz. 18.45.<\/p>\n<p><strong>9.<\/strong> Modlitw\u0105 otaczamy rodziny prze\u017cywaj\u0105ce cierpienie z powodu utraty dziecka pocz\u0119tego lub tu\u017c po narodzeniu. Msza \u015bw. w DZIE\u0143 DZIECKA UTRACONEGO, kt\u00f3ry obchodzony jest 15 pa\u017adziernika (czwartek) zostanie odprawiona w parafii p.w. b\u0142. Franciszki Siedliskiej przy ul. Willowej 26 w Elbl\u0105gu o godz. 18:00. Wcze\u015bniej o godz. 17:30 \u2013 R\u00f3\u017caniec w powy\u017cszych intencjach. Mszy \u015bw. przewodniczy\u0107 b\u0119dzie i wyg\u0142osi homili\u0119 &#8211; ks. Piotr Molenda. Zapraszamy do wsp\u00f3lnej modlitwy.<\/p>\n<p><strong>10.<\/strong> W pi\u0105tek 16 pa\u017adziernika <strong>dzie\u0144 spotkania Bractwa Szkaplerznego i Rodziny Szkaplerznej<\/strong> oraz dzie\u0144 modlitw za wstawiennictwem \u015bw. Jana Paw\u0142a II. W tym dniu 42 lat temu ca\u0142a Polska us\u0142ysza\u0142a s\u0142owa: Habemus Papam obwieszczaj\u0105ce wyb\u00f3r Kard. Karola Wojty\u0142y na Stolic\u0119 Piotrow\u0105. W tym dniu zapraszamy na wsp\u00f3lny R\u00f3\u017caniec o godz. 17:15 i Msz\u0119 \u015bw. o godz. 18.00.<\/p>\n<p><strong>11.<\/strong> Za tydzie\u0144 w niedziel\u0119 (18 pa\u017adziernika) &#8211; \u015bwi\u0119to \u015bw. \u0141ukasza \u2013 Dzie\u0144 Modlitw za S\u0142u\u017cb\u0119 Zdrowia. Zapraszamy lekarzy i piel\u0119gniarki na wsp\u00f3ln\u0105 modlitw\u0119 r\u00f3\u017ca\u0144cow\u0105 o godz. 17.15. Tego dnia r\u00f3wnie\u017c w Katedrze \u015bw. Miko\u0142aja w Elbl\u0105gu, o godz. 18:00, Biskup Elbl\u0105ski \u2013 Jacek Jezierski wraz z kapelanami elbl\u0105skich szpitali odprawi Msz\u0119 \u015bw. w intencji pracownik\u00f3w S\u0141U\u017bBY ZDROWIA. W tak szczeg\u00f3lnym czasie pandemii ogarnijmy wszystkich pracuj\u0105cych w tej bran\u017cy nasz\u0105 modlitw\u0105.<\/p>\n<p><strong>12.<\/strong> Zach\u0119camy do czytania prasy katolickiej: nowy numer \u201eGo\u015bcia Niedzielnego\u201d w cenie 6 z\u0142. z dodatkiem \u201eGo\u015b\u0107 Elbl\u0105ski\u201d a nim wydarzenia z diecezji.<\/p>\n<p>&nbsp;<\/p>\n<p>&nbsp;<\/p>\n<p><img decoding=\"async\" id=\"intencje-859\" src=\"http:\/\/rafalk-elblag.pl\/wp-content\/uploads\/2020\/04\/baner-intencje-mszy.jpg\"><\/p>\n<h2>Intencje mszalne 11.10.2020<\/h2>\n<p><strong>PONIEDZIA\u0141EK \/ 12 pa\u017adziernika 2020r.<\/strong><br \/>\n8.00 \u2020 Dusze w czy\u015b\u0107cu cierpi\u0105ce<br \/>\n8.00 \u2020 Marek Pietrzak (12 greg.)<br \/>\n18.00 \u2020 Leszek Szandrach w 12 r. \u015bm.<\/p>\n<p><strong>WTOREK \/ 13 pa\u017adziernika 2020r. \/ b\u0142. Honorata Ko\u017ami\u0144skiego<\/strong><br \/>\n8.00 \u2020 Marek Pietrzak (13 greg.)<br \/>\n18.00 \u2020 Halina Bugajska \u2013 int. od szwagierki Barbary z rodzin\u0105<br \/>\n18.00 \u2020 Rodzice: Kazimiera (k) i W\u0142adys\u0142aw, Emilia, Stanis\u0142aw, oraz bracia: Jerzy i Wac\u0142aw<\/p>\n<p><strong>\u015aRODA \/ 14 pa\u017adziernika 2020r.<\/strong><br \/>\n8.00 \u2020 Edmund G\u0142y\u0144ski w 16 r. \u015bm. i zm. z rodz.<br \/>\n18.00 \u2020 Marek Pietrzak (14 greg.)<br \/>\n18.00 \u2020 Czes\u0142aw D\u0119bski \u2013 int. od rodziny Korna\u015b<\/p>\n<p><strong>CZWARTEK \/ 15 pa\u017adziernika 2020r. \/ \u015bw. Teresy od Jezusa<\/strong><br \/>\n8.00 Dzi\u0119k. za pomy\u015blne rozwi\u0105zanie trudnej sytuacji oraz o Bo\u017ce b\u0142og. dla Zbigniewa Jackiewicza<br \/>\n8.00 \u2020 Zmarli rodzice: Jan i Irena Paw\u0142owscy i zm. z rodz.<br \/>\n18.00 \u2020 Marek Pietrzak (15 greg.)<\/p>\n<p><strong>PI\u0104TEK \/ 16 pa\u017adziernika \/ \u015bw. Jadwigi \u015al\u0105skiej<\/strong><br \/>\n8.00 \u2020 Marek Pietrzak (16 greg.)<br \/>\n18.00 W int. Bractwa Szkaplerznego i os\u00f3b, kt\u00f3re przyjm\u0105 szkaplerz<br \/>\n18.00 Dzi\u0119k. za rodzin\u0119 Szczepanik\u00f3w z pro\u015bb\u0105 o Dary Ducha \u015aw., opiek\u0119 MB i potrzebne \u0142aski dla ca\u0142ej rodziny<\/p>\n<p><strong>SOBOTA \/ 10 pa\u017adziernika 2020r. \/ \u015bw. Ignacego Antioche\u0144skiego<\/strong><br \/>\n8.00 \u2020 Marek Pietrzak (17 greg.)<br \/>\n18.00 \u2020 Henryk Hacik w 3 r. \u015bm.<br \/>\n18.00 \u2020 J\u00f3zef Wnuczy\u0144ski oraz Krystyna, Julian i Henryk Adamczyk<\/p>\n<p><strong>XIX Niedziela Zwyk\u0142a \/ 18 pa\u017adziernika 2020r.<\/strong><br \/>\n7.00 \u2020 Czes\u0142aw D\u0119bski \u2013 int. od szwagra Stanis\u0142awa z rodzin\u0105<br \/>\n9.00 \u2020 Marek Pietrzak (18 greg.)<br \/>\n9.00 \u2020 Stefania w 8 r. \u015bm., Miros\u0142aw i zm. z rodz. Nike, Szpak, Jasi\u0144skich, Danuta Rycewicz, Iwona Kobrzeniecka, Ryszard Kujawski, Jan i Janina<br \/>\n10.30 O Bo\u017ce b\u0142og., opiek\u0119 MB i potrzebne \u0142aski dla Marcina Kurosad z ok. urodzin<br \/>\n12.00 W intencji Parafian<br \/>\n15.00 \u2020 Danuta i Zygmunt Kami\u0144scy, Pawe\u0142 i Lidia Czajor<br \/>\n18.00 \u2020 W\u0142adys\u0142awa (k) Stefanowicz w 5 r. \u015bm.<\/p>\n","protected":false},"excerpt":{"rendered":"<p>TOTUS TUUS \u2013 XX DZIE\u0143 PAPIESKI \u201eNie\u0142atwo zmierzy\u0107 g\u0142\u0119boko\u015b\u0107 s\u0142\u00f3w\u201d (K. Wojty\u0142a, Matka w: Poezje i dramaty, Krak\u00f3w 1999, s. 44) \u2013 mo\u017cemy si\u0119 o tym przekona\u0107 rozwa\u017caj\u0105c has\u0142o tegorocznego XX Dnia Papieskiego Totus Tuus (Ca\u0142y Tw\u00f3j). Wydawa\u0107 by si\u0119 mog\u0142o, \u017ce ju\u017c je znamy, widzieli\u015bmy je wielokrotnie wraz z papieskim herbem \u015bw. Jana Paw\u0142a [&hellip;]<\/p>\n","protected":false},"author":1,"featured_media":4041,"comment_status":"closed","ping_status":"closed","sticky":false,"template":"","format":"standard","meta":{"ngg_post_thumbnail":0,"footnotes":""},"categories":[11,8,4,3],"tags":[],"class_list":["post-4040","post","type-post","status-publish","format-standard","has-post-thumbnail","hentry","category-aktualnosci","category-blog","category-intencje","category-ogloszenia"],"_links":{"self":[{"href":"https:\/\/rafalk-elblag.pl\/index.php?rest_route=\/wp\/v2\/posts\/4040","targetHints":{"allow":["GET"]}}],"collection":[{"href":"https:\/\/rafalk-elblag.pl\/index.php?rest_route=\/wp\/v2\/posts"}],"about":[{"href":"https:\/\/rafalk-elblag.pl\/index.php?rest_route=\/wp\/v2\/types\/post"}],"author":[{"embeddable":true,"href":"https:\/\/rafalk-elblag.pl\/index.php?rest_route=\/wp\/v2\/users\/1"}],"replies":[{"embeddable":true,"href":"https:\/\/rafalk-elblag.pl\/index.php?rest_route=%2Fwp%2Fv2%2Fcomments&post=4040"}],"version-history":[{"count":3,"href":"https:\/\/rafalk-elblag.pl\/index.php?rest_route=\/wp\/v2\/posts\/4040\/revisions"}],"predecessor-version":[{"id":4046,"href":"https:\/\/rafalk-elblag.pl\/index.php?rest_route=\/wp\/v2\/posts\/4040\/revisions\/4046"}],"wp:featuredmedia":[{"embeddable":true,"href":"https:\/\/rafalk-elblag.pl\/index.php?rest_route=\/wp\/v2\/media\/4041"}],"wp:attachment":[{"href":"https:\/\/rafalk-elblag.pl\/index.php?rest_route=%2Fwp%2Fv2%2Fmedia&parent=4040"}],"wp:term":[{"taxonomy":"category","embeddable":true,"href":"https:\/\/rafalk-elblag.pl\/index.php?rest_route=%2Fwp%2Fv2%2Fcategories&post=4040"},{"taxonomy":"post_tag","embeddable":true,"href":"https:\/\/rafalk-elblag.pl\/index.php?rest_route=%2Fwp%2Fv2%2Ftags&post=4040"}],"curies":[{"name":"wp","href":"https:\/\/api.w.org\/{rel}","templated":true}]}}