{"id":4035,"date":"2020-10-04T11:35:20","date_gmt":"2020-10-04T11:35:20","guid":{"rendered":"http:\/\/rafalk-elblag.pl\/?p=4035"},"modified":"2020-10-04T11:35:48","modified_gmt":"2020-10-04T11:35:48","slug":"4035","status":"publish","type":"post","link":"https:\/\/rafalk-elblag.pl\/?p=4035","title":{"rendered":"Biuletyn 04.10.2020, XXVII Niedziela Zwyk\u0142a"},"content":{"rendered":"<p><img decoding=\"async\" id=\"ogloszenia-859\" src=\"http:\/\/rafalk-elblag.pl\/wp-content\/uploads\/2020\/10\/baner-041020.jpg\"><\/p>\n<h1>SI\u0141A MODLITWY R\u00d3\u017bA\u0143COWEJ<\/h1>\n<p><strong>R\u00f3\u017caniec od pocz\u0105tku sta\u0142 si\u0119 modlitw\u0105, kt\u00f3ra zosta\u0142a zaaprobowana, ale przede wszystkim umi\u0142owana w Ko\u015bciele. Widzimy to w \u017cyciu i historii \u015bwi\u0119tych, a szczeg\u00f3lnie za\u0142o\u017cycieli zakon\u00f3w czy zgromadze\u0144 zakonnych, ale te\u017c w \u017cyciu prostych i zwyczajnych ludzi. Do odmawiania r\u00f3\u017ca\u0144ca nawo\u0142ywa\u0142a sama Maryja podczas wielu swoich objawie\u0144 i da\u0142a obietnic\u0119, \u017ce kto b\u0119dzie si\u0119 modli\u0142 w taki spos\u00f3b, b\u0119dzie ocalony i ocali \u015bwiat od nieszcz\u0119\u015b\u0107 spowodowanych przez grzech.<\/strong><\/p>\n<p>Wielu \u015bwi\u0119tych mawia\u0142o, \u017ce r\u00f3\u017caniec niszczy ka\u017cde dzie\u0142o szatana. \u015awi\u0119ty Ludwik Grignion de Montfort m\u00f3wi\u0142 te\u017c, \u017ce s\u0142owa modlitwy r\u00f3\u017ca\u0144cowej s\u0105 najpi\u0119kniejszymi gratulacjami, jakie z\u0142o\u017cy\u0142 Archanio\u0142 Maryi, a my wypowiadaj\u0105c te s\u0142owa sk\u0142adamy osobiste gratulacje Maryi. Te s\u0142owa wci\u0105\u017c sprawiaj\u0105, \u017ce zmuszamy diab\u0142a do ucieczki: te s\u0142owa s\u0105 m\u0142otem, kt\u00f3re go mia\u017cd\u017cy, u\u015bwi\u0119ceniem duszy, rado\u015bci\u0105 anio\u0142\u00f3w i \u015bpiewem wybranych.<\/p>\n<p>Modlitwa r\u00f3\u017ca\u0144cowa jest wi\u0119c nie tyle przesuwaniem paciork\u00f3w, ale oddaniem si\u0119 w obron\u0119 Naj\u015bwi\u0119tszej Maryi Panny w momencie niebezpiecze\u0144stwa. Oddaj\u0105c si\u0119 w opiek\u0119 Maryi pozwalamy Jej zanie\u015b\u0107 nas przed Tron Boga. Modl\u0105c si\u0119 bowiem na r\u00f3\u017ca\u0144cu, przyzywamy Jej wstawiennictwa i razem z Ni\u0105 wypowiadamy s\u0142owa modlitwy, razem z Ni\u0105 uwielbiamy Boga. Wypowiadaj\u0105c s\u0142owa modlitwy r\u00f3\u017ca\u0144cowej i powtarzaj\u0105c cyklicznie te same s\u0142owa odpowiadamy te\u017c na s\u0142owa \u015bw. Paw\u0142a, kt\u00f3ry zach\u0119ca\u0142 pierwsze wsp\u00f3lnoty chrze\u015bcija\u0144skie do nieustannej modlitwy. Ju\u017c w pierwszych wiekach ludzie odmawiali po kilkadziesi\u0105t czy kilkaset razy t\u0119 sam\u0105 modlitw\u0119.<\/p>\n<p>Dzisiejsza forma r\u00f3\u017ca\u0144ca z u\u0142o\u017conymi sta\u0142ymi cz\u0119\u015bciami i tajemnicami zaprasza nas do czego\u015b g\u0142\u0119bszego i wa\u017cniejszego ni\u017c tylko pozornie nudnego przesuwania potocznie nazwanych korali. W tej modlitwie chodzi te\u017c o co\u015b wi\u0119cej ni\u017c traktowanie jej czasem jakby mia\u0142a magiczn\u0105 moc. Coraz cz\u0119\u015bciej ulegamy pokusie, by j\u0105 tylko odmawia\u0107 i nawet mo\u017ce podejmowa\u0107 wyzwania maj\u0105ce na celu nawet i dobre intencje, tak jak nowenna pompeja\u0144ska, ale jednocze\u015bnie gubimy i tracimy to, co staje si\u0119 jej istot\u0105. Odnosz\u0119 te\u017c czasem takie wra\u017cenie, \u017ce i w Ko\u015bciele o tym zapominamy, gdy w pa\u017adzierniku podejmujemy t\u0105 modlitw\u0119, a jednocze\u015bnie podchodzimy do niej na zasadzie \u201ezaliczenia\u201d, szybkiego odm\u00f3wienia \u2013 bo trzeba, ale nie mamy na ni\u0105 zbyt du\u017co czasu.<\/p>\n<p>R\u00f3\u017caniec potrzebuje i zaprasza nas do tego, \u017ceby si\u0119 zatrzyma\u0107, \u017ceby zwolni\u0107 i pozwoli\u0107 si\u0119 poprowadzi\u0107 Duchowi Bo\u017cemu tak jak to zrobi\u0142a w swoim \u017cyciu Maryja. Nie da si\u0119 zrozumie\u0107 r\u00f3\u017ca\u0144ca ci\u0105gle gdzie\u015b p\u0119dz\u0105c i chc\u0105c ci\u0105gle tylko co\u015b za\u0142atwia\u0107.<br \/>\nSi\u0142a tej modlitwy nie tkwi w ilo\u015bci \u2013 w tym jak du\u017co jej odm\u00f3wimy, ale jak mocno ona nas wci\u0105gnie i jak rozpali nasze serca. Je\u015bli zatracimy w r\u00f3\u017ca\u0144cu charakter kontemplacyjny to b\u0119dziemy ci\u0105gle do niej podchodzi\u0107 albo z przymusu, albo na spos\u00f3b magiczny. Poszczeg\u00f3lne tajemnice zapraszaj\u0105 nas do tego, by razem z Maryj\u0105 prze\u017cywa\u0107 histori\u0119 Zbawienia i w tej historii zobaczy\u0107 wielkie dzie\u0142o Boga.<\/p>\n<p>Kontempluj\u0105c tajemnice z \u017cycia Maryi i Jezusa jeste\u015bmy zaproszeni, by nie tylko podziwia\u0107 to co si\u0119 kiedy\u015b wydarzy\u0142o, ale by przyj\u0105\u0107 te sytuacje w swoim \u017cyciu.<\/p>\n<p>Pa\u017adziernik nie jest jedynym miesi\u0105cem na r\u00f3\u017caniec. Jest on jedynie motywacj\u0105 i zaproszeniem, by ka\u017cdego dnia otwiera\u0107 swoje serce na spotkanie z Bogiem. Jest lekarstwem na nasze niepokoje, l\u0119ki, obawy, kt\u00f3re nosimy w swoich serach i wypowiadaniem wobec nich, \u017ce B\u00f3g jest z nami \u2013 tak jak jest z Maryj\u0105.<\/p>\n<p>Jest zaproszeniem Boga do naszych rado\u015bci i sukces\u00f3w i podzi\u0119kowaniem, \u017ce s\u0105 one tak naprawd\u0119 owocem dzia\u0142ania w naszym \u017cyciu Bo\u017cej \u0142aski. Odmawianie r\u00f3\u017ca\u0144ca wtedy nie staje si\u0119 przymusem czy magicznym dzie\u0142em, ale przywilejem. Odmawianie r\u00f3\u017ca\u0144ca jest zaszczytem, do kt\u00f3rego zaprasza mnie B\u00f3g.<\/p>\n<p>&nbsp;<br \/>\n<img decoding=\"async\" id=\"ogloszenia-859\" src=\"http:\/\/rafalk-elblag.pl\/wp-content\/uploads\/2020\/04\/baner-ogloszenia-parafialne.jpg\"><\/p>\n<h2>Og\u0142oszenia parafialne 04.10.2020r<\/h2>\n<p><strong>1.<\/strong> W dniu dzisiejszym indywidualna Adoracja Naj\u015bwi\u0119tszego Sakramentu od godz. 16:00 do godz. 17:15. Znajd\u017a czas, aby by\u0107 sam na sam z Twoim Panem.<\/p>\n<p><strong>2.<\/strong> <strong>PA\u0179DZIERNIK MIESI\u0104C R\u00d3\u017bA\u0143CA \u015aWI\u0118TEGO.<\/strong> Zapraszamy na nabo\u017ce\u0144stwa z wystawieniem Naj\u015bwi\u0119tszego Sakramentu. Wierni, kt\u00f3rzy odmawiaj\u0105 cz\u0119\u015b\u0107 R\u00f3\u017ca\u0144ca (5 dziesi\u0105tek) w ko\u015bciele lub rodzinie mog\u0105 uzyska\u0107 ODPUST ZUPE\u0141NY. Zapraszamy do wsp\u00f3lnej modlitwy: doros\u0142ych i m\u0142odzie\u017c o godz. 17:15, a dzieci zapraszamy: w poniedzia\u0142ki i \u015brody o godz. 16:30.<\/p>\n<p><strong>3.<\/strong> W \u015brod\u0119 w ko\u015bciele wspomnienie NAJ\u015aWI\u0118TSZEJ MARYI PANNY R\u00d3\u017bA\u0143COWEJ. Zapraszamy w tym dniu wszystkie R\u00f3\u017ce R\u00f3\u017ca\u0144cowe (przy parafii istnieje 13 R\u00f3\u017c) do wsp\u00f3lnej modlitwy o godz. 17:15.<\/p>\n<p><strong>4.<\/strong> W tym tygodniu na plebanii odb\u0119d\u0105 si\u0119 <strong>spotkania rodzic\u00f3w dzieci przygotowuj\u0105cych si\u0119 w tym roku do Pierwszej Spowiedzi i Komunii \u015awi\u0119tej<\/strong> wed\u0142ug nast\u0119puj\u0105cego porz\u0105dku:<br \/>\n\u2022 dnia 5 pa\u017adziernika (poniedzia\u0142ek) klasa III a i klasa III b \u2013 o godz. 19:00;<br \/>\n\u2022 dnia 6 pa\u017adziernika (wtorek) klasa III c i klasa III d \u2013 o godz. 19:00, oraz rodzice dzieci ucz\u0105cych si\u0119 w innych szko\u0142ach.<br \/>\n<strong>OBECNO\u015a\u0106 OBOJGA RODZIC\u00d3W OBOWI\u0104ZKOWA !!!<\/strong><\/p>\n<p>5. W przysz\u0142\u0105 niedziel\u0119 (11 pa\u017adziernika) obchodzi\u0107 b\u0119dziemy X<strong>X Dzie\u0144 Papieski pod has\u0142em \u201eTOTUS TUUS\u201d<\/strong>. Z tej okazji m\u0142odzie\u017c przed ko\u015bcio\u0142em b\u0119dzie zbiera\u0107 do puszek pieni\u0105dze na stypendia w ramach fundacji Dzie\u0142o Nowego Tysi\u0105clecia.<\/p>\n<p><strong>6.<\/strong> W pierwsze niedziele miesi\u0105ca zbierana taca przeznaczona jest na inwestycje w naszej parafii. B\u00f3g zap\u0142a\u0107 za sk\u0142adane ofiary.<\/p>\n<p><strong>7.<\/strong> Mamy ju\u017c mo\u017cliwo\u015b\u0107 zamawiania i rezerwacji Mszy \u015bwi\u0119tej na ROK 2021. Informacj\u0119 t\u0119 podajemy dla tych wszystkich, kt\u00f3rzy pragn\u0105 w konkretnym dniu zam\u00f3wi\u0107 intencj\u0119 mszaln\u0105.<\/p>\n<p><strong>8.<\/strong> Mo\u017cliwo\u015b\u0107 skorzystanie z Sakramentu Spowiedzi \u015awi\u0119tej w tygodniu mamy: od godz. 7:45 oraz od godz. 17:30. Zapraszamy.<\/p>\n<p><strong>9. KANCELARIA PARAFIALNA:<\/strong> czynna w \u015brody od 16:00 do 17:30 oraz w pi\u0105tek od 18:30 do 19:30. Zapraszamy.<\/p>\n<p><strong>10.<\/strong> Przychodnia Lekarska Hygeia w Elbl\u0105gu oraz Instytut Okulistyczny Vissum w Alicante (Hiszpania) zapraszaj\u0105 na udzia\u0142 w naukowym badaniu okulistycznym. Celem jest ocena cz\u0119sto\u015bci wyst\u0119powania chor\u00f3b przedniego odcinka oka u Polak\u00f3w przy u\u017cyciu unikatowego sprz\u0119tu niedost\u0119pnego w Polsce. Badania odbywaj\u0105 si\u0119 bezp\u0142atnie dla os\u00f3b od 10 do 80 roku \u017cycia w Przychodni Hygeia przy ulicy Bema 80 po rejestracji osobi\u015bcie lub pod numerem telefonu: 58 776 40 46.<\/p>\n<p><strong>11.<\/strong> Zach\u0119camy do czytania prasy katolickiej: nowy numer \u201eGo\u015bcia Niedzielnego\u201d w cenie 6 z\u0142. z dodatkiem \u201eGo\u015b\u0107 Elbl\u0105ski\u201d a w nim wydarzenia z diecezji.<\/p>\n<p>&nbsp;<\/p>\n<p><img decoding=\"async\" id=\"intencje-859\" src=\"http:\/\/rafalk-elblag.pl\/wp-content\/uploads\/2020\/04\/baner-intencje-mszy.jpg\"><\/p>\n<h2>Intencje mszalne 04.10.2020<\/h2>\n<p><strong>PONIEDZIA\u0141EK \/ 5 pa\u017adziernika 2020r. \/ \u015bw. s. Faustyny Kowalskiej<\/strong><br \/>\n8.00 \u2020 Marek Pietrzak (5 greg.)<br \/>\n8.00 \u2020 Barbara Petrycka w 18 r. \u015bm. i rodzice z obojga stron: Maria i Stanis\u0142aw oraz Maria i Franciszek<br \/>\n18.00 \u2020 Czes\u0142aw D\u0119bski \u2013 int. od szwagra Stanis\u0142awa z rodzin\u0105<\/p>\n<p><strong>WTOREK \/ 6 pa\u017adziernika 2020r.<\/strong><br \/>\n8.00 \u2020 Bogdan Kr\u00f3l w 5 r. \u015bm., Wiktoria i Wac\u0142aw<br \/>\n18.00 \u2020 Marek Pietrzak (6 greg.)<br \/>\n18.00 \u2020 Eugeniusz w 39 r. \u015bm. i zmarli z rodz. z obojga stron<br \/>\n18.00 O Bo\u017ce b\u0142og., opiek\u0119 MB i zdrowie dla c\u00f3rki Magdaleny, syna Darka, synowej, wnuk\u00f3w oraz Wojtka i Jadwigi<\/p>\n<p><strong>\u015aRODA \/ 7 pa\u017adziernika 2020r. \/ NMP R\u00f3\u017ca\u0144cowej<\/strong><br \/>\n8.00 \u2020 Marek Pietrzak (7 greg.)<br \/>\n18.00 \u2020 Helena Bukojemska<br \/>\n18.00 W intencji czcicieli Matki Bo\u017cej Nieustaj\u0105cej Pomocy<\/p>\n<p><strong>CZWARTEK \/ 8 pa\u017adziernika 2020r.<\/strong><br \/>\n8.00 \u2020 Marek Pietrzak (8 greg.)<br \/>\n18.00 \u2020 Maria Siemion w 16 r. \u015bm.<br \/>\n18.00 \u2020 Aniela i Franciszek Adamowicz, Ma\u0142gorzata Go\u0142\u0119biowska<\/p>\n<p><strong>PI\u0104TEK \/ 9 pa\u017adziernika<\/strong><br \/>\n8.00 \u2020 Marcinek Wi\u015bniewski w 30 r. \u015bm. i zm. z rodz.<br \/>\n18.00 \u2020 Marek Pietrzak (9 greg.)<br \/>\n18.00 \u2020 Ireneusz Jagielski i zm. rodzice<\/p>\n<p><strong>SOBOTA \/ 10 pa\u017adziernika 2020r.<\/strong><br \/>\n8.00 \u2020 Marek Pietrzak (10 greg.)<br \/>\n18.00 \u2020 Tomasz Pe\u0142ka w 22 r. \u015bm.<br \/>\n18.00 \u2020 Cezary Grajkowski w 5 r. \u015bm.<\/p>\n<p><strong>XXVIII Niedziela Zwyk\u0142a \/ 11 pa\u017adziernika 2020r.<\/strong><br \/>\n7.00 \u2020 Anatol Usik w 6 miesi\u0105c po \u015bmierci<br \/>\n9.00 O Bo\u017ce b\u0142og. i si\u0142\u0119 w pokonywaniu trudno\u015bci dla Nikodema i jego rodziny, Agnieszki i ca\u0142ej rodziny zakonnej oraz dla Magdaleny i Macieja<br \/>\n9.00 O Bo\u017ce b\u0142og. i opiek\u0119 MB dla Tomka Jasi\u0144skiego z ok. 4 urodzin i Jego rodziny<br \/>\n10.30 \u2020 J\u00f3zef Kwiatosz z ok. ziemskich urodzin i zm. rodzice z obojga stron<br \/>\n12.00 W intencji Parafian<br \/>\n15.00 \u2020 Zofia Badaj w 1 r. \u015bm.<br \/>\n18.00 \u2020 Marek Pietrzak (11 greg.)<\/p>\n","protected":false},"excerpt":{"rendered":"<p>SI\u0141A MODLITWY R\u00d3\u017bA\u0143COWEJ R\u00f3\u017caniec od pocz\u0105tku sta\u0142 si\u0119 modlitw\u0105, kt\u00f3ra zosta\u0142a zaaprobowana, ale przede wszystkim umi\u0142owana w Ko\u015bciele. Widzimy to w \u017cyciu i historii \u015bwi\u0119tych, a szczeg\u00f3lnie za\u0142o\u017cycieli zakon\u00f3w czy zgromadze\u0144 zakonnych, ale te\u017c w \u017cyciu prostych i zwyczajnych ludzi. Do odmawiania r\u00f3\u017ca\u0144ca nawo\u0142ywa\u0142a sama Maryja podczas wielu swoich objawie\u0144 i da\u0142a obietnic\u0119, \u017ce kto [&hellip;]<\/p>\n","protected":false},"author":1,"featured_media":4037,"comment_status":"closed","ping_status":"closed","sticky":false,"template":"","format":"standard","meta":{"ngg_post_thumbnail":0,"footnotes":""},"categories":[11,8,4,3],"tags":[],"class_list":["post-4035","post","type-post","status-publish","format-standard","has-post-thumbnail","hentry","category-aktualnosci","category-blog","category-intencje","category-ogloszenia"],"_links":{"self":[{"href":"https:\/\/rafalk-elblag.pl\/index.php?rest_route=\/wp\/v2\/posts\/4035","targetHints":{"allow":["GET"]}}],"collection":[{"href":"https:\/\/rafalk-elblag.pl\/index.php?rest_route=\/wp\/v2\/posts"}],"about":[{"href":"https:\/\/rafalk-elblag.pl\/index.php?rest_route=\/wp\/v2\/types\/post"}],"author":[{"embeddable":true,"href":"https:\/\/rafalk-elblag.pl\/index.php?rest_route=\/wp\/v2\/users\/1"}],"replies":[{"embeddable":true,"href":"https:\/\/rafalk-elblag.pl\/index.php?rest_route=%2Fwp%2Fv2%2Fcomments&post=4035"}],"version-history":[{"count":2,"href":"https:\/\/rafalk-elblag.pl\/index.php?rest_route=\/wp\/v2\/posts\/4035\/revisions"}],"predecessor-version":[{"id":4039,"href":"https:\/\/rafalk-elblag.pl\/index.php?rest_route=\/wp\/v2\/posts\/4035\/revisions\/4039"}],"wp:featuredmedia":[{"embeddable":true,"href":"https:\/\/rafalk-elblag.pl\/index.php?rest_route=\/wp\/v2\/media\/4037"}],"wp:attachment":[{"href":"https:\/\/rafalk-elblag.pl\/index.php?rest_route=%2Fwp%2Fv2%2Fmedia&parent=4035"}],"wp:term":[{"taxonomy":"category","embeddable":true,"href":"https:\/\/rafalk-elblag.pl\/index.php?rest_route=%2Fwp%2Fv2%2Fcategories&post=4035"},{"taxonomy":"post_tag","embeddable":true,"href":"https:\/\/rafalk-elblag.pl\/index.php?rest_route=%2Fwp%2Fv2%2Ftags&post=4035"}],"curies":[{"name":"wp","href":"https:\/\/api.w.org\/{rel}","templated":true}]}}