{"id":4028,"date":"2020-09-27T10:52:13","date_gmt":"2020-09-27T10:52:13","guid":{"rendered":"http:\/\/rafalk-elblag.pl\/?p=4028"},"modified":"2020-09-27T10:52:49","modified_gmt":"2020-09-27T10:52:49","slug":"biuletyn-27-09-2020-xxvi-niedziela-zwykla","status":"publish","type":"post","link":"https:\/\/rafalk-elblag.pl\/?p=4028","title":{"rendered":"Biuletyn 27.09.2020, XXVI Niedziela Zwyk\u0142a"},"content":{"rendered":"<p><img decoding=\"async\" id=\"ogloszenia-859\" src=\"http:\/\/rafalk-elblag.pl\/wp-content\/uploads\/2020\/09\/baner-270920.jpg\"><\/p>\n<h1>CZY ANIO\u0141OWIE INGERUJ\u0104 W NASZE \u017bYCIE?<\/h1>\n<p><strong>Na temat anio\u0142\u00f3w istnia\u0142o zawsze sporo spekulacji. Zastanawiano si\u0119 nad tym, jacy s\u0105, jak wygl\u0105daj\u0105, a nawet ile wa\u017c\u0105. Rozwa\u017cania takie zwykle nie prowadzi\u0142y daleko. Samo Objawienie m\u00f3wi o anio\u0142ach tylko tyle, \u017ce istniej\u0105, wype\u0142niaj\u0105 wol\u0119 Bo\u017c\u0105, s\u0105 dobrymi duchami i mog\u0105 jako\u015b na nas wp\u0142ywa\u0107.<\/strong><\/p>\n<p>\u015aw. Augustyn pisa\u0142, \u017ce okre\u015blenie \u201eanio\u0142&#8221; odnosi si\u0119 nie tyle do natury, co do funkcji, jak\u0105 pe\u0142ni on wobec cz\u0142owieka. Etymologicznie, anio\u0142 to \u201epos\u0142any&#8221;, pos\u0142aniec Boga, a jednocze\u015bnie ten, kt\u00f3ry chroni cz\u0142owieka przed z\u0142em, ostrzega przed nim i pomaga odci\u0105\u0107 si\u0119 od z\u0142a. O naturze anio\u0142a wiemy tyle, \u017ce jest czystym duchem. W przeciwie\u0144stwie do cz\u0142owieka, kt\u00f3ry ma natur\u0119 duchowo-cielesn\u0105, anio\u0142 nie posiada postaci materialnej.<\/p>\n<p>Mo\u017cemy go sobie wyobra\u017ca\u0107, a nawet \u201ewidzie\u0107&#8221; jako pi\u0119knego m\u0119\u017cczyzn\u0119 czy pi\u0119kn\u0105 kobiet\u0119, ale b\u0119dzie to zawsze tylko obraz. To, \u017ce anio\u0142 nie jest materialny, nie oznacza jednak, \u017ce nie mo\u017ce dzia\u0142a\u0107 w naszym \u015bwiecie. Spr\u00f3bujmy pomy\u015ble\u0107 o aniele jak o jakiej\u015b formie duchowej energii: \u015bwiat\u0142o przechodzi przez szyb\u0119, a jednocze\u015bnie jest ca\u0142kiem konkretnym bytem, potrafi przecie\u017c ogrza\u0107 mur. Oczywi\u015bcie jest to tylko analogia. Anio\u0142 jest bytem duchowym.<\/p>\n<p>Posta\u0107 anio\u0142a cz\u0119sto kojarzona jest z kim\u015b, kto mo\u017ce wkroczy\u0107 w sytuacji kryzysowej, ustrzec nie tylko przed z\u0142em moralnym, ale zewn\u0119trznym, obiektywnym. Anio\u0142 jednak nie poddaje si\u0119 spekulacji rozumu. Anio\u0142 jako istota duchowa przede wszystkim oddzia\u0142uje na nasz\u0105 sfer\u0119 duchow\u0105, na nasz\u0105 wol\u0119 i umys\u0142. Mo\u017ce si\u0119 to dzia\u0107 na wiele sposob\u00f3w.<\/p>\n<p>Anio\u0142 mo\u017ce nawet pos\u0142a\u0107 do nas drugiego cz\u0142owieka, jednak najcz\u0119stsz\u0105 form\u0105 jego ingerencji jest natchnienie. \u0179r\u00f3d\u0142os\u0142\u00f3w s\u0142owa \u201etchn\u0105\u0107&#8221; sugeruje pewien rodzaj duchowego przekazu. Anio\u0142 mo\u017ce tchn\u0105\u0107 w nasz umys\u0142 jak\u0105\u015b dobr\u0105 my\u015bl po to, aby poci\u0105gn\u0105\u0107 nas w stron\u0119 dobra.<br \/>\nNatchnienie jest pewn\u0105 podpowiedzi\u0105, pomoc\u0105 w rozr\u00f3\u017cnieniu dobra i z\u0142a. Jest ukazaniem w\u0142a\u015bciwej drogi albo te\u017c ostrze\u017ceniem przed z\u0142\u0105.<\/p>\n<p>Anio\u0142 szanuje jednak wolno\u015b\u0107 cz\u0142owieka i nigdy nie dzia\u0142a wbrew jego woli. To, jak bardzo cz\u0142owiek jest otwarty na dzia\u0142anie anio\u0142a i jak ostatecznie post\u0105pi, zale\u017cy od niego samego. Czasami ludzie odczuwaj\u0105 obecno\u015b\u0107 anio\u0142a bardzo bezpo\u015brednio, m\u00f3wi\u0105: \u201eCo\u015b mnie tkn\u0119\u0142o, \u017ceby tam nie i\u015b\u0107&#8221;, \u201eAnio\u0142 ochroni\u0142 mnie przed uderzeniem z\u0142a&#8221;. Odbieraj\u0105 jego wsparcie bardzo zmys\u0142owo, namacalnie.<\/p>\n<p>Ale czy anio\u0142 mo\u017ce faktycznie wp\u0142ywa\u0107 na nasze zmys\u0142y? W pewnym sensie na pewno tak, poprzez g\u0142os, obraz, wizj\u0119. Mo\u017ce te\u017c przyj\u0105\u0107 jak\u0105\u015b posta\u0107, nie wciela\u0107 si\u0119, ale w jaki\u015b spos\u00f3b ukaza\u0107 si\u0119 nam w poznaniu zmys\u0142owym. Niezwyk\u0142ym tego \u015bwiadkiem jest s. Faustyna. Do\u015bwiadcza\u0142a ona realnej blisko\u015bci anio\u0142a, kt\u00f3ry j\u0105 strzeg\u0142, i poprzez wizje pokaza\u0142 jej nawet rzeczywisto\u015b\u0107 czy\u015b\u0107ca i piek\u0142a.<\/p>\n<p>Faustyna widzia\u0142a anio\u0142a ciele\u015bnie, w konkretnej postaci. W podobnej za\u017cy\u0142o\u015bci z anio\u0142em by\u0142 tak\u017ce o. Pio. Mamy tutaj do czynienia z do\u015bwiadczeniem bardzo subiektywnym, poniewa\u017c ka\u017cdy mo\u017ce do\u015bwiadczy\u0107 anio\u0142a inaczej.<\/p>\n<p>Powr\u00f3\u0107my do metafory \u015bwiat\u0142a. Ja widz\u0119 \u015bwiat\u0142o, ale osoba niewidoma nie widzi, czuje tylko ciep\u0142o. By\u0107 mo\u017ce podobnie jest z poczuciem blisko\u015bci anio\u0142a: kto\u015b mo\u017ce by\u0107 wra\u017cliwy na zmys\u0142owy, wizyjny kontakt z nim, kto\u015b nie \u201ewidzi&#8221; anio\u0142a, ale co\u015b mu podpowiada, \u017ce jest on gdzie\u015b blisko, a jeszcze kto\u015b inny nie do\u015bwiadcza jego obecno\u015bci wcale, ale w ni\u0105 wierzy. Czasami mo\u017cna nie dos\u0142ysze\u0107 g\u0142osu anio\u0142a. Mo\u017ce by\u0107 tak, \u017ce kto\u015b, kto trwa w grzechu, sam si\u0119 zamyka na dobre natchnienia. Ale nawet mimo najwi\u0119kszych grzech\u00f3w anio\u0142 mo\u017ce dotrze\u0107 do cz\u0142owieka.<\/p>\n<p>Ka\u017cdy z nas ma swojego anio\u0142a str\u00f3\u017ca, oboj\u0119tnie czy jest chrze\u015bcijaninem, czy nie. B\u00f3g ka\u017cdemu daje takiego opiekuna, bo przecie\u017c ka\u017cdy cz\u0142owiek jest dzieckiem Bo\u017cym.<\/p>\n<p>&nbsp;<br \/>\n<img decoding=\"async\" id=\"ogloszenia-859\" src=\"http:\/\/rafalk-elblag.pl\/wp-content\/uploads\/2020\/04\/baner-ogloszenia-parafialne.jpg\"><\/p>\n<h2>Og\u0142oszenia parafialne 27.09.2020r<\/h2>\n<p><strong>1.<\/strong> Wolontariusze Caritas zbieraj\u0105 dzisiaj ofiary przed ko\u015bcio\u0142em dla najubo\u017cszych i potrzebuj\u0105cych z naszej parafii. Za okazan\u0105 pomoc dzi\u0119kujemy. Przypominamy, \u017ce punkt Parafialnego Oddzia\u0142u Caritas czynny jest w ka\u017cdy czwartek od 16:00 do godz. 17:00.<\/p>\n<p><strong>2.<\/strong> Dzisiaj na Mszy \u015bw. o godz. 12:00 dzieci klas IV b\u0119d\u0105 po raz pierwszy w pe\u0142ni uczestniczy\u0107 we Mszy \u015bw. Otoczmy je modlitw\u0105 i pro\u015bmy Boga by mia\u0142y dobry przyk\u0142ad w swoich rodzinach.<\/p>\n<p><strong>3.<\/strong> <strong>PRZED NAMI MIESI\u0104C R\u00d3\u017bA\u0143CA \u015aWI\u0118TEGO.<\/strong> Zapraszamy na nabo\u017ce\u0144stwa z wystawieniem Naj\u015bwi\u0119tszego Sakramentu. Wierni, kt\u00f3rzy odmawiaj\u0105 cz\u0119\u015b\u0107 R\u00f3\u017ca\u0144ca (5 dziesi\u0105tek) w ko\u015bciele lub rodzinie mog\u0105 uzyska\u0107 ODPUST ZUPE\u0141NY. Zapraszamy do wsp\u00f3lnej modlitwy: doros\u0142ych i m\u0142odzie\u017c o godz. 17:15, a dzieci zapraszamy: w poniedzia\u0142ki i \u015brody o godz. 16:30.<\/p>\n<p><strong>4.<\/strong> Dzisiaj, po Mszy \u015awi\u0119tej wieczornej, o godz. 19:00 odb\u0119dzie si\u0119 spotkanie dla kandydat\u00f3w przygotowuj\u0105cych si\u0119 do sakramentu bierzmowania \u2013 ROK I (czyli uczniowie klas VIII Szko\u0142y Podstawowej). Obecno\u015b\u0107 obowi\u0105zkowa.<\/p>\n<p><strong>5.<\/strong> W tym tygodniu przypada:<br \/>\n<strong>\u2022 I czwartek miesi\u0105ca<\/strong> \u2013 zapraszamy na Msz\u0119 \u015bw. o godz. 18:00, a wcze\u015bniej od godz. 17:00 na Adoracj\u0119 Naj\u015bwi\u0119tszego Sakramentu tj. na \u201eGODZIN\u0118 \u015aWI\u0118T\u0104\u201d po\u0142\u0105czon\u0105 z nabo\u017ce\u0144stwem r\u00f3\u017ca\u0144cowym. Zapraszamy wszystkie \u201eMargaretki\u201d do wsp\u00f3lnej modlitwy.<br \/>\n<strong>\u2022 I pi\u0105tek miesi\u0105ca:<\/strong> spowied\u017a dla doros\u0142ych, m\u0142odzie\u017cy od godz. 17:30. Msza \u015bw. Wotywna o Naj\u015bwi\u0119tszym Sercu Jezusa o godz. 18:00<br \/>\n<strong>\u2022 I sobota miesi\u0105ca:<\/strong> zapraszamy wszystkich czcicieli Matki Bo\u017cej na nabo\u017ce\u0144stwo po\u0142\u0105czone z Adoracj\u0105 Naj\u015bwi\u0119tszego Sakramentu od godz. 17:00.<\/p>\n<p><strong>6.<\/strong> W I pi\u0105tek miesi\u0105ca pa\u017adziernika z Panem Jezusem udamy si\u0119 do chorych: ks. Proboszcz i ks. Marcin od godz. 9:30, a ks. Piotr po zaj\u0119ciach w szkole (ok. godz. 14.00)<br \/>\nProsimy zg\u0142asza\u0107 do kap\u0142an\u00f3w chorych pragn\u0105cych rozpocz\u0105\u0107 9 pierwszych pi\u0105tk\u00f3w.<\/p>\n<p><strong>7.<\/strong> W pierwsze niedziele miesi\u0105ca zbierana taca przeznaczona jest na inwestycje w naszej parafii. B\u00f3g zap\u0142a\u0107 za sk\u0142adane ofiary.<\/p>\n<p><strong>8.<\/strong> Mamy ju\u017c mo\u017cliwo\u015b\u0107 zamawiania i rezerwacji Mszy \u015bwi\u0119tej na ROK 2021. Informacj\u0119 t\u0119 podajemy dla tych wszystkich, kt\u00f3rzy pragn\u0105 w konkretnym dniu zam\u00f3wi\u0107 intencj\u0119 mszaln\u0105.<\/p>\n<p><strong>9. <\/strong>Mo\u017cliwo\u015b\u0107 skorzystanie z Sakramentu Spowiedzi \u015awi\u0119tej w tygodniu mamy: od godz. 7:45 oraz od godz. 17:30. Zapraszamy.<\/p>\n<p><strong>10. KANCELARIA PARAFIALNA:<\/strong> czynna w \u015brody od 16:00 do 17:30 oraz w pi\u0105tek od 18:30 do 19:30. Zapraszamy.<\/p>\n<p><strong>11.<\/strong> Zach\u0119camy do czytania prasy katolickiej: nowy numer \u201eGo\u015bcia Niedzielnego\u201d w cenie 6 z\u0142. z dodatkiem \u201eGo\u015b\u0107 Elbl\u0105ski\u201d a nim wydarzenia z diecezji.<\/p>\n<p>12. Pan powo\u0142a\u0142 do wieczno\u015bci:<br \/>\n<strong>\u2020 \u015bp. Boles\u0142awa Ada\u015b<\/strong> lat 73 z ul. Broniewskiego<br \/>\n<strong>\u2020 \u015bp. Genowef\u0119 Polak<\/strong> lat 70 z ul. Myliusa<\/p>\n<p>&nbsp;<\/p>\n<p><img decoding=\"async\" id=\"intencje-859\" src=\"http:\/\/rafalk-elblag.pl\/wp-content\/uploads\/2020\/04\/baner-intencje-mszy.jpg\"><\/p>\n<h2>Intencje mszalne 27.09.2020<\/h2>\n<p><strong>PONIEDZIA\u0141EK \/ 28 wrze\u015bnia 2020r. \/ \u015bw. Wac\u0142awa<\/strong><br \/>\n8.00 \u2020 Kazimiera D\u0105bkowska (28 greg.)<br \/>\n18.00 O Bo\u017ce b\u0142og. i opiek\u0119 MB dla Ewy i Arkadiusza z ok. 18 rocz. \u015blubu i dla ich dzieci<br \/>\n18.00 O Bo\u017ce b\u0142og., opiek\u0119 MB i \u0142ask\u0119 zdrowia dla Ewy<\/p>\n<p><strong>WTOREK \/ 29 wrze\u015bnia 2020r. \/ \u015bwi\u0119tych Archanio\u0142\u00f3w \u2013 Micha\u0142a, Gabriela i Rafa\u0142a<\/strong><br \/>\n8.00 O zdrowie i Bo\u017ce b\u0142og. dla Zbigniewa Jackiewicza i jego rodziny<br \/>\n18.00 \u2020 Micha\u0142 i Karolina Andrzejewscy, Jan i Zygmunt<br \/>\n18.00 \u2020 Kazimiera D\u0105bkowska (29 greg.)<\/p>\n<p><strong>\u015aRODA \/ 30 wrze\u015bnia 2020r. \/ \u015bw. Hieronima<\/strong><br \/>\n8.00 O Bo\u017ce b\u0142og., zdrowie i potrzebne \u0142aski dla ks. Tomasza Wieczorka w pos\u0142udze kap\u0142a\u0144skiej \u2013 int. od Margaretki<br \/>\n18.00 \u2020 Kazimiera D\u0105bkowska (30 greg.)<br \/>\n18.00 O Bo\u017ce b\u0142og., dary Ducha \u015aw. w pos\u0142udze kap\u0142a\u0144skiej dla ks. Micha\u0142a Semeniuka \u2013 int. od Margaretki<\/p>\n<p><strong>CZWARTEK \/ 1 pa\u017adziernika 2020r. \/ \u015bw. Teresy od Dzieci\u0105tka Jezus<\/strong><br \/>\n8.00 \u2020 Marek Pietrzak (1 greg.)<br \/>\n18.00 \u2020 Tadeusz Pipczy\u0144ski w 30 dpp.<br \/>\n18.00 O Bo\u017ce b\u0142og. dla Margaretek oraz o nowe i \u015bwi\u0119te powo\u0142ania do WSD DE<\/p>\n<p><strong>PI\u0104TEK \/ 2 pa\u017adziernika \/ \u015bw. Anio\u0142\u00f3w Str\u00f3\u017c\u00f3w<\/strong><br \/>\n8.00 \u2020 zm. z rodz. Miko\u0142ap i Cydejko, Janina Szczerska<br \/>\n18.00 \u2020 Marek Pietrzak (2 greg.)<br \/>\n18.00 W int. czcicieli Naj\u015bwi\u0119tszego Serca Pana Jezusa<\/p>\n<p><strong>SOBOTA \/ 3 pa\u017adziernika 2020r.<\/strong><br \/>\n8.00 \u2020 Marek Pietrzak (3 greg.)<br \/>\n18.00 \u2020 Kordula Mat\u0142ach w 1 r.\u015bm. i Wac\u0142aw Mat\u0142ach<br \/>\n18.00 Rez.<\/p>\n<p><strong>XXVII Niedziela Zwyk\u0142a \/ 4 pa\u017adziernika 2020r.<\/strong><br \/>\n7.00 \u2020 Stanis\u0142awa (k), Stanis\u0142aw, Ryszard, J\u00f3zef i Halina Rajska<br \/>\n9.00 O do\u015bwiadczenie Bo\u017cej mi\u0142o\u015bci dla Karoliny i Sebastiana<br \/>\n9.00 \u2020 Regina i Szczepan Miko\u0142ajewscy, brat Zenon, syn Pawe\u0142 i zm. z rodz. Miko\u0142ajewskich, Roso\u0142owskich i Rybickich<br \/>\n10.30 O Bo\u017ce b\u0142og. i potrzebne \u0142aski dla Joasi z ok. 16 urodzin i Bartka z ok. 12 urodzin<br \/>\n12.00 W intencji Parafian \/ ofiarodawc\u00f3w naszej \u015bwi\u0105tyni<br \/>\n15.00 \u2020 zm. z rodz. Stolarskich i Jaros\u00f3w<br \/>\n18.00 \u2020 Marek Pietrzak (4 greg.)<\/p>\n","protected":false},"excerpt":{"rendered":"<p>CZY ANIO\u0141OWIE INGERUJ\u0104 W NASZE \u017bYCIE? Na temat anio\u0142\u00f3w istnia\u0142o zawsze sporo spekulacji. Zastanawiano si\u0119 nad tym, jacy s\u0105, jak wygl\u0105daj\u0105, a nawet ile wa\u017c\u0105. Rozwa\u017cania takie zwykle nie prowadzi\u0142y daleko. Samo Objawienie m\u00f3wi o anio\u0142ach tylko tyle, \u017ce istniej\u0105, wype\u0142niaj\u0105 wol\u0119 Bo\u017c\u0105, s\u0105 dobrymi duchami i mog\u0105 jako\u015b na nas wp\u0142ywa\u0107. \u015aw. Augustyn pisa\u0142, [&hellip;]<\/p>\n","protected":false},"author":1,"featured_media":4030,"comment_status":"closed","ping_status":"closed","sticky":false,"template":"","format":"standard","meta":{"ngg_post_thumbnail":0,"footnotes":""},"categories":[11,8,4,3],"tags":[],"class_list":["post-4028","post","type-post","status-publish","format-standard","has-post-thumbnail","hentry","category-aktualnosci","category-blog","category-intencje","category-ogloszenia"],"_links":{"self":[{"href":"https:\/\/rafalk-elblag.pl\/index.php?rest_route=\/wp\/v2\/posts\/4028","targetHints":{"allow":["GET"]}}],"collection":[{"href":"https:\/\/rafalk-elblag.pl\/index.php?rest_route=\/wp\/v2\/posts"}],"about":[{"href":"https:\/\/rafalk-elblag.pl\/index.php?rest_route=\/wp\/v2\/types\/post"}],"author":[{"embeddable":true,"href":"https:\/\/rafalk-elblag.pl\/index.php?rest_route=\/wp\/v2\/users\/1"}],"replies":[{"embeddable":true,"href":"https:\/\/rafalk-elblag.pl\/index.php?rest_route=%2Fwp%2Fv2%2Fcomments&post=4028"}],"version-history":[{"count":3,"href":"https:\/\/rafalk-elblag.pl\/index.php?rest_route=\/wp\/v2\/posts\/4028\/revisions"}],"predecessor-version":[{"id":4033,"href":"https:\/\/rafalk-elblag.pl\/index.php?rest_route=\/wp\/v2\/posts\/4028\/revisions\/4033"}],"wp:featuredmedia":[{"embeddable":true,"href":"https:\/\/rafalk-elblag.pl\/index.php?rest_route=\/wp\/v2\/media\/4030"}],"wp:attachment":[{"href":"https:\/\/rafalk-elblag.pl\/index.php?rest_route=%2Fwp%2Fv2%2Fmedia&parent=4028"}],"wp:term":[{"taxonomy":"category","embeddable":true,"href":"https:\/\/rafalk-elblag.pl\/index.php?rest_route=%2Fwp%2Fv2%2Fcategories&post=4028"},{"taxonomy":"post_tag","embeddable":true,"href":"https:\/\/rafalk-elblag.pl\/index.php?rest_route=%2Fwp%2Fv2%2Ftags&post=4028"}],"curies":[{"name":"wp","href":"https:\/\/api.w.org\/{rel}","templated":true}]}}