{"id":4023,"date":"2020-09-20T07:58:16","date_gmt":"2020-09-20T07:58:16","guid":{"rendered":"http:\/\/rafalk-elblag.pl\/?p=4023"},"modified":"2020-09-20T07:59:47","modified_gmt":"2020-09-20T07:59:47","slug":"biuletyn-20-09-2020-xxv-niedziela-zwykla","status":"publish","type":"post","link":"https:\/\/rafalk-elblag.pl\/?p=4023","title":{"rendered":"Biuletyn 20.09.2020, XXV Niedziela Zwyk\u0142a"},"content":{"rendered":"<p><img decoding=\"async\" id=\"ogloszenia-859\" src=\"http:\/\/rafalk-elblag.pl\/wp-content\/uploads\/2020\/09\/baner-200920.jpg\"><\/p>\n<h1>HISTORIA SPOTKA\u0143 JANA PAW\u0141A II Z OJCEM PIO<\/h1>\n<p><strong>Ojciec Pio i Jan Pawe\u0142 II. Prosty zakonnik, \u201ekt\u00f3ry potrafi tylko si\u0119 modli\u0107\u201d i wielki papie\u017c, kt\u00f3ry zmieni\u0142 oblicze Ko\u015bcio\u0142a i \u015bwiata. Ich drogi spotka\u0142y si\u0119 kilka razy. Dla Karola Wojty\u0142y by\u0142o to niezapomniane prze\u017cycie.<\/strong><\/p>\n<p>M\u0142ody, dwudziestoo\u015bmioletni ksi\u0105dz Karol Wojty\u0142a, wy\u015bwi\u0119cony ledwie p\u00f3\u0142tora roku wcze\u015bniej w Krakowie, teraz student Papieskiego Mi\u0119dzynarodowego Atheneum Angelicum, z dopiero co obronionym licencjatem i otwartym przewodem doktorskim, jedzie z Rzymu do Foggii, by potem dosta\u0107 si\u0119 do odleg\u0142ego o 40 km San Giovanni Rotondo, gdzie \u017cyje s\u0142ynny kapucyn, mistyk, stygmatyk, o kt\u00f3rym m\u00f3wi\u0105 ca\u0142e W\u0142ochy. Towarzyszy mu o trzy lata m\u0142odszy kolega z Polski, w\u00f3wczas jeszcze kleryk, ks. Stanis\u0142aw Starowieyski.<\/p>\n<p>Do San Giovanni Rotondo, o kt\u00f3rym niejedno ju\u017c w Rzymie s\u0142yszeli, wybrali si\u0119 w kwietniu 1948 roku, w po\u015bwi\u0105tecznym tygodniu, wolnym od zaj\u0119\u0107 na uczelni. Zaraz po przyje\u017adzie mieli okazj\u0119 po raz pierwszy spotka\u0107 Ojca Pio po wieczornym nabo\u017ce\u0144stwie. \u201eI wtedy mog\u0142em zamieni\u0107 z nim kilka s\u0142\u00f3w\u201d \u2013 napisze Wojty\u0142a. Na nocleg nie musieli i\u015b\u0107 daleko \u2013 go\u015bcin\u0119 znale\u017ali naprzeciw kapucy\u0144skiego ko\u015bcio\u0142a, w domu Marii Basilio, duchowej c\u00f3rki Ojca Pio, kt\u00f3ra wynajmowa\u0142a pielgrzymom pokoje.<\/p>\n<p>Mogli wi\u0119c jeszcze przed noc\u0105 obserwowa\u0107 to, co si\u0119 dzieje na placu, poczu\u0107 atmosfer\u0119 tego miejsca. Mogli patrze\u0107 na setki jego czcicieli koczuj\u0105cych ca\u0142\u0105 noc przed klasztorem. S\u0142yszeli ich \u015bpiewy i okrzyki, widzieli, jak wpatruj\u0105 si\u0119 w okno na pi\u0119trze z nadziej\u0105, \u017ce jeszcze raz, cho\u0107by na chwil\u0119, on si\u0119 w nim pojawi.<\/p>\n<p>Po ka\u017cdej Mszy \u015awi\u0119tej Ojciec Pio spowiada\u0142 w zakrystii m\u0119\u017cczyzn. R\u00f3wnie\u017c ksi\u0105dz Wojty\u0142a ukl\u0119kn\u0105\u0142 przed nim, by wyzna\u0107 grzechy. \u201ePrzy spowiedzi Ojciec Pio okaza\u0142 si\u0119 spowiednikiem maj\u0105cym proste, jasne rozeznanie i do penitenta odnosi\u0142 si\u0119 z wielk\u0105 mi\u0142o\u015bci\u0105\u201d \u2013 wspomina\u0142 po latach.<\/p>\n<p>Spowied\u017a przysz\u0142ego papie\u017ca u mistyka, kt\u00f3ry czyta\u0142 w my\u015blach, jak zreszt\u0105 ca\u0142e ich spotkanie w 1948 roku, rozpala\u0142y wyobra\u017ani\u0119 wielu i by\u0142y po\u017cywk\u0105 dla przer\u00f3\u017cnych domys\u0142\u00f3w. Kilka dni po pami\u0119tnym 13 maja 1981 roku pras\u0119 w\u0142osk\u0105 obieg\u0142a plotka, jakoby podczas tej rozmowy Ojciec Pio przepowiedzia\u0142 Karolowi Wojtyle pontyfikat i m\u0119cze\u0144stwo.<\/p>\n<p>Jak zwykle okaza\u0142o si\u0119, \u017ce nie ma \u017cadnego wiarygodnego \u015bwiadka tamtych wydarze\u0144. Sam Jan Pawe\u0142 II dementowa\u0142 te pog\u0142oski \u2013 raz ze \u015bmiechem, innym razem ca\u0142kiem powa\u017cnie. Na pytanie, czy Ojciec Pio przepowiedzia\u0142 mu m\u0119cze\u0144stwo i pontyfikat, Jan Pawe\u0142 II zdecydowanie odpar\u0142: \u201eNie, to absolutnie nie jest prawda. Z Ojcem Pio rozmawia\u0142em tylko o jego stygmatach. Zapyta\u0142em go, kt\u00f3ry ze stygmat\u00f3w sprawia mu najwi\u0119kszy b\u00f3l. By\u0142em przekonany, \u017ce to ten w sercu. Ojciec Pio bardzo mnie zaskoczy\u0142, m\u00f3wi\u0105c: Nie, najbardziej boli mnie ten na ramieniu, o kt\u00f3rym nikt nie wie i kt\u00f3ry nawet nie jest opatrywany\u201d.<\/p>\n<p>Zdumiewaj\u0105ce wyznanie. Dlaczego Ojciec Pio wyzna\u0142 t\u0119 tajemnic\u0119 nieznanemu, przypadkowo spotkanemu, m\u0142odemu ksi\u0119dzu z Polski? O ranie ramienia nie m\u00f3wi\u0142 nikomu: ani prze\u0142o\u017conym, ani lekarzom, ani nawet swym najbli\u017cszym c\u00f3rkom duchowym. O istnieniu tego stygmatu dowiedziano si\u0119 dopiero w 1971 roku, podczas inwentaryzacji osobistych rzeczy po zmar\u0142ym przed trzema laty Stygmatyku.<\/p>\n<p>Wtedy to brat Modestino Fucci zauwa\u017cy\u0142 na jego podkoszulku \u201ewidoczny, okr\u0105g\u0142y \u015blad krwawej wybroczyny, o \u015brednicy oko\u0142o dziesi\u0119ciu centymetr\u00f3w, na prawym ramieniu, blisko obojczyka\u201d. Ukryty stygmat Ojca Pio okaza\u0142 si\u0119 zgodny z rozk\u0142adem plam na Ca\u0142unie Tury\u0144skim oraz starodawn\u0105 modlitw\u0105 \u015bw. Bernarda z Clairvaux do \u201erany na ramieniu Chrystusa, zadanej Mu przez najtwardsze drzewo krzy\u017ca\u201d. Karol Wojty\u0142a pozna\u0142 ten sekret ju\u017c w 1948 roku.<\/p>\n<p>&nbsp;<br \/>\n<img decoding=\"async\" id=\"ogloszenia-859\" src=\"http:\/\/rafalk-elblag.pl\/wp-content\/uploads\/2020\/04\/baner-ogloszenia-parafialne.jpg\"><\/p>\n<h2>Og\u0142oszenia parafialne 20.09.2020r<\/h2>\n<p><strong>1.<\/strong> Dzisiaj kleryk Amadeusz Babiel zbiera przed ko\u015bcio\u0142em ofiary do puszki na utrzymanie naszego Wy\u017cszego Seminarium Duchownego w Elbl\u0105gu. Na pierwszy rok studi\u00f3w zg\u0142osi\u0142o si\u0119 4 kandydat\u00f3w. Dzi\u0119kujmy za ka\u017cde powo\u0142anie i swoj\u0105 modlitw\u0105 i ofiar\u0105 wspierajmy Seminarium.<\/p>\n<p><strong>2.<\/strong> Za tydzie\u0144 o godz. 12.00 dzieci z naszej parafii, b\u0119d\u0105 obchodzi\u0107 uroczysto\u015b\u0107 I Komunii \u015awi\u0119tej. Prosimy, aby osoby nie zwi\u0105zane z powy\u017csz\u0105 uroczysto\u015bci\u0105 wybra\u0142y inn\u0105 godzin\u0119 Mszy \u015awi\u0119tej. Dzi\u0119kujemy za zrozumienie.<\/p>\n<p><strong>3.<\/strong> Rozpocz\u0105\u0142 si\u0119 Nowy Rok Szkolny i Katechetyczny. Zatroszczmy si\u0119 o dobre wychowanie m\u0142odego pokolenia. Postarajmy si\u0119 znale\u017a\u0107 czas dla naszych dzieci \u2013 \u017cywo interesujmy si\u0119 ich post\u0119pami w szkole, zadbajmy o ich udzia\u0142 w lekcjach religii. Przypominamy ponadto, \u017ce przygotowanie do sakrament\u00f3w \u015bwi\u0119tych tj. do pierwszej Spowiedzi i Komunii \u015awi\u0119tej oraz do Bierzmowania odbywa si\u0119 przy parafii, a nie w szkole.<\/p>\n<p><strong>4.<\/strong> W liturgii ko\u015bcio\u0142a w tym tygodniu, obchodzi\u0107 b\u0119dziemy:<br \/>\n&nbsp;&nbsp;&nbsp; \u2022 w poniedzia\u0142ek \u015awi\u0119to \u015bw. Mateusza Aposto\u0142a i Ewangelisty<br \/>\n&nbsp;&nbsp;&nbsp; \u2022 w \u015brod\u0119 wspomnienie \u015bw. Pio z Pietrelciny, kap\u0142ana Zapraszamy na Msze \u015bw. o godz. 8:00 oraz na godz. 18:00.<\/p>\n<p><strong>5.<\/strong> W ostatni\u0105 niedziel\u0119 wrze\u015bnia Wolontariusze Caritas b\u0119d\u0105 zbiera\u0107 przed ko\u015bcio\u0142em ofiary dla najubo\u017cszych i potrzebuj\u0105cych z naszej parafii.<\/p>\n<p><strong>6.<\/strong> Apostolat Mi\u0142osierdzia Bo\u017cego oraz woluntariuszy Parafialnego Oddzia\u0142u Caritas zapraszam dzisiaj na pierwsze powakacyjne spotkanie po Mszy \u015bw. o godz. 15:00 na plebanii.<\/p>\n<p><strong>7. PRZYPOMINAMY!!! Zapisy do Sakramentu Bierzmowania m\u0142odzie\u017cy z klas VIII Szko\u0142y Podstawowej trwaj\u0105 do ko\u0144ca wrze\u015bnia. Zg\u0142oszenia u ks. Marcina.<\/strong><\/p>\n<p><strong>8.<\/strong> Mo\u017cliwo\u015b\u0107 skorzystanie z Sakramentu Spowiedzi \u015awi\u0119tej w tygodniu mamy: od godz. 7:45 oraz od godz. 17:30. Zapraszamy.<\/p>\n<p><strong>9. <span style=\"text-decoration: underline;\">ULEGAJ\u0104 ZMIANIE GODZINY FUNKCJONOWANIA KANCELARII PARAFIALNEJ:<\/span><\/strong> czynna b\u0119dzie w \u015brody od 16:00 do 17:30 oraz w pi\u0105tek od 18:30 do 19:30. Zapraszamy.<\/p>\n<p><strong>10.<\/strong> Zach\u0119camy do czytania prasy katolickiej: nowy numer \u201eGo\u015bcia Niedzielnego\u201d w cenie 6 z\u0142. z dodatkiem \u201eGo\u015b\u0107 Elbl\u0105ski\u201d a nim wydarzenia z diecezji.<\/p>\n<p><strong>11.<\/strong> Pan powo\u0142a\u0142 do wieczno\u015bci: \u015bp. Konrad Raszeja lat 71 z ul. \u0141okietka<\/p>\n<p>&nbsp;<\/p>\n<p><img decoding=\"async\" id=\"intencje-859\" src=\"http:\/\/rafalk-elblag.pl\/wp-content\/uploads\/2020\/04\/baner-intencje-mszy.jpg\"><\/p>\n<h2>Intencje mszalne 20.09.2020<\/h2>\n<p><strong>PONIEDZIA\u0141EK \/ 21 wrze\u015bnia 2020r. \/ \u015bw. Mateusza<\/strong><br \/>\n8.00 \u2020 Kazimiera D\u0105bkowska (21 greg.)<br \/>\n18.00 \u2020 W\u0142adys\u0142awa (k) i zm. z rodz. Dziergowskich i Krauze<br \/>\n18.00 O Bo\u017ce b\u0142og. dla Ewy i Andrzeja z ok. 35 rocz. \u015blubu i ca\u0142ej rodziny<\/p>\n<p><strong>WTOREK \/ 22 wrze\u015bnia 2020r.<\/strong><br \/>\n8.00 \u2020 Czes\u0142aw D\u0119bski \u2013 int. od kuzyna Wojciecha z rodzin\u0105<br \/>\n18.00 \u2020 Halina Szczepkowska w 30 dpp.<br \/>\n18.00 \u2020 Kazimiera D\u0105bkowska (22 greg.)<\/p>\n<p><strong>\u015aRODA \/ 23 wrze\u015bnia 2020r. \/ \u015bw. Ojca Pio<\/strong><br \/>\n8.00 \u2020 Kazimiera D\u0105bkowska (23 greg.)<br \/>\n18.00 \u2020 Halina Bugajska \u2013 int. od kuzyna Marka z \u017con\u0105 El\u017cbet\u0105 z Tarnowa<br \/>\n18.00 \u2020 Czes\u0142aw D\u0119bski \u2013 int. od szwagra Stanis\u0142awa z rodzin\u0105<\/p>\n<p><strong>CZWARTEK \/ 24 wrze\u015bnia 2020r.<\/strong><br \/>\n8.00 \u2020 Czes\u0142aw D\u0119bski<br \/>\n18.00 \u2020 Kazimiera D\u0105bkowska (24 greg.)<br \/>\n18.00 \u2020 Mieczys\u0142aw \u017bmijewski w 9 r. \u015bm. oraz c\u00f3rka Barbara i rodzice z obojga stron<\/p>\n<p><strong>PI\u0104TEK \/ 25 wrze\u015bnia 2020r.<\/strong><br \/>\n8.00 \u2020 Kazimiera D\u0105bkowska (25 greg.)<br \/>\n18.00 Dzi\u0119k. w 25 rocz. Chrztu \u015aw. Sebastiana z pro\u015bb\u0105 o Bo\u017ce b\u0142og. i opiek\u0119 MB dla Niego i mamy Wies\u0142awy<br \/>\n18.00 \u2020 Wac\u0142aw Niedzielski w 1 r. \u015bm. i zmarli rodzice<\/p>\n<p><strong>SOBOTA \/ 26 wrze\u015bnia 2020r.<\/strong><br \/>\n8.00 \u2020 Kazimiera D\u0105bkowska (26 greg.)<br \/>\n18.00 \u2020 Halina Korzeniowska z ok. ziemskich urodzin<br \/>\n18.00 \u2020 Teresa Brdak w 3 r. \u015bm.<\/p>\n<p><strong>XXVI Niedziela Zwyk\u0142a \/ 27 wrze\u015bnia 2020r.<\/strong><br \/>\n7.00 \u2020 Kazimiera D\u0105bkowska (27 greg.)<br \/>\n9.00 \u2020 Roman Kwiatkowski w 3 r. \u015bm.<br \/>\n9.00 Dzi\u0119k. w 40 rocz. \u015blubu Bo\u017ceny i W\u0142odzimierza S\u0142omi\u0144skich z pro\u015bb\u0105 o Bo\u017ce b\u0142og. i \u0142aski dla rubinowych Jubilat\u00f3w<br \/>\n10.30 Dzi\u0119k. w 15 rocz. \u015blubu Doroty i Paw\u0142a Wr\u00f3bel z pro\u015bb\u0105 o Bo\u017ce b\u0142og. i opiek\u0119 MB<br \/>\n12.00 W intencji Parafian \u2013 dzieci przyst\u0119puj\u0105cych do I-szej Komunii \u015aw. i ich rodzin<br \/>\n15.00 \u2020 Janina i Wac\u0142aw Klepaccy i zm. z rodz. Klepackich i Gli\u0144skich<br \/>\n18.00 Dzi\u0119k. z okazji 70 urodzin Zbigniewa Troczek<\/p>\n","protected":false},"excerpt":{"rendered":"<p>HISTORIA SPOTKA\u0143 JANA PAW\u0141A II Z OJCEM PIO Ojciec Pio i Jan Pawe\u0142 II. Prosty zakonnik, \u201ekt\u00f3ry potrafi tylko si\u0119 modli\u0107\u201d i wielki papie\u017c, kt\u00f3ry zmieni\u0142 oblicze Ko\u015bcio\u0142a i \u015bwiata. Ich drogi spotka\u0142y si\u0119 kilka razy. Dla Karola Wojty\u0142y by\u0142o to niezapomniane prze\u017cycie. M\u0142ody, dwudziestoo\u015bmioletni ksi\u0105dz Karol Wojty\u0142a, wy\u015bwi\u0119cony ledwie p\u00f3\u0142tora roku wcze\u015bniej w Krakowie, [&hellip;]<\/p>\n","protected":false},"author":1,"featured_media":4022,"comment_status":"closed","ping_status":"closed","sticky":false,"template":"","format":"standard","meta":{"ngg_post_thumbnail":0,"footnotes":""},"categories":[11,8,4,3],"tags":[],"class_list":["post-4023","post","type-post","status-publish","format-standard","has-post-thumbnail","hentry","category-aktualnosci","category-blog","category-intencje","category-ogloszenia"],"_links":{"self":[{"href":"https:\/\/rafalk-elblag.pl\/index.php?rest_route=\/wp\/v2\/posts\/4023","targetHints":{"allow":["GET"]}}],"collection":[{"href":"https:\/\/rafalk-elblag.pl\/index.php?rest_route=\/wp\/v2\/posts"}],"about":[{"href":"https:\/\/rafalk-elblag.pl\/index.php?rest_route=\/wp\/v2\/types\/post"}],"author":[{"embeddable":true,"href":"https:\/\/rafalk-elblag.pl\/index.php?rest_route=\/wp\/v2\/users\/1"}],"replies":[{"embeddable":true,"href":"https:\/\/rafalk-elblag.pl\/index.php?rest_route=%2Fwp%2Fv2%2Fcomments&post=4023"}],"version-history":[{"count":3,"href":"https:\/\/rafalk-elblag.pl\/index.php?rest_route=\/wp\/v2\/posts\/4023\/revisions"}],"predecessor-version":[{"id":4026,"href":"https:\/\/rafalk-elblag.pl\/index.php?rest_route=\/wp\/v2\/posts\/4023\/revisions\/4026"}],"wp:featuredmedia":[{"embeddable":true,"href":"https:\/\/rafalk-elblag.pl\/index.php?rest_route=\/wp\/v2\/media\/4022"}],"wp:attachment":[{"href":"https:\/\/rafalk-elblag.pl\/index.php?rest_route=%2Fwp%2Fv2%2Fmedia&parent=4023"}],"wp:term":[{"taxonomy":"category","embeddable":true,"href":"https:\/\/rafalk-elblag.pl\/index.php?rest_route=%2Fwp%2Fv2%2Fcategories&post=4023"},{"taxonomy":"post_tag","embeddable":true,"href":"https:\/\/rafalk-elblag.pl\/index.php?rest_route=%2Fwp%2Fv2%2Ftags&post=4023"}],"curies":[{"name":"wp","href":"https:\/\/api.w.org\/{rel}","templated":true}]}}