{"id":4012,"date":"2020-09-13T15:21:30","date_gmt":"2020-09-13T15:21:30","guid":{"rendered":"http:\/\/rafalk-elblag.pl\/?p=4012"},"modified":"2020-09-13T15:22:10","modified_gmt":"2020-09-13T15:22:10","slug":"biuletyn-13-09-2020-xxiv-niedziela-zwykla","status":"publish","type":"post","link":"https:\/\/rafalk-elblag.pl\/?p=4012","title":{"rendered":"Biuletyn 13.09.2020, XXIV Niedziela Zwyk\u0142a"},"content":{"rendered":"<p><img decoding=\"async\" id=\"ogloszenia-859\" src=\"http:\/\/rafalk-elblag.pl\/wp-content\/uploads\/2020\/09\/baner-130920.jpg\"><\/p>\n<h1>BUDUJMY WI\u0118ZI<\/h1>\n<p><strong>Stephen R. Covey w ksia\u0328z\u0307ce \u201e7 nawyko\u0301w szcze\u0328s\u0301liwej rodziny\u201d przytacza historie\u0328 admira\u0142a Jamesa R. Stockdale\u2019a. Jako jeniec w Wietnamie oficer ten dos\u0301wiadczy\u0142, jak bardzo obecna jest w cz\u0142owieku potrzeba wspo\u0301lnoty. Przetrzymywany w odosobnieniu kontaktowa\u0142 sie\u0328 z pozosta\u0142ymi jen\u0301cami amerykan\u0301skimi stukaja\u0328c w s\u0301ciane\u0328 i uz\u0307ywaja\u0328c alfabetu Morse\u2019a.<\/strong><\/p>\n<p>Taka forma rozwijania wie\u0328zi \u2013 bez rozmo\u0301w i bezpos\u0301redniego kontaktu, pomog\u0142a mu przetrwac\u0301 czas niewoli: \u201eKomunis\u0301ci umies\u0301cili kaz\u0307dego z nas w osobnym zamknie\u0328ciu, chca\u0328c zniszczyc\u0301 wie\u0328zi mie\u0328dzy nami i oderwac\u0301 od naszego dziedzictwa kulturowego.<\/p>\n<p>Po paru miesia\u0328cach daje to niszcza\u0328cy efekt, szczego\u0301lnie kiedy sa\u0328 to miesia\u0328ce tortur i wymuszania zeznan\u0301. W napadach depresji cz\u0142owiek czuje, z\u0307e spada na samo dno, i us\u0301wiadamia sobie, z\u0307e jes\u0301li nie podporza\u0328dkuje swojego z\u0307ycia jakiejs\u0301 strukturze czy rytua\u0142owi i nie wprowadzi w nie nieco poezji, to wkro\u0301tce zejdzie do poziomu zwierze\u0328cia.<\/p>\n<p>W tych warunkach tworzy sie\u0328 tajny sposo\u0301b porozumiewania sie\u0328 za pomo- ca\u0328 szyfru b\u0142yskowego i wystukiwanego, kto\u0301ry zaczyna \u0142a\u0328czyc\u0301 z\u0307ycie i marzenia wszystkich uwie\u0328zionych. Potem pojawia sie\u0328 potrzeba wspo\u0301lnych c\u0301wiczen\u0301 i zjednoczonego oporu. W odpowiednim czasie, jes\u0301li wszystko dzia\u0142a jak nalez\u0307y, z celi najstarszego ranga\u0328 jen\u0301ca zaczyna sie\u0328 rozprzestrzeniac\u0301 skodyfiko- wane prawo.<\/p>\n<p>Siec\u0301 \u0142a\u0328cznos\u0301ci wzmacnia wie\u0328zi braterstwa, w miare\u0328 jak na przestrzeni miesie\u0328cy i lat kszta\u0142tuje sie\u0328 grupa o wspo\u0301lnych zwyczajach,wspo\u0301lnych zobowia\u0328zaniach i wspo\u0301lnych wartos\u0301ciach\u201d .<\/p>\n<p>Przytoczone s\u0301wiadectwo pokazuje, jak waz\u0307ne dla cz\u0142owieka jest dos\u0301wiadczenie bycia w relacji z innymi. To, jak silne sa\u0328 nasze potrzeby, najlepiej widac\u0301 w sytuacjach granicznych. Z pewnos\u0301cia\u0328 bardzo podobne dos\u0301wiadczenie w ostatnim czasie mia\u0142o wielu z nas, kiedy to ze wzgle\u0328du na pandemie\u0328, bylis\u0301my zmuszeni pozostawac\u0301 w izolacji i musielis\u0301my ograniczyc\u0301 do minimum kontakty towarzyskie.<\/p>\n<p>W rozmowach prowadzonych przez telefon czy z uz\u0307yciem ro\u0301z\u0307nych komunikatoro\u0301w internetowych obiecywalis\u0301my sobie, z\u0307e zaraz jak zmieni sie\u0328 sytuacja, odnowimy dawne kontakty, spotkamy sie\u0328, wzmocnimy wie\u0328zi. By\u0142y to dobre postanowienia. Warto zapytac\u0301, co z nich pozosta\u0142o.<\/p>\n<p>Niezaspokojenie potrzeby bycia w relacji z drugim cz\u0142owiekiem jest zawsze bolesne i pocia\u0328ga za soba\u0328 negatywne konsekwencje, jednak najtragiczniejsze skutki takiego braku dotykaja\u0328 osoby, kto\u0301re nie dos\u0301wiadczy\u0142y zaspokojenia tej potrzeby we wczesnym dziecin\u0301stwie.<\/p>\n<p>Rodzice powinni pamie\u0328tac\u0301, jak \u201ewaz\u0307ne staje sie\u0328 tu przytulanie dziecka, (dziecko uspokaja sie\u0328, s\u0142ysza\u0328c uderzenia serca matki). Waz\u0307ny jest us\u0301miech matki, jej spokojne d\u0142onie zmieniaja\u0328ce pieluszki dziecka, jej radosny g\u0142os.<\/p>\n<p>Twarz matki, jej postawa staja\u0328 sie\u0328 dla dziecka podstawa\u0328 poczucia bezpieczen\u0301stwa\u201d. Takz\u0307e ojciec, kto\u0301ry jest obecny w z\u0307yciu dziecka i opiekuje sie\u0328 nim, daje mu pewnos\u0301c\u0301, z\u0307e poradzi sobie z ro\u0301z\u0307nymi problemami, z\u0307e moz\u0307e liczyc\u0301 na Boga, a takz\u0307e na innych ludzi.<\/p>\n<p>Brak g\u0142e\u0328bokich relacji z rodzicami we wczesnym dziecin\u0301stwie skutkuje problemami z zawia\u0328zywaniem sta\u0142ych wie\u0328zi uczuciowych, niepewnos\u0301cia\u0328 co do mi\u0142os\u0301ci ze strony bliskich oso\u0301b, a w konsekwencji prowadzi do tego, z\u0307e cz\u0142owiek nie jest w stanie zaufac\u0301 Bogu i uwierzyc\u0301 w Jego mi\u0142os\u0301c\u0301.<\/p>\n<p>Warto miec\u0301 s\u0301wiadomos\u0301c\u0301, z\u0307e rozwijanie relacji z bliz\u0301nimi sprawia, z\u0307e nasze z\u0307ycie staje sie\u0328 bardziej owocne. Dotyczy to naszej wie\u0328zi z Bogiem i modlitwy: \u201e&#8230;gdzie sa\u0328 dwaj albo trzej zebrani w imie\u0328 moje, tam jestem pos\u0301ro\u0301d nich\u201d (Mt 18,20). Trwanie w relacjach jest tez\u0307 warunkiem skutecznos\u0301ci podejmowanych dobrych dzie\u0142.<\/p>\n<p>&nbsp;<br \/>\n<img decoding=\"async\" id=\"ogloszenia-859\" src=\"http:\/\/rafalk-elblag.pl\/wp-content\/uploads\/2020\/04\/baner-ogloszenia-parafialne.jpg\"><\/p>\n<h2>Og\u0142oszenia parafialne 13.09.2020r<\/h2>\n<p><strong>1.<\/strong> Rozpocz\u0105\u0142 si\u0119 Nowy Rok Szkolny i Katechetyczny. Zatroszczmy si\u0119 o dobre wychowanie m\u0142odego pokolenia. Postarajmy si\u0119 znale\u017a\u0107 czas dla naszych dzieci \u2013 \u017cywo interesujmy si\u0119 ich post\u0119pami w szkole, zadbajmy o ich udzia\u0142 w lekcjach religii. Przypominamy ponadto, \u017ce przygotowanie do sakrament\u00f3w \u015bwi\u0119tych tj. do pierwszej Spowiedzi i Komunii \u015awi\u0119tej oraz do Bierzmowania odbywa si\u0119 przy parafii, a nie w szkole.<\/p>\n<p><strong>2.<\/strong> Powr\u00f3cili\u015bmy do Mszy \u015bwi\u0119tej niedzielnej o godzinie 15:00, kt\u00f3ra rozpoczyna si\u0119 Koronk\u0105 do Mi\u0142osierdzia Bo\u017cego.<\/p>\n<p><strong>3.<\/strong> Drodzy Rodzice, Nauczyciele i Wychowawcy, dzisiejsz\u0105 niedziel\u0105 w naszej Ojczy\u017anie rozpoczynamy X Tydzie\u0144 Wychowania, kt\u00f3rego has\u0142o brzmi \u201eBUDUJEMY WI\u0118ZI\u201d. Warto przypomnie\u0107 s\u0142owa \u015bw. Jana Paw\u0142a II: \u201ePodobnie jak ro\u015blina potrzebuje \u015bwiat\u0142a i ciep\u0142a dla swego rozwoju, tak cz\u0142owiek mi\u0142o\u015bci\u201d. Budowanie dojrza\u0142ych, g\u0142\u0119bokich relacji opartych na mi\u0142o\u015bci jest te\u017c warunkiem skuteczno\u015bci procesu wychowania. Zapraszamy w tygodniu na Msze \u015bw. o godz. 18:00 po\u0142\u0105czone z modlitwami za dzieci, m\u0142odzie\u017c i rodziny. W spos\u00f3b szczeg\u00f3lny zapraszamy na Msz\u0119 \u015aw. \u2013 18 wrze\u015bnia (pi\u0105tek) o godz. 18.00 w \u015bwi\u0119to \u015bw. Stanis\u0142awa Kostki \u2013 patrona Polski, dzieci i m\u0142odzie\u017cy.<br \/>\nWi\u0119cej na stronie: www.tydzie\u0144wychowania.pl<\/p>\n<p><strong>4.<\/strong> W \u015brod\u0119 16 wrze\u015bnia br. dzie\u0144 spotkania i formacji BRACTWA SZKAPLERZNEGO. Serdecznie zapraszamy na Msz\u0119 \u015bw. o godz. 18:00, a po niej na Nabo\u017ce\u0144stwo do Matki Bo\u017cej Szkaplerznej.<\/p>\n<p><strong>5.<\/strong> W czwartek 17 wrze\u015bnia w ko\u015bciele pw. \u201eWszystkich \u015awi\u0119tych\u201d w Elbl\u0105gu dla Zwi\u0105zku Sybirak\u00f3w i Kombatant\u00f3w z okazji 81 rocznicy napa\u015bci sowieckiej na Polsk\u0119 o godz. 10:00 zostanie odprawiona Msza \u015bwi\u0119ta. Po niej dalsze uroczysto\u015bci przy Krzy\u017cu Katy\u0144skim na Cmentarzu Komunalnym przy Agrykola.<\/p>\n<p><strong>6. UWAGA!!!<\/strong> Zapisy do bierzmowania m\u0142odzie\u017cy z klas VIII Szko\u0142y Podstawowej trwaj\u0105 do ko\u0144ca wrze\u015bnia. Zg\u0142oszenia u ks. Marcina.<\/p>\n<p><strong>7.<\/strong> Spotkanie dla kandydat\u00f3w do Sakramentu Bierzmowania rok II &#8211; w czwartek o godz. 19:00 w salce na plebani. Obecno\u015b\u0107 obowi\u0105zkowa.<\/p>\n<p><strong>8.<\/strong> Za tydzie\u0144 w Niedziel\u0119, kleryk Amadeusz po ka\u017cdej Mszy \u015aw. b\u0119dzie zbiera\u0142 ofiary do puszki na utrzymanie naszego Elbl\u0105skiego Seminarium. B\u00f3g zap\u0142a\u0107 za trosk\u0119 i okazane wsparcie.<\/p>\n<p><strong>9.<\/strong> Mo\u017cliwo\u015b\u0107 skorzystanie z Sakramentu Spowiedzi \u015awi\u0119tej w tygodniu mamy: od godz. 7:45 oraz od godz. 17:30. Zapraszamy.<\/p>\n<p><strong>10.<\/strong> <strong>ULEGAJ\u0104 ZMIANIE GODZINY FUNKCJONOWANIA KANCELARII PARAFIALNEJ:<\/strong> czynna b\u0119dzie w \u015brody od 16:00 do 17:30 oraz w pi\u0105tki od 18:30 do 19:30. Zapraszamy.<\/p>\n<p><strong>11.<\/strong> Zach\u0119camy do czytania prasy katolickiej: nowy numer \u201eGo\u015bcia Niedzielnego\u201d w cenie 6 z\u0142. z dodatkiem \u201eGo\u015b\u0107 Elbl\u0105ski\u201d a nim wydarzenia z diecezji.<\/p>\n<p>&nbsp;<\/p>\n<p><img decoding=\"async\" id=\"intencje-859\" src=\"http:\/\/rafalk-elblag.pl\/wp-content\/uploads\/2020\/04\/baner-intencje-mszy.jpg\"><\/p>\n<h2>Intencje mszalne 13.09.2020<\/h2>\n<p><strong>PONIEDZIA\u0141EK \/ 14 wrze\u015bnia 2020r. \/ \u015bwi\u0119to Podwy\u017cszenia Krzy\u017ca<\/strong><br \/>\n8.00 \u2020 Kazimiera D\u0105bkowska (14 greg.)<br \/>\n18.00 \u2020 Wies\u0142awa (k) P\u0105k w 30 dpp.<br \/>\n18.00 \u2020 Szczepan \u017by\u0142a w 3 r. \u015bm.<\/p>\n<p><strong>WTOREK \/ 15 wrze\u015bnia 2020r. \/ NMP Bolesnej<\/strong><br \/>\n8.00 \u2020 Dusze w czy\u015b\u0107cu cierpi\u0105ce<br \/>\n18.00 \u2020 Bogdan Grzyma\u0142a w 30 dpp.<br \/>\n18.00 \u2020 Kazimiera D\u0105bkowska (15 greg.)<\/p>\n<p><strong>\u015aRODA \/ 16 wrze\u015bnia 2020r. \/ \u015bw. Korneliusza i Cypriana<\/strong><br \/>\n8.00 \u2020 Kazimiera D\u0105bkowska (16 greg.)<br \/>\n18.00 \u2020 Janina i Czes\u0142aw Jagielscy<br \/>\n18.00 W intencji Bractwa Szkaplerznego i os\u00f3b, kt\u00f3re przyjm\u0105 Szkaplerz<\/p>\n<p><strong>CZWARTEK \/ 17 wrze\u015bnia 2020r.<\/strong><br \/>\n8.00 \u2020 Helena Majkowska i J\u00f3zef Sulecki<br \/>\n18.00 \u2020 Kazimiera D\u0105bkowska (17 greg.)<br \/>\n18.00 \u2020 Halina Gilgenast w 2 r. \u015bm.<\/p>\n<p><strong>PI\u0104TEK \/ 18 wrze\u015bnia 2020r. \/ \u015bw. Stanis\u0142awa Kostki<\/strong><br \/>\n8.00 \u2020 Kazimiera D\u0105bkowska (18 greg.)<br \/>\n18.00 Dzi\u0119k. w 20 urodziny Karola Mystkowskiego z pro\u015bb\u0105 o Bo\u017ce b\u0142og. i umocnienie na wybranej drodze oraz w 21 rocz. \u015blubu rodzic\u00f3w Karola \u2013 Renaty i S\u0142awomira<\/p>\n<p><strong>SOBOTA \/ 19 wrze\u015bnia 2020r.<\/strong><br \/>\n8.00 \u2020 Kazimiera D\u0105bkowska (19 greg.)<br \/>\n18.00 \u2020 Maciej Bo\u017cek w 10 r. \u015bm.<br \/>\n18.00 \u2020 Edward Mo\u0142dawiak oraz Robert i Stanis\u0142aw<\/p>\n<p><strong>XXV Niedziela Zwyk\u0142a \/ 20 wrze\u015bnia 2020r.<\/strong><br \/>\n7.00 \u2020 Zygmunt Radziszewski w 28 r. \u015bm.<br \/>\n9.00 \u2020 Kazimiera D\u0105bkowska (20 greg.)<br \/>\n9.00 \u2020 Janina (18 r.\u015b.) i Micha\u0142 (22 r.\u015b.) Pali\u0144scy, Tadeusz Ma\u0107kowiak w 37 r. \u015bm.<br \/>\n10.30 O Bo\u017ce b\u0142og. i Dary Ducha \u015awi\u0119tego dla Mi\u0142osza Szczepanika z ok. 17 urodzin<br \/>\n12.00 W intencji Parafian<br \/>\n15.00 \u2020 Boles\u0142aw Stan w 27 r. \u015bm., Marianna Stan oraz rodzice z obojga stron<br \/>\n18.00 \u2020 W\u0142adys\u0142awa (k) \u0141ukasik w 11 r. \u015bm. i Irena W\u0105sowska w 15 r. \u015bm.<\/p>\n","protected":false},"excerpt":{"rendered":"<p>BUDUJMY WI\u0118ZI Stephen R. Covey w ksia\u0328z\u0307ce \u201e7 nawyko\u0301w szcze\u0328s\u0301liwej rodziny\u201d przytacza historie\u0328 admira\u0142a Jamesa R. Stockdale\u2019a. Jako jeniec w Wietnamie oficer ten dos\u0301wiadczy\u0142, jak bardzo obecna jest w cz\u0142owieku potrzeba wspo\u0301lnoty. Przetrzymywany w odosobnieniu kontaktowa\u0142 sie\u0328 z pozosta\u0142ymi jen\u0301cami amerykan\u0301skimi stukaja\u0328c w s\u0301ciane\u0328 i uz\u0307ywaja\u0328c alfabetu Morse\u2019a. Taka forma rozwijania wie\u0328zi \u2013 bez rozmo\u0301w [&hellip;]<\/p>\n","protected":false},"author":1,"featured_media":4016,"comment_status":"closed","ping_status":"closed","sticky":false,"template":"","format":"standard","meta":{"ngg_post_thumbnail":0,"footnotes":""},"categories":[11,8,4,3],"tags":[],"class_list":["post-4012","post","type-post","status-publish","format-standard","has-post-thumbnail","hentry","category-aktualnosci","category-blog","category-intencje","category-ogloszenia"],"_links":{"self":[{"href":"https:\/\/rafalk-elblag.pl\/index.php?rest_route=\/wp\/v2\/posts\/4012","targetHints":{"allow":["GET"]}}],"collection":[{"href":"https:\/\/rafalk-elblag.pl\/index.php?rest_route=\/wp\/v2\/posts"}],"about":[{"href":"https:\/\/rafalk-elblag.pl\/index.php?rest_route=\/wp\/v2\/types\/post"}],"author":[{"embeddable":true,"href":"https:\/\/rafalk-elblag.pl\/index.php?rest_route=\/wp\/v2\/users\/1"}],"replies":[{"embeddable":true,"href":"https:\/\/rafalk-elblag.pl\/index.php?rest_route=%2Fwp%2Fv2%2Fcomments&post=4012"}],"version-history":[{"count":2,"href":"https:\/\/rafalk-elblag.pl\/index.php?rest_route=\/wp\/v2\/posts\/4012\/revisions"}],"predecessor-version":[{"id":4019,"href":"https:\/\/rafalk-elblag.pl\/index.php?rest_route=\/wp\/v2\/posts\/4012\/revisions\/4019"}],"wp:featuredmedia":[{"embeddable":true,"href":"https:\/\/rafalk-elblag.pl\/index.php?rest_route=\/wp\/v2\/media\/4016"}],"wp:attachment":[{"href":"https:\/\/rafalk-elblag.pl\/index.php?rest_route=%2Fwp%2Fv2%2Fmedia&parent=4012"}],"wp:term":[{"taxonomy":"category","embeddable":true,"href":"https:\/\/rafalk-elblag.pl\/index.php?rest_route=%2Fwp%2Fv2%2Fcategories&post=4012"},{"taxonomy":"post_tag","embeddable":true,"href":"https:\/\/rafalk-elblag.pl\/index.php?rest_route=%2Fwp%2Fv2%2Ftags&post=4012"}],"curies":[{"name":"wp","href":"https:\/\/api.w.org\/{rel}","templated":true}]}}