{"id":4006,"date":"2020-09-06T18:04:00","date_gmt":"2020-09-06T18:04:00","guid":{"rendered":"http:\/\/rafalk-elblag.pl\/?p=4006"},"modified":"2020-09-06T18:05:46","modified_gmt":"2020-09-06T18:05:46","slug":"biuletyn-06-09-2020-xxiii-niedziela-zwykla","status":"publish","type":"post","link":"https:\/\/rafalk-elblag.pl\/?p=4006","title":{"rendered":"Biuletyn 06.09.2020, XXIII Niedziela Zwyk\u0142a"},"content":{"rendered":"<p><img decoding=\"async\" id=\"ogloszenia-859\" src=\"http:\/\/rafalk-elblag.pl\/wp-content\/uploads\/2020\/09\/baner-060920.jpg\"><\/p>\n<h1>KILKA FAKT\u00d3W O MODLITWIE<\/h1>\n<p><strong>Nale\u017cy modli\u0107 si\u0119 &#8222;na si\u0142\u0119&#8221;? Kiedy modlitwa staje si\u0119 formalno\u015bci\u0105? Czy modl\u0105c si\u0119 r\u00f3\u017ca\u0144cem, trzeba bez przerwy skupia\u0107 si\u0119 na wypowiadanych s\u0142owach?<\/strong><\/p>\n<p>Odmawianie modlitw, kt\u00f3rych nauczyli\u015bmy si\u0119 w dzieci\u0144stwie lub kt\u00f3re mo\u017cemy znale\u017a\u0107 w modlitewniku, to najcz\u0119stszy spos\u00f3b, w jaki si\u0119 modlimy. Wielu ludzi tylko tak zwraca si\u0119 do Boga. Dziecko uczy si\u0119 nawi\u0105zywa\u0107 kontakt z Bogiem, powtarzaj\u0105c Ojcze nasz, Zdrowa\u015b Maryjo lub te\u017c s\u0142owa innych modlitw. Odmawianie ich przychodzi bez trudu; ma ono przy tym szczeg\u00f3lnie cenn\u0105 warto\u015b\u0107 wychowawcz\u0105, gdy\u017c dostarcza dziecku gotowych wzorc\u00f3w w czasie, gdy samo jeszcze nie wie, jak ma si\u0119 zwraca\u0107 do Boga i co ma Mu powiedzie\u0107. Z modlitw, kt\u00f3re zna na pami\u0119\u0107, czerpie w\u0142a\u015bciwe s\u0142owa. Mog\u0105 one wzbudzi\u0107 prawdziwe religijne uczucia, kszta\u0142towa\u0107 jego pragnienia i postawy.<\/p>\n<p>Wielu ludzi s\u0105dzi, \u017ce modlitwy s\u0105 z konieczno\u015bci tylko pro\u015bbami, na przyk\u0142ad wielokrotnie odmawiaj\u0105 Ojcze nasz w intencji wyzdrowienia bliskiej osoby. Modlitwy najcz\u0119\u015bciej s\u0105 rzeczywi\u015bcie pro\u015bbami. Zwykle zanosi je do Boga cz\u0142owiek maj\u0105cy szczeg\u00f3lne, godne szacunku nastawienie. Wyznaje on tym samym, \u017ce zdaje si\u0119 na Boga. Modlitwa maj\u0105ca charakter pro\u015bby jest wyrazem naszego zaufania do Niego oraz uznaniem Jego mi\u0142o\u015bci do nas, Jego wielko\u015bci i wszechmocy.<\/p>\n<p>Modlitewna pro\u015bba, cho\u0107 jest wyrazem prawdziwie chrze\u015bcija\u0144skiego usposobienia, mo\u017ce kry\u0107 jednak w sobie pewne niebezpiecze\u0144stwo. Zdarza si\u0119 bowiem, \u017ce p\u0142ynie ona z ca\u0142kowicie egoistycznego nastawienia cz\u0142owieka podejmuj\u0105cego pr\u00f3b\u0119 wykorzystania Bo\u017cej wszechmocy do w\u0142asnych cel\u00f3w. Wielu ludzi s\u0105dzi \u2013 cz\u0119sto nie u\u015bwiadamiaj\u0105c sobie tego \u2013<strong> \u017ce wiedz\u0105 lepiej od Boga, co jest im potrzebne.<\/strong> Kiedy nie zsy\u0142a im tego, o co prosz\u0105, s\u0105 rozczarowani.<\/p>\n<p><strong>Dlatego dobrze jest, gdy pro\u015bbie towarzysz\u0105 modlitwy, w kt\u00f3rych ofiarujemy Bogu nasze cierpienia, rado\u015bci, wreszcie nas samych. Modlitwy o tym charakterze sprawiaj\u0105, \u017ce w naszej wi\u0119zi z Bogiem uwaga po\u015bwi\u0119cona w\u0142asnym sprawom przeniesiona zostaje na Niego samego. W jej centrum stopniowo znajdzie si\u0119 Jego dobro\u0107, a nie nasza potrzeba. Nie oznacza to jednak, \u017ce winni\u015bmy zmieni\u0107 nasze modlitwy.<\/strong><\/p>\n<p>Przemianie powinno ulec serce modl\u0105cej si\u0119 osoby. Modlitwy zaczerpni\u0119te z chrze\u015bcija\u0144skiej tradycji mog\u0105 nam w tym dopom\u00f3c. Zawarte w nich pro\u015bby wykraczaj\u0105 poza ma\u0142ostkowe, ludzkie potrzeby, odwracaj\u0105 uwag\u0119 modl\u0105cego si\u0119 od niego samego i kieruj\u0105 j\u0105 ku Bogu.<\/p>\n<p>Dob\u00f3r modlitw odpowiadaj\u0105cych naszemu \u017cyciu jest bardzo wa\u017cny. Modlitwa jest aktem wewn\u0119trznym. Tekst sam w sobie nie ma warto\u015bci; nabiera jej, je\u017celi dzi\u0119ki niemu dochodzi do przemiany duchowej modl\u0105cej si\u0119 osoby. Na Bo\u017c\u0105 \u0142ask\u0119 otwieraj\u0105 nas szczeg\u00f3lnie takie formu\u0142y modlitewne Ko\u015bcio\u0142a, jak na przyk\u0142ad akt pokuty w czasie mszy \u015bwi\u0119tej, gdy m\u00f3wimy &#8222;Spowiadam si\u0119 Bogu wszechmog\u0105cemu&#8221;, czy Psalm 51. Kiedy pojawia si\u0119 w nas \u2013 cho\u0107by ledwie u\u015bwiadomiona \u2013 potrzeba duchowej przemiany, owe modlitwy pomagaj\u0105 nam w wewn\u0119trznym doskonaleniu si\u0119. Gdy jednak takie pragnienie \u2013 w najmniejszym cho\u0107by stopniu \u2013 jest nam obce, modlitwa pozostaje czcz\u0105 formalno\u015bci\u0105. S\u0142owa nie dotr\u0105 do osoby, kt\u00f3ra je wypowiada, a jej uwaga rozproszy si\u0119.<\/p>\n<p>&nbsp;<br \/>\n<img decoding=\"async\" id=\"ogloszenia-859\" src=\"http:\/\/rafalk-elblag.pl\/wp-content\/uploads\/2020\/04\/baner-ogloszenia-parafialne.jpg\"><\/p>\n<h2>Og\u0142oszenia parafialne 06.09.2020r<\/h2>\n<p><strong>1.<\/strong> Zapraszamy w pierwsz\u0105 niedziel\u0119 miesi\u0105ca na Adoracj\u0119 Naj\u015bwi\u0119tszego Sakramentu od godz. 16:00 do godz. 18:00.<\/p>\n<p><strong>2.<\/strong> UWAGA! Od wrze\u015bnia powracamy do Mszy \u015bwi\u0119tej niedzielnej o godzinie 15:00, kt\u00f3ra rozpoczyna si\u0119 Koronk\u0105 do Mi\u0142osierdzia Bo\u017cego. Dzi\u0119kuj\u0119 osobom z Apostolatu Bo\u017cego Mi\u0142osierdzia za prowadzenie Koronki w czasie wakacji.<\/p>\n<p><strong>3.<\/strong> Ofiary zbierane dzisiaj na tac\u0119 przeznaczone s\u0105 na sp\u0142at\u0119 ostatniej raty za wykonan\u0105 fotowoltaik\u0119 na plebanii. B\u00f3g zap\u0142a\u0107 za sk\u0142adane ofiary.<\/p>\n<p><strong>4.<\/strong> W \u015brod\u0119 przypada 11 rocznica \u015bmierci ks. Bp. Andrzeja \u015aliwi\u0144skiego. Zapraszamy do wsp\u00f3lnej modlitwy podczas Mszy \u015awi\u0119tej o godz. 18:00 w Katedrze Elbl\u0105skiej. Pierwszy Biskup Elbl\u0105ski spoczywa w Katedrze &#8211; w Krypcie Biskup\u00f3w Elbl\u0105skich.<\/p>\n<p><strong>5.<\/strong> Rozpocz\u0105\u0142 si\u0119 Nowy Rok Szkolny i Katechetyczny. Zatroszczmy si\u0119 o dobre wychowanie m\u0142odego pokolenia. Postarajmy si\u0119 znale\u017a\u0107 czas dla naszych dzieci \u2013 \u017cywo interesujmy si\u0119 ich post\u0119pami w szkole, zadbajmy o ich udzia\u0142 w lekcjach religii. Przypominamy ponadto, \u017ce przygotowanie do sakrament\u00f3w \u015bwi\u0119tych tj. do pierwszej Spowiedzi i Komunii \u015awi\u0119tej oraz do Bierzmowania odbywa si\u0119 przy parafii, a nie w szkole.<\/p>\n<p><strong>6.<\/strong> W tym tygodniu na plebanii odb\u0119d\u0105 si\u0119 spotkania rodzic\u00f3w dzieci przygotowuj\u0105cych si\u0119 w tym roku do Pierwszej Spowiedzi i Komunii \u015awi\u0119tej wed\u0142ug nast\u0119puj\u0105cego porz\u0105dku:<\/p>\n<p>\u2022 dnia 7 wrze\u015bnia (poniedzia\u0142ek) klasa IV a i klasa IV b \u2013 o godz. 19:00;<br \/>\n\u2022 dnia 8 wrze\u015bnia (wtorek) klasa IV c i klasa IV d \u2013 o godz. 19:00, oraz rodzice dzieci ucz\u0105cych si\u0119 w innych szko\u0142ach.<\/p>\n<p><strong>OBECNO\u015a\u0106 RODZIC\u00d3W OBOWI\u0104ZKOWA !!!<\/strong><\/p>\n<p><strong>7. UWAGA!!!<\/strong> Zapisy do bierzmowania m\u0142odzie\u017cy z klas VIII Szko\u0142y Podstawowej trwaj\u0105 do ko\u0144ca wrze\u015bnia. Zg\u0142oszenia u ks. Marcina.<\/p>\n<p><strong>8.<\/strong> Nasza parafia tradycyjnie organizuje pielgrzymk\u0119 autokarow\u0105 do Sanktuarium Matki Bo\u017cej Gietrzwa\u0142dzkiej na obchody 142 Rocznicy Objawie\u0144. Wyjazd 13 wrze\u015bnia (niedziela) o godz. 8:00. Koszt 25 z\u0142. Zapisy w zakrystii.<\/p>\n<p><strong>9.<\/strong> W TYM TYGODNIU KOLEJNY ROK PRACY FORMACYJNEJ INAUGURUJE:<\/p>\n<p>\u2022 Odnowa w Duchu \u015awi\u0119tym \u201eKana Galilejska\u201d \u2013 poniedzia\u0142ek &#8211; Msza \u015bw. o godz. 18:00, a po Mszy \u015bw. Adoracja Naj\u015bwi\u0119tszego Sakramentu.<br \/>\n\u2022 Kr\u0105g Biblijny w \u015brod\u0119 9 wrze\u015bnia o godz. 18.45. Zapraszamy osoby pragn\u0105ce bardziej pochyli\u0107 si\u0119 nad Ksi\u0119g\u0105 \u017bycia.<br \/>\n\u2022 Parafialny Oddzia\u0142 Caritas &#8211; w ka\u017cdy czwartek w godzinach od 16:00 do 17:00 przy ul. Myliusa 1A. Zapraszamy osoby potrzebuj\u0105ce pomocy.<\/p>\n<p><strong>10.<\/strong> Nasz parafianin Karol Mystkowski 12 wrze\u015bnia br. w Rzeszowie w ko\u015bciele \u015bw. J\u00f3zefa Kalasancjusza z\u0142o\u017cy pierwsze \u015bluby w Zakonie Szk\u00f3\u0142 Pobo\u017cnych. Otoczmy Go modlitw\u0105, dzi\u0119kuj\u0105c za kolejne powo\u0142anie z naszej parafii i pro\u015bmy o nowe, \u015bwi\u0119te powo\u0142ania kap\u0142a\u0144skie i zakonne.<\/p>\n<p><strong>11.<\/strong> Zach\u0119camy do czytania prasy katolickiej: nowy numer \u201eGo\u015bcia Niedzielnego\u201d w cenie 6 z\u0142. z dodatkiem \u201eGo\u015b\u0107 Elbl\u0105ski\u201d a nim wydarzenia z diecezji.<\/p>\n<p>&nbsp;<\/p>\n<p><img decoding=\"async\" id=\"intencje-859\" src=\"http:\/\/rafalk-elblag.pl\/wp-content\/uploads\/2020\/04\/baner-intencje-mszy.jpg\"><\/p>\n<h2>Intencje mszalne 06.09.2020<\/h2>\n<p><strong>PONIEDZIA\u0141EK \/ 7 wrze\u015bnia 2020r.<\/strong><br \/>\n8.00 \u2020 Kazimiera D\u0105bkowska (7 greg.)<br \/>\n18.00 \u2020 Halina Bugajska \u2013 int. od szwagierki Krystyny z rodz.<br \/>\n18.00 \u2020 Genowefa i Boles\u0142aw Chruszczyk<\/p>\n<p><strong>WTOREK \/ 8 wrze\u015bnia 2020r.<\/strong><br \/>\n8.00 \u2020 Kazimiera D\u0105bkowska (8 greg.)<br \/>\n18.00 \u2020 Andrzej w rocz. \u015bm. i zm. z rodz. Binkowskich<br \/>\n18.00 W 18 urodziny Kacpra Zieli\u0144skiego i 8 urodziny Mai z pro\u015bb\u0105 o Bo\u017ce b\u0142og. dla nich i opiek\u0119 MB na dalsze lata<\/p>\n<p><strong>\u015aRODA \/ 9 wrze\u015bnia 2020r.<\/strong><br \/>\n8.00 \u2020 Kazimiera D\u0105bkowska (9 greg.)<br \/>\n18.00 \u2020 Zygmunt Kowalski w 30 r. \u015bm.<br \/>\n18.00 Dzi\u0119k. za ks. Micha\u0142a Semeniuka z ok. 30 urodzin z pro\u015bb\u0105 o Bo\u017ce b\u0142og., dary Ducha \u015aw. i opiek\u0119 MB w pos\u0142udze kap\u0142a\u0144skiej<\/p>\n<p><strong>CZWARTEK \/ 10 wrze\u015bnia 2020r.<\/strong><br \/>\n8.00 \u2020 Franciszka (k) i Eugeniusz Tolzdorf<br \/>\n18.00 \u2020 Kazimiera D\u0105bkowska (10 greg.)<br \/>\n18.00 \u2020 Mieczys\u0142aw i W\u0142odzimierz, rodzice z obojga stron i zm. z rodz. Wile\u0144skich i D\u0105bkowskich<\/p>\n<p><strong>PI\u0104TEK \/ 11 wrze\u015bnia 2020r.<\/strong><br \/>\n8.00 \u2020 Czes\u0142aw D\u0119bski \u2013 int. od brata Jana z \u017con\u0105<br \/>\n18.00 \u2020 Kazimiera D\u0105bkowska (11 greg.)<br \/>\n18.00 \u2020 Katarzyna i Feliks Stefanowicz<\/p>\n<p><strong>SOBOTA \/ 12 wrze\u015bnia 2020r. \/ Naj\u015bwi\u0119tszego Imienia Maryi<\/strong><br \/>\n8.00 \u2020 Kazimiera D\u0105bkowska (12 greg.)<br \/>\n18.00 \u2020 Henryk Mackiewicz w 3 r. \u015bm.<\/p>\n<p><strong>XXIV Niedziela Zwyk\u0142a \/ 13 wrze\u015bnia 2020r.<\/strong><br \/>\n7.00 \u2020 Anatol Usik w 5 miesi\u0105c po \u015bmierci<br \/>\n9.00 O Bo\u017ce b\u0142og. i si\u0142\u0119 w pokonywaniu wszelkich trudno\u015bci dla Nikodema i jego rodziny, Agnieszki i ca\u0142ej rodziny zakonnej oraz dla Magdaleny i Macieja<br \/>\n9.00 \u2020 Wojciech Juchnowicz z ok. ziemskich urodzin, Czes\u0142aw Juchnowicz w 12 r. \u015bm. i Jadwiga Rejnik<br \/>\n10.30 \u2020 Martyna \u017bubertowska w 5 r. \u015bm., Wac\u0142awa (k) (3 r.\u015bm.) i Lucjan (40 r.\u015bm.) K\u0142os<br \/>\n12.00 W intencji Parafian<br \/>\n15.00 \u2020 Kazimiera D\u0105bkowska (13 greg.)<br \/>\n18.00 \u2020 Hanna Jankowska w 6 r. \u015bm. i zm. rodzice i rodze\u0144stwo z obojga stron<\/p>\n","protected":false},"excerpt":{"rendered":"<p>KILKA FAKT\u00d3W O MODLITWIE Nale\u017cy modli\u0107 si\u0119 &#8222;na si\u0142\u0119&#8221;? Kiedy modlitwa staje si\u0119 formalno\u015bci\u0105? Czy modl\u0105c si\u0119 r\u00f3\u017ca\u0144cem, trzeba bez przerwy skupia\u0107 si\u0119 na wypowiadanych s\u0142owach? Odmawianie modlitw, kt\u00f3rych nauczyli\u015bmy si\u0119 w dzieci\u0144stwie lub kt\u00f3re mo\u017cemy znale\u017a\u0107 w modlitewniku, to najcz\u0119stszy spos\u00f3b, w jaki si\u0119 modlimy. Wielu ludzi tylko tak zwraca si\u0119 do Boga. Dziecko [&hellip;]<\/p>\n","protected":false},"author":1,"featured_media":4008,"comment_status":"closed","ping_status":"closed","sticky":false,"template":"","format":"standard","meta":{"ngg_post_thumbnail":0,"footnotes":""},"categories":[11,8,4,3],"tags":[],"class_list":["post-4006","post","type-post","status-publish","format-standard","has-post-thumbnail","hentry","category-aktualnosci","category-blog","category-intencje","category-ogloszenia"],"_links":{"self":[{"href":"https:\/\/rafalk-elblag.pl\/index.php?rest_route=\/wp\/v2\/posts\/4006","targetHints":{"allow":["GET"]}}],"collection":[{"href":"https:\/\/rafalk-elblag.pl\/index.php?rest_route=\/wp\/v2\/posts"}],"about":[{"href":"https:\/\/rafalk-elblag.pl\/index.php?rest_route=\/wp\/v2\/types\/post"}],"author":[{"embeddable":true,"href":"https:\/\/rafalk-elblag.pl\/index.php?rest_route=\/wp\/v2\/users\/1"}],"replies":[{"embeddable":true,"href":"https:\/\/rafalk-elblag.pl\/index.php?rest_route=%2Fwp%2Fv2%2Fcomments&post=4006"}],"version-history":[{"count":3,"href":"https:\/\/rafalk-elblag.pl\/index.php?rest_route=\/wp\/v2\/posts\/4006\/revisions"}],"predecessor-version":[{"id":4013,"href":"https:\/\/rafalk-elblag.pl\/index.php?rest_route=\/wp\/v2\/posts\/4006\/revisions\/4013"}],"wp:featuredmedia":[{"embeddable":true,"href":"https:\/\/rafalk-elblag.pl\/index.php?rest_route=\/wp\/v2\/media\/4008"}],"wp:attachment":[{"href":"https:\/\/rafalk-elblag.pl\/index.php?rest_route=%2Fwp%2Fv2%2Fmedia&parent=4006"}],"wp:term":[{"taxonomy":"category","embeddable":true,"href":"https:\/\/rafalk-elblag.pl\/index.php?rest_route=%2Fwp%2Fv2%2Fcategories&post=4006"},{"taxonomy":"post_tag","embeddable":true,"href":"https:\/\/rafalk-elblag.pl\/index.php?rest_route=%2Fwp%2Fv2%2Ftags&post=4006"}],"curies":[{"name":"wp","href":"https:\/\/api.w.org\/{rel}","templated":true}]}}