{"id":4000,"date":"2020-08-28T18:50:44","date_gmt":"2020-08-28T18:50:44","guid":{"rendered":"http:\/\/rafalk-elblag.pl\/?p=4000"},"modified":"2020-08-28T18:51:27","modified_gmt":"2020-08-28T18:51:27","slug":"biuletyn-nr-867-30-08-2020r-xxii-niedziela-zwykla","status":"publish","type":"post","link":"https:\/\/rafalk-elblag.pl\/?p=4000","title":{"rendered":"Biuletyn nr 867 \/ 30.08.2020r XXII Niedziela zwyk\u0142a"},"content":{"rendered":"<p><img decoding=\"async\" id=\"ogloszenia-859\" src=\"http:\/\/rafalk-elblag.pl\/wp-content\/uploads\/2020\/08\/baner-nr-867.jpg\"><\/p>\n<h1>KO\u015aCI\u00d3\u0141 \u201ePO\u201d PANDEMII<\/h1>\n<p><strong>\u017byjemy w czasie pandemii, \u017cycie spo\u0142eczne opiera si\u0119 chwilowo na innych ni\u017c zazwyczaj zasadach. To potrwa d\u0142u\u017cej lub kr\u00f3cej \u2013 ale w ko\u0144cu si\u0119 sko\u0144czy (na co dowodem s\u0105 chocia\u017cby historyczne epidemie, kt\u00f3re ju\u017c wielokrotnie dotyka\u0142y ludzko\u015b\u0107 \u2013 i kt\u00f3re min\u0119\u0142y). Ju\u017c teraz warto si\u0119 zastanowi\u0107 nad tym, jak b\u0119dzie wygl\u0105da\u0142 Ko\u015bci\u00f3\u0142 w czasie \u201epo epidemii\u201d.<\/strong><\/p>\n<p>Zacznijmy od okre\u015blenia czasu, w kt\u00f3rym si\u0119 znajdujemy. Bo czas pandemii to czas pomi\u0119dzy. Za nami ju\u017c \u201e\u015bwiat przed pandemi\u0105\u201d, a \u201e\u015bwiat po pandemii\u201d jeszcze nie nasta\u0142. Trwaj\u0105ca epidemia jest bardzo dynamicznym okresem, ale w gruncie rzeczy bardzo nietrwa\u0142ym i s\u0142u\u017c\u0105cym przede wszystkim na przeprowadzenie nas z jednego \u015bwiata do drugiego. Rzeczywisto\u015b\u0107, kt\u00f3ra za kr\u00f3tsz\u0105 lub d\u0142u\u017csz\u0105 chwil\u0119 nastanie, mo\u017ce rodzi\u0107 w nas niepok\u00f3j. Warto jednak spojrze\u0107 na ni\u0105, jak na szans\u0119. Tak\u017ce jako bardzo konkretn\u0105 szans\u0119 dla wsp\u00f3lnoty Ko\u015bcio\u0142a.<\/p>\n<p>Pandemia jasno pokaza\u0142a nam przede wszystkim, \u017ce konieczne jest zwi\u0119kszenie zaanga\u017cowania si\u0119 \u015bwieckich w Ko\u015bciele. Dlaczego potrzebna b\u0119dzie aktywno\u015b\u0107? Przede wszystkim po to, by\u015bmy nie potracili cz\u0142onk\u00f3w wsp\u00f3lnoty, kt\u00f3r\u0105 tworzymy. D\u0142ugo trwaj\u0105ca dyspensa w niekt\u00f3rych przypadkach przerodzi\u0142a si\u0119 w my\u015blenie, \u017ce fizyczna obecno\u015b\u0107 w ko\u015bciele (w budynku) nie jest im do wiary potrzebna. I mog\u0105 nie chcie\u0107 wr\u00f3ci\u0107 do ko\u015bcielnych \u0142awek. Przyzwyczaj\u0105 si\u0119 do internetowych transmisji liturgii.<\/p>\n<p>I w\u0142a\u015bnie wtedy potrzebni b\u0119d\u0105 aktywni cz\u0142onkowie wsp\u00f3lnoty, kt\u00f3rzy pomog\u0105 im zosta\u0107. Poka\u017c\u0105, \u017ce bycie w Ko\u015bciele oznacza tak\u017ce przebywanie w ko\u015bciele. Poka\u017c\u0105, \u017ce wa\u017cne jest \u017cycie sakramentalne. Chwilowo mocno opieramy si\u0119 na Ko\u015bcio\u0142ach domowych, na ma\u0142ych, czasem bardzo ma\u0142ych wsp\u00f3lnotach. Drugim zadaniem aktywnych katolik\u00f3w b\u0119dzie te\u017c to, by po\u0142\u0105czy\u0107 te ma\u0142e wsp\u00f3lnoty z du\u017c\u0105 wsp\u00f3lnot\u0105 parafialn\u0105.<\/p>\n<p>Czas pandemii powinni\u015bmy potraktowa\u0107 jako okazj\u0119 do g\u0142\u0119bokiej refleksji nad kondycj\u0105 Ko\u015bcio\u0142a i modelu duszpasterstwa, kt\u00f3ry funkcjonuje w naszym kraju. Z wielu stron s\u0142ycha\u0107, \u017ce b\u0119dzie trzeba odbudowa\u0107 duszpasterstwo. Chyba zasadniejsze jest u\u017cycie sformu\u0142owania \u201eprzemodelowanie\u201d. Bo odbudowa wskazuje na jakie\u015b zgliszcza i tragiczn\u0105 sytuacj\u0119. A tak \u017ale przecie\u017c nie jest i nie zanosi si\u0119, \u017ceby mia\u0142o by\u0107. Ko\u015bci\u00f3\u0142 ca\u0142y czas aktywnie dzia\u0142a. Jest to zatem dla nas bardzo konkretna SZANSA. I warto, \u017ceby\u015bmy z niej skorzystali.<\/p>\n<p>Ale \u017ceby to przemodelowanie uda\u0142o si\u0119, to trzeba ju\u017c teraz rozpocz\u0105\u0107 wspomnian\u0105 refleksj\u0119. W kt\u00f3rych formach pracy i dzia\u0142ania czu\u0107 by\u0142o powiew Ducha, a kt\u00f3re by\u0142y skostnia\u0142e. Pandemia daje nam okazj\u0119 do uzdrowienia naszego duszpasterstwa. To nie znaczy, \u017ce ono mia\u0142o tylko wady. Nie, przed pandemi\u0105 by\u0142o mn\u00f3stwo cudownych inicjatyw. Ale by\u0142y te\u017c takie dzia\u0142ania, kt\u00f3re niekoniecznie warto rozwija\u0107 po pandemii. \u017beby to zdrowe duszpasterstwo mog\u0142o funkcjonowa\u0107, konieczne jest si\u0119gni\u0119cie do \u017ar\u00f3d\u0142a.<\/p>\n<p>Czyli do Pisma. Bo Ko\u015bcio\u0142a \u201ejutra\u201d nie mo\u017cemy budowa\u0107 na w\u0142asnym \u201ewidzimisi\u0119\u201d. Na swoich marzeniach. W\u0142asne wizje s\u0105 wa\u017cne, ale powinny by\u0107 tylko pomoc\u0105. Najwa\u017cniejsze jest Objawienie i budowanie na nim wsp\u00f3lnoty, kt\u00f3r\u0105 wszyscy tworzymy. I za kt\u00f3r\u0105 wszyscy powinni\u015bmy wzi\u0105\u0107 odpowiedzialno\u015b\u0107. Ta odpowiedzialno\u015b\u0107 to nasze wyzwanie na czas \u201epo\u201d.<\/p>\n<p>&nbsp;<br \/>\n<img decoding=\"async\" id=\"ogloszenia-859\" src=\"http:\/\/rafalk-elblag.pl\/wp-content\/uploads\/2020\/04\/baner-ogloszenia-parafialne.jpg\"><\/p>\n<h2>Og\u0142oszenia parafialne 30.08.2020r<\/h2>\n<p><strong>1.<\/strong> We wtorek przypada 81 rocznica wybuchu II Wojny \u015awiatowej. Pami\u0119tajmy w modlitwie o wszystkich, kt\u00f3rzy oddali \u017cycie w obronie Ojczyzny oraz pro\u015bmy o pok\u00f3j na \u015bwiecie.<\/p>\n<p><strong>2.<\/strong> UWAGA! Od wrze\u015bnia powracamy do Mszy \u015bwi\u0119tej niedzielnej o godzinie 15:00, kt\u00f3ra rozpoczyna si\u0119 Koronk\u0105 do Mi\u0142osierdzia Bo\u017cego. Dzi\u0119kuj\u0119 osobom z Apostolatu Bo\u017cego Mi\u0142osierdzia za prowadzenie Koronki w czasie wakacji.<\/p>\n<p>3. Nasza parafia tradycyjnie organizuje pielgrzymk\u0119 autokarow\u0105 do Sanktuarium Matki Bo\u017cej Gietrzwa\u0142dzkiej na obchody 142 Rocznicy Objawie\u0144.<br \/>\nWyjazd 13 wrze\u015bnia (niedziela) o godz. 8:00. Koszt 25 z\u0142. Zapisy w zakrystii.<\/p>\n<p><strong>4.<\/strong> Msza \u015bw. inauguruj\u0105ca kolejny rok szkolny i katechetyczny 2020\/2021 odprawiona zostanie 1 wrze\u015bnia br. dla Szko\u0142y Podstawowej nr. 11 o godz. 9:00. Po Mszy \u015bw. dzieci i m\u0142odzie\u017c udaj\u0105 si\u0119 bezpo\u015brednio do szko\u0142y na drug\u0105 cz\u0119\u015b\u0107 inauguracji Nowego Roku Szkolnego lub wracaj\u0105 do domu. Zapraszamy do wsp\u00f3lnej modlitwy uczni\u00f3w, rodzic\u00f3w i nauczycieli. SKORZYSTAJMY Z \u0141ASK SAKRAMENT\u00d3W \u015aWI\u0118TYCH. Od jutra zach\u0119camy dzieci i m\u0142odzie\u017c do spowiedzi \u015bwi\u0119tej od godz. 17:30.<\/p>\n<p><strong>5.<\/strong> B\u0142ogos\u0142awie\u0144stwo dzieci klas I z po\u015bwi\u0119ceniem przybor\u00f3w szkolnych odb\u0119dzie si\u0119 za tydzie\u0144 &#8211; 6 wrze\u015bnia br. podczas Mszy \u015bw. o godz. 10:30.<br \/>\nZAPRASZAMY DZIECI Z RODZICAMI.<\/p>\n<p><strong>6.<\/strong> W tym tygodniu przypada pierwszy czwartek, pi\u0105tek i sobota miesi\u0105ca.<\/p>\n<ul>\n<li>&nbsp; w pierwszy czwartek b\u0119dziemy modli\u0107 si\u0119 wsp\u00f3lnie za Ko\u015bci\u00f3\u0142 i Ojca \u015awi\u0119tego Franciszka. Zapraszamy na Msz\u0119 \u015bw. o godz. 18:00 a po Niej na ADORACJ\u0118 przed Naj\u015bwi\u0119tszym Sakramentem w powy\u017cszych intencjach.<\/li>\n<li>&nbsp; w pierwszy pi\u0105tek spowied\u017a dla dzieci, m\u0142odzie\u017cy i doros\u0142ych od godz. 17:30. Msza \u015bw. o godz.18:00<\/li>\n<li>&nbsp; pierwsza sobota miesi\u0105ca \u2013 zapraszamy na Nabo\u017ce\u0144stwo R\u00f3\u017ca\u0144cowe o godz. 17:00<\/li>\n<\/ul>\n<p><strong>7.<\/strong> Po przerwie wakacyjnej w I pi\u0105tek miesi\u0105ca z Panem Jezusem udamy si\u0119 do chorych: ks. Marcin od godz. 8:00, ks. Proboszcz od 9:30, i ks. Piotr po szkole. Prosimy zg\u0142asza\u0107 do kap\u0142an\u00f3w chorych pragn\u0105cych rozpocz\u0105\u0107 9 pierwszych pi\u0105tk\u00f3w.<\/p>\n<p><strong>8.<\/strong> <strong>W TYM TYGODNIU KOLEJNY ROK PRACY FORMACYJNEJ INAUGURUJE:<\/strong><\/p>\n<ul>\n<li>&nbsp; Katolickie Stowarzyszenie M\u0142odzie\u017cy \u201eBOANERGES\u201d \u2013 w \u015brod\u0119 o godz. 19:00.<\/li>\n<li>&nbsp; Wsp\u00f3lnota Krwi Chrystusa \u2013 wtorek &#8211; 1 wrze\u015bnia o godz. 19:00.<\/li>\n<li>&nbsp; Apostolat Margaretka w I czwartek miesi\u0105ca tj. 3 wrze\u015bnia &#8211; Msz\u0105 \u015bw. o godz. 18:00 i Godzin\u0105 \u015awi\u0119t\u0105. Po wsp\u00f3lnej modlitwie spotkanie na plebanii.<\/li>\n<li>&nbsp; Scholka Dzieci\u0119ca \u201eRAFAEL\u201d. Zapraszamy dzieci pragn\u0105ce \u015bpiewem chwali\u0107 Pana Boga w najbli\u017csz\u0105 niedziel\u0119, tj. 6 wrze\u015bnia o godz. 10:00.<\/li>\n<li>&nbsp; S\u0142u\u017cba Liturgiczna O\u0142tarza. Zaprasza wszystkich ministrant\u00f3w i ch\u0119tnych, kt\u00f3rzy by chcieli s\u0142u\u017cy\u0107 przy o\u0142tarzu na zbi\u00f3rk\u0119 5 wrze\u015bnia (sobota) o godz. 10:00 na plebanii.<\/li>\n<\/ul>\n<p><strong>9.<\/strong> Zach\u0119camy do czytania prasy katolickiej: nowy numer \u201eGo\u015bcia Niedzielnego\u201d w cenie 6 z\u0142. z dodatkiem \u201eGo\u015b\u0107 Elbl\u0105ski\u201d a nim wydarzenia z diecezji.<\/p>\n<p><strong>10.<\/strong> Za tydzie\u0144 ofiary zbierane na tac\u0119 przeznaczona b\u0119d\u0105 na sp\u0142at\u0119 ostatniej raty za wykonan\u0105 fotowoltaik\u0119 na plebanii. B\u00f3g zap\u0142a\u0107 za sk\u0142adane ofiary.<\/p>\n<p><strong>11.<\/strong> Pan powo\u0142a\u0142 do wieczno\u015bci:&nbsp; <strong>\u2020 \u015bp. Tadeusza Pipczy\u0144skiego<\/strong>, l. 72 z ul. Leszczy\u0144skiego WIECZNY ODPOCZYNEK RACZ IM DA\u0106 PANIE.<\/p>\n<p>&nbsp;<\/p>\n<p><img decoding=\"async\" id=\"intencje-859\" src=\"http:\/\/rafalk-elblag.pl\/wp-content\/uploads\/2020\/04\/baner-intencje-mszy.jpg\"><\/p>\n<h2>Intencje mszalne 30.08.2020<\/h2>\n<p><strong>PONIEDZIA\u0141EK \/ 31 sierpnia 2020r.<\/strong><br \/>\n8.00 O zdrowie i Bo\u017ce b\u0142og. dla Zbigniewa Jackiewicza i jego rodziny<br \/>\n18.00 \u2020 Mariusz Mu\u017cy\u0142o w 14 r. \u015bm.<\/p>\n<p><strong>WTOREK \/ 1 wrze\u015bnia 2020r<\/strong>.<br \/>\n8.00 \u2020 Kazimiera D\u0105bkowska (1 greg.)<br \/>\n18.00 \u2020 Jolanta w dniu ziemskich urodzin i zm. z rodz. Karman<br \/>\n18.00 Dzi\u0119k. w 16 urodziny Jakuba Kr\u00f3l i Wiktori\u0119 z pro\u015bb\u0105 o Bo\u017ce b\u0142og. i opiek\u0119 MB w nowym roku szkolnym oraz dla Ewy i Arkadiusza<\/p>\n<p><strong>\u015aRODA \/ 2 wrze\u015bnia 2020r.<\/strong><br \/>\n8.00 O Bo\u017ce b\u0142og., opiek\u0119 MB, zdrowie i Dary Ducha \u015aw. dla Anny i Kazimierza w rocz. \u015blubu<br \/>\n18.00 \u2020 Kazimiera D\u0105bkowska (2 greg.)<br \/>\n18.00 \u2020 Stefania (k) Bajson w dniu imienin i zm. z rodz. Bajson, Jasi\u0144skich i Kachnowicz<\/p>\n<p><strong>CZWARTEK \/ 3 wrze\u015bnia 2020r. \/ \u015bw. Grzegorza Wielkiego<\/strong><br \/>\n8.00 \u2020 Kazimiera D\u0105bkowska (3 greg.)<br \/>\n18.00 Dzi\u0119k. za Sylwi\u0119 i Tomasza Szczepanik z pro\u015bb\u0105 o Bo\u017ce b\u0142og., opiek\u0119 MB i si\u0142y w pos\u0142udze muzycznej<br \/>\n18.00 W int. nowych alumn\u00f3w WSD DE o Bo\u017ce b\u0142og. dla nich, prze\u0142o\u017conych oraz wszystkich pochodz\u0105cych z naszej parafii<\/p>\n<p><strong>PI\u0104TEK \/ 4 wrze\u015bnia 2020r.<\/strong><br \/>\n8.00 \u2020 Regina Hipsz, Frnaciszek i Lech<br \/>\n18.00 \u2020 Kazimiera D\u0105bkowska (4 greg.)<br \/>\n18.00 W intencji czcicieli Naj\u015bwi\u0119tszego Serca Pana Jezusa<\/p>\n<p><strong>SOBOTA \/ 5 wrze\u015bnia 2020r.<\/strong><br \/>\n8.00 \u2020 Kazimiera D\u0105bkowska (5 greg.)<br \/>\n18.00 O Bo\u017ce b\u0142og., opiek\u0119 MB i Anio\u0142\u00f3w Str\u00f3\u017c\u00f3w, potrzebne \u0142aski dla Oliwii w 1 rocz. urodzin<br \/>\n18.00 Rez.<\/p>\n<p><strong>XXIII Niedziela Zwyk\u0142a \/ 6 wrze\u015bnia 2020r.<\/strong><br \/>\n7.00 \u2020 Kazimiera D\u0105bkowska (6 greg.)<br \/>\n9.00 O do\u015bwiadczenie Bo\u017cej mi\u0142o\u015bci dla Karoliny i Sebastiana<br \/>\n9.00 \u2020 Stanis\u0142aw Starzy\u0144ski w 3 r. \u015bm. i zm. z rodz.<br \/>\n10.30 \u2020 Bronis\u0142awa (k), W\u0142adys\u0142aw, Stanis\u0142aw Kowalscy<br \/>\n12.00 W intencji Parafian<br \/>\n15.00 \u2020 Robert i Krystyna Bogdanowicz w 7 r. \u015bm.<br \/>\n18.00 \u2020 Edward Korzeniowski w 19 r. \u015bm.<\/p>\n","protected":false},"excerpt":{"rendered":"<p>KO\u015aCI\u00d3\u0141 \u201ePO\u201d PANDEMII \u017byjemy w czasie pandemii, \u017cycie spo\u0142eczne opiera si\u0119 chwilowo na innych ni\u017c zazwyczaj zasadach. To potrwa d\u0142u\u017cej lub kr\u00f3cej \u2013 ale w ko\u0144cu si\u0119 sko\u0144czy (na co dowodem s\u0105 chocia\u017cby historyczne epidemie, kt\u00f3re ju\u017c wielokrotnie dotyka\u0142y ludzko\u015b\u0107 \u2013 i kt\u00f3re min\u0119\u0142y). Ju\u017c teraz warto si\u0119 zastanowi\u0107 nad tym, jak b\u0119dzie wygl\u0105da\u0142 Ko\u015bci\u00f3\u0142 [&hellip;]<\/p>\n","protected":false},"author":1,"featured_media":4002,"comment_status":"closed","ping_status":"closed","sticky":false,"template":"","format":"standard","meta":{"ngg_post_thumbnail":0,"footnotes":""},"categories":[11,8,4,3],"tags":[],"class_list":["post-4000","post","type-post","status-publish","format-standard","has-post-thumbnail","hentry","category-aktualnosci","category-blog","category-intencje","category-ogloszenia"],"_links":{"self":[{"href":"https:\/\/rafalk-elblag.pl\/index.php?rest_route=\/wp\/v2\/posts\/4000","targetHints":{"allow":["GET"]}}],"collection":[{"href":"https:\/\/rafalk-elblag.pl\/index.php?rest_route=\/wp\/v2\/posts"}],"about":[{"href":"https:\/\/rafalk-elblag.pl\/index.php?rest_route=\/wp\/v2\/types\/post"}],"author":[{"embeddable":true,"href":"https:\/\/rafalk-elblag.pl\/index.php?rest_route=\/wp\/v2\/users\/1"}],"replies":[{"embeddable":true,"href":"https:\/\/rafalk-elblag.pl\/index.php?rest_route=%2Fwp%2Fv2%2Fcomments&post=4000"}],"version-history":[{"count":2,"href":"https:\/\/rafalk-elblag.pl\/index.php?rest_route=\/wp\/v2\/posts\/4000\/revisions"}],"predecessor-version":[{"id":4004,"href":"https:\/\/rafalk-elblag.pl\/index.php?rest_route=\/wp\/v2\/posts\/4000\/revisions\/4004"}],"wp:featuredmedia":[{"embeddable":true,"href":"https:\/\/rafalk-elblag.pl\/index.php?rest_route=\/wp\/v2\/media\/4002"}],"wp:attachment":[{"href":"https:\/\/rafalk-elblag.pl\/index.php?rest_route=%2Fwp%2Fv2%2Fmedia&parent=4000"}],"wp:term":[{"taxonomy":"category","embeddable":true,"href":"https:\/\/rafalk-elblag.pl\/index.php?rest_route=%2Fwp%2Fv2%2Fcategories&post=4000"},{"taxonomy":"post_tag","embeddable":true,"href":"https:\/\/rafalk-elblag.pl\/index.php?rest_route=%2Fwp%2Fv2%2Ftags&post=4000"}],"curies":[{"name":"wp","href":"https:\/\/api.w.org\/{rel}","templated":true}]}}