{"id":3992,"date":"2020-08-24T09:43:39","date_gmt":"2020-08-24T09:43:39","guid":{"rendered":"http:\/\/rafalk-elblag.pl\/?p=3992"},"modified":"2020-08-28T18:32:31","modified_gmt":"2020-08-28T18:32:31","slug":"biuletyn-nr-866-23-08-2020r-xx-niedziela-zwykla","status":"publish","type":"post","link":"https:\/\/rafalk-elblag.pl\/?p=3992","title":{"rendered":"Biuletyn nr 866 \/ 23.08.2020r XXI Niedziela zwyk\u0142a"},"content":{"rendered":"<p>&nbsp;<br \/>\n<img decoding=\"async\" id=\"ogloszenia-859\" src=\"http:\/\/rafalk-elblag.pl\/wp-content\/uploads\/2020\/04\/baner-ogloszenia-parafialne.jpg\"><\/p>\n<h2>Og\u0142oszenia parafialne 23.08.2020r<\/h2>\n<p><strong>1.<\/strong> Sierpie\u0144 \u2013 miesi\u0105c abstynencji. Przez pami\u0119\u0107 o wielkich dzie\u0142ach, kt\u00f3re B\u00f3g dokona\u0142 w naszym narodzie w tym miesi\u0105cu, a tak\u017ce odpowiadaj\u0105c na Apel Ko\u015bcio\u0142a, powstrzymajmy si\u0119 od spo\u017cywania napoj\u00f3w alkoholowych.<\/p>\n<p><strong>2.<\/strong> Dzi\u0119kuj\u0119 za okazan\u0105 solidarno\u015b\u0107 z poszkodowanymi mieszka\u0144cami Bejrutu. W ostatni\u0105 niedziel\u0119 do puszek na ten cel zebrano 2725 z\u0142. B\u00f3g zap\u0142a\u0107<\/p>\n<p><strong>3.<\/strong> Nasza parafia tradycyjnie organizuje pielgrzymk\u0119 autokarow\u0105 do Sanktuarium Matki Bo\u017cej Gietrzwa\u0142dzkiej na obchody 143 Rocznicy Objawie\u0144. Wyjazd 13 wrze\u015bnia (niedziela) o godz. 8:00. Koszt 25 z\u0142. Zapisy w zakrystii.<\/p>\n<p><strong>4.<\/strong> Spowied\u017a \u015bwi\u0119ta w tygodniu: rano od godz. 7:45, oraz wieczorem od godz. 17:30 Zapraszamy do korzystania z sakramentu pokuty i pojednania.<\/p>\n<p><strong>5.<\/strong> W tygodniu w liturgii Ko\u015bcio\u0142a wspominamy:<\/p>\n<ul>\n<li>w poniedzia\u0142ek \u015awi\u0119to \u015bw. Bart\u0142omieja, Aposto\u0142a<\/li>\n<li>w \u015brod\u0119 Uroczysto\u015b\u0107 Naj\u015bwi\u0119tszej Maryi Panny Cz\u0119stochowskiej,<\/li>\n<li>w czwartek wspomnienie \u015bw. Moniki,<\/li>\n<li>w pi\u0105tek wspomnienie \u015bw. Augustyna, biskupa i doktora ko\u015bcio\u0142a,<\/li>\n<li>w sobot\u0119 wspomnienie M\u0119cze\u0144stwa \u015bw. Jana Chrzciciela<\/li>\n<\/ul>\n<p>Zapraszamy na Msze \u015bw. w naszym ko\u015bciele o godz. 8:00 i 18:00.<\/p>\n<p><strong>6.<\/strong> Przypominamy, \u017ce Kancelaria Parafialna jeszcze w tym tygodniu czynna w \u015brody i pi\u0105tki po Mszy \u015bw. wieczornej.<\/p>\n<p><strong>7.<\/strong> Pozdrawiam Go\u015bci, kt\u00f3rzy dzisiaj modl\u0105 si\u0119 z nami w ko\u015bciele \u015bw. Rafa\u0142a Kalinowskiego i Matki Bo\u017cej Szkaplerznej. \u017bycz\u0119 wszystkim \u0142adnej pogody i udanego wypoczynku.<\/p>\n<p><strong>8.<\/strong> Zach\u0119camy do czytania prasy katolickiej: nowy numer \u201eGo\u015bcia Niedzielnego\u201d w cenie 6 z\u0142. z dodatkiem \u201eGo\u015b\u0107 Elbl\u0105ski\u201d a nim wydarzenia z diecezji.<\/p>\n<p><strong>9.<\/strong> Pan powo\u0142a\u0142 do wieczno\u015bci:<\/p>\n<p>\u2020 <strong>\u015bp. ks. kan. Bogdana Rusinowskiego<\/strong> lat 89<br \/>\n\u2020 <strong>\u015bp. Halin\u0119 Szczepkowsk\u0105<\/strong> z ul. K\u0142oczowskiego lat 82<\/p>\n<p>WIECZNY ODPOCZYNEK RACZ IM DA\u0106 PANIE.<\/p>\n<p>&nbsp;<\/p>\n<p><img decoding=\"async\" id=\"intencje-859\" src=\"http:\/\/rafalk-elblag.pl\/wp-content\/uploads\/2020\/04\/baner-intencje-mszy.jpg\"><\/p>\n<h2>Intencje mszalne 16.08.2020<\/h2>\n<p><strong>XXI Niedziela Zwyk\u0142a \/ 23 sierpnia 2020r.<\/strong><br \/>\n<strong>7.00<\/strong> Dzi\u0119kczynna w 45 rocz. \u015blubu Magdy i Antoniego Szersze\u0144 z pro\u015bb\u0105 o Bo\u017ce b\u0142ogos\u0142. i potrzebne \u0142aski dla Jubilat\u00f3w<br \/>\n<strong>9.00<\/strong> \u015ap. Kazimiera(k) Krasnik, Ildefons, Janina, Antoni, Krystyna, Henryk i zmar\u0142ych z rodziny Zubrzyckich \u2013 \u015bp. Emanuel, J\u00f3zefa(k) i Stanis\u0142aw<br \/>\n<strong>10.30<\/strong> Dzi\u0119kczynna w 60 urodziny Jacka Idzikowskiego z pro\u015bba o Bo\u017ce b\u0142ogos\u0142., potrzebne \u0142aski i opiek\u0119 Matki Bo\u017cej<br \/>\n<strong>12.00<\/strong> Za parafian<br \/>\n<strong>12.00<\/strong> Dzi\u0119kczynna w 40 rocz. \u015blubu Wies\u0142awy(k) i Andrzeja S\u0105dej z pro\u015bba o Bo\u017ce b\u0142ogos\u0142. i potrzebne \u0142aski dla Rubinowych Jubilat\u00f3w<br \/>\n<strong>18.00<\/strong> \u015ap. Janina i Boles\u0142aw Walko<\/p>\n<p><strong>PONIEDZIA\u0141EK \/ 24 sierpnia 2020r. \/<\/strong><br \/>\n<strong>8.00<\/strong> \u015ap. Henryk, Stanis\u0142awa(k), Wilhelm Gli\u0144scy, \u015bp. Bronis\u0142awa(k0 i Stanis\u0142aw Zaskalscy<br \/>\n<strong>18.00<\/strong> \u015ap. J\u00f3zef w 1 rocz. \u015bmierci, sp. Krystyna i Teresa Barto\u015b, \u015bp. Helena Cyrek i dziadk\u00f3w z obojga stron<\/p>\n<p><strong>WTOREK \/ 25 sierpnia 2020r. \/<\/strong><br \/>\n<strong>8.00<\/strong> \u015ap. Czes\u0142aw D\u0119bski w 30 dzie\u0144 po pogrzebie<br \/>\n<strong>18.00<\/strong> \u015ap. Stanis\u0142aw(m) Raszewski w 11 rocz. \u015bmierci i zmar\u0142ych z rodziny<\/p>\n<p><strong>\u015aRODA \/ 26 sierpnia 2020r.<\/strong><br \/>\n<strong>8.00<\/strong> \u015ap. Czes\u0142aw D\u0119bski \u2013 intencja od szwagra Stanis\u0142awa z rodzin\u0105<br \/>\n<strong>18.00<\/strong> \u015ap. Eugeniusz Denbi\u0144ski w 3 rocz. \u015bmierci<\/p>\n<p><strong>CZWARTEK \/ 27 sierpnia 2020r.<\/strong><br \/>\n<strong>8.00<\/strong> \u015ap. Wanda i Marian Urba\u0144scy w 30 dni po \u015bmierci<br \/>\n<strong>18.00<\/strong> \u015ap. Krystyna Kami\u0144ska w dniu ziemskich urodzin<\/p>\n<p><strong>PI\u0104TEK \/ 28 sierpnia 2020r. \/<\/strong><br \/>\n<strong>8.00<\/strong> O zdrowie i Bo\u017ce b\u0142ogos\u0142. dla Zbigniewa Jachiewicza i jego rodziny<br \/>\n<strong>18.00<\/strong> \u015ap. Waleria, Bronis\u0142aw, Mieczys\u0142aw, Kazimierz Kuci\u0144scy, \u015bp. Helena, Eugeniusz, Marek, Motyl<\/p>\n<p><strong>SOBOTA \/ 29 sierpnia 2020r.<\/strong><br \/>\n<strong>8.00<\/strong> O \u0142ask\u0119 zdrowia i Bo\u017ce b\u0142ogos\u0142., i opiek\u0119 Matki Bo\u017cej dla Romana<br \/>\n<strong>18.00<\/strong> \u015ap. Stefan, Jan, Feliksa(k) Kowalczyk, sp. Miko\u0142aj Gorszonowski, \u015bp. Dorota Kinach i zmar\u0142ych z rodziny Kinach, Gorszonowskich, Guzowskich<\/p>\n<p><strong>XXII Niedziela Zwyk\u0142a \/ 30 sierpnia 2020r.<\/strong><br \/>\n<strong>7.00<\/strong> \u015ap. Felicja i Franciszek<br \/>\n<strong>9.00<\/strong> \u015ap. Kazimierz(m), Jadwiga, Norbert<br \/>\n<strong>9.00<\/strong> Dzi\u0119kczynna za 90 lat \u017cycia J\u00f3zefa z pro\u015bb\u0105 o Bo\u017ce b\u0142ogos\u0142. dla niego i ca\u0142ej rodziny<br \/>\n<strong>10.30<\/strong> \u015ap. Julia Kata w 6 rocz. \u015bmierci, sp. Helena Apanowicz<br \/>\n<strong>12.00<\/strong> Za parafian<br \/>\n<strong>18.00<\/strong> Rez.<\/p>\n","protected":false},"excerpt":{"rendered":"<p>&nbsp; Og\u0142oszenia parafialne 23.08.2020r 1. Sierpie\u0144 \u2013 miesi\u0105c abstynencji. Przez pami\u0119\u0107 o wielkich dzie\u0142ach, kt\u00f3re B\u00f3g dokona\u0142 w naszym narodzie w tym miesi\u0105cu, a tak\u017ce odpowiadaj\u0105c na Apel Ko\u015bcio\u0142a, powstrzymajmy si\u0119 od spo\u017cywania napoj\u00f3w alkoholowych. 2. Dzi\u0119kuj\u0119 za okazan\u0105 solidarno\u015b\u0107 z poszkodowanymi mieszka\u0144cami Bejrutu. W ostatni\u0105 niedziel\u0119 do puszek na ten cel zebrano 2725 z\u0142. [&hellip;]<\/p>\n","protected":false},"author":1,"featured_media":3993,"comment_status":"closed","ping_status":"closed","sticky":false,"template":"","format":"standard","meta":{"ngg_post_thumbnail":0,"footnotes":""},"categories":[11,8,4,3],"tags":[],"class_list":["post-3992","post","type-post","status-publish","format-standard","has-post-thumbnail","hentry","category-aktualnosci","category-blog","category-intencje","category-ogloszenia"],"_links":{"self":[{"href":"https:\/\/rafalk-elblag.pl\/index.php?rest_route=\/wp\/v2\/posts\/3992","targetHints":{"allow":["GET"]}}],"collection":[{"href":"https:\/\/rafalk-elblag.pl\/index.php?rest_route=\/wp\/v2\/posts"}],"about":[{"href":"https:\/\/rafalk-elblag.pl\/index.php?rest_route=\/wp\/v2\/types\/post"}],"author":[{"embeddable":true,"href":"https:\/\/rafalk-elblag.pl\/index.php?rest_route=\/wp\/v2\/users\/1"}],"replies":[{"embeddable":true,"href":"https:\/\/rafalk-elblag.pl\/index.php?rest_route=%2Fwp%2Fv2%2Fcomments&post=3992"}],"version-history":[{"count":3,"href":"https:\/\/rafalk-elblag.pl\/index.php?rest_route=\/wp\/v2\/posts\/3992\/revisions"}],"predecessor-version":[{"id":3999,"href":"https:\/\/rafalk-elblag.pl\/index.php?rest_route=\/wp\/v2\/posts\/3992\/revisions\/3999"}],"wp:featuredmedia":[{"embeddable":true,"href":"https:\/\/rafalk-elblag.pl\/index.php?rest_route=\/wp\/v2\/media\/3993"}],"wp:attachment":[{"href":"https:\/\/rafalk-elblag.pl\/index.php?rest_route=%2Fwp%2Fv2%2Fmedia&parent=3992"}],"wp:term":[{"taxonomy":"category","embeddable":true,"href":"https:\/\/rafalk-elblag.pl\/index.php?rest_route=%2Fwp%2Fv2%2Fcategories&post=3992"},{"taxonomy":"post_tag","embeddable":true,"href":"https:\/\/rafalk-elblag.pl\/index.php?rest_route=%2Fwp%2Fv2%2Ftags&post=3992"}],"curies":[{"name":"wp","href":"https:\/\/api.w.org\/{rel}","templated":true}]}}