{"id":3986,"date":"2020-08-16T06:35:52","date_gmt":"2020-08-16T06:35:52","guid":{"rendered":"http:\/\/rafalk-elblag.pl\/?p=3986"},"modified":"2020-08-24T15:14:56","modified_gmt":"2020-08-24T15:14:56","slug":"biuletyn-nr-865-16-08-2020r-xx-niedziela-zwykla","status":"publish","type":"post","link":"https:\/\/rafalk-elblag.pl\/?p=3986","title":{"rendered":"Biuletyn nr 865 \/ 16.08.2020r XX Niedziela zwyk\u0142a"},"content":{"rendered":"<p>&nbsp;<br \/>\n<img decoding=\"async\" id=\"ogloszenia-859\" src=\"http:\/\/rafalk-elblag.pl\/wp-content\/uploads\/2020\/04\/baner-ogloszenia-parafialne.jpg\"><\/p>\n<h2>Og\u0142oszenia parafialne 16.08.2020r<\/h2>\n<p><strong>1.<\/strong> <strong>Sierpie\u0144 \u2013 miesi\u0105c abstynencji.<\/strong> Przez pami\u0119\u0107 o wielkich dzie\u0142ach, kt\u00f3re B\u00f3g dokona\u0142 w naszym narodzie w tym miesi\u0105cu, a tak\u017ce odpowiadaj\u0105c na Apel Ko\u015bcio\u0142a, powstrzymajmy si\u0119 od spo\u017cywania napoj\u00f3w alkoholowych.<\/p>\n<p><strong>2.<\/strong> <strong>Apel o pomoc dla mieszka\u0144c\u00f3w Bejrutu.<\/strong> Nieszcz\u0119\u015bcie dotkn\u0119\u0142o stolic\u0119 Libanu Bejrut. Wybuch\u0142y magazyny, w kt\u00f3rych przechowywano \u015brodki chemiczne. Dlatego dzisiaj przy drzwiach ko\u015bcio\u0142\u00f3w diecezji elbl\u0105skiej przeprowadzana jest zbi\u00f3rka ofiar na rzecz os\u00f3b poszkodowanych w Bejrucie. <strong>Dzi\u0119kujemy za zrozumienie i z\u0142o\u017cone ofiary.<\/strong><\/p>\n<p><strong>3.<\/strong> Dzisiaj dzie\u0144 spotkania i modlitwy Rodziny i Bractwa Szkaplerza \u015awi\u0119tego. Zapraszam na Msze \u015awi\u0119t\u0105 o godz. 18:00, z mo\u017cliwo\u015bci\u0105 przyj\u0119cia szkaplerza karmelita\u0144skiego oraz na Godzinki ku czci Matki Bo\u017cej Szkaplerznej po Mszy \u015bw.<\/p>\n<p><strong>4.<\/strong> <strong>W czwartek przypada VIII rocznica NAWIEDZENIA NASZEJ PARAFII PRZEZ MATK\u0118 BO\u017b\u0104 W JASNOG\u00d3RSKIEM WIZERUNKU<\/strong>. Bogu niech b\u0119d\u0105 dzi\u0119ki i Tobie Matko za Twoj\u0105 obecno\u015b\u0107 w naszej wsp\u00f3lnocie. Dzi\u0119kujemy Ci Matko, za Twoj\u0105 obecno\u015b\u0107 i za to \u017ce mogli\u015bmy stan\u0105\u0107 przed Twoim obliczem i powiedzie\u0107 o wszystkich naszych sprawach. Nadal Ci\u0119 prosimy rozwa\u017caj je w sercu i przedstawiaj je swojemu Synowi. Niech ten czas Nawiedzenia nadal przynosi b\u0142ogos\u0142awione owoce w \u017cyciu ka\u017cdego z nas i ca\u0142ej naszej wsp\u00f3lnoty parafialnej. \u201eMaryjo, kt\u00f3ra\u015b uwierzy\u0142a, prowad\u017a nas do Jezusa.\u201d<\/p>\n<p><strong>5.<\/strong> <strong>W tym tygodniu w liturgii Ko\u015bcio\u0142a wspominamy:<\/strong><br \/>\n\u2022 w poniedzia\u0142ek \u015bw. Jacka, kap\u0142ana \u2013 imieniny Jego Ekscelencji ks. dr Jacka Jezierskiego \u2013 Biskupa Elbl\u0105skiego.<\/p>\n<p><strong>Pami\u0119tajmy w modlitwie o czcigodnym solenizancie.<\/strong><br \/>\n\u2022 w czwartek wspomnienie \u015bw. Bernarda, opata i doktora ko\u015bcio\u0142a<br \/>\n\u2022 w pi\u0105tek wspomnienie \u015bw. Piusa X, papie\u017ca<br \/>\n\u2022 w sobot\u0119 wspomnienie Naj\u015bwi\u0119tszej Maryi Panny, Kr\u00f3lowej<br \/>\nZapraszamy do udzia\u0142u w Mszach \u015bw. o godz. 8:00 lub o godz. 18:00.<\/p>\n<p><strong>6.<\/strong> Przypominamy, \u017ce <strong>Kancelaria Parafialna<\/strong> przez okres wakacji czynna jest <strong>w \u015brody i pi\u0105tki po Mszy \u015bw. wieczornej.<\/strong><\/p>\n<p><strong>7.<\/strong> <strong>M\u00f3dlmy si\u0119 za dzieci, m\u0142odzie\u017c i wszystkich wypoczywaj\u0105cych na wakacjach.<\/strong> Pro\u015bmy o Bo\u017ce b\u0142ogos\u0142awie\u0144stwo i bezpieczny wypoczynek oraz o ustanie pandemii.<\/p>\n<p><strong>8.<\/strong> Wszystkim parafianom, go\u015bciom \u017cyczymy udanego wypoczynku i b\u0142ogos\u0142awie\u0144stwa Bo\u017cego.<\/p>\n<p><strong>9.<\/strong> Pan powo\u0142a\u0142 do wieczno\u015bci: \u015bp. Wies\u0142aw\u0119 P\u0105k z ul. Myliusa lat 73 \u015bp. Bogdana Grzyma\u0142\u0119 z ul. Sobieskiego lat 68<\/p>\n<p><strong>WIECZNY ODPOCZYNEK RACZ IM DA\u0106 PANIE.<\/strong><\/p>\n<p>&nbsp;<\/p>\n<p><img decoding=\"async\" id=\"intencje-859\" src=\"http:\/\/rafalk-elblag.pl\/wp-content\/uploads\/2020\/04\/baner-intencje-mszy.jpg\"><\/p>\n<h2>Intencje mszalne 16.08.2020<\/h2>\n<p><strong>PONIEDZIA\u0141EK \/ 17 sierpnia 2020r. \/<\/strong><br \/>\n8.00 Za zmar\u0142ych rodzic\u00f3w \u017bmijewskich i Bukowskich<br \/>\n18.00 \u015ap. Genowefa Olewnik w 20 rocz. \u015bmierci oraz \u015bp. Stanis\u0142aw Olewnik, Czes\u0142awa(k) i Stanis\u0142aw Kowalscy, \u015bp. J\u00f3zef Szwarc, \u015bp. Wanda Grad<\/p>\n<p><strong>WTOREK \/ 18 sierpnia 2020r. \/<\/strong><br \/>\n8.00 \u015ap. Wiktoria, Teofil, Edward, Henryk, Halina Bugajska<br \/>\n18.00 \u015ap. Zdzis\u0142aw Nawrocki<\/p>\n<p><strong>\u015aRODA \/ 19 sierpnia 2020r.<\/strong><br \/>\n8.00 \u015ap. Czes\u0142aw(m) D\u0119bski \u2013 intencja od szwagra Stanis\u0142awa z rodzin\u0105<br \/>\n18.00 \u015ap. Stefania(k) Bajson w 31 rocz. \u015bmierci i zmar\u0142ych z rodziny Bajson, Jasi\u0144skich i Kachnowicz<\/p>\n<p><strong>CZWARTEK \/ 20 sierpnia 2020r.<\/strong><br \/>\n8.00 \u015ap. Irena Zasada w 12 rocz. \u015bmierci, \u015bp. Stanis\u0142aw Piwnikiewicz w 18 rocz. \u015bmierci<br \/>\n18.00 \u015ap. Jadwiga i Marian Zinkiewicz<\/p>\n<p><strong>PI\u0104TEK \/ 21 sierpnia 2020r. \/<\/strong><br \/>\n8.00 \u015ap. Bronis\u0142awa(k) w 20 rocz. \u015bmierci i zmar\u0142ych z rodziny Wala<br \/>\n18.00 W intencji Antoniego w 1 rocznic\u0119 urodzin z pro\u015bb\u0105 o Bo\u017ce b\u0142ogos\u0142., potrzebne \u0142aski, opiek\u0119 Matki Bo\u017cej i Anio\u0142\u00f3w Str\u00f3\u017c\u00f3w<\/p>\n<p><strong>SOBOTA \/ 22 sierpnia 2020r.<\/strong><br \/>\n8.00 \u015ap. Wac\u0142aw(m) Mat\u0142ach w 13 rocz. \u015amierci, \u015bp. Kordula Mat\u0142ach<br \/>\n8.00 \u015ap. Irena W\u00f3jcik w 16 miesi\u0105c po \u015bmierci<br \/>\n18.00 \u015ap. Maria Piotrowska w 1 rocz. \u015bmierci, sp. Tomasz Piotrowski w 15 rocz. \u015bmierci<br \/>\n18.00 \u015ap. Tadeusz Malinowski w 8 rocz. \u015bmierci<\/p>\n<p><strong>XXI Niedziela Zwyk\u0142a \/ 23 sierpnia 2020r.<\/strong><br \/>\n7.00 Dzi\u0119kczynna w 45 rocz. \u015blubu Magdy i Antoniego Szersze\u0144 z pro\u015bb\u0105 o Bo\u017ce b\u0142ogos\u0142. i potrzebne \u0142aski dla Jubilat\u00f3w<br \/>\n9.00 \u015ap. Kazimiera(k) Krasnik, Ildefons, Janina, Antoni, Krystyna, Henryk i zmar\u0142ych z rodziny Zubrzyckich \u2013 \u015bp. Emanuel, J\u00f3zefa(k) i Stanis\u0142aw<br \/>\n10.30 Dzi\u0119kczynna w 60 urodziny Jacka Idzikowskiego z pro\u015bba o Bo\u017ce b\u0142ogos\u0142., potrzebne \u0142aski i opiek\u0119 Matki Bo\u017cej<br \/>\n12.00 Za parafian<br \/>\n12.00 Dzi\u0119kczynna w 40 rocz. \u015blubu Wies\u0142awy(k) i Andrzeja S\u0105dej z pro\u015bba o Bo\u017ce b\u0142ogos\u0142. i potrzebne \u0142aski dla Rubinowych Jubilat\u00f3w<br \/>\n18.00 \u015ap. Janina i Boles\u0142aw Walko<\/p>\n","protected":false},"excerpt":{"rendered":"<p>&nbsp; Og\u0142oszenia parafialne 16.08.2020r 1. Sierpie\u0144 \u2013 miesi\u0105c abstynencji. Przez pami\u0119\u0107 o wielkich dzie\u0142ach, kt\u00f3re B\u00f3g dokona\u0142 w naszym narodzie w tym miesi\u0105cu, a tak\u017ce odpowiadaj\u0105c na Apel Ko\u015bcio\u0142a, powstrzymajmy si\u0119 od spo\u017cywania napoj\u00f3w alkoholowych. 2. Apel o pomoc dla mieszka\u0144c\u00f3w Bejrutu. Nieszcz\u0119\u015bcie dotkn\u0119\u0142o stolic\u0119 Libanu Bejrut. Wybuch\u0142y magazyny, w kt\u00f3rych przechowywano \u015brodki chemiczne. Dlatego [&hellip;]<\/p>\n","protected":false},"author":1,"featured_media":3988,"comment_status":"closed","ping_status":"closed","sticky":false,"template":"","format":"standard","meta":{"ngg_post_thumbnail":0,"footnotes":""},"categories":[11,8,4,3],"tags":[],"class_list":["post-3986","post","type-post","status-publish","format-standard","has-post-thumbnail","hentry","category-aktualnosci","category-blog","category-intencje","category-ogloszenia"],"_links":{"self":[{"href":"https:\/\/rafalk-elblag.pl\/index.php?rest_route=\/wp\/v2\/posts\/3986","targetHints":{"allow":["GET"]}}],"collection":[{"href":"https:\/\/rafalk-elblag.pl\/index.php?rest_route=\/wp\/v2\/posts"}],"about":[{"href":"https:\/\/rafalk-elblag.pl\/index.php?rest_route=\/wp\/v2\/types\/post"}],"author":[{"embeddable":true,"href":"https:\/\/rafalk-elblag.pl\/index.php?rest_route=\/wp\/v2\/users\/1"}],"replies":[{"embeddable":true,"href":"https:\/\/rafalk-elblag.pl\/index.php?rest_route=%2Fwp%2Fv2%2Fcomments&post=3986"}],"version-history":[{"count":5,"href":"https:\/\/rafalk-elblag.pl\/index.php?rest_route=\/wp\/v2\/posts\/3986\/revisions"}],"predecessor-version":[{"id":3997,"href":"https:\/\/rafalk-elblag.pl\/index.php?rest_route=\/wp\/v2\/posts\/3986\/revisions\/3997"}],"wp:featuredmedia":[{"embeddable":true,"href":"https:\/\/rafalk-elblag.pl\/index.php?rest_route=\/wp\/v2\/media\/3988"}],"wp:attachment":[{"href":"https:\/\/rafalk-elblag.pl\/index.php?rest_route=%2Fwp%2Fv2%2Fmedia&parent=3986"}],"wp:term":[{"taxonomy":"category","embeddable":true,"href":"https:\/\/rafalk-elblag.pl\/index.php?rest_route=%2Fwp%2Fv2%2Fcategories&post=3986"},{"taxonomy":"post_tag","embeddable":true,"href":"https:\/\/rafalk-elblag.pl\/index.php?rest_route=%2Fwp%2Fv2%2Ftags&post=3986"}],"curies":[{"name":"wp","href":"https:\/\/api.w.org\/{rel}","templated":true}]}}