{"id":3979,"date":"2020-08-09T11:21:42","date_gmt":"2020-08-09T11:21:42","guid":{"rendered":"http:\/\/rafalk-elblag.pl\/?p=3979"},"modified":"2020-08-09T11:25:23","modified_gmt":"2020-08-09T11:25:23","slug":"biuletyn-nr-864-09-08-2020r-xix-niedziela-zwykla","status":"publish","type":"post","link":"https:\/\/rafalk-elblag.pl\/?p=3979","title":{"rendered":"Biuletyn nr 864 \/ 09.08.2020r XIX Niedziela zwyk\u0142a"},"content":{"rendered":"<p>&nbsp;<br \/>\n<img decoding=\"async\" id=\"ogloszenia-859\" src=\"http:\/\/rafalk-elblag.pl\/wp-content\/uploads\/2020\/04\/baner-ogloszenia-parafialne.jpg\"><\/p>\n<h2>Og\u0142oszenia parafialne 09.08.2020r<\/h2>\n<p><strong>1.<\/strong> Sierpie\u0144 \u2013 miesi\u0105c abstynencji. Przez pami\u0119\u0107 o wielkich dzie\u0142ach, kt\u00f3re B\u00f3g dokona\u0142 w naszym narodzie w tym miesi\u0105cu, a tak\u017ce odpowiadaj\u0105c na Apel Ko\u015bcio\u0142a, powstrzymajmy si\u0119 od spo\u017cywania napoj\u00f3w alkoholowych.<\/p>\n<p><strong>2.<\/strong> Przy naszej parafii dzia\u0142a grupa rodzinna Al-Anon (\u201e\u015amieszki\u201d), kt\u00f3ra zaprasza zainteresowanych problemem picia bliskiej osoby. Grupa spotyka si\u0119 w ka\u017cdy czwartek na plebanii o godz. 17:00, natomiast w pierwsze czwartki miesi\u0105ca jest mityng otwarty dla zainteresowanych wsp\u00f3lnot\u0105.<\/p>\n<p><strong>3.<\/strong> Parafia \u015bw. Brata Alberta organizuje wyjazd autokarowy do Cz\u0119stochowy z 10 na 11 sierpnia br. na spotkanie i wej\u015bcie pielgrzym\u00f3w Diecezji Elbl\u0105skiej. Wyjazd o p\u00f3\u0142nocy. Koszt 85 z\u0142 z ubezpieczeniem. Zapisy w parafii lub tel. 512 924 572<\/p>\n<p><strong>4.<\/strong> We wtorek 11 sierpnia 2020 roku, XXVIII Elbl\u0105ska Pielgrzymka Piesza wchodzi na Jasn\u0105 G\u00f3r\u0119. Zapraszamy parafian na Msz\u0119 \u015awi\u0119t\u0105 o godz. 18:00 i Apel Jasnog\u00f3rski. Duchowo b\u0119dziemy si\u0119 \u0142\u0105czy\u0107 z pielgrzymami, trwaj\u0105cymi na modlitwie w Kaplicy Cudownego Obrazu. Dzi\u0119kuj\u0119 ks. Marcinowi Dopiera\u0142a za duchow\u0105 opiek\u0119 nad grup\u0105 P\u00d3\u0141NOC ELBL\u0104G. Wdzi\u0119czny jestem r\u00f3wnie\u017c tym osobom, kt\u00f3re wspiera\u0142y pielgrzym\u00f3w swoj\u0105 ofiar\u0105, modlitw\u0105 i w inny spos\u00f3b Panu Bogu wiadomy.<\/p>\n<p><strong>5.<\/strong> W tym tygodniu w liturgii Ko\u015bcio\u0142a wspominamy:<\/p>\n<ul>\n<li>&nbsp;w pi\u0105tek wspomnienie \u015bw. Maksymiliana Marii Kolbego, m\u0119czennika i patrona Diecezji Elbl\u0105skiej<\/li>\n<\/ul>\n<p><strong>6.<\/strong> W sobot\u0119 (15 sierpnia) prze\u017cywa\u0107 b\u0119dziemy Uroczysto\u015b\u0107 Wniebowzi\u0119cia Naj\u015bwi\u0119tszej Maryi Panny. Msze \u015bwi\u0119te jak w niedziel\u0119, tj. 7:00, 9:00, 10:30, 12:00 i 18:00. UWAGA!!! Przypominamy, \u017ce tego dnia jest po\u015bwi\u0119cenie zi\u00f3\u0142, kwiat\u00f3w i owoc\u00f3w.<\/p>\n<p><strong>7.<\/strong> Za tydzie\u0144 16 sierpnia dzie\u0144 spotkania i modlitwy Rodziny i Bractwa Szkaplerza \u015awi\u0119tego. Zapraszam na Msze \u015awi\u0119t\u0105 o godz. 18:00, z mo\u017cliwo\u015bci\u0105 przyj\u0119cia szkaplerza karmelita\u0144skiego oraz na Godzinki ku czci Matki Bo\u017cej Szkaplerznej po Mszy \u015bw. Po modlitwach spotkanie Rady Szkaplerznej na plebanii \u2013 zapraszam.<\/p>\n<p><strong>8.<\/strong> Przypominamy, \u017ce Kancelaria Parafialna przez okres wakacji czynna jest w \u015brody i pi\u0105tki po Mszy \u015bw. wieczornej.<\/p>\n<p><strong>9.<\/strong> M\u00f3dlmy si\u0119 za dzieci, m\u0142odzie\u017c i wszystkich wypoczywaj\u0105cych na wakacjach. Pro\u015bmy o Bo\u017ce b\u0142ogos\u0142awie\u0144stwo i bezpieczny wypoczynek oraz o ustanie pandemii.<\/p>\n<p><strong>10.<\/strong> Dzi\u0119kujemy za stosowny ubi\u00f3r w ko\u015bciele w okresie wakacji. Msza \u015bw. jest uroczyst\u0105 celebracj\u0105, kt\u00f3ra domaga si\u0119 swego pi\u0119kna, szacunku i najwy\u017cszej kultury.<\/p>\n<p><strong>11.<\/strong> Wszystkim parafianom, go\u015bciom \u017cyczymy udanego wypoczynku i b\u0142ogos\u0142awie\u0144stwa Bo\u017cego.<\/p>\n<p>&nbsp;<\/p>\n<p><img decoding=\"async\" id=\"intencje-859\" src=\"http:\/\/rafalk-elblag.pl\/wp-content\/uploads\/2020\/04\/baner-intencje-mszy.jpg\"><\/p>\n<h2>Intencje mszalne 09.08.2020<\/h2>\n<p><strong>PONIEDZIA\u0141EK \/ 10 sierpnia 2020r. \/ \u015bw. Wawrzy\u0144ca &#8211; diakona<\/strong><br \/>\n8.00 \u015ap. El\u017cbieta Danowska w 30 dzie\u0144 po pogrzebie<br \/>\n18.00 Dzi\u0119kczynna z pro\u015bb\u0105 o Bo\u017ce b\u0142ogos\u0142. i umocnienie wiary z pro\u015bb\u0105 w 42 rocz. \u015blubu Jadwigi Leszka Gr\u0105dzik, w 18 rocz. \u015blubu Agnieszki i Tomasza Gr\u0105dzik, w 15 rocz. \u015blubu Iwony i Marcina Sieradz, w 16 rocz. \u015blubu Anety i Grzegorza Zielka<\/p>\n<p><strong>WTOREK \/ 11 sierpnia 2020r. \/ \u015bw. Klary &#8211; dziewicy<\/strong><br \/>\n8.00 \u015ap. Halina Korzeniowska w 30 dzie\u0144 po pogrzebie<br \/>\n18.00 \u015ap. Maciej w 6 rocz. \u015bmierci, oraz \u015bp. Lucyna, Feliksa(k), J\u00f3zef Malanowscy<\/p>\n<p><strong>\u015aRODA \/ 12 sierpnia 2020r.<\/strong><br \/>\n8.00 Dzi\u0119kczynna z okazji 92 urodzi\u0144 Mamy Stanis\u0142awy z pro\u015bb\u0105 o Bo\u017ce b\u0142ogos\u0142., dary Ducha \u015awi\u0119tego i opiek\u0119 Matki Bo\u017cej na ka\u017cdy dzie\u0144 \u017cycia dla Jubilatki i Jej rodziny<br \/>\n18.00 \u015ap. Anatol Usik w 4 miesi\u0105c po \u015bmierci<br \/>\n18.00 \u015ap. Tadeusz Cz\u0119\u015bcik w 12 rocz. \u015amierci i zmar\u0142ych rodzic\u00f3w: \u015bp. Eugenia i Henryk Grabowscy i brat \u015bp. Andrzej<\/p>\n<p><strong>CZWARTEK \/ 13 sierpnia 2020r.<\/strong><br \/>\n8.00 Za dusze w czy\u015b\u0107cu cierpi\u0105ce<br \/>\n18.00 \u015ap. Halina Krawczyk \u2013 intencja od s\u0105siadki Ireny Or\u0142owskiej<\/p>\n<p><strong>PI\u0104TEK \/ 14 sierpnia 2020r. \/ \u015bw. Maksymiliana Marii Kolbe<\/strong><br \/>\n8.00 \u015ap. Leokadia i Alfons Obremscy<br \/>\n18.00 O zdrowie i Bo\u017ce b\u0142ogos\u0142. i wszelkie \u0142aski na dalsze lata \u017cycia w 40 rocznic\u0119 urodzin Agnieszki i Tomasza Gr\u0105dzik<\/p>\n<p><strong>SOBOTA \/ 15 sierpnia 2020r. Uroczysto\u015b\u0107 Wniebowzi\u0119cia NMP<\/strong><br \/>\n7.00 \u015ap. Genowefa Tomczy\u0144ska w 9 miesi\u0105c po pogrzebie oraz \u015bp. Stanis\u0142aw Tomczy\u0144ski w 22 rocz. \u015bmierci<br \/>\n9.00 \u015ap. Tadeusz i Julia Grze\u015bkiewicz<br \/>\n10.30 \u015ap. Ks. Franciszek Bokuniewicz w 17 rocz. \u015bmierci<br \/>\n12.00 Za parafian<br \/>\n18.00 \u015ap. Halina Krakowska w 9 rocz. \u015bmierci oraz zmarli rodzice Genowefa i Jan<\/p>\n<p><strong>XX Niedziela Zwyk\u0142a \/ 16 sierpnia 2020r.<\/strong><br \/>\n7.00 \u015ap. Halina Bugajska \u2013 intencja od szwagra J\u00f3zefa z rodzin\u0105<br \/>\n9.00 \u015ap. Benedykt S\u0142abuszewski w 10 rocz. \u015bmierci<br \/>\n10.30 \u015ap. Kazimierz Su\u0142ek w 3 rocz. \u015bmierci<br \/>\n12.00 Za parafian<br \/>\n18.00 W intencji Bractwa Szkaplerznego oraz za osoby kt\u00f3re przyjm\u0105 szkaplerz \u015bwi\u0119ty<\/p>\n","protected":false},"excerpt":{"rendered":"<p>&nbsp; Og\u0142oszenia parafialne 09.08.2020r 1. Sierpie\u0144 \u2013 miesi\u0105c abstynencji. Przez pami\u0119\u0107 o wielkich dzie\u0142ach, kt\u00f3re B\u00f3g dokona\u0142 w naszym narodzie w tym miesi\u0105cu, a tak\u017ce odpowiadaj\u0105c na Apel Ko\u015bcio\u0142a, powstrzymajmy si\u0119 od spo\u017cywania napoj\u00f3w alkoholowych. 2. Przy naszej parafii dzia\u0142a grupa rodzinna Al-Anon (\u201e\u015amieszki\u201d), kt\u00f3ra zaprasza zainteresowanych problemem picia bliskiej osoby. Grupa spotyka si\u0119 w [&hellip;]<\/p>\n","protected":false},"author":1,"featured_media":3981,"comment_status":"closed","ping_status":"closed","sticky":false,"template":"","format":"standard","meta":{"ngg_post_thumbnail":0,"footnotes":""},"categories":[11,8,4,3],"tags":[],"class_list":["post-3979","post","type-post","status-publish","format-standard","has-post-thumbnail","hentry","category-aktualnosci","category-blog","category-intencje","category-ogloszenia"],"_links":{"self":[{"href":"https:\/\/rafalk-elblag.pl\/index.php?rest_route=\/wp\/v2\/posts\/3979","targetHints":{"allow":["GET"]}}],"collection":[{"href":"https:\/\/rafalk-elblag.pl\/index.php?rest_route=\/wp\/v2\/posts"}],"about":[{"href":"https:\/\/rafalk-elblag.pl\/index.php?rest_route=\/wp\/v2\/types\/post"}],"author":[{"embeddable":true,"href":"https:\/\/rafalk-elblag.pl\/index.php?rest_route=\/wp\/v2\/users\/1"}],"replies":[{"embeddable":true,"href":"https:\/\/rafalk-elblag.pl\/index.php?rest_route=%2Fwp%2Fv2%2Fcomments&post=3979"}],"version-history":[{"count":3,"href":"https:\/\/rafalk-elblag.pl\/index.php?rest_route=\/wp\/v2\/posts\/3979\/revisions"}],"predecessor-version":[{"id":3984,"href":"https:\/\/rafalk-elblag.pl\/index.php?rest_route=\/wp\/v2\/posts\/3979\/revisions\/3984"}],"wp:featuredmedia":[{"embeddable":true,"href":"https:\/\/rafalk-elblag.pl\/index.php?rest_route=\/wp\/v2\/media\/3981"}],"wp:attachment":[{"href":"https:\/\/rafalk-elblag.pl\/index.php?rest_route=%2Fwp%2Fv2%2Fmedia&parent=3979"}],"wp:term":[{"taxonomy":"category","embeddable":true,"href":"https:\/\/rafalk-elblag.pl\/index.php?rest_route=%2Fwp%2Fv2%2Fcategories&post=3979"},{"taxonomy":"post_tag","embeddable":true,"href":"https:\/\/rafalk-elblag.pl\/index.php?rest_route=%2Fwp%2Fv2%2Ftags&post=3979"}],"curies":[{"name":"wp","href":"https:\/\/api.w.org\/{rel}","templated":true}]}}