{"id":3976,"date":"2020-08-02T15:21:50","date_gmt":"2020-08-02T15:21:50","guid":{"rendered":"http:\/\/rafalk-elblag.pl\/?p=3976"},"modified":"2020-08-03T15:22:00","modified_gmt":"2020-08-03T15:22:00","slug":"biuletyn-nr-863-02-08-2020r-xviii-niedziela-zwykla","status":"publish","type":"post","link":"https:\/\/rafalk-elblag.pl\/?p=3976","title":{"rendered":"Biuletyn nr 863 \/ 02.08.2020r XVIII Niedziela zwyk\u0142a"},"content":{"rendered":"<p>&nbsp;<br \/>\n<img decoding=\"async\" id=\"ogloszenia-859\" src=\"http:\/\/rafalk-elblag.pl\/wp-content\/uploads\/2020\/04\/baner-ogloszenia-parafialne.jpg\"><\/p>\n<h2>Og\u0142oszenia parafialne 02.08.2020r<\/h2>\n<p><strong>1.<\/strong> Rozpocz\u0105\u0142 si\u0119 sierpie\u0144 \u2013 miesi\u0105c abstynencji. Przez pami\u0119\u0107 o wielkich dzie\u0142ach, kt\u00f3re B\u00f3g dokona\u0142 w naszym narodzie w tym miesi\u0105cu, a tak\u017ce odpowiadaj\u0105c na Apel Ko\u015bcio\u0142a, powstrzymajmy si\u0119 od spo\u017cywania napoj\u00f3w alkoholowych.<\/p>\n<p><strong>2.<\/strong> Przy naszej parafii dzia\u0142a grupa rodzinna Al-Anon (\u201e\u015amieszki\u201d), kt\u00f3ra zaprasza zainteresowanych problemem picia bliskiej osoby. Grupa spotyka si\u0119 w ka\u017cdy czwartek na plebanii o godz. 17:00, natomiast w pierwsze czwartki miesi\u0105ca jest mityng otwarty dla zainteresowanych wsp\u00f3lnot\u0105.<\/p>\n<p><strong>3.<\/strong> Ofiary z\u0142o\u017cone dzisiaj na tac\u0119 przeznaczone s\u0105 na uregulowanie raty za wykonan\u0105 fotowoltaik\u0119 na plebanii. B\u00f3g zap\u0142a\u0107 za zrozumienie i z\u0142o\u017cone ofiary.<\/p>\n<p><strong>4.<\/strong> Zapraszamy dzi\u015b na Adoracj\u0119 Naj\u015bwi\u0119tszego Sakramentu od godz. 15:00 do godz. 18:00. Rozpocz\u0119cie modlitw\u0105 Koronki do Bo\u017cego Mi\u0142osierdzia.<\/p>\n<p><strong>5.<\/strong> UWAGA!!! W czasie trwania pielgrzymki pieszej do Cz\u0119stochowy o godz. 21:00 b\u0119d\u0105 bi\u0142y dzwony, przypominaj\u0105c nam i zach\u0119ca\u0107 nas do wsp\u00f3lnej modlitwy \u2013 APELOWEJ.<\/p>\n<p><strong>6.<\/strong> W rozpoczynaj\u0105cym si\u0119 tygodniu wspominamy w liturgii: we wtorek \u015bw. Jana Mari\u0119 Vianneya \u2013 kap\u0142ana i patrona proboszcz\u00f3w, w \u015brod\u0119 rocznic\u0119 po\u015bwi\u0119cenia rzymskiej bazyliki Matki Bo\u017cej Wi\u0119kszej, w czwartek \u015awi\u0119to Przemienienia Pa\u0144skiego, w sobot\u0119 \u015bw. Dominika.<\/p>\n<p><strong>7.<\/strong> W tym tygodniu przypada pierwszy czwartek i pi\u0105tek miesi\u0105ca sierpnia.<\/p>\n<ul>\n<li>w pierwszy czwartek (6sierpnia) modli\u0107 si\u0119 b\u0119dziemy o \u015bwi\u0119to\u015b\u0107 kap\u0142an\u00f3w, nowe powo\u0142ania kap\u0142a\u0144skie oraz za Seminarium Elbl\u0105skie. Zapraszamy po Mszy \u015bw. wieczornej na ,,Godzin\u0119 \u015awi\u0119t\u0105\u201d, czyli adoracj\u0119 przed Naj\u015bwi\u0119tszym Sakramentem w powy\u017cszych intencjach.<\/li>\n<li>w pierwszy pi\u0105tek (7sierpnia) spowied\u017a od 7:45 i 17:30.<\/li>\n<\/ul>\n<p><strong>8.<\/strong> Przypominamy, \u017ce Kancelaria Parafialna przez okres wakacji czynna jest w \u015brody i pi\u0105tki po Mszy \u015bw. wieczornej.<\/p>\n<p><strong>9.<\/strong> Miesi\u0105c lipiec by\u0142 po\u015bwi\u0119cony kontemplacji Naj\u015bwi\u0119tszej Krwi Chrystusa. Dzi\u0119kuj\u0119 Wsp\u00f3lnocie Krwi Chrystusa za prowadzenie modlitw przed wieczorn\u0105 Msz\u0105 \u015aw.<\/p>\n<p><strong>10.<\/strong> M\u00f3dlmy si\u0119 za dzieci, m\u0142odzie\u017c i wszystkich wypoczywaj\u0105cych na wakacjach. Pro\u015bmy o Bo\u017ce b\u0142ogos\u0142awie\u0144stwo i bezpieczny wypoczynek oraz o ustanie pandemii.<\/p>\n<p><strong>11.<\/strong> Dzi\u0119kujemy za stosowny ubi\u00f3r w ko\u015bciele w okresie wakacji. Msza \u015bw. jest uroczyst\u0105 celebracj\u0105, kt\u00f3ra domaga si\u0119 swego pi\u0119kna, szacunku i najwy\u017cszej kultury.<\/p>\n<p><strong>12.<\/strong> Wszystkim parafianom, go\u015bciom \u017cyczymy udanego wypoczynku i b\u0142ogos\u0142awie\u0144stwa Bo\u017cego.<\/p>\n<p><strong>13.<\/strong> Dzi\u015b w \u201eGo\u015bciu Niedzielnym\u201d m.in. artyku\u0142y: o gotyckich katedrach Francji, o siostrach zakonnych kt\u00f3re walczy\u0142y w Powstaniu Warszawskim, a tak\u017ce o dobroczynnym dzia\u0142aniu czekolady na serce. Zach\u0119camy do lektury! Cena 6 z\u0142.<\/p>\n<p>&nbsp;<\/p>\n<p><img decoding=\"async\" id=\"intencje-859\" src=\"http:\/\/rafalk-elblag.pl\/wp-content\/uploads\/2020\/04\/baner-intencje-mszy.jpg\"><\/p>\n<h2>Intencje mszalne 02.08.2020<\/h2>\n<p><strong>XVIII Niedziela Zwyk\u0142a \/ 2 sierpnia 2020r.<\/strong><br \/>\n7.00 \u2020 Marek Razmuk w 2 r.\u015bm.<br \/>\n9.00 O do\u015bwiadczenie Bo\u017cej mi\u0142o\u015bci dla Karoliny i Sebastiana<br \/>\n10.30 Dzi\u0119k. z okazji 11 urodzin Marysi Laskowskiej z pro\u015bb\u0105 o Bo\u017ce b\u0142og. i opiek\u0119 MB<br \/>\n12.00 W intencji Parafian<br \/>\n18.00 \u2020 Irena Wi\u015bniewska w 5 r.\u015bm.<\/p>\n<p><strong>PONIEDZIA\u0141EK \/ 3 sierpnia 2020r.<\/strong><br \/>\n8.00 \u2020 J\u00f3zef Fiedorowicz w 2 r.\u015bm. i zm. z rodz. Fiedorowicz i Kie\u0142czewskich<br \/>\n18.00 O Bo\u017ce b\u0142og. i potrzebne \u0142aski dla Tomasza i Karoliny w 2 rocz. \u015blubu<br \/>\nWTOREK \/ 4 sierpnia 2020r. \/ \u015bw. Jana Marii Vianneya<br \/>\n8.00 Rez.<br \/>\n18.00 \u2020 Kazimierz Nowak w 1 r.\u015bm.<\/p>\n<p><strong>\u015aRODA \/ 5 sierpnia 2020r.<\/strong><br \/>\n8.00 \u2020 Julia Cuber w 5 r.\u015bm.<br \/>\n18.00 \u2020 Teresa Kotkowska w 8 r.\u015bm. i zm. z rodziny<br \/>\nCZWARTEK \/ 6 sierpnia 2020r. \/ \u015bwi\u0119to Przemienienia Pa\u0144skiego<br \/>\n8.00 \u2020 Stanis\u0142aw, Wac\u0142aw, Konrad, Marianna z rodz. Podg\u00f3rskich, Franciszek Piotrowski<br \/>\n18.00 O Bo\u017ce b\u0142og. i opiek\u0119 MB dla kap\u0142an\u00f3w pracuj\u0105cych w naszej parafii i o wytrwanie dla kleryk\u00f3w WSD DE<\/p>\n<p><strong>PI\u0104TEK \/ 7 sierpnia 2020r.<\/strong><br \/>\n8.00 W int. czcicieli Naj\u015bwi\u0119tszego Serca Pana Jezusa<br \/>\n18.00 \u2020 Maria Boguszewska w 6 r.\u015bm. i Waldemar Boguszewski w 1 r.\u015bm<br \/>\nSOBOTA \/ 8 sierpnia 2020r. \/ \u015bw. Dominika<br \/>\n8.00 \u2020 Czes\u0142awa (k) Mieczkowska w 22 r.\u015bm.<br \/>\n18.00 \u2020 Romuald w rocz. \u015bmierci i zm. z rodz. Karman<\/p>\n<p><strong>XIX Niedziela Zwyk\u0142a \/ 9 sierpnia 2020r.<\/strong><br \/>\n7.00 W intencji Parafian<br \/>\n9.00 O b\u0142og. w pokonywaniu trudno\u015bci dnia codziennego dla Nikodema i jego rodziny, Agnieszki i ca\u0142ej rodziny zakonnej oraz dla Magdaleny i Macieja<br \/>\n10.30 \u2020 Jadwiga, Stanis\u0142aw, Zdzis\u0142aw Mierzejewscy, Zbigniew Kraszewski, Jaros\u0142aw Staniaszek<br \/>\n12.00 Dzi\u0119k. w 45 rocz. \u015blubu Zdzis\u0142awa i Haliny Bereda z pro\u015bb\u0105 o Bo\u017ce b\u0142og. i potrzebne \u0142aski dla Jubilat\u00f3w<br \/>\n18.00 Dzi\u0119k. w 15 rocz. \u015blubu Edyty i Krzysztofa Wi\u015bniewskich z pro\u015bb\u0105 o Bo\u017ce b\u0142og. i potrzebne \u0142aski dla Jubilat\u00f3w<\/p>\n","protected":false},"excerpt":{"rendered":"<p>&nbsp; Og\u0142oszenia parafialne 02.08.2020r 1. Rozpocz\u0105\u0142 si\u0119 sierpie\u0144 \u2013 miesi\u0105c abstynencji. Przez pami\u0119\u0107 o wielkich dzie\u0142ach, kt\u00f3re B\u00f3g dokona\u0142 w naszym narodzie w tym miesi\u0105cu, a tak\u017ce odpowiadaj\u0105c na Apel Ko\u015bcio\u0142a, powstrzymajmy si\u0119 od spo\u017cywania napoj\u00f3w alkoholowych. 2. Przy naszej parafii dzia\u0142a grupa rodzinna Al-Anon (\u201e\u015amieszki\u201d), kt\u00f3ra zaprasza zainteresowanych problemem picia bliskiej osoby. Grupa spotyka [&hellip;]<\/p>\n","protected":false},"author":1,"featured_media":3977,"comment_status":"closed","ping_status":"closed","sticky":false,"template":"","format":"standard","meta":{"ngg_post_thumbnail":0,"footnotes":""},"categories":[11,8,4,3],"tags":[],"class_list":["post-3976","post","type-post","status-publish","format-standard","has-post-thumbnail","hentry","category-aktualnosci","category-blog","category-intencje","category-ogloszenia"],"_links":{"self":[{"href":"https:\/\/rafalk-elblag.pl\/index.php?rest_route=\/wp\/v2\/posts\/3976","targetHints":{"allow":["GET"]}}],"collection":[{"href":"https:\/\/rafalk-elblag.pl\/index.php?rest_route=\/wp\/v2\/posts"}],"about":[{"href":"https:\/\/rafalk-elblag.pl\/index.php?rest_route=\/wp\/v2\/types\/post"}],"author":[{"embeddable":true,"href":"https:\/\/rafalk-elblag.pl\/index.php?rest_route=\/wp\/v2\/users\/1"}],"replies":[{"embeddable":true,"href":"https:\/\/rafalk-elblag.pl\/index.php?rest_route=%2Fwp%2Fv2%2Fcomments&post=3976"}],"version-history":[{"count":2,"href":"https:\/\/rafalk-elblag.pl\/index.php?rest_route=\/wp\/v2\/posts\/3976\/revisions"}],"predecessor-version":[{"id":3980,"href":"https:\/\/rafalk-elblag.pl\/index.php?rest_route=\/wp\/v2\/posts\/3976\/revisions\/3980"}],"wp:featuredmedia":[{"embeddable":true,"href":"https:\/\/rafalk-elblag.pl\/index.php?rest_route=\/wp\/v2\/media\/3977"}],"wp:attachment":[{"href":"https:\/\/rafalk-elblag.pl\/index.php?rest_route=%2Fwp%2Fv2%2Fmedia&parent=3976"}],"wp:term":[{"taxonomy":"category","embeddable":true,"href":"https:\/\/rafalk-elblag.pl\/index.php?rest_route=%2Fwp%2Fv2%2Fcategories&post=3976"},{"taxonomy":"post_tag","embeddable":true,"href":"https:\/\/rafalk-elblag.pl\/index.php?rest_route=%2Fwp%2Fv2%2Ftags&post=3976"}],"curies":[{"name":"wp","href":"https:\/\/api.w.org\/{rel}","templated":true}]}}