{"id":3972,"date":"2020-07-25T14:49:59","date_gmt":"2020-07-25T14:49:59","guid":{"rendered":"http:\/\/rafalk-elblag.pl\/?p=3972"},"modified":"2020-07-25T14:49:59","modified_gmt":"2020-07-25T14:49:59","slug":"biuletyn-nr-862-26-07-2020r-xvii-niedziela-zwykla","status":"publish","type":"post","link":"https:\/\/rafalk-elblag.pl\/?p=3972","title":{"rendered":"Biuletyn nr 862 \/ 26.07.2020r XVII Niedziela zwyk\u0142a"},"content":{"rendered":"<p>&nbsp;<br \/>\n<img decoding=\"async\" id=\"ogloszenia-859\" src=\"http:\/\/rafalk-elblag.pl\/wp-content\/uploads\/2020\/04\/baner-ogloszenia-parafialne.jpg\"><\/p>\n<h2>Og\u0142oszenia parafialne 26.07.2020r<\/h2>\n<p><strong>1.<\/strong> \u201eW sierpniu, miesi\u0105cu abstynencji, b\u0119dziemy prosi\u0107 Dobrego ojca w intencji wszystkich syn\u00f3w i c\u00f3rek polskiej ziemi, aby odrzucili to wszystko, co ich zniewala, co odbiera im wolno\u015b\u0107 wewn\u0119trzn\u0105, a jednocze\u015bnie grozi naszej Ojczy\u017anie utrat\u0105 wolno\u015bci zewn\u0119trznej\u201d s\u0142owa \u015bw. Jana Paw\u0142a II niech b\u0119d\u0105 zach\u0119t\u0105 do podj\u0119cia ABSTYNENCJI w sierpniu.<\/p>\n<p><strong>2.<\/strong> Pami\u0119tajmy, \u017ce dzisiaj dzie\u0144 wdzi\u0119czno\u015bci rodzicom, dziadkom i emerytom. Pro\u015bmy, by \u015bwi\u0119ci Anna i Joachim patronowie dnia wypraszali dla nich potrzebne \u0142aski.<\/p>\n<p><strong>3.<\/strong> We wtorek 28 lipca wyrusza XVIII Piesza Pielgrzymka na Jasn\u0105 G\u00f3r\u0119 pod has\u0142em \u201eB\u0105d\u017a wola twoja\u201d. Grupa Elbl\u0105g- P\u00f3\u0142noc wyrusza razem z grup\u0105 katedraln\u0105 w liczbie nie wi\u0119kszej ni\u017c 30 &#8211; 35 os\u00f3b. Pielgrzymka rozpocznie si\u0119 Msz\u0105 \u015bw. w Katedrze \u015bw. Miko\u0142aja o godz. 7.00 na kt\u00f3r\u0105 serdecznie zapraszamy. Jest to ostatnia szansa aby z\u0142o\u017cy\u0107 intencje do skrzynki, w kt\u00f3rych b\u0119d\u0105 si\u0119 modli\u0107 pielgrzymi w czasie drogi. Dzi\u0119kujemy za wszelkie ofiary i modlitw\u0119 aby to dzie\u0142o mog\u0142o by\u0107 szcz\u0119\u015bliwie zrealizowane.<\/p>\n<p><strong>4.<\/strong> Trwaj\u0105c w jedno\u015bci modlitewnej z pielgrzymami zmierzaj\u0105cymi do Cz\u0119stochowy zach\u0119camy do udzia\u0142u (w czasie trwania pielgrzymki) w Mszach \u015bw. wieczornych zako\u0144czonych modlitw\u0105 i APELEM JASOG\u00d3RSKIM.<\/p>\n<p><strong>5.<\/strong> UWAGA!!! W czasie trwania pielgrzymki pieszej do Cz\u0119stochowy o godz. 21:00 b\u0119d\u0105 bi\u0142y dzwony, przypominaj\u0105c nam i zach\u0119ca\u0107 nas do wsp\u00f3lnej modlitwy \u2013 APELOWEJ.<\/p>\n<p><strong>6.<\/strong> W tym tygodniu przypada pierwsza sobota miesi\u0105ca sierpnia. Zapraszamy \u017bywy R\u00f3\u017caniec i czcicieli Matki Bo\u017cej na nabo\u017ce\u0144stwo o godz. 17:00. W tym dniu zmiana tajemnic R\u00f3\u017ca\u0144ca.<\/p>\n<p><strong>7.<\/strong> Za tydzie\u0144 pierwsza niedziela miesi\u0105ca. Zapraszamy na Adoracj\u0119 Naj\u015bwi\u0119tszego Sakramentu od godz. 15:00 do godz. 18.00.<\/p>\n<p><strong>8.<\/strong> Lipiec jest miesi\u0105cem po\u015bwi\u0119conym kontemplacji Naj\u015bwi\u0119tszej Krwi Chrystusa. Krew Chrystusa jest niezbitym dowodem mi\u0142o\u015bci Niebieskiego Ojca do ka\u017cdego cz\u0142owieka bez wyj\u0105tku. Zach\u0119cam Wsp\u00f3lnot\u0119 Krwi Chrystusa do prowadzenia modlitw przed Msz\u0105 \u015bw. wieczorow\u0105 o godz. 17:30.<\/p>\n<p><strong>9.<\/strong> Kancelaria parafialna, przez ca\u0142y okres wakacji, czynna b\u0119dzie w \u015brody i pi\u0105tki po Mszy \u015bw. wieczorowej.<\/p>\n<p><strong>10.<\/strong> M\u00f3dlmy si\u0119 za dzieci, m\u0142odzie\u017c i wszystkich wypoczywaj\u0105cych na wakacjach. Pro\u015bmy o Bo\u017ce b\u0142ogos\u0142awie\u0144stwo i bezpieczny wypoczynek.<\/p>\n<p><strong>11<\/strong>. Wszystkim Jubilatom i Solenizantom tego tygodnia \u017cyczymy wszelkiego dobra w \u017cyciu i b\u0142ogos\u0142awie\u0144stwa Bo\u017cego.<\/p>\n<p><strong>12.<\/strong> Przed ko\u015bcio\u0142em mo\u017cna naby\u0107 Go\u015bcia Niedzielnego w cenie 6 z\u0142.<\/p>\n<p><strong>13.<\/strong> W tym tygodniu po\u017cegnali\u015bmy do wieczno\u015bci: \u015bp. Czes\u0142awa D\u0119bskiego l. 73 z ul. Korczaka, Wieczny odpoczynek racz mu da\u0107 Panie\u2026<\/p>\n<p>&nbsp;<\/p>\n<p>&nbsp;<\/p>\n<p><img decoding=\"async\" id=\"intencje-859\" src=\"http:\/\/rafalk-elblag.pl\/wp-content\/uploads\/2020\/04\/baner-intencje-mszy.jpg\"><\/p>\n<h2>Intencje mszalne 26.07.2020<\/h2>\n<p><strong>XVII Niedziela Zwyk\u0142a \/ 26 lipca 2020r.<\/strong><br \/>\n7.00 \u2020 \u0141ucja w 1 r.\u015bm. i Hubert Sartanowicz<br \/>\n9.00 \u2020 Monika Sadowska w 3 r.\u015bm., Albin Sadowski w 29 r.\u015bm., Antoni Nestioruk w 30 r.\u015bm., i zm. z rodz. Sadowskich, Wi\u015bniewskich, Nestioruk i Turkowskich<br \/>\n10.30 Dzi\u0119k. w 19 rocz. \u015blubu Sylwii i Tomasza Szczepanik\u00f3w i w 43 rocz. \u015blubu Krystyny i Marcina Kurosad<br \/>\n12.00 W intencji Parafian<br \/>\n18.00 Dzi\u0119k. z okazji imienin Anny z pro\u015bb\u0105 o Bo\u017ce b\u0142og. i potrzebne \u0142aski<\/p>\n<p><strong>PONIEDZIA\u0141EK \/ 27 lipca 2020r.<\/strong><br \/>\n8.00 \u2020 Ireneusz Duszy\u0144ski w 30 dpp.<br \/>\n18.00 \u2020 Anatol Usik w 3 miesi\u0105c po pogrzebie<\/p>\n<p><strong>WTOREK \/ 28 lipca 2020r.<\/strong><br \/>\n8.00 \u2020 Karol Kubry\u0144 w 10 r.\u015bm. i Wies\u0142aw Kubry\u0144<br \/>\n18.00 \u2020 J\u00f3zef Tubilewicz w 29 r.\u015bm. i zm. z rodz. Tubilewicz<\/p>\n<p><strong>\u015aRODA \/ 29 lipca 2020r. \/ \u015bw. Marty<\/strong><br \/>\n8.00 O Bo\u017ce b\u0142og. dla Prezydenta Andrzeja Dudy<br \/>\n18.00 \u2020 Ignacy Rymarczyk w 2 r.\u015bm., J\u00f3zefa (k) Bortnik w 19 r.\u015bm.<\/p>\n<p><strong>CZWARTEK \/ 30 lipca 2020r. \/ \u015bw. Piotra Chryzologa<\/strong><br \/>\n8.00 \u2020 Krzysztof Ma\u0142yszek w 30 dpp.<br \/>\n18.00 \u2020 Ryszard i Miros\u0142aw Dembler, Stanis\u0142aw Smalec w 3 r.\u015bm. i zmarli rodzice<\/p>\n<p><strong>PI\u0104TEK \/ 31 lipca 2020r. \/ \u015bw. Ignacego Loyoli<\/strong><br \/>\n8.00 \u2020 Waleria, Arkadiusz, W\u0142adys\u0142awa (k), Piotr Fietkiewicz i zm. z rodz. Markowskich<br \/>\n18.00 \u2020 Danuta Tomaszewicz w 3 r.\u015bm.<br \/>\nSOBOTA \/ 1 sierpnia 2020r. \/ \u015bw. Alfonsa Marii Liguoriego<br \/>\n8.00 \u2020 J\u00f3zef Kuczy\u0144ski w 1 r.\u015bm.<br \/>\n18.00 Rez.<\/p>\n<p><strong>XVIII Niedziela Zwyk\u0142a \/ 2 sierpnia 2020r.<\/strong><br \/>\n7.00 \u2020 Marek Razmuk w 2 r.\u015bm.<br \/>\n9.00 O do\u015bwiadczenie Bo\u017cej mi\u0142o\u015bci dla Karoliny i Sebastiana<br \/>\n10.30 Dzi\u0119k. z okazji 11 urodzin Marysi Laskowskiej z pro\u015bb\u0105 o Bo\u017ce b\u0142og. i opiek\u0119 MB<br \/>\n12.00 W intencji Parafian<br \/>\n18.00 \u2020 Irena Wi\u015bniewska w 5 r.\u015bm.<\/p>\n","protected":false},"excerpt":{"rendered":"<p>&nbsp; Og\u0142oszenia parafialne 26.07.2020r 1. \u201eW sierpniu, miesi\u0105cu abstynencji, b\u0119dziemy prosi\u0107 Dobrego ojca w intencji wszystkich syn\u00f3w i c\u00f3rek polskiej ziemi, aby odrzucili to wszystko, co ich zniewala, co odbiera im wolno\u015b\u0107 wewn\u0119trzn\u0105, a jednocze\u015bnie grozi naszej Ojczy\u017anie utrat\u0105 wolno\u015bci zewn\u0119trznej\u201d s\u0142owa \u015bw. Jana Paw\u0142a II niech b\u0119d\u0105 zach\u0119t\u0105 do podj\u0119cia ABSTYNENCJI w sierpniu. 2. [&hellip;]<\/p>\n","protected":false},"author":1,"featured_media":3973,"comment_status":"closed","ping_status":"closed","sticky":false,"template":"","format":"standard","meta":{"ngg_post_thumbnail":0,"footnotes":""},"categories":[11,8,4,3],"tags":[],"class_list":["post-3972","post","type-post","status-publish","format-standard","has-post-thumbnail","hentry","category-aktualnosci","category-blog","category-intencje","category-ogloszenia"],"_links":{"self":[{"href":"https:\/\/rafalk-elblag.pl\/index.php?rest_route=\/wp\/v2\/posts\/3972","targetHints":{"allow":["GET"]}}],"collection":[{"href":"https:\/\/rafalk-elblag.pl\/index.php?rest_route=\/wp\/v2\/posts"}],"about":[{"href":"https:\/\/rafalk-elblag.pl\/index.php?rest_route=\/wp\/v2\/types\/post"}],"author":[{"embeddable":true,"href":"https:\/\/rafalk-elblag.pl\/index.php?rest_route=\/wp\/v2\/users\/1"}],"replies":[{"embeddable":true,"href":"https:\/\/rafalk-elblag.pl\/index.php?rest_route=%2Fwp%2Fv2%2Fcomments&post=3972"}],"version-history":[{"count":1,"href":"https:\/\/rafalk-elblag.pl\/index.php?rest_route=\/wp\/v2\/posts\/3972\/revisions"}],"predecessor-version":[{"id":3974,"href":"https:\/\/rafalk-elblag.pl\/index.php?rest_route=\/wp\/v2\/posts\/3972\/revisions\/3974"}],"wp:featuredmedia":[{"embeddable":true,"href":"https:\/\/rafalk-elblag.pl\/index.php?rest_route=\/wp\/v2\/media\/3973"}],"wp:attachment":[{"href":"https:\/\/rafalk-elblag.pl\/index.php?rest_route=%2Fwp%2Fv2%2Fmedia&parent=3972"}],"wp:term":[{"taxonomy":"category","embeddable":true,"href":"https:\/\/rafalk-elblag.pl\/index.php?rest_route=%2Fwp%2Fv2%2Fcategories&post=3972"},{"taxonomy":"post_tag","embeddable":true,"href":"https:\/\/rafalk-elblag.pl\/index.php?rest_route=%2Fwp%2Fv2%2Ftags&post=3972"}],"curies":[{"name":"wp","href":"https:\/\/api.w.org\/{rel}","templated":true}]}}