{"id":3969,"date":"2020-07-19T14:28:17","date_gmt":"2020-07-19T14:28:17","guid":{"rendered":"http:\/\/rafalk-elblag.pl\/?p=3969"},"modified":"2020-07-25T14:32:16","modified_gmt":"2020-07-25T14:32:16","slug":"biuletyn-nr-862-19-07-2020r-xvi-niedziela-zwykla","status":"publish","type":"post","link":"https:\/\/rafalk-elblag.pl\/?p=3969","title":{"rendered":"Biuletyn nr 862 \/ 19.07.2020r XVI Niedziela zwyk\u0142a"},"content":{"rendered":"<p>&nbsp;<br \/>\n<img decoding=\"async\" id=\"ogloszenia-859\" src=\"http:\/\/rafalk-elblag.pl\/wp-content\/uploads\/2020\/04\/baner-ogloszenia-parafialne.jpg\"><\/p>\n<h2>Og\u0142oszenia parafialne 19.07.2020r<\/h2>\n<p><strong>1.<\/strong> Dzisiaj kleryk Amadeusz Babiel zbiera ofiary do puszki na utrzymanie naszego Wy\u017cszego Seminarium Duchownego w Elbl\u0105gu. B\u00f3g zap\u0142a\u0107 za zrozumienie i wsparcie.<\/p>\n<p><strong>2.<\/strong> W zwi\u0105zku z pielgrzymk\u0105 na Jasn\u0105 G\u00f3r\u0119 ju\u017c tradycyjnie przy wej\u015bciu do ko\u015bcio\u0142a wystawione jest pude\u0142ko na intencje modlitewne, kt\u00f3re zabior\u0105 w Waszym imieniu pielgrzymi w\u0119druj\u0105cy na Jasn\u0105 G\u00f3r\u0119. B\u00f3g zap\u0142a\u0107.<\/p>\n<p><strong>3. <\/strong>W sobot\u0119 25 lipca przypada liturgiczne wspomnienie \u015bw. Krzysztofa \u2013 patrona kierowc\u00f3w. Po Mszy \u015aw. o godz. 18:00 odb\u0119dzie si\u0119 po\u015bwi\u0119cenie pojazd\u00f3w i wr\u0119czenie pami\u0105tkowego obrazka. Ofiary zebrane przy tej okazji zostan\u0105 przekazane jak co roku na \u015brodki transportu dla misjonarzy w ramach akcji MIVA POLSKA. Dzi\u0119kujemy za wsparcie i zrozumienie.<\/p>\n<p><strong>4.<\/strong> Pami\u0119tajmy, \u017ce w przysz\u0142\u0105 niedziele przypada dzie\u0144 wdzi\u0119czno\u015bci rodzicom, dziadkom i emerytom. Pro\u015bmy, by \u015bwi\u0119ci Anna i Joachim patronowie tego dnia wypraszali dla nich potrzebne \u0142aski.<\/p>\n<p><strong>5.<\/strong> Dzi\u0119kujemy Panu Bogu za kolejny wspania\u0142y dzie\u0144, po\u015bwi\u0119cony Naj\u015bwi\u0119tszej Maryi Pannie z G\u00f3ry Karmel, by\u0142o to nasze radosne prze\u017cywanie ODPUSTU PARAFIALNEGO ku czci Matki Bo\u017cej Szkaplerznej. B\u00f3g zap\u0142a\u0107 za liczny udzia\u0142 i za pomoc w przygotowaniu powy\u017cszej uroczysto\u015bci.<\/p>\n<p><strong>6.<\/strong> Lipiec jest miesi\u0105cem po\u015bwi\u0119conym kontemplacji Naj\u015bwi\u0119tszej Krwi Chrystusa. Krew Chrystusa jest niezbitym dowodem mi\u0142o\u015bci Niebieskiego Ojca do ka\u017cdego cz\u0142owieka bez wyj\u0105tku. Zach\u0119cam Wsp\u00f3lnot\u0119 Krwi Chrystusa do prowadzenia modlitw przed Msz\u0105 \u015bw. wieczorow\u0105 o godz. 17:30.<\/p>\n<p><strong>7.<\/strong> Kancelaria parafialna, przez ca\u0142y okres wakacji, czynna b\u0119dzie w \u015brody i pi\u0105tki po Mszy \u015bw. wieczorowej.<\/p>\n<p><strong>8.<\/strong> M\u00f3dlmy si\u0119 za dzieci, m\u0142odzie\u017c i wszystkich wypoczywaj\u0105cych na wakacjach. Pro\u015bmy o Bo\u017ce b\u0142ogos\u0142awie\u0144stwo i bezpieczny wypoczynek.<\/p>\n<p><strong>9.<\/strong> Wszystkim Jubilatom i Solenizantom tego tygodnia \u017cyczymy wszelkiego dobra w \u017cyciu i b\u0142ogos\u0142awie\u0144stwa Bo\u017cego.<\/p>\n<p>&nbsp;<\/p>\n<p><img decoding=\"async\" id=\"intencje-859\" src=\"http:\/\/rafalk-elblag.pl\/wp-content\/uploads\/2020\/04\/baner-intencje-mszy.jpg\"><\/p>\n<h2>Intencje mszalne 19.07.2020r<\/h2>\n<p><strong>XVI Niedziela Zwyk\u0142a \/ 19 lipca 2020r.<br \/>\n<\/strong>7.00 \u2020 Henryk Sroczy\u0144ski w 20 r.\u015bm.<br \/>\n9.00 W intencji Panu Bogu wiadomej<br \/>\n10.30 \u2020 Rafa\u0142 Skowro\u0144ski w 4 r.\u015bm. i Agnieszka Skowro\u0144ska w 6 r.\u015bm.<br \/>\n12.00 W intencji Parafian<br \/>\n18.00 O Bo\u017ce b\u0142og., opiek\u0119 MB i potrzebne \u0142aski dla Renaty w 41 urodziny i Sabiny w 40 urodziny<strong><\/p>\n<p>PONIEDZIA\u0141EK \/ 20 lipca 2020r.<\/strong><br \/>\n8.00 \u2020 Genowefa Borowicz w 30 dpp.<br \/>\n18.00 Dzi\u0119k. z pro\u015bb\u0105 o Bo\u017ce b\u0142og. dla Agnieszki, Macieja i c\u00f3rki Antosi<\/p>\n<p><strong>WTOREK \/ 21 lipca 2020r.<\/strong><br \/>\n8.00 O potrzebne \u0142aski w czasie leczenia Andrzeja Tykarskiego<br \/>\n18.00 Dzi\u0119k. z ok. 65 urodzin Eugeniusza Kruczy\u0144skiego z pro\u015bb\u0105 o Bo\u017ce b\u0142og., opiek\u0119 MB i potrzebne \u0142aski na dalsze lata \u017cycia<\/p>\n<p><strong>\u015aRODA \/ 22 lipca 2020r. \/ \u015bw. Marii Magdaleny<\/strong><br \/>\n8.00 \u2020 Karolina Karman w 30 dpp.<br \/>\n18.00 \u2020 Jan Fiodorowicz w 9 r.\u015bm.<\/p>\n<p><strong>CZWARTEK \/ 23 lipca 2020r. \/ \u015bw. Brygidy<\/strong><br \/>\n8.00 \u2020 J\u00f3zef i J\u00f3zefa (k), Ryszard, Henryk z rodz. Suleckich, Edmund Cirocki<br \/>\n18.00 \u2020 Zygmunt Stefanowicz w 25 r.\u015bm.<\/p>\n<p><strong>PI\u0104TEK \/ 24 lipca 2020r. \/ \u015bw. Kingi<\/strong><br \/>\n8.00 \u2020 Bogus\u0142awa (k) Ragus w 6 r.\u015bm. i zm. rodzice: Stanis\u0142awa (k) i Kazimierz Jarka<br \/>\n18.00 \u2020 Jerzy Piekarski w 5 r.\u015bm.<br \/>\nSOBOTA \/ 25 lipca 2020r. \/ \u015bw. Jakuba<br \/>\n8.00 \u2020 Anna i Edmund Kwas<br \/>\n18.00 Rez.<\/p>\n<p><strong>XVII Niedziela Zwyk\u0142a \/ 26 lipca 2020r.<\/strong><br \/>\n7.00 \u2020 \u0141ucja w 1 r.\u015bm. i Hubert Sartanowicz<br \/>\n9.00 \u2020 Monika Sadowska w 3 r.\u015bm., Albin Sadowski w 29 r.\u015bm., Antoni Nestioruk w 30 r.\u015bm., i zm. z rodz. Sadowskich, Wi\u015bniewskich, Nestioruk i Turkowskich<br \/>\n10.30 Dzi\u0119k. w 19 rocz. \u015blubu Sylwii i Tomasza Szczepanik\u00f3w i w 43 rocz. \u015blubu Krystyny i Marcina Kurosad<br \/>\n12.00 W intencji Parafian<br \/>\n18.00 Dzi\u0119k. z okazji imienin Anny z pro\u015bb\u0105 o Bo\u017ce b\u0142og. i potrzebne \u0142aski<\/p>\n","protected":false},"excerpt":{"rendered":"<p>&nbsp; Og\u0142oszenia parafialne 19.07.2020r 1. Dzisiaj kleryk Amadeusz Babiel zbiera ofiary do puszki na utrzymanie naszego Wy\u017cszego Seminarium Duchownego w Elbl\u0105gu. B\u00f3g zap\u0142a\u0107 za zrozumienie i wsparcie. 2. W zwi\u0105zku z pielgrzymk\u0105 na Jasn\u0105 G\u00f3r\u0119 ju\u017c tradycyjnie przy wej\u015bciu do ko\u015bcio\u0142a wystawione jest pude\u0142ko na intencje modlitewne, kt\u00f3re zabior\u0105 w Waszym imieniu pielgrzymi w\u0119druj\u0105cy na [&hellip;]<\/p>\n","protected":false},"author":1,"featured_media":3970,"comment_status":"closed","ping_status":"closed","sticky":false,"template":"","format":"standard","meta":{"ngg_post_thumbnail":0,"footnotes":""},"categories":[11,8,4,3],"tags":[],"class_list":["post-3969","post","type-post","status-publish","format-standard","has-post-thumbnail","hentry","category-aktualnosci","category-blog","category-intencje","category-ogloszenia"],"_links":{"self":[{"href":"https:\/\/rafalk-elblag.pl\/index.php?rest_route=\/wp\/v2\/posts\/3969","targetHints":{"allow":["GET"]}}],"collection":[{"href":"https:\/\/rafalk-elblag.pl\/index.php?rest_route=\/wp\/v2\/posts"}],"about":[{"href":"https:\/\/rafalk-elblag.pl\/index.php?rest_route=\/wp\/v2\/types\/post"}],"author":[{"embeddable":true,"href":"https:\/\/rafalk-elblag.pl\/index.php?rest_route=\/wp\/v2\/users\/1"}],"replies":[{"embeddable":true,"href":"https:\/\/rafalk-elblag.pl\/index.php?rest_route=%2Fwp%2Fv2%2Fcomments&post=3969"}],"version-history":[{"count":1,"href":"https:\/\/rafalk-elblag.pl\/index.php?rest_route=\/wp\/v2\/posts\/3969\/revisions"}],"predecessor-version":[{"id":3971,"href":"https:\/\/rafalk-elblag.pl\/index.php?rest_route=\/wp\/v2\/posts\/3969\/revisions\/3971"}],"wp:featuredmedia":[{"embeddable":true,"href":"https:\/\/rafalk-elblag.pl\/index.php?rest_route=\/wp\/v2\/media\/3970"}],"wp:attachment":[{"href":"https:\/\/rafalk-elblag.pl\/index.php?rest_route=%2Fwp%2Fv2%2Fmedia&parent=3969"}],"wp:term":[{"taxonomy":"category","embeddable":true,"href":"https:\/\/rafalk-elblag.pl\/index.php?rest_route=%2Fwp%2Fv2%2Fcategories&post=3969"},{"taxonomy":"post_tag","embeddable":true,"href":"https:\/\/rafalk-elblag.pl\/index.php?rest_route=%2Fwp%2Fv2%2Ftags&post=3969"}],"curies":[{"name":"wp","href":"https:\/\/api.w.org\/{rel}","templated":true}]}}