{"id":3964,"date":"2020-07-05T19:28:09","date_gmt":"2020-07-05T19:28:09","guid":{"rendered":"http:\/\/rafalk-elblag.pl\/?p=3964"},"modified":"2020-07-07T19:32:55","modified_gmt":"2020-07-07T19:32:55","slug":"biuletyn-nr-860-05-07-2020r-xiv-niedziela-zwykla","status":"publish","type":"post","link":"https:\/\/rafalk-elblag.pl\/?p=3964","title":{"rendered":"Biuletyn nr 860 \/ 05.07.2020r. XIV Niedziela zwyk\u0142a"},"content":{"rendered":"<p><img decoding=\"async\" id=\"ogloszenia-859\" src=\"http:\/\/rafalk-elblag.pl\/wp-content\/uploads\/2020\/04\/baner-ogloszenia-parafialne.jpg\"><\/p>\n<h2>Og\u0142oszenia parafialne 05.07.2020<\/h2>\n<h1>OD 7 LIPCA NOWENNA PRZED UROCZYSTO\u015aCI\u0104 NAJ\u015aWI\u0118TSZEJ MARYI PANNY Z G\u00d3RY KARMEL<\/h1>\n<p><strong>1.<\/strong> Zapraszamy dzi\u015b w I Niedziel\u0119 miesi\u0105ca na Adoracj\u0119 Naj\u015bwi\u0119tszego Sakramentu od godz. 15:00 do godz. 18:00. Rozpocznie si\u0119 Koronk\u0105 do Bo\u017cego Mi\u0142osierdzia.<\/p>\n<p><strong>2.<\/strong> W zwi\u0105zku z pielgrzymk\u0105 na Jasn\u0105 G\u00f3r\u0119 ju\u017c tradycyjnie przy wej\u015bciu do ko\u015bcio\u0142a wystawione jest pude\u0142ko na intencje modlitewne, kt\u00f3re zabior\u0105 w Waszym imieniu pielgrzymi w\u0119druj\u0105cy na Jasn\u0105 G\u00f3r\u0119. B\u00f3g zap\u0142a\u0107.<\/p>\n<p><strong>3.<\/strong> Ofiary z\u0142o\u017cone dzisiaj na tac\u0119 przeznaczone s\u0105 na uregulowanie raty za wykonan\u0105 fotowoltaik\u0119 na plebanii. B\u00f3g zap\u0142a\u0107 za zrozumienie i z\u0142o\u017cone ofiary.<\/p>\n<p><strong>4.<\/strong> Od 7 lipca (wtorek) do 15 lipca (\u015broda) po Mszy \u015bwi\u0119tej wieczorowej odmawiana b\u0119dzie Nowenna przed \u015awi\u0119tem Matki Bo\u017cej Szkaplerznej (16 lipca). Zapraszamy wszystkich, a szczeg\u00f3lnie tych, kt\u00f3rzy przyj\u0119li szkaplerz karmelita\u0144ski i tworz\u0105 Rodzin\u0119 Karmelita\u0144sk\u0105 i Bractwo Szkaplerzne.<\/p>\n<p><strong>5. UWAGA OSOBY NOSZACE SZKAPLERZ &#8211; dzisiaj mog\u0105 od os\u00f3b stoj\u0105cych przed ko\u015bcio\u0142em odebra\u0107 DEKLARACJ\u0118 kt\u00f3r\u0105 nale\u017cy wype\u0142ni\u0107 i przynie\u015b\u0107 do zakrystii. Zach\u0119cam, aby pomy\u015ble\u0107 o przyst\u0105pieniu do Bractwa Szkaplerznego. Tak\u0105 mo\u017cliwo\u015b\u0107 mamy tylko raz w roku, dok\u0142adnie 16 lipca podczas UROCZYSTEJ MSZY \u015aWI\u0118TEJ ODPUSTOWEJ o godz. 18:00. Zapraszam.<\/strong><\/p>\n<p><strong>6.<\/strong> Lipiec jest miesi\u0105cem po\u015bwi\u0119conym kontemplacji Naj\u015bwi\u0119tszej Krwi Chrystusa. Krew Chrystusa jest niezbitym dowodem mi\u0142o\u015bci Niebieskiego Ojca do ka\u017cdego cz\u0142owieka bez wyj\u0105tku. Zach\u0119cam Wsp\u00f3lnot\u0119 Krwi Chrystusa do prowadzenia modlitw przed Msz\u0105 \u015bw. wieczorow\u0105 o godz. 17:30.<\/p>\n<p><strong>7.<\/strong> Z wielk\u0105 rado\u015bci\u0105 pragn\u0119 przekaza\u0107 Wam informacj\u0119 o mo\u017cliwo\u015bci tegorocznego pielgrzymowania podczas XI Rowerowej Pielgrzymki z Elbl\u0105ga na Jasn\u0105 G\u00f3r\u0119 (05-11.08.2020). Mam g\u0142\u0119bok\u0105 nadziej\u0119 i mocno w to wierz\u0119, \u017ce nasza Kochana Matka, do kt\u00f3rej ka\u017cdego roku pielgrzymujemy przez Polsk\u0119, b\u0119dzie nad nami czuwa\u0107 i nas prowadzi\u0107, z czego wyp\u0142ywa has\u0142o naszego pielgrzymowania: \u201eB\u0105d\u017a z nami w ka\u017cdy czas\u201d. Zaprasza ks. Krzysztof S\u0119ku\u0142a tel. 515 164 250.<\/p>\n<p><strong>8.<\/strong> Kancelaria parafialna, przez ca\u0142y okres wakacji, czynna b\u0119dzie w \u015brody i pi\u0105tki po Mszy \u015bw. wieczorowej.<\/p>\n<p><strong>9.<\/strong> Dzi\u0119kujemy za stosowny ubi\u00f3r w ko\u015bciele w okresie wakacji. Msza \u015bw. jest uroczyst\u0105 celebracj\u0105, kt\u00f3ra domaga si\u0119 swego pi\u0119kna, szacunku i najwy\u017cszej kultury.<\/p>\n<p><strong>10.<\/strong> Przed ko\u015bcio\u0142em mo\u017cna naby\u0107 Go\u015bcia Niedzielnego w cenie 6 z\u0142.<\/p>\n","protected":false},"excerpt":{"rendered":"<p>Og\u0142oszenia parafialne 05.07.2020 OD 7 LIPCA NOWENNA PRZED UROCZYSTO\u015aCI\u0104 NAJ\u015aWI\u0118TSZEJ MARYI PANNY Z G\u00d3RY KARMEL 1. Zapraszamy dzi\u015b w I Niedziel\u0119 miesi\u0105ca na Adoracj\u0119 Naj\u015bwi\u0119tszego Sakramentu od godz. 15:00 do godz. 18:00. Rozpocznie si\u0119 Koronk\u0105 do Bo\u017cego Mi\u0142osierdzia. 2. W zwi\u0105zku z pielgrzymk\u0105 na Jasn\u0105 G\u00f3r\u0119 ju\u017c tradycyjnie przy wej\u015bciu do ko\u015bcio\u0142a wystawione jest pude\u0142ko [&hellip;]<\/p>\n","protected":false},"author":1,"featured_media":3966,"comment_status":"closed","ping_status":"closed","sticky":false,"template":"","format":"standard","meta":{"ngg_post_thumbnail":0,"footnotes":""},"categories":[11,8,4,3],"tags":[],"class_list":["post-3964","post","type-post","status-publish","format-standard","has-post-thumbnail","hentry","category-aktualnosci","category-blog","category-intencje","category-ogloszenia"],"_links":{"self":[{"href":"https:\/\/rafalk-elblag.pl\/index.php?rest_route=\/wp\/v2\/posts\/3964","targetHints":{"allow":["GET"]}}],"collection":[{"href":"https:\/\/rafalk-elblag.pl\/index.php?rest_route=\/wp\/v2\/posts"}],"about":[{"href":"https:\/\/rafalk-elblag.pl\/index.php?rest_route=\/wp\/v2\/types\/post"}],"author":[{"embeddable":true,"href":"https:\/\/rafalk-elblag.pl\/index.php?rest_route=\/wp\/v2\/users\/1"}],"replies":[{"embeddable":true,"href":"https:\/\/rafalk-elblag.pl\/index.php?rest_route=%2Fwp%2Fv2%2Fcomments&post=3964"}],"version-history":[{"count":1,"href":"https:\/\/rafalk-elblag.pl\/index.php?rest_route=\/wp\/v2\/posts\/3964\/revisions"}],"predecessor-version":[{"id":3967,"href":"https:\/\/rafalk-elblag.pl\/index.php?rest_route=\/wp\/v2\/posts\/3964\/revisions\/3967"}],"wp:featuredmedia":[{"embeddable":true,"href":"https:\/\/rafalk-elblag.pl\/index.php?rest_route=\/wp\/v2\/media\/3966"}],"wp:attachment":[{"href":"https:\/\/rafalk-elblag.pl\/index.php?rest_route=%2Fwp%2Fv2%2Fmedia&parent=3964"}],"wp:term":[{"taxonomy":"category","embeddable":true,"href":"https:\/\/rafalk-elblag.pl\/index.php?rest_route=%2Fwp%2Fv2%2Fcategories&post=3964"},{"taxonomy":"post_tag","embeddable":true,"href":"https:\/\/rafalk-elblag.pl\/index.php?rest_route=%2Fwp%2Fv2%2Ftags&post=3964"}],"curies":[{"name":"wp","href":"https:\/\/api.w.org\/{rel}","templated":true}]}}