{"id":3959,"date":"2020-06-27T09:19:41","date_gmt":"2020-06-27T09:19:41","guid":{"rendered":"http:\/\/rafalk-elblag.pl\/?p=3959"},"modified":"2020-06-27T14:03:50","modified_gmt":"2020-06-27T14:03:50","slug":"biuletyn-nr-859-28-06-2020r-xiii-niedziela-zwykla","status":"publish","type":"post","link":"https:\/\/rafalk-elblag.pl\/?p=3959","title":{"rendered":"Biuletyn nr 859 \/ 28.06.2020r. XIII Niedziela zwyk\u0142a"},"content":{"rendered":"<p><a href=\"#ogloszenia-859\">WAKACJE Z PANEM BOGIEM<\/a><br \/>\n<a href=\"#ogloszenia-859\">Og\u0142oszenia parafialne 28.06.2020<\/a><br \/>\n<a href=\"#intencje-859\">Intencje mszalne 28.06.2020<\/a><\/p>\n<p><img decoding=\"async\" id=\"temat-859\" src=\"http:\/\/rafalk-elblag.pl\/wp-content\/uploads\/2020\/06\/baner-859.jpg\"><\/p>\n<h1>WAKACJE Z PANEM BOGIEM<\/h1>\n<p><strong>M\u0142odzi, o wakacjach, m\u00f3wi\u0105: \u201eW ko\u0144cu cho\u0107 na jaki\u015b czas zapomn\u0119 o ksi\u0105\u017ckach, nauce i egzaminach\u201d. Starsi powtarzaj\u0105 w duchu: \u201eUwolni\u0119 si\u0119 od zawodowych obowi\u0105zk\u00f3w i problem\u00f3w w pracy\u201d. Niezale\u017cnie od wieku, ka\u017cdy planuje, \u017ce b\u0119dzie robi\u0142 to, na co ma ochot\u0119. Lipiec i sierpie\u0144 wielu z nas kojarz\u0105 si\u0119 z \u201enicnierobieniem\u201d, beztrosk\u0105 i b\u0142ogim lenistwem. Na kilkana\u015bcie lub kilkadziesi\u0105t dni odrywamy si\u0119 od tego, co przez wi\u0119kszo\u015b\u0107 roku zaprz\u0105ta\u0142o nasze my\u015bli.<\/strong><\/p>\n<p>Ka\u017cdy cz\u0142owiek ma prawo do odpoczynku. Tego nikt nie kwestionuje. Wakacje s\u0105 po to, by\u015bmy nabrali nowej energii, cho\u0107 na moment zmienili swoje \u015brodowisko i nadrobili r\u00f3\u017cne zaleg\u0142o\u015bci. Wolny czas jest darem Boga, kt\u00f3ry na swoim przyk\u0142adzie pokaza\u0142, \u017ce po pracy nale\u017cy odpocz\u0105\u0107. Cz\u0142owiek ma ograniczone si\u0142y, co jaki\u015b czas potrzebuje odetchn\u0105\u0107 od tego, czym si\u0119 zajmuje na co dzie\u0144. Nie da si\u0119 ci\u0105gle funkcjonowa\u0107 na pe\u0142nych obrotach. W wakacje zawieszamy nasze niekt\u00f3re obowi\u0105zki, warto jednak pami\u0119ta\u0107, \u017ce s\u0105 takie sprawy, o kt\u00f3rych nie wolno zapomnie\u0107 nawet podczas urlopu. Pami\u0119tajmy przede wszystkim o tym, \u017ce jeste\u015bmy katolikami.<\/p>\n<p>Letnie atrakcje nie powinny przys\u0142oni\u0107 nam Jezusa. Co nam przyjdzie z tego, je\u015bli odpoczniemy tylko fizycznie? Naszym motorem jest dusza. Je\u015bli w niej co\u015b szwankuje, trudno o rado\u015b\u0107, si\u0142\u0119 i ochot\u0119 do \u017cycia. Wakacje s\u0105 po to, by\u015bmy zregenerowali zar\u00f3wno cia\u0142o, jak i ducha. Je\u017celi rozlu\u017animy wtedy nasze relacje z Bogiem i damy sobie taryf\u0119 ulgow\u0105 w sprawach wiary, pope\u0142nimy powa\u017cny b\u0142\u0105d. Jezus jest z nami przez ca\u0142y rok. Towarzyszy nam w chwilach rado\u015bci i smutku. Chce by\u0107 przy nas przez ca\u0142y czas. Wzywali\u015bmy Go w trudnych chwilach, by\u0142 nam potrzebny, gdy mieli\u015bmy egzaminy, problemy ze zdrowiem i k\u0142opoty w pracy. Dlaczego zapominamy o naszym Mistrzu w wakacje? On pragnie, by\u015bmy dzieli z Nim tak\u017ce nasze rado\u015bci, wszak to On jest ich dawc\u0105&#8230;<\/p>\n<p>Wakacje to czas r\u00f3\u017cnych wycieczek, wsp\u00f3lnych wyjazd\u00f3w, zwiedzania ciekawych miejsc i obcowania z natur\u0105. Najwa\u017cniejsze nie jest jednak to, gdzie, ale jak je sp\u0119dzimy. Gdziekolwiek by\u015bmy nie pojechali, wsz\u0119dzie mo\u017cemy odnale\u017a\u0107 Jezusa. Wystarczy tylko chcie\u0107. On b\u0119dzie do nas m\u00f3wi\u0142 w szumie morza i w pi\u0119knie g\u00f3r, w ciszy monumentalnych katedr i male\u0144kich ko\u015bci\u00f3\u0142k\u00f3w. Przyjdzie do nas podczas Eucharystii i w drugim cz\u0142owieku.<\/p>\n<p>Letni czas jest okazj\u0105 na wzmocnienie naszych wi\u0119zi z Bogiem. Jedni wybieraj\u0105 rekolekcje, drudzy pielgrzymk\u0119, jeszcze inni odwiedzaj\u0105 sanktuaria. W wakacje warto zarezerwowa\u0107 wi\u0119cej czasu na modlitw\u0119 i lektur\u0119 Pisma \u015awi\u0119tego. Mo\u017cna te\u017c si\u0119gn\u0105\u0107 po dobr\u0105 ksi\u0105\u017ck\u0119 i pras\u0119 katolick\u0105. Zr\u00f3bmy sobie wakacje od telewizji, mp3 i internetu. Pocz\u0105tkowo nie b\u0119dzie \u0142atwo, jednak po kilku dniach na pewno poczujemy prawdziw\u0105 wolno\u015b\u0107. Zamiast godzinami rozmawia\u0107 przez telefon ze znajomymi, spotkajmy si\u0119 z nimi w \u015bwiecie realnym. Odbudujmy wi\u0119zy rodzinne i przyjacielskie. Rozmowa twarz\u0105 w twarz z tymi, kt\u00f3rych nie widzieli\u015bmy przez d\u0142ugi czas, przyniesie wszystkim wiele rado\u015bci.<\/p>\n<p>Wakacje dla wielu s\u0105 jednak sprawdzianem z wiary i przekona\u0144. Trzeba te\u017c przyzna\u0107, \u017ce lato rozleniwia naszego ducha. Ka\u017cdy chce mie\u0107 wtedy tzw. \u015bwi\u0119ty spok\u00f3j. Nie jeste\u015bmy wyczuleni na zagro\u017cenia i pokusy. Przestajemy od siebie wymaga\u0107, zwalniamy si\u0119 z odpowiedzialno\u015bci i nastawiamy na czerpanie przyjemno\u015bci. \u0141atwiej i szybciej rezygnujemy ze wszystkiego, co \u0142\u0105czy si\u0119 z wysi\u0142kiem. T\u0142umaczymy i rozgrzeszamy si\u0119 tym, \u017ce \u201eprzecie\u017c s\u0105 wakacje\u201d, a po nich wszystko wr\u00f3ci do normy.<\/p>\n<p>Nie tak dawno przeszli\u015bmy \u201espacer\u201d z Przyjacielem po ulicach naszych miast i wsi. Uroczysto\u015b\u0107 Bo\u017cego Cia\u0142a przypomnia\u0142a nam o wielkiej mi\u0142o\u015bci Jezusa. Jak d\u0142ugo b\u0119dzie w nas echo tego spotkania? To zale\u017cy od nas&#8230; \u017byczymy b\u0142ogos\u0142awionych wakacji!<\/p>\n<p>&nbsp;<br \/>\n<img decoding=\"async\" id=\"ogloszenia-859\" src=\"http:\/\/rafalk-elblag.pl\/wp-content\/uploads\/2020\/04\/baner-ogloszenia-parafialne.jpg\"><\/p>\n<h2>Og\u0142oszenia parafialne 28.06.2020<\/h2>\n<p><strong>1.<\/strong> Przed nami ostatnie Nabo\u017ce\u0144stwa Eucharystyczne ku czci Naj\u015bwi\u0119tszego Serca Pana Jezusa. Do udzia\u0142u w nich zapraszamy szczeg\u00f3lnie tych, kt\u00f3rym jeszcze w tym miesi\u0105cu si\u0119 nie uda\u0142o wybra\u0107 na godz. 17:30.<\/p>\n<p><strong>2.<\/strong> W zwi\u0105zku z pielgrzymk\u0105 na Jasn\u0105 G\u00f3r\u0119 ju\u017c tradycyjnie przy wej\u015bciu do ko\u015bcio\u0142a wystawione jest pude\u0142ko na intencje modlitewne, kt\u00f3re zabior\u0105 w Waszym imieniu pielgrzymi w\u0119druj\u0105cy na Jasn\u0105 G\u00f3r\u0119. B\u00f3g zap\u0142a\u0107. Zapisy i wi\u0119cej informacji u ks. Marcina.<\/p>\n<p><strong>3.<\/strong> W tym tygodniu przypada pierwszy czwartek, pi\u0105tek i sobota miesi\u0105ca.<\/p>\n<ul>\n<li>w pierwszy czwartek miesi\u0105ca po Mszy \u015bw. o godz. 18:00 zapraszamy na Godzin\u0119 \u015awi\u0119t\u0105 \u2013 modlitw\u0119 w intencji powo\u0142a\u0144 z naszej parafii oraz o \u015bwi\u0119to\u015b\u0107 dla kap\u0142an\u00f3w,<\/li>\n<li>w pierwszy pi\u0105tek miesi\u0105ca spowied\u017a i Adoracja Naj\u015bwi\u0119tszego Sakramentu od godz. 17:30. Zapraszamy wszystkich na Msz\u0119 \u015aw. Wotywn\u0105 ku czci Naj\u015bwi\u0119tszego Serca Pana Jezusa o godz. 18:00.<\/li>\n<li>w pierwsz\u0105 sobot\u0119, o godz. 17:00, zapraszamy na NABO\u017bE\u0143STWO WYNAGRADZAJ\u0104CE w ramach nabo\u017ce\u0144stwa pierwszych pi\u0119ciu sob\u00f3t, o kt\u00f3re prosi\u0142a Matka Bo\u017ca w FATIMIE. Tego dnia zmiana tajemnic dla \u017bywego R\u00f3\u017ca\u0144ca.<\/li>\n<\/ul>\n<p><strong>4. UWAGA OSOBY NOSZ\u0104CE SZKAPLERZ !!!<\/strong> W zakrystii mo\u017cna odebra\u0107 deklaracj\u0119 o przyst\u0105pieniu do Bractwa Szkaplerznego, kt\u00f3r\u0105 nale\u017cy wype\u0142ni\u0107 i przynie\u015b\u0107 do zakrystii.<\/p>\n<p><strong>5.<\/strong> Lipiec jest miesi\u0105cem po\u015bwi\u0119conym kontemplacji Naj\u015bwi\u0119tszej Krwi Chrystusa. Krew Chrystusa jest niezbitym dowodem mi\u0142o\u015bci Niebieskiego Ojca do ka\u017cdego cz\u0142owieka bez wyj\u0105tku. Zach\u0119cam Wsp\u00f3lnot\u0119 Krwi Chrystusa do prowadzenia modlitw przed Msz\u0105 \u015bw. wieczorow\u0105 o godz. 17:30.<\/p>\n<p><strong>6.<\/strong> Kancelaria parafialna, przez ca\u0142y okres wakacji, czynna b\u0119dzie w \u015brody i pi\u0105tki po Mszy \u015bw. wieczorowej.<\/p>\n<p><strong>7.<\/strong> Rekolekcje powo\u0142aniowe w naszym Elbl\u0105skim Seminarium Duchownym pod has\u0142em \u201eM\u00d3J SKARB\u201d. Rozpoczn\u0105 si\u0119 4 lipca, a zako\u0144cz\u0105 8 lipca 2020r. Na rekolekcje mo\u017cna zg\u0142asza\u0107 m\u0142odzie\u017c m\u0119sk\u0105 szk\u00f3\u0142 \u015brednich i student\u00f3w. Nale\u017cy na nie przywie\u017a\u0107: notatnik, d\u0142ugopis, Pismo \u015awi\u0119te, \u015bpiw\u00f3r (je\u015bli kto\u015b chce tak\u017ce poduszk\u0119), str\u00f3j sportowy, rzeczy osobiste oraz kilka maseczek. Wi\u0119cej informacji na stronie wsdelblag.pl.<\/p>\n<p><strong>8.<\/strong> Dzi\u0119kujemy za stosowny ubi\u00f3r w ko\u015bciele w okresie wakacji. Msza \u015bw. jest uroczyst\u0105 celebracj\u0105, kt\u00f3ra domaga si\u0119 swego pi\u0119kna, szacunku i najwy\u017cszej kultury.<\/p>\n<p><strong>9.<\/strong> Wszystkim Jubilatom i Solenizantom tego tygodnia \u017cyczymy wszelkiego dobra w \u017cyciu i b\u0142ogos\u0142awie\u0144stwa Bo\u017cego.<\/p>\n<p><strong>10.<\/strong> W przysz\u0142\u0105 niedziel\u0119 (5 lipca) taca inwestycyjna przeznaczona na uregulowanie raty za wykonan\u0105 fotowoltaik\u0119 na plebanii. B\u00f3g zap\u0142a\u0107 za zrozumienie i z\u0142o\u017cone ofiary.<\/p>\n<p><strong>11.<\/strong> Kochani \u2013 nast\u0119pny numer Biuletynu Parafialnego uka\u017ce si\u0119 we wrze\u015bniu.<\/p>\n<p><strong>12.<\/strong> Przed ko\u015bcio\u0142em mo\u017cna naby\u0107 Go\u015bcia Niedzielnego w cenie 6 z\u0142.<\/p>\n<p><strong>13.<\/strong> Pan powo\u0142a\u0142 do wieczno\u015bci \u015bp. Ireneusza Duszy\u0144skiego lat 76 z ul. P\u0142k. D\u0105bka \u015bp. Karolin\u0119 Karman lat 97 z ul. Leszczy\u0144skiego<\/p>\n<p>&nbsp;<\/p>\n<p><img decoding=\"async\" id=\"intencje-859\" src=\"http:\/\/rafalk-elblag.pl\/wp-content\/uploads\/2020\/04\/baner-intencje-mszy.jpg\"><\/p>\n<h2>Intencje mszalne 28.06.2020<\/h2>\n<p><strong>PONIEDZIA\u0141EK \/ 29 czerwca 2020r. \/ \u015bw. Piotra i Paw\u0142a<\/strong><br \/>\n8.00 \u2020 Piotr Lietz, Pawe\u0142 i zm. z rodz. Lietz, Woronko, Barcikowskich i Kokotkiewicz<br \/>\n18.00 O Bo\u017ce b\u0142og., opiek\u0119 MB i wszelkie \u0142aski dla ks. Micha\u0142a Semeniuka w dalszej pracy kap\u0142a\u0144skiej \u2013 int. od R\u00f3\u017cy Powo\u0142aniowej<br \/>\n18.00 O Bo\u017ce b\u0142og., opiek\u0119 MB i potrzebne \u0142aski dla ks. Piotra Bryka, ks. Piotra Wolnikowskiego i Pana Piotra Zbierzchowskiego z ok. imienin<br \/>\n18.00 W intencji Parafian<\/p>\n<p><strong>WTOREK \/ 30 czerwca 2020r. \/ pierwszych M\u0119czennik\u00f3w Ko\u015bcio\u0142a<\/strong><br \/>\n8.00 W intencji Panu Bogu wiadomej<br \/>\n18.00 Dzi\u0119k. za dar \u017cycia i wszelkie otrzymane \u0142aski w dniu urodzin Sebastiana<br \/>\n\u015aRODA \/ 1 lipca 2020r.<br \/>\n8.00 O Bo\u017ce b\u0142og. i potrzebne \u0142aski dla ks. Grzegorza Wala z okazji urodzin \u2013 int. od Margaretki<br \/>\n18.00 \u2020 Halina Krawczyk z ok. ziemskich imienin<br \/>\n18.00 O nawr\u00f3cenie c\u00f3rki Anny oraz o \u015bwiat\u0142o wiary w jej \u017cyciu<\/p>\n<p><strong>CZWARTEK \/ 2 lipca 2020r.<\/strong><br \/>\n8.00 O Bo\u017ce b\u0142og., opiek\u0119 MB i zdrowie dla Marianny Spodarek z ok. 82 urodzin<br \/>\n18.00 O nowe i \u015bwi\u0119te powo\u0142ania kap\u0142a\u0144skie, zakonne i misyjne<\/p>\n<p><strong>PI\u0104TEK \/ 3 lipca 2020r. \/ \u015bw. Tomasza<\/strong><br \/>\n8.00 \u2020 Aleksander i Genowefa w 3 r.\u015bm. z rodz. Kuczy\u0144skich<br \/>\n18.00 \u2020 Wanda Marchlewicz \u2013 int. od wsp\u00f3\u0142pracownik\u00f3w<\/p>\n<p><strong>SOBOTA \/ 4 lipca 2020r.<\/strong><br \/>\n8.00 \u2020 Halina Bugajska w 30 dpp.<br \/>\n18.00 Dzi\u0119k. za kap\u0142an\u00f3w pos\u0142uguj\u0105cych i powo\u0142anych z tej parafii \u2013 int. od IV R\u00f3\u017cy MB Cz\u0119stochowskiej<\/p>\n<p><strong>XIV Niedziela Zwyk\u0142a \/ 5 lipca 2020r.<\/strong><br \/>\n7.00 \u2020 Aleksandra Radziszewska w 15 r.\u015bm.<br \/>\n9.00 O do\u015bwiadczenie Bo\u017cej mi\u0142o\u015bci dla Karoliny i Sebastiana<br \/>\n10.30 \u2020 Wiktoria w 3 r.\u015bm. i Bronis\u0142aw Janiccy, Wiktoria, Jan i Halina Szcz\u0119\u015bni, Marta, Antoni, Tomek Janiccy i Hermenegilda Molga<br \/>\n12.00 W intencji Parafian<br \/>\n18.00 \u2020 Jerzy Pepli\u0144ski w 8 r.\u015bm.<\/p>\n","protected":false},"excerpt":{"rendered":"<p>WAKACJE Z PANEM BOGIEM Og\u0142oszenia parafialne 28.06.2020 Intencje mszalne 28.06.2020 WAKACJE Z PANEM BOGIEM M\u0142odzi, o wakacjach, m\u00f3wi\u0105: \u201eW ko\u0144cu cho\u0107 na jaki\u015b czas zapomn\u0119 o ksi\u0105\u017ckach, nauce i egzaminach\u201d. Starsi powtarzaj\u0105 w duchu: \u201eUwolni\u0119 si\u0119 od zawodowych obowi\u0105zk\u00f3w i problem\u00f3w w pracy\u201d. Niezale\u017cnie od wieku, ka\u017cdy planuje, \u017ce b\u0119dzie robi\u0142 to, na co ma [&hellip;]<\/p>\n","protected":false},"author":1,"featured_media":3958,"comment_status":"closed","ping_status":"closed","sticky":false,"template":"","format":"standard","meta":{"ngg_post_thumbnail":0,"footnotes":""},"categories":[11,8,4,3],"tags":[],"class_list":["post-3959","post","type-post","status-publish","format-standard","has-post-thumbnail","hentry","category-aktualnosci","category-blog","category-intencje","category-ogloszenia"],"_links":{"self":[{"href":"https:\/\/rafalk-elblag.pl\/index.php?rest_route=\/wp\/v2\/posts\/3959","targetHints":{"allow":["GET"]}}],"collection":[{"href":"https:\/\/rafalk-elblag.pl\/index.php?rest_route=\/wp\/v2\/posts"}],"about":[{"href":"https:\/\/rafalk-elblag.pl\/index.php?rest_route=\/wp\/v2\/types\/post"}],"author":[{"embeddable":true,"href":"https:\/\/rafalk-elblag.pl\/index.php?rest_route=\/wp\/v2\/users\/1"}],"replies":[{"embeddable":true,"href":"https:\/\/rafalk-elblag.pl\/index.php?rest_route=%2Fwp%2Fv2%2Fcomments&post=3959"}],"version-history":[{"count":4,"href":"https:\/\/rafalk-elblag.pl\/index.php?rest_route=\/wp\/v2\/posts\/3959\/revisions"}],"predecessor-version":[{"id":3965,"href":"https:\/\/rafalk-elblag.pl\/index.php?rest_route=\/wp\/v2\/posts\/3959\/revisions\/3965"}],"wp:featuredmedia":[{"embeddable":true,"href":"https:\/\/rafalk-elblag.pl\/index.php?rest_route=\/wp\/v2\/media\/3958"}],"wp:attachment":[{"href":"https:\/\/rafalk-elblag.pl\/index.php?rest_route=%2Fwp%2Fv2%2Fmedia&parent=3959"}],"wp:term":[{"taxonomy":"category","embeddable":true,"href":"https:\/\/rafalk-elblag.pl\/index.php?rest_route=%2Fwp%2Fv2%2Fcategories&post=3959"},{"taxonomy":"post_tag","embeddable":true,"href":"https:\/\/rafalk-elblag.pl\/index.php?rest_route=%2Fwp%2Fv2%2Ftags&post=3959"}],"curies":[{"name":"wp","href":"https:\/\/api.w.org\/{rel}","templated":true}]}}