{"id":3952,"date":"2020-06-21T08:40:06","date_gmt":"2020-06-21T08:40:06","guid":{"rendered":"http:\/\/rafalk-elblag.pl\/?p=3952"},"modified":"2020-06-21T08:40:33","modified_gmt":"2020-06-21T08:40:33","slug":"biuletyn-nr-857-21-06-2020r-xi-niedziela-zwykla","status":"publish","type":"post","link":"https:\/\/rafalk-elblag.pl\/?p=3952","title":{"rendered":"Biuletyn nr 857 \/ 21.06.2020r. XI Niedziela zwyk\u0142a"},"content":{"rendered":"<p><a href=\"#ogloszenia-858\">B\u0141. DOROTA Z M\u0104T\u00d3W \u2013 OD NIEUDANEGO MA\u0141\u017bE\u0143STWA PO ZAMUROWANIE W CELI<\/a><br \/>\n<a href=\"#ogloszenia-858\">Og\u0142oszenia parafialne 21.06.2020<\/a><br \/>\n<a href=\"#intencje-858\">Intencje mszalne 21.06.2020<\/a><\/p>\n<p><img decoding=\"async\" id=\"temat-858\" src=\"http:\/\/rafalk-elblag.pl\/wp-content\/uploads\/2020\/06\/baner-858.jpg\"><\/p>\n<h1>B\u0141. DOROTA Z M\u0104T\u00d3W \u2013 OD NIEUDANEGO MA\u0141\u017bE\u0143STWA PO ZAMUROWANIE W CELI<\/h1>\n<p><strong>Ze swoim do\u015bwiadczeniem trudnego \u017cycia ma\u0142\u017ce\u0144skiego jest patronk\u0105 zwi\u0105zk\u00f3w w kryzysie. Do\u015bwiadcza\u0142a stan\u00f3w mistycznych, mia\u0142a wizje, by\u0142a stygmatyczk\u0105. Pod koniec \u017cycia zdecydowa\u0142a si\u0119 na radykalny krok: zosta\u0142a wprowadzona do rekluzji i tam zamkni\u0119ta.<\/strong><br \/>\n<strong><br \/>\nAdalbert, bo tak mia\u0142 na imi\u0119 m\u0105\u017c Doroty, mieszka\u0142 i mia\u0142 warsztat w Gda\u0144sku. Tym samym dziewczyna marz\u0105ca o modlitwie i wyciszeniu trafi\u0142a w sam \u015brodek gwarnego, bogatego miasta. P\u0142atnerz, czyli rzemie\u015blnik zajmuj\u0105cy si\u0119 wyrobem zbroi, mia\u0142 kontakty w\u015br\u00f3d szlachty, rycerzy krzy\u017cackich i samej \u015bmietanki miasta. A je\u015bli do tego lubi\u0142 si\u0119 bawi\u0107 i by\u0107 docenianym w towarzystwie, mia\u0142 do tego i mo\u017cliwo\u015bci finansowe, i wiele okazji.<\/strong><\/p>\n<p>Tymczasem jego \u017cona wola\u0142a codziennie biega\u0107 na msz\u0119 i modli\u0107 si\u0119 w ko\u015bciele. Wola\u0142a unika\u0107 bogatych stroj\u00f3w, a pieni\u0105dze przeznacza\u0107 raczej na ja\u0142mu\u017cn\u0119 ni\u017c brylowanie na imprezach towarzyskich, zreszt\u0105 te ostatnie nie budzi\u0142y jej zainteresowania. Je\u015bli dodamy do tego wybuchowy charakter Adalberta i jego sk\u0142onno\u015b\u0107 do wymuszania si\u0142\u0105 pos\u0142usze\u0144stwa, otrzymujemy przepis na bardzo nieudane ma\u0142\u017ce\u0144stwo.<\/p>\n<p>Dorota pr\u00f3bowa\u0142a jako\u015b odnale\u017a\u0107 si\u0119 w tej sytuacji, ale konflikty nie ustawa\u0142y. Urodzi\u0142a m\u0119\u017cowi dziewi\u0119cioro dzieci, z kt\u00f3rych by\u0142 bardzo dumny, nie zaniedbywa\u0142a troski o dom i rodzin\u0119, jednak wci\u0105\u017c jej pobo\u017cno\u015b\u0107 wydawa\u0142a si\u0119 Adalbertowi niezrozumia\u0142a i nadmierna.<\/p>\n<p>Na pocz\u0105tku lat osiemdziesi\u0105tych Gda\u0144sk nawiedzi\u0142a zaraza, zapewne przyp\u0142yn\u0119\u0142a na kt\u00f3rym\u015b z licznych statk\u00f3w. Dzieci Doroty i Adalberta, jedno po drugim, umiera\u0142y na ich oczach. Prze\u017cy\u0142a tylko najstarsza c\u00f3rka, kt\u00f3ra wtedy by\u0142a ju\u017c mniszk\u0105 i nie mieszka\u0142a w Gda\u0144sku.<\/p>\n<p>Jako wdowa Dorota mog\u0142a wreszcie p\u00f3j\u015b\u0107 za g\u0142osem tego, co rozeznawa\u0142a jako swoje zasadnicze powo\u0142anie. Od dawna do\u015bwiadcza\u0142a ju\u017c stan\u00f3w mistycznych, mia\u0142a wizje, zwykle \u015bci\u015ble powi\u0105zane ze \u015bwi\u0119tami w roku liturgicznym, otrzyma\u0142a tak\u017ce dar stygmat\u00f3w (by\u0142y u niej niewidoczne), tym samym jest pierwsz\u0105, i jak dot\u0105d jedyn\u0105 stygmatyczk\u0105 na ziemiach polskich wyniesion\u0105 na o\u0142tarze. Potrzebowa\u0142a tym samym dobrego kierownika duchowego, na tyle wykszta\u0142conego i pobo\u017cnego, by potrafi\u0142 rozezna\u0107, na ile jej do\u015bwiadczenia s\u0105 prawdziwe.<\/p>\n<p>Polecono jej Jana z Kwidzyna, mistrza teologii, kt\u00f3ry wcze\u015bniej wyk\u0142ada\u0142 na Uniwersytecie Praskim. To on wspar\u0142 jej pragnienie zamurowania si\u0119 w celi przy prezbiterium kwidzy\u0144skiej katedry. Po p\u00f3\u0142 roku pr\u00f3by, 2 maja 1393 r., Dorota uroczy\u015bcie zosta\u0142a wprowadzona do rekluzji i tam zamkni\u0119ta. Kontaktowa\u0142a si\u0119 odt\u0105d ze \u015bwiatem jedynie przez ma\u0142e okienko. Otrzyma\u0142a te\u017c bardzo rzadki w tamtym czasie przywilej codziennego przyjmowania komunii \u015bw. Prze\u017cy\u0142a w celi czterna\u015bcie miesi\u0119cy, do 25 czerwca 1394 r. Przez ten czas nie tylko praktykowa\u0142a ascez\u0119 i modli\u0142a si\u0119, ale tak\u017ce udziela\u0142a duchowych i \u017cyciowych rad tym, kt\u00f3rzy do niej przychodzili.<\/p>\n<p>Opinia jej \u015bwi\u0119to\u015bci by\u0142a tak wielka, \u017ce ju\u017c kilka miesi\u0119cy po jej bardzo uroczystym pogrzebie wydobyto jej cia\u0142o z grobu i przeniesiono do katedry, a nad jej nowym poch\u00f3wkiem wzniesiono o\u0142tarz. Jej spowiednik napisa\u0142 jej \u017cywot i spisa\u0142 objawienia, od razu te\u017c ruszy\u0142 proces beatyfikacyjny.<\/p>\n<p>B\u0142. Dorota jest patronk\u0105 Pomorza, kobiet, matek, ma\u0142\u017ce\u0144stw w potrzebie i odlewnik\u00f3w. Wraz z powstaniem diecezji elbl\u0105skiej, zosta\u0142a w 1992 r. og\u0142oszona jej patronk\u0105 przez pierwszego biskupa elbl\u0105skiego Andrzeja \u015aliwi\u0144skiego.<\/p>\n<p>&nbsp;<br \/>\n<img decoding=\"async\" id=\"ogloszenia-858\" src=\"http:\/\/rafalk-elblag.pl\/wp-content\/uploads\/2020\/04\/baner-ogloszenia-parafialne.jpg\"><\/p>\n<h2>Og\u0142oszenia parafialne 21.06.2020<\/h2>\n<p><strong>1.<\/strong> Przez ca\u0142y czerwiec odprawiamy Nabo\u017ce\u0144stwa Eucharystyczne ku czci Naj\u015bwi\u0119tszego Serca Pana Jezusa. Do udzia\u0142u w nich zapraszamy doros\u0142ych, m\u0142odzie\u017c i dzieci codziennie o godz. 17:30.<\/p>\n<p><strong>2.<\/strong> We wtorek 23 czerwca br. b\u0119dziemy obchodzi\u0107 DZIE\u0143 OJCA. Pami\u0119tajmy w modlitwie o naszych ojcach: pro\u015bmy dla \u017cywych o Bo\u017ce b\u0142ogos\u0142awie\u0144stwo i opiek\u0119 \u015bw. J\u00f3zefa, a dla zmar\u0142ych o \u0142ask\u0119 nieba.<\/p>\n<p><strong>3.<\/strong> W zwi\u0105zku z pielgrzymk\u0105 na Jasn\u0105 G\u00f3r\u0119 ju\u017c tradycyjnie przy wej\u015bciu do ko\u015bcio\u0142a wystawione jest pude\u0142ko na intencje modlitewne, kt\u00f3re zabior\u0105 w Waszym imieniu pielgrzymi w\u0119druj\u0105cy na Jasn\u0105 G\u00f3r\u0119. B\u00f3g zap\u0142a\u0107.<\/p>\n<p><strong>4. Uroczyste zako\u0144czenie ROKU SZKOLNEGO 2019\/2020:<\/strong> dla Szko\u0142y Podstawowej nr 11 w czwartek na Mszy \u015bw. o godz. 11:00. Zapraszamy dzieci, m\u0142odzie\u017c, nauczycieli i parafian do udzia\u0142u we wsp\u00f3lnej modlitwie, zako\u0144czonej b\u0142ogos\u0142awie\u0144stwem na wakacje. Zach\u0119camy dzieci i m\u0142odzie\u017c do skorzystania z sakramentu Spowiedzi \u015bwi\u0119tej w ci\u0105gu tygodnia i Komunii \u015bw., aby w ten spos\u00f3b podzi\u0119kowa\u0107 za wszystkie dobra otrzymane w roku szkolnym. Dzieciom i m\u0142odzie\u017cy \u017cyczymy udanych i bezpiecznych wakacji, polecaj\u0105c ich opiece Anio\u0142\u00f3w Str\u00f3\u017c\u00f3w. Szcz\u0119\u015b\u0107 Wam Bo\u017ce.<\/p>\n<p><strong>5.<\/strong> W czwartek 25 czerwca br. m\u0142odzie\u017c naszej parafii na Mszy \u015bw. o godz. 18:00 pod przewodnictwem J. E. Ks. Biskupa Wojciecha Skibickiego przyjmie SAKRAMENT BIERZMOWANIA. Kandydat\u00f3w do Sakramentu Bierzmowania, \u015bwiadk\u00f3w i rodzic\u00f3w zapraszamy w tym tygodniu do skorzystania z sakramentu pojednania(spowiedzi):<\/p>\n<ul>\n<li>poniedzia\u0142ek 22 czerwca br. od godz. 19:00 &#8211; grupa ks. Piotra<\/li>\n<li>wtorek 23 czerwca br. od godz. 19:00 &#8211; grupa ks. Marcina<\/li>\n<li>\u015broda 24 czerwca br. pr\u00f3ba generalna dla wszystkich o godz. 19:00 w Ko\u015bciele.<\/li>\n<\/ul>\n<p><strong>6. UWAGA !!! W okresie czerwca, lipca i sierpnia nie ma Mszy \u015bw. o godz. 15:00. Wszystkich Czcicieli Mi\u0142osierdzia Bo\u017cego zapraszamy w tym czasie do ko\u015bcio\u0142a na wsp\u00f3ln\u0105 Koronk\u0119 do Mi\u0142osierdzia Bo\u017cego.<\/strong><\/p>\n<p><strong>7.<\/strong> Rekolekcje powo\u0142aniowe w naszym Elbl\u0105skim Seminarium Duchownym pod has\u0142em \u201eM\u00d3J SKARB\u201d. Rozpoczn\u0105 si\u0119 4 lipca, a zako\u0144cz\u0105 8 lipca 2020r. Na rekolekcje mo\u017cna zg\u0142asza\u0107 m\u0142odzie\u017c m\u0119sk\u0105 szk\u00f3\u0142 \u015brednich i student\u00f3w. Nale\u017cy na nie przywie\u017a\u0107: notatnik, d\u0142ugopis, Pismo \u015awi\u0119te, \u015bpiw\u00f3r (je\u015bli kto\u015b chce tak\u017ce poduszk\u0119), str\u00f3j sportowy, rzeczy osobiste oraz kilka maseczek. Wi\u0119cej informacji na stronie wsdelblag.pl.<\/p>\n<p><strong>8.<\/strong> W ostatni\u0105 niedziel\u0119 na potrzeby organizacyjne grupy pielgrzymkowej P\u00d3\u0141NOC ELBL\u0104G zebrano do puszek 2300 z\u0142. Dzi\u0119kujemy za zrozumienie i z\u0142o\u017cone ofiary.<\/p>\n<p><strong>9.<\/strong> Dzi\u0119kuj\u0119 osobom zaanga\u017cowanym w przygotowanie procesji Bo\u017cego Cia\u0142a oraz w Oktawie tej Uroczysto\u015bci i wszystkim bior\u0105cym udzia\u0142 w tegorocznych PROCESJACH EUCHARYSTYCZNYCH.<\/p>\n<p><strong>10.<\/strong> Wszystkim Jubilatom i Solenizantom tego tygodnia \u017cyczymy wszelkiego dobra<br \/>\nw \u017cyciu i b\u0142ogos\u0142awie\u0144stwa Bo\u017cego.<\/p>\n<p><strong>11.<\/strong> Przed ko\u015bcio\u0142em mo\u017cna naby\u0107 Go\u015bcia Niedzielnego w cenie 6 z\u0142.<\/p>\n<p><strong>12.<\/strong> Pan powo\u0142a\u0142 do wieczno\u015bci: \u015bp. Genowef\u0119 Borowicz lat 89 z ul. Broniewskiego<\/p>\n<p>&nbsp;<\/p>\n<p><img decoding=\"async\" id=\"intencje-858\" src=\"http:\/\/rafalk-elblag.pl\/wp-content\/uploads\/2020\/04\/baner-intencje-mszy.jpg\"><\/p>\n<h2>Intencje mszalne 21.06.2020<\/h2>\n<p><strong>PONIEDZIA\u0141EK \/ 22 czerwca 2020r.<\/strong><br \/>\n8.00 \u2020 Janina, W\u0142adys\u0142aw, Eugeniusz i Romuald Janowicze<br \/>\n18.00 \u2020 Maria i Stanis\u0142aw Bielscy i zm. z obojga stron<br \/>\n18.00 Za dzieci, kt\u00f3re si\u0119 pogubi\u0142y, aby na nowo odnalaz\u0142y drog\u0119 do Jezusa przez Maryj\u0119<\/p>\n<p><strong>WTOREK \/ 23 czerwca 2020r.<\/strong><br \/>\n8.00 \u2020 Jan Przeradzki, Cecylia i W\u0142adys\u0142aw Lewandowscy i zm. z rodz. Hochleitner\u00f3w i Fija\u0142kowskich<br \/>\n18.00 \u2020 Janina Walko, brat Jan Walko, Jan i Janina Zaleszczenko<br \/>\n18.00 \u2020 Monika i Jan Ostrowscy i zmarli rodzice<\/p>\n<p><strong>\u015aRODA \/ 24 czerwca 2020r. \/ Narodzenie \u015bw. Jana Chrzciciela<\/strong><br \/>\n8.00 \u2020 Janina i Jan Kuchta<br \/>\n18.00 \u2020 Jan i Felicja Brz\u00f3zka z ok. ziemskich urodzin i imienin<br \/>\n18.00 \u2020 Zofia Rynkowska-Hipsz w 1 r.\u015bm.<\/p>\n<p><strong>CZWARTEK \/ 25 czerwca 2020r. \/ b\u0142. Doroty z M\u0105t\u00f3w<\/strong><br \/>\n8.00 \u2020 Stanis\u0142awa (k), J\u00f3zef, Karol i Marcin<br \/>\n18.00 \u2020 Stanis\u0142awa (k) w rocz. \u015bmierci i zm. z rodz. Adamowicz<br \/>\n18.00 \u2020 Kazimierz Standarski w rocz. 80 ziemskich urodzin<\/p>\n<p><strong>PI\u0104TEK \/ 26 czerwca 2020r.<\/strong><br \/>\n8.00 \u2020 Anatol Usik w 2 miesi\u0105c po pogrzebie<br \/>\n18.00 Dzi\u0119k. w 18 urodziny Kacpra Suszek z pro\u015bb\u0105 o Bo\u017ce b\u0142og., dary Ducha \u015aw. w doros\u0142ym \u017cyciu oraz o potrzebne \u0142aski dla ca\u0142ej rodziny<br \/>\n18.00 Dzi\u0119k. w 54 urodziny ks. Arkadiusza Grabowskiego z pro\u015bb\u0105 o Bo\u017ce b\u0142og., opiek\u0119 MB i potrzebne \u0142aski na dalsze lata \u017cycia<\/p>\n<p><strong>SOBOTA \/ 27 czerwca 2020r.<\/strong><br \/>\n8.00 \u2020 Zygfryd Dobrzeniecki w 5 r.\u015bm. i zm. z rodz. Dobrzenieckich<br \/>\n18.00 \u2020 W\u0142adys\u0142awa (k) Stefanowicz<br \/>\n18.00 \u2020 El\u017cbieta Bublewicz w 1 r.\u015bm. i Franciszek Bublewicz<\/p>\n<p><strong>XIII Niedziela Zwyk\u0142a \/ 28 czerwca 2020r.<\/strong><br \/>\n7.00 \u2020 Helena Kulma w 5 r.\u015bm.<br \/>\n9.00 \u2020 Marianna i W\u0142adys\u0142aw Nowakowscy<br \/>\n9.00 Dzi\u0119k. z ok. 65 urodzin Barbary z pro\u015bb\u0105 o Bo\u017ce b\u0142og., opiek\u0119 MB i potrzebne \u0142aski dla Niej i ca\u0142ej rodziny<br \/>\n10.30 Dzi\u0119k. za 20 lat ma\u0142\u017ce\u0144stwa Moniki i Jacka, za \u0142ask\u0119 wzrastania w Bo\u017cej mi\u0142o\u015bci, za dar wiary i dzieci: Kacpra i King\u0119<br \/>\n12.00 \u2020 Rodzice: Jan (25 r.\u015bm.) i Janina Pastuszka, bracia: Tadeusz, Zbigniew, Wojciech Lewiccy, dziadkowie: Stefania i J\u00f3zef Badurek<br \/>\n18.00 \u2020 Stefania Sakowska<\/p>\n","protected":false},"excerpt":{"rendered":"<p>B\u0141. DOROTA Z M\u0104T\u00d3W \u2013 OD NIEUDANEGO MA\u0141\u017bE\u0143STWA PO ZAMUROWANIE W CELI Og\u0142oszenia parafialne 21.06.2020 Intencje mszalne 21.06.2020 B\u0141. DOROTA Z M\u0104T\u00d3W \u2013 OD NIEUDANEGO MA\u0141\u017bE\u0143STWA PO ZAMUROWANIE W CELI Ze swoim do\u015bwiadczeniem trudnego \u017cycia ma\u0142\u017ce\u0144skiego jest patronk\u0105 zwi\u0105zk\u00f3w w kryzysie. Do\u015bwiadcza\u0142a stan\u00f3w mistycznych, mia\u0142a wizje, by\u0142a stygmatyczk\u0105. Pod koniec \u017cycia zdecydowa\u0142a si\u0119 na radykalny [&hellip;]<\/p>\n","protected":false},"author":1,"featured_media":3953,"comment_status":"closed","ping_status":"closed","sticky":false,"template":"","format":"standard","meta":{"ngg_post_thumbnail":0,"footnotes":""},"categories":[11,8,4,3],"tags":[],"class_list":["post-3952","post","type-post","status-publish","format-standard","has-post-thumbnail","hentry","category-aktualnosci","category-blog","category-intencje","category-ogloszenia"],"_links":{"self":[{"href":"https:\/\/rafalk-elblag.pl\/index.php?rest_route=\/wp\/v2\/posts\/3952","targetHints":{"allow":["GET"]}}],"collection":[{"href":"https:\/\/rafalk-elblag.pl\/index.php?rest_route=\/wp\/v2\/posts"}],"about":[{"href":"https:\/\/rafalk-elblag.pl\/index.php?rest_route=\/wp\/v2\/types\/post"}],"author":[{"embeddable":true,"href":"https:\/\/rafalk-elblag.pl\/index.php?rest_route=\/wp\/v2\/users\/1"}],"replies":[{"embeddable":true,"href":"https:\/\/rafalk-elblag.pl\/index.php?rest_route=%2Fwp%2Fv2%2Fcomments&post=3952"}],"version-history":[{"count":2,"href":"https:\/\/rafalk-elblag.pl\/index.php?rest_route=\/wp\/v2\/posts\/3952\/revisions"}],"predecessor-version":[{"id":3956,"href":"https:\/\/rafalk-elblag.pl\/index.php?rest_route=\/wp\/v2\/posts\/3952\/revisions\/3956"}],"wp:featuredmedia":[{"embeddable":true,"href":"https:\/\/rafalk-elblag.pl\/index.php?rest_route=\/wp\/v2\/media\/3953"}],"wp:attachment":[{"href":"https:\/\/rafalk-elblag.pl\/index.php?rest_route=%2Fwp%2Fv2%2Fmedia&parent=3952"}],"wp:term":[{"taxonomy":"category","embeddable":true,"href":"https:\/\/rafalk-elblag.pl\/index.php?rest_route=%2Fwp%2Fv2%2Fcategories&post=3952"},{"taxonomy":"post_tag","embeddable":true,"href":"https:\/\/rafalk-elblag.pl\/index.php?rest_route=%2Fwp%2Fv2%2Ftags&post=3952"}],"curies":[{"name":"wp","href":"https:\/\/api.w.org\/{rel}","templated":true}]}}