{"id":3947,"date":"2020-06-13T20:40:45","date_gmt":"2020-06-13T20:40:45","guid":{"rendered":"http:\/\/rafalk-elblag.pl\/?p=3947"},"modified":"2020-06-13T20:41:05","modified_gmt":"2020-06-13T20:41:05","slug":"biuletyn-nr-857-14-06-2020r-xi-niedziela-zwykla","status":"publish","type":"post","link":"https:\/\/rafalk-elblag.pl\/?p=3947","title":{"rendered":"Biuletyn nr 857 \/ 14.06.2020r. XI Niedziela zwyk\u0142a"},"content":{"rendered":"<p><a href=\"#ogloszenia-857\">DWA SERCA<\/a><br \/>\n<a href=\"#ogloszenia-857\">Og\u0142oszenia parafialne 14.06.2020<\/a><br \/>\n<a href=\"#intencje-857\">Intencje mszalne 14.06.2020<\/a><\/p>\n<p><img decoding=\"async\" id=\"temat-856\" src=\"http:\/\/rafalk-elblag.pl\/wp-content\/uploads\/2020\/06\/baner-857.jpg\"><\/p>\n<h1>DWA SERCA<\/h1>\n<p><strong>Czerwiec to miesi\u0105c po\u015bwi\u0119cony szczeg\u00f3lnej czci Naj\u015bwi\u0119tszego Serca Pana Jezusa. W czasie, gdy w naszych ko\u015bcio\u0142ach ka\u017cdego dnia odprawiane jest nabo\u017ce\u0144stwo czerwcowe z Litani\u0105 do Naj\u015bwi\u0119tszego Serca Jezusa, zastan\u00f3wmy si\u0119, dlaczego w naszych czasach tak wa\u017cne jest zawierzenie Sercu Bo\u017cemu? Dlaczego teraz Bo\u017ce Mi\u0142osierdzie tak pragnie kultu Serca Zbawiciela? Naj\u015bwi\u0119tsze Serce Pana Jezusa zacz\u0119\u0142o bi\u0107 i promieniowa\u0107 mi\u0142o\u015bci\u0105 ludzk\u0105 i Bosk\u0105 w chwili, gdy Maryja Dziewica powiedzia\u0142a do Archanio\u0142a Gabriela: \u201eNiech mi si\u0119 stanie wed\u0142ug s\u0142owa twego&#8221;.<\/strong><\/p>\n<p>Wtedy te\u017c Niepokalane Serce Maryi sta\u0142o si\u0119 \u017cyw\u0105 \u015bwi\u0105tyni\u0105, w kt\u00f3rej nieustannie sk\u0142adana jest cze\u015b\u0107 Boskiemu Sercu. \u201eMaryja jest \u015bwi\u0105tyni\u0105 i miejscem odpoczynku Tr\u00f3jcy Przenaj\u015bwi\u0119tszej, gdzie B\u00f3g przebywa we wspania\u0142o\u015bci i chwale wi\u0119kszej ni\u017c w jakimkolwiek innym przybytku \u015bwiata, nie wy\u0142\u0105czaj\u0105c stolicy Jego wyniesionej ponad cherubin\u00f3w i serafin\u00f3w&#8221; &#8211; pisze \u015bw. Ludwik o Maryi. Dlatego te\u017c Ona jako jedyna w pe\u0142ni pozna\u0142a tajemnic\u0119 mi\u0142o\u015bci Naj\u015bwi\u0119tszego Serca Jezusa i w doskona\u0142y spos\u00f3b by\u0142a z Nim zjednoczona we wszystkich Jego poruszeniach, w my\u015blach, uczuciach i bole\u015bciach. \u201eNazywamy J\u0105 Kr\u00f3low\u0105 Serca Jezusowego, poniewa\u017c Ona sta\u0142a si\u0119 szafark\u0105 zas\u0142ug i bogactw Serca Swego Syna&#8221;.<\/p>\n<p><strong>\u015aw. Jan z Eudes (1601-1680) do tego stopnia podkre\u015bla\u0142 zwi\u0105zek, kt\u00f3ry \u0142\u0105czy kult Przenaj\u015bwi\u0119tszego Serca Jezusa i Niepokalanego Serca Maryi, \u017ce m\u00f3wi\u0142: \u201ePrzenaj\u015bwi\u0119tsze Serce Jezusa i Maryi&#8221;. <\/strong>Trzeba zwr\u00f3ci\u0107 uwag\u0119, \u017ce mamy tu liczb\u0119 pojedyncz\u0105, to jakby jedno serce, co uwypukla ten g\u0142\u0119boki zwi\u0105zek, jaki istnieje pomi\u0119dzy tymi kultami. Dwa Nieroz\u0142\u0105czne Serca, tak zjednoczone, \u017ce nie mo\u017cna rozwa\u017ca\u0107 ich z osobna. Nie kocha naprawd\u0119 Przenaj\u015bwi\u0119tszego Serca Jezusa ten, kto nie kocha Niepokalanego Serca Maryi. Dlatego w\u0142a\u015bnie na rewersie powszechnie znanego Cudownego Medalika zosta\u0142y wyryte dwa serca: Jezusa i Maryi. Pierwsze opasane koron\u0105 cierniow\u0105, a drugie przeszyte szpad\u0105.<\/p>\n<p>We wspania\u0142ej historii Ko\u015bcio\u0142a nie zabrak\u0142o \u015bwi\u0119tych, kt\u00f3rzy za Maryj\u0105 odznaczyli si\u0119 szczeg\u00f3lnym nabo\u017ce\u0144stwem do Boskiego Serca. W z\u0142otych wiekach chrze\u015bcija\u0144stwa nale\u017celi do nich: \u015bw. Bernard z Clairveaux, \u015bw. Piotr Damiani, \u015bw. Anzelm, \u015bw. Franciszek z Asy\u017cu, \u015bw. Ludgarda, \u015bw. Antoni z Padwy, \u015bw. Bonawetura, \u015bw. Katarzyna ze Sieny, b\u0142. Henryk Suzo, \u015bw. Mechtylda i b\u0142. Aniela z Foligno. Jednak ze wzgl\u0119du na szczeg\u00f3lne pos\u0142annictwo jakie zosta\u0142o dane przez Pana Jezusa w XVII wieku francuskiej zakonnicy, to w\u0142a\u015bnie \u015bw. Ma\u0142gorzata Maria Alacoque (1647-1690) nale\u017cy do najbardziej znanych czcicieli Naj\u015bwi\u0119tszego Serca Pana Jezusa. Przez ni\u0105 po raz pierwszy Pan Jezus zapragn\u0105\u0142 ukaza\u0107 \u015bwiatu Swoje Serce, zwracaj\u0105c si\u0119 do niej w klasztorze Nawiedzenia Naj\u015bwi\u0119tszej Maryi Panny w Paray-le-Monial, \u017c\u0105daj\u0105c publicznej czci i obiecuj\u0105c szczeg\u00f3lne \u0142aski.<\/p>\n<p>27 grudnia 1673 roku w trakcie pierwszego objawienia, jakie mia\u0142a \u015bw. Ma\u0142gorzata, Pan Jezus powiedzia\u0142 jej:<strong> \u201eMoje Boskie Serce tak p\u0142onie mi\u0142o\u015bci\u0105 ku ludziom, \u017ce nie mo\u017ce d\u0142u\u017cej utrzyma\u0107 tych p\u0142omieni gorej\u0105cych, zamkni\u0119tych w moim \u0142onie. Ono pragnie rozla\u0107 je za twoim po\u015brednictwem i wzbogaci\u0107 ludzi swymi Bo\u017cymi skarbami&#8230; W Nim znajd\u0105 wszystko, czegokolwiek b\u0119dzie im potrzeba dla uzdrowienia swych dusz z przepa\u015bci zguby&#8221;.<\/strong><\/p>\n<p>Nie mo\u017cemy pozostawa\u0107 niewdzi\u0119czni i oboj\u0119tni, wobec tego najwy\u017cszego przejawu dobroci i mi\u0142o\u015bci. Musimy koniecznie zado\u015b\u0107uczyni\u0107 Przenaj\u015bwi\u0119tszemu Sercu, odpowiedzie\u0107 na Jego apel i rozpowszechni\u0107 Jego kult. Nasz akt wynagradzaj\u0105cy pozyska nam Mi\u0142osierdzie Bo\u017ce i rozliczne \u0142aski niezb\u0119dne do zbawienia ludzko\u015bci, tak dalekiej od Bo\u017cych Przykaza\u0144. \u201eZar\u00f3wno Ko\u015bci\u00f3\u0142, jak i spo\u0142ecze\u0144stwo nie maj\u0105 innej nadziei jak tylko t\u0119 pok\u0142adan\u0105 w Przenaj\u015bwi\u0119tszym Sercu Jezusa. To ono uleczy ca\u0142e z\u0142o. M\u00f3dlcie si\u0119 i rozpowszechniajcie wsz\u0119dzie kult Przenaj\u015bwi\u0119tszego Serca, ono b\u0119dzie zbawieniem dla \u015bwiata&#8221; &#8211; powiedzia\u0142 Papie\u017c b\u0142. Pius IX.<\/p>\n<p>&nbsp;<br \/>\n<img decoding=\"async\" id=\"ogloszenia-857\" src=\"http:\/\/rafalk-elblag.pl\/wp-content\/uploads\/2020\/04\/baner-ogloszenia-parafialne.jpg\"><\/p>\n<h2>Og\u0142oszenia parafialne 14.06.2020<\/h2>\n<p><strong>1.<\/strong> Przez ca\u0142y czerwiec odprawiamy Nabo\u017ce\u0144stwa Eucharystyczne ku czci Naj\u015bwi\u0119tszego Serca Pana Jezusa. Do udzia\u0142u w nich zapraszamy doros\u0142ych, m\u0142odzie\u017c i dzieci codziennie o godz. 17:30.<\/p>\n<p><strong>2.<\/strong> Wszystkich, kt\u00f3rzy w tym roku pragn\u0105 wybra\u0107 si\u0119 na XXVIII Elbl\u0105sk\u0105 Pielgrzymk\u0119 Piesz\u0105 na Jasn\u0105 G\u00f3r\u0119 zapraszamy dzisiaj na spotkanie przed pielgrzymkowe o godz. 19:00 na plebanii. Przed ko\u015bcio\u0142em mo\u017cemy z\u0142o\u017cy\u0107 dobrowolna ofiar\u0119 do puszek na organizacj\u0119 grupy P\u00d3\u0141NOC ELBL\u0104G, kt\u00f3rego opiekunem jest ks. Marcin Dopiera\u0142a.<\/p>\n<p><strong>3.<\/strong> W zwi\u0105zku z pielgrzymk\u0105 na Jasn\u0105 G\u00f3r\u0119 ju\u017c tradycyjnie przy wej\u015bciu do ko\u015bcio\u0142a wystawione jest pude\u0142ko na intencje modlitewne, kt\u00f3re zabior\u0105 w Waszym imieniu pielgrzymi w\u0119druj\u0105cy na Jasn\u0105 G\u00f3r\u0119. B\u00f3g zap\u0142a\u0107.<\/p>\n<p><strong>4.<\/strong> W Oktawie Bo\u017cego Cia\u0142a zapraszamy wiernych do udzia\u0142u nabo\u017ce\u0144stwie czerwcowym po\u0142\u0105czonym z PROCESJ\u0104 EUCHARYSTYCZN\u0104 o godz. 17:30 i we Mszy \u015bw. Zapraszamy dzieci do sypania kwiat\u00f3w, a doros\u0142ych do przygotowania procesji. Udzia\u0142 w procesji jest wyrazem wiary w obecno\u015b\u0107 Jezusa Chrystusa w Naj\u015bwi\u0119tszym Sakramencie.<\/p>\n<p><strong>5.<\/strong> We wtorek 16 dzie\u0144 miesi\u0105ca &#8211; dzie\u0144 modlitw za Bractwo Szkaplerzne, a tak\u017ce za osoby nosz\u0105ce Szkaplerz \u015awi\u0119ty. Zapraszamy wszystkich nale\u017c\u0105cych i pragn\u0105cych w\u0142\u0105czy\u0107 si\u0119 do tej wsp\u00f3lnoty na nabo\u017ce\u0144stwo o godz. 17:30 i na Msz\u0119 \u015bw. o godz. 18:00 z mo\u017cliwo\u015bci\u0105 przyj\u0119cia szkaplerza \u015bwi\u0119tego. Po Mszy \u015bw. spotkanie Rady Szkaplerznej na plebanii.<\/p>\n<p><strong>6.<\/strong> W pi\u0105tek \u2013 19 czerwca br. wypada Uroczysto\u015b\u0107 Naj\u015bwi\u0119tszego Serca Pana Jezusa. Zapraszamy wszystkie dzieci na nabo\u017ce\u0144stwo czerwcowe na godz. 16:30. W tym dniu spotkanie z rodzicami dzieci klas III przygotowuj\u0105cych si\u0119 do I KOMUNII \u015aWI\u0118TEJ w ko\u015bciele po nabo\u017ce\u0144stwie. Obecno\u015b\u0107 obowi\u0105zkowa. UWAGA!!! W tym dniu nie obowi\u0105zuje nas post od pokarm\u00f3w mi\u0119snych.<\/p>\n<p><strong>7.<\/strong> Wszystkim kandydatom do SAKRAMENTU BIERZMOWANIA przypominamy, \u017ce w tym tygodniu spotkania egzaminacyjne wed\u0142ug ustalonego grafiku z ksi\u0119\u017cmi.<\/p>\n<p><strong>8.<\/strong> W czwartek 25 czerwca br. m\u0142odzie\u017c naszej parafii na Mszy \u015bw. o godz. 18:00 pod przewodnictwem J. E. Ks. Biskupa Wojciecha Skibickiego przyjmie SAKRAMENT BIERZMOWANIA. Zwracamy si\u0119 z gor\u0105c\u0105 pro\u015bb\u0105 do rodzic\u00f3w o zainteresowanie i wsp\u00f3lne przygotowanie si\u0119 z dzie\u0107mi do tak wa\u017cnego wydarzenia w ich \u017cyciu jakim jest Sakrament Bierzmowania \u2013 sakrament dojrza\u0142o\u015bci chrze\u015bcija\u0144skiej. Dzi\u0119kujemy.<\/p>\n<p><strong>9.<\/strong> Z dniem 31 maja 2020 roku powr\u00f3cili\u015bmy do pe\u0142nego otwarcia ko\u015bcio\u0142\u00f3w w Polsce. Przypominamy, \u017ce ludzie zdrowi maj\u0105 obowi\u0105zek uczestniczenia w Niedzielnej Mszy \u015bw. W naszym Ko\u015bciele Msze \u015bw. sprawowane s\u0105 o godz.: 7:00, 9:00, 10:30(z udzia\u0142em dzieci), 12:00(Suma Parafialna) i o godz. 18:00(z udzia\u0142em m\u0142odzie\u017cy).<br \/>\nUWAGA !!! W okresie czerwca, lipca i sierpnia nie b\u0119dzie Mszy \u015bw. o godz. 15:00. Wszystkich Czcicieli Mi\u0142osierdzia Bo\u017cego zapraszamy w tym czasie do ko\u015bcio\u0142a na wsp\u00f3ln\u0105 Koronk\u0119 do Mi\u0142osierdzia Bo\u017cego.<\/p>\n<p><strong>10.<\/strong> Przed ko\u015bcio\u0142em mo\u017cna naby\u0107 Go\u015bcia Niedzielnego w cenie 6 z\u0142.<\/p>\n<p><strong>11.<\/strong> Pan powo\u0142a\u0142 do wieczno\u015bci: \u015bp. Rados\u0142awa Taraszkiewicza lat 38 z ul. Myliusa \u015ap. Wand\u0119 Marchlewicz lat 64 z ul. Korczaka<\/p>\n<p>&nbsp;<\/p>\n<p><img decoding=\"async\" id=\"intencje-857\" src=\"http:\/\/rafalk-elblag.pl\/wp-content\/uploads\/2020\/04\/baner-intencje-mszy.jpg\"><\/p>\n<h2>Intencje mszalne 14.06.2020<\/h2>\n<p><strong>PONIEDZIA\u0141EK \/ 15 czerwca 2020r.<\/strong><br \/>\n8.00 \u2020 Genowefa Tomczy\u0144ska w 7 miesi\u0105c po pogrzebie<br \/>\n18.00 \u2020 Jolanta w dniu ziemskich imienin i zm. z rodz. Karman<br \/>\n18.00 \u2020 Stefania w 3 miesi\u0105c po \u015bmierci<\/p>\n<p><strong>WTOREK \/ 16 czerwca 2020r.<\/strong><br \/>\n8.00 \u2020 Wac\u0142awa (k) i Leon \u017bbikowscy<br \/>\n18.00 W int. Bractwa Szkaplerznego oraz os\u00f3b, kt\u00f3re przyjm\u0105 Szkaplerz<\/p>\n<p><strong>\u015aRODA \/ 17 czerwca 2020r. \/ \u015bw. Brata Alberta Chmielowskiego<\/strong><br \/>\n8.00 O opiek\u0119 nad nasz\u0105 Ojczyzn\u0105 oraz o m\u0105dry wyb\u00f3r Polak\u00f3w Prezydenta RP<br \/>\n18.00<br \/>\n18.00 Dzi\u0119k. w 18 urodziny Wiktorii Lasek z pro\u015bb\u0105 o Bo\u017ce b\u0142og., opiek\u0119 MB i dary Ducha \u015aw.<\/p>\n<p><strong>CZWARTEK \/ 18 czerwca 2020r.<\/strong><br \/>\n8.00 \u2020 Krystyna, Kazimierz, Maria i Zbigniew<br \/>\n18.00 \u2020 Piotr z ok. ziemskich urodzin<br \/>\n18.00 O Bo\u017ce b\u0142og. dla Anny i Jacka z okazji 16 rocznicy \u015blubu<\/p>\n<p><strong>PI\u0104TEK \/ 19 czerwca 2020r. \/ Naj\u015bwi\u0119tszego Serca Pana Jezusa<\/strong><br \/>\n8.00 O Bo\u017ce b\u0142og., opiek\u0119 MB i potrzebne \u0142aski dla ks. Jerzego w jego pos\u0142udze<br \/>\n18.00 W int. Ojczyzny oraz o m\u0105dro\u015b\u0107 dla Polak\u00f3w w dobrym wyborze Prezydenta RP<br \/>\n18.00 \u2020 W\u0142adys\u0142aw Waszak w 8 r.\u015bm. i zm. z rodz.<\/p>\n<p><strong>SOBOTA \/ 20 czerwca 2020r. \/ Niepokalanego Serca NMP<\/strong><br \/>\n8.00 O opiek\u0119 nad nasz\u0105 Ojczyzn\u0105 oraz o dobry wyb\u00f3r Prezydenta RP<br \/>\n18.00 \u2020 Halina Krawczyk \u2013 int. od kole\u017canek i koleg\u00f3w ze szko\u0142y<br \/>\n18.00 \u2020 Krystyna Arkuszy\u0144ska w 1 r.\u015bm. i Zdzis\u0142aw Arkuszy\u0144ski w 7 r.\u015bm.<\/p>\n<p><strong>XII Niedziela Zwyk\u0142a \/ 21 czerwca 2020r.<\/strong><br \/>\n7.00 Dzi\u0119k. w 30 urodziny Magdaleny i Rados\u0142awa z pro\u015bb\u0105 o Bo\u017ce b\u0142og. i opiek\u0119 MB<br \/>\n9.00 \u2020 Maria Tonga w 12 r.\u015bm. i Jan<br \/>\n9.00 \u2020 Stefania Sakowska<br \/>\n10.30 \u2020 Janina, Leopold i Krzysztof B\u0105k<br \/>\n12.00 W intencji Parafian<br \/>\n18.00 \u2020 Genowefa w r.\u015bm. i zmarli z rodz. Bi\u0144kowskich<\/p>\n","protected":false},"excerpt":{"rendered":"<p>DWA SERCA Og\u0142oszenia parafialne 14.06.2020 Intencje mszalne 14.06.2020 DWA SERCA Czerwiec to miesi\u0105c po\u015bwi\u0119cony szczeg\u00f3lnej czci Naj\u015bwi\u0119tszego Serca Pana Jezusa. W czasie, gdy w naszych ko\u015bcio\u0142ach ka\u017cdego dnia odprawiane jest nabo\u017ce\u0144stwo czerwcowe z Litani\u0105 do Naj\u015bwi\u0119tszego Serca Jezusa, zastan\u00f3wmy si\u0119, dlaczego w naszych czasach tak wa\u017cne jest zawierzenie Sercu Bo\u017cemu? Dlaczego teraz Bo\u017ce Mi\u0142osierdzie tak [&hellip;]<\/p>\n","protected":false},"author":1,"featured_media":3950,"comment_status":"closed","ping_status":"closed","sticky":false,"template":"","format":"standard","meta":{"ngg_post_thumbnail":0,"footnotes":""},"categories":[11,8,4,3],"tags":[],"class_list":["post-3947","post","type-post","status-publish","format-standard","has-post-thumbnail","hentry","category-aktualnosci","category-blog","category-intencje","category-ogloszenia"],"_links":{"self":[{"href":"https:\/\/rafalk-elblag.pl\/index.php?rest_route=\/wp\/v2\/posts\/3947","targetHints":{"allow":["GET"]}}],"collection":[{"href":"https:\/\/rafalk-elblag.pl\/index.php?rest_route=\/wp\/v2\/posts"}],"about":[{"href":"https:\/\/rafalk-elblag.pl\/index.php?rest_route=\/wp\/v2\/types\/post"}],"author":[{"embeddable":true,"href":"https:\/\/rafalk-elblag.pl\/index.php?rest_route=\/wp\/v2\/users\/1"}],"replies":[{"embeddable":true,"href":"https:\/\/rafalk-elblag.pl\/index.php?rest_route=%2Fwp%2Fv2%2Fcomments&post=3947"}],"version-history":[{"count":1,"href":"https:\/\/rafalk-elblag.pl\/index.php?rest_route=\/wp\/v2\/posts\/3947\/revisions"}],"predecessor-version":[{"id":3949,"href":"https:\/\/rafalk-elblag.pl\/index.php?rest_route=\/wp\/v2\/posts\/3947\/revisions\/3949"}],"wp:featuredmedia":[{"embeddable":true,"href":"https:\/\/rafalk-elblag.pl\/index.php?rest_route=\/wp\/v2\/media\/3950"}],"wp:attachment":[{"href":"https:\/\/rafalk-elblag.pl\/index.php?rest_route=%2Fwp%2Fv2%2Fmedia&parent=3947"}],"wp:term":[{"taxonomy":"category","embeddable":true,"href":"https:\/\/rafalk-elblag.pl\/index.php?rest_route=%2Fwp%2Fv2%2Fcategories&post=3947"},{"taxonomy":"post_tag","embeddable":true,"href":"https:\/\/rafalk-elblag.pl\/index.php?rest_route=%2Fwp%2Fv2%2Ftags&post=3947"}],"curies":[{"name":"wp","href":"https:\/\/api.w.org\/{rel}","templated":true}]}}